{"id":34360,"date":"2012-12-06T13:56:46","date_gmt":"2012-12-06T15:56:46","guid":{"rendered":"http:\/\/www.padreydecano.com\/cms\/?p=34360"},"modified":"2013-05-29T12:09:24","modified_gmt":"2013-05-29T15:09:24","slug":"no-se-gano-un-campeonato","status":"publish","type":"post","link":"https:\/\/www.padreydecano.com\/cms\/columnas\/no-se-gano-un-campeonato\/","title":{"rendered":"No se gan\u00f3 un campeonato"},"content":{"rendered":"<p style=\"text-align: justify;\"><a href=\"https:\/\/www.padreydecano.com\/cms\/wp-content\/uploads\/2012\/12\/DSC_0651NA.jpg\" rel=\"shadowbox[sbpost-34360];player=img;\"><img loading=\"lazy\" decoding=\"async\" class=\"alignright  wp-image-34074\" alt=\"\" src=\"https:\/\/www.padreydecano.com\/cms\/wp-content\/uploads\/2012\/12\/DSC_0651NA-300x199.jpg\" width=\"270\" height=\"179\" srcset=\"https:\/\/www.padreydecano.com\/cms\/wp-content\/uploads\/2012\/12\/DSC_0651NA-300x199.jpg 300w, https:\/\/www.padreydecano.com\/cms\/wp-content\/uploads\/2012\/12\/DSC_0651NA.jpg 800w\" sizes=\"(max-width: 270px) 100vw, 270px\" \/><\/a>Lo que para muchos ser\u00eda ganar el campeonato Apertura, para m\u00ed, en mi humilde opini\u00f3n, no es ganar un campeonato. \u00bfQu\u00e9 quiero decir con esto? Que <strong>haber ganado la copa al campe\u00f3n del Torneo Apertura es algo totalmente secundario, pero tambi\u00e9n esencial<\/strong>. Muchos estar\u00e1n pensando que me estoy contradiciendo, pero no es as\u00ed. A continuaci\u00f3n les planteo mi interpretaci\u00f3n de los hechos:<\/p>\n<p style=\"text-align: justify;\"><strong>Es secundario<\/strong> porque de no lograr el campeonato uruguayo se convertir\u00e1 simplemente en un campeonato corto ganado. Todos sabemos que <strong>estos campeonatos no son los que engrandecen a una instituci\u00f3n enorme como la nuestra<\/strong>. Por ende, en estad\u00edsticas, no ser\u00e1 muy recordado<\/p>\n<p style=\"text-align: justify;\">Es secundario, porque <strong>de no seguir bajo la misma l\u00ednea planteada<\/strong> por nuestro entrenador, de no mantener una estructura fuerte para pelear la segunda mitad de la temporada, y de modificar el estilo de juego que se est\u00e1 gestando, <strong>todo quedar\u00e1 como algo ef\u00edmero<\/strong>.<\/p>\n<p style=\"text-align: justify;\">Es secundario<strong> si<\/strong> <strong>no aprovechamos la oportunidad \u2013hist\u00f3rica- de darle las oportunidades a nuevas promesas de nuestro a club a que muestren sus capacidades<\/strong>. Durante 15 a\u00f1os esto resulto enormemente dificultoso ya que cualquier juvenil que era probado en la segunda mitad del a\u00f1o cargaba consigo la mochila de estar disputando un torneo que se deb\u00eda ganar SI o SI para aspirar llegar a las finales del Uruguayo. Con esto no quiero decir que no tengamos la responsabilidad de ganar el campeonato clausura, lo que quiero transmitir, es que luego de much\u00edsimo tiempo, <strong>un juvenil podr\u00e1 jugar en la primera divisi\u00f3n sin tener la soga en el cuello de ganar el campeonato clausura<\/strong>. Aprovechemos la oportunidad y descubramos nuevas \u2018joyas\u2019 que se seguro las hay en nuestras canteras.<\/p>\n<p style=\"text-align: justify;\">Es secundario, porque de no conseguir resultados positivos en el comienzo del 2013, de sufrir alguna racha negativa de derrotas\/empates \u2013con el mismo entrenador y similar equipo que logro el campeonato \u2013 no ser\u00eda para nada positivo escuchar reproches, lanzar insultos, palpar cierta p\u00e9rdida de credibilidad, a un equipo que deber\u00eda recibir todo lo contrario.<\/p>\n<p style=\"text-align: justify;\">\u00bfA qu\u00e9 me refiero con esto? Que luego de lograr un campeonato que no se obten\u00eda hace aproximadamente 15 a\u00f1os, luego de lograr salir vencedor de un torneo, con una fecha de anticipaci\u00f3n, <strong>luego de mostrar buenos y hasta muy buenos rendimientos colectivos y personales, ser\u00eda totalmente ingrato e injusto que en los peores momentos le demos la espalda a un equipo que nos dio una buena alegr\u00eda<\/strong>.<\/p>\n<p style=\"text-align: justify;\">Por ende, afirmo, que estamos frente a una oportunidad muy buena, para demostrar \u2013una vez m\u00e1s- un apoyo incondicional a un grupo de jugadores y cuerpo t\u00e9cnico que lentamente se lo ha ido ganando. En otras palabras, este equipo se acaba de ganar una buena dosis de PACIENCIA.<\/p>\n<p style=\"text-align: justify;\">En la otra vereda, esta lo esencial de ganar este campeonato. Quiz\u00e1s sea reiterativo de lo que escrib\u00ed en mi anterior columna, pero creo que no est\u00e1 nada mal darle el valor que merece la obtenci\u00f3n de este campeonato.<\/p>\n<p style=\"text-align: justify;\"><strong>Es esencial<\/strong> porque <strong>este equipo tiene un colch\u00f3n en donde poder apoyarse<\/strong>, tiene un t\u00edtulo que respalda el trabajo realizado, da un empuj\u00f3n a seguir mejorando, y que permite ante cualquier duda, o problema que surja de funcionamiento y\/o resultado, recordar que estos jugadores y cuerpo t\u00e9cnico, ha sabido estar a la altura de lo que Pe\u00f1arol exige.<\/p>\n<p style=\"text-align: justify;\">Es esencial porque encaramos la segunda recta del a\u00f1o <strong>seguros de lo que estos jugadores pueden dar, seguro de que hay potencial<\/strong>, seguros de que contamos con buenos jugadores, y con actitud que a los hinchas nos deja conforme.\u00a0 Encaramos la tan anhelada Copa Libertadores, esperanzados, ilusionados, de poder enfocarnos de lleno a ella, sin tener que mirar de reojo \u2013constantemente- el campeonato uruguayo. <strong>Tenemos la oportunidad en bandeja de hacer una planificaci\u00f3n excelente de lo que se avecina, sabiendo que estamos en la final de Campeonato Uruguayo, con todo lo que eso implica<\/strong>.<\/p>\n<p style=\"text-align: justify;\">Es esencial, porque justamente, pase lo que pase en el Campeonato Clausura, estamos a uno, dos, tres, cuatro partidos (las finales) de ser campeones Uruguayos.<\/p>\n<p style=\"text-align: justify;\">Es esencial porque <strong>este cuerpo t\u00e9cnico<\/strong>, comandado por un hombre totalmente ajeno a Pe\u00f1arol, como \u2018\u2019El Polilla\u2019\u2019 Da Silva, <strong>se gano cierta tranquilidad\/confianza\/respeto en los hinchas<\/strong>. Es decir, el entrenador, sin lugar a dudas, acaba de obtener una cuota de aprecio por parte de todos los hinchas, lo que le permitir\u00e1 sentirse m\u00e1s c\u00f3modo y seguro en nuestra instituci\u00f3n.<\/p>\n<p style=\"text-align: justify;\">Es esencial porque <strong>permite unir a jugadores con hinchas, bajo un mismo camino, un mismo recorrido<\/strong>. Por un lado los jugadores, gracias a este trofeo, se convencer\u00e1n de que son capaces de brindar alegr\u00eda a los hinchas. Y por otro lado, los hinchas confiaran, en que este equipo, es capaz de responder a lo que la historia de Pe\u00f1arol obliga.<\/p>\n<p style=\"text-align: justify;\">Es esencial porque permite la identificaci\u00f3n de un estilo de juego, de una idea planteado por el director t\u00e9cnico, de una oncena que sale de memoria, de un poder decir <strong>\u2018\u2019se a lo que Pe\u00f1arol juega\u201d.<\/strong><\/p>\n<p style=\"text-align: justify;\">Es esencial porque <strong>genera respeto en rivales<\/strong>. El resto de los equipos uruguayos, y por qu\u00e9 no, de Am\u00e9rica, saben que somos el actual campe\u00f3n en Uruguay. Independientemente de que sea un torneo corto, en los n\u00fameros y en el juego <strong>hoy por hoy el equipo de Pe\u00f1arol es el mejor<\/strong>. Por lo tanto es indudable que a la hora de enfrentar a Pe\u00f1arol, el equipo que este enfrente, y sus hinchas, lo tendr\u00e1n en cuenta.<\/p>\n<p style=\"text-align: justify;\">Es esencial porque <strong>permite a los j\u00f3venes del club<\/strong> que han estado en este plantel y sobre todo a los que han sido titulares (Nicol\u00e1s Raguso especialmente) <strong>seguir afianz\u00e1ndose<\/strong> y mandar el mensaje de que tenemos jugadores con potencial en nuestras formativas.<\/p>\n<p style=\"text-align: justify;\">Paralelamente est\u00e1n <strong>los reci\u00e9n llegados<\/strong>, que independientemente de sus desempe\u00f1os \u2013parejos o disparejos- <strong>han ganado cierto respeto de los hinchas<\/strong>, que deben seguir manteni\u00e9ndolo para que ese respeto se transforme en aprecio.<\/p>\n<p style=\"text-align: justify;\">Finalmente est\u00e1n los viejos conocidos, y los que ya estaban antes de comenzar este campeonato o los que volvieron a vestir esta camiseta que tanto amamos. Jugadores como Juan Manuel Olivera, confirmaron que no fue casualidad lo del 2010. Jugadores como Marcelo Zalayeta demostraron que son claves para hacer la diferencia en todos los partidos. Jugadores como Marcel Novick defendieron la camiseta de Pe\u00f1arol como m\u00e1s nos gusta a todos los hinchas, con actitud y esfuerzo. Jugadores como Dar\u00edo Rodr\u00edguez demostraron que seguir\u00e1n pasando los anos, pero sin embargo siguen aumentando los elogios. Jugadores como Fabi\u00e1n Estoyanoff demostraron que cuando se esta concentrado en el juego y no se quiere realizar jugadas imposibles, termina siendo fundamental para el equipo. Redondeando, este campeonato tambi\u00e9n resulto esencial para <strong>\u2018\u2019los viejos conocidos\u2019\u2019 <\/strong>porque<strong> confirmaron lo que ya supieron dar.<\/strong><\/p>\n<p style=\"text-align: justify;\">En fin, espero haber transmitido esta supuesta contradicci\u00f3n que planteaba en un inicio.<\/p>\n<p style=\"text-align: justify;\">Felicitaciones a todos por este Torneo ganado; hinchas por el aliento, jugadores por la actitud mostrada, cuerpo t\u00e9cnico por la decisiones tomadas, funcionarios por hacer el trabajo silencioso, y dirigentes por los esfuerzos econ\u00f3micos realizados.<\/p>\n<p style=\"text-align: justify;\">Vamos por m\u00e1s! Somos Pe\u00f1arol! <strong>Nadie nos va a quitar la ilusi\u00f3n de so\u00f1ar con un futuro mejor aun. As\u00ed que disfrutemos el presente y planifiquemos adecuadamente lo que se nos viene para recibir los frutos en el futuro.<\/strong><\/p>\n<p style=\"text-align: justify;\">Aguante Pe\u00f1arol!<\/p>\n<p><a href=\"https:\/\/www.padreydecano.com\/cms\/tag\/agustin-p-l\/\"><img decoding=\"async\" class=\"alignright foto-sin-formato\" alt=\"\" src=\"https:\/\/www.padreydecano.com\/cms\/wp-users-files\/autor-columna\/agustinpl.jpg\" \/><\/a><\/p>\n","protected":false},"excerpt":{"rendered":"<p>Lo que para muchos ser\u00eda ganar el campeonato Apertura, para m\u00ed, en mi humilde opini\u00f3n, no es ganar un campeonato. \u00bfQu\u00e9 quiero decir con esto? Que haber ganado la copa al campe\u00f3n del Torneo Apertura es algo totalmente secundario, pero tambi\u00e9n esencial. Muchos estar\u00e1n pensando que me estoy contradiciendo, pero no es as\u00ed. A continuaci\u00f3n [&hellip;]<\/p>\n","protected":false},"author":2,"featured_media":34075,"comment_status":"open","ping_status":"closed","sticky":false,"template":"","format":"standard","meta":{"footnotes":""},"categories":[28],"tags":[181],"yoast_head":"<!-- This site is optimized with the Yoast SEO plugin v23.2 - https:\/\/yoast.com\/wordpress\/plugins\/seo\/ -->\n<title>No se gan\u00f3 un campeonato - Padre y Decano - El Sitio del Pueblo<\/title>\n<meta name=\"robots\" content=\"index, follow, max-snippet:-1, max-image-preview:large, max-video-preview:-1\" \/>\n<link rel=\"canonical\" href=\"https:\/\/www.padreydecano.com\/cms\/columnas\/no-se-gano-un-campeonato\/\" \/>\n<meta property=\"og:locale\" content=\"es_ES\" \/>\n<meta property=\"og:type\" content=\"article\" \/>\n<meta property=\"og:title\" content=\"No se gan\u00f3 un campeonato - Padre y Decano - El Sitio del Pueblo\" \/>\n<meta property=\"og:description\" content=\"Lo que para muchos ser\u00eda ganar el campeonato Apertura, para m\u00ed, en mi humilde opini\u00f3n, no es ganar un campeonato. \u00bfQu\u00e9 quiero decir con esto? Que haber ganado la copa al campe\u00f3n del Torneo Apertura es algo totalmente secundario, pero tambi\u00e9n esencial. Muchos estar\u00e1n pensando que me estoy contradiciendo, pero no es as\u00ed. A continuaci\u00f3n [&hellip;]\" \/>\n<meta property=\"og:url\" content=\"https:\/\/www.padreydecano.com\/cms\/columnas\/no-se-gano-un-campeonato\/\" \/>\n<meta property=\"og:site_name\" content=\"Padre y Decano - El Sitio del Pueblo\" \/>\n<meta property=\"article:published_time\" content=\"2012-12-06T15:56:46+00:00\" \/>\n<meta property=\"article:modified_time\" content=\"2013-05-29T15:09:24+00:00\" \/>\n<meta property=\"og:image\" content=\"https:\/\/www.padreydecano.com\/cms\/wp-content\/uploads\/2012\/12\/DSC_0654NA.jpg\" \/>\n\t<meta property=\"og:image:width\" content=\"399\" \/>\n\t<meta property=\"og:image:height\" content=\"600\" \/>\n\t<meta property=\"og:image:type\" content=\"image\/jpeg\" \/>\n<meta name=\"author\" content=\"Gonzalo16\" \/>\n<meta name=\"twitter:card\" content=\"summary_large_image\" \/>\n<meta name=\"twitter:label1\" content=\"Escrito por\" \/>\n\t<meta name=\"twitter:data1\" content=\"Gonzalo16\" \/>\n\t<meta name=\"twitter:label2\" content=\"Tiempo de lectura\" \/>\n\t<meta name=\"twitter:data2\" content=\"6 minutos\" \/>\n<script type=\"application\/ld+json\" class=\"yoast-schema-graph\">{\"@context\":\"https:\/\/schema.org\",\"@graph\":[{\"@type\":\"Article\",\"@id\":\"https:\/\/www.padreydecano.com\/cms\/columnas\/no-se-gano-un-campeonato\/#article\",\"isPartOf\":{\"@id\":\"https:\/\/www.padreydecano.com\/cms\/columnas\/no-se-gano-un-campeonato\/\"},\"author\":{\"name\":\"Gonzalo16\",\"@id\":\"https:\/\/www.padreydecano.com\/cms\/#\/schema\/person\/7fe41e3e335700ebd387196df2f9a8d4\"},\"headline\":\"No se gan\u00f3 un campeonato\",\"datePublished\":\"2012-12-06T15:56:46+00:00\",\"dateModified\":\"2013-05-29T15:09:24+00:00\",\"mainEntityOfPage\":{\"@id\":\"https:\/\/www.padreydecano.com\/cms\/columnas\/no-se-gano-un-campeonato\/\"},\"wordCount\":1273,\"commentCount\":4,\"publisher\":{\"@id\":\"https:\/\/www.padreydecano.com\/cms\/#organization\"},\"image\":{\"@id\":\"https:\/\/www.padreydecano.com\/cms\/columnas\/no-se-gano-un-campeonato\/#primaryimage\"},\"thumbnailUrl\":\"https:\/\/www.padreydecano.com\/cms\/wp-content\/uploads\/2012\/12\/DSC_0654NA.jpg\",\"keywords\":[\"Agustin P.L.\"],\"articleSection\":[\"Columnas\"],\"inLanguage\":\"es\",\"potentialAction\":[{\"@type\":\"CommentAction\",\"name\":\"Comment\",\"target\":[\"https:\/\/www.padreydecano.com\/cms\/columnas\/no-se-gano-un-campeonato\/#respond\"]}]},{\"@type\":\"WebPage\",\"@id\":\"https:\/\/www.padreydecano.com\/cms\/columnas\/no-se-gano-un-campeonato\/\",\"url\":\"https:\/\/www.padreydecano.com\/cms\/columnas\/no-se-gano-un-campeonato\/\",\"name\":\"No se gan\u00f3 un campeonato - Padre y Decano - El Sitio del Pueblo\",\"isPartOf\":{\"@id\":\"https:\/\/www.padreydecano.com\/cms\/#website\"},\"primaryImageOfPage\":{\"@id\":\"https:\/\/www.padreydecano.com\/cms\/columnas\/no-se-gano-un-campeonato\/#primaryimage\"},\"image\":{\"@id\":\"https:\/\/www.padreydecano.com\/cms\/columnas\/no-se-gano-un-campeonato\/#primaryimage\"},\"thumbnailUrl\":\"https:\/\/www.padreydecano.com\/cms\/wp-content\/uploads\/2012\/12\/DSC_0654NA.jpg\",\"datePublished\":\"2012-12-06T15:56:46+00:00\",\"dateModified\":\"2013-05-29T15:09:24+00:00\",\"breadcrumb\":{\"@id\":\"https:\/\/www.padreydecano.com\/cms\/columnas\/no-se-gano-un-campeonato\/#breadcrumb\"},\"inLanguage\":\"es\",\"potentialAction\":[{\"@type\":\"ReadAction\",\"target\":[\"https:\/\/www.padreydecano.com\/cms\/columnas\/no-se-gano-un-campeonato\/\"]}]},{\"@type\":\"ImageObject\",\"inLanguage\":\"es\",\"@id\":\"https:\/\/www.padreydecano.com\/cms\/columnas\/no-se-gano-un-campeonato\/#primaryimage\",\"url\":\"https:\/\/www.padreydecano.com\/cms\/wp-content\/uploads\/2012\/12\/DSC_0654NA.jpg\",\"contentUrl\":\"https:\/\/www.padreydecano.com\/cms\/wp-content\/uploads\/2012\/12\/DSC_0654NA.jpg\",\"width\":\"399\",\"height\":\"600\"},{\"@type\":\"BreadcrumbList\",\"@id\":\"https:\/\/www.padreydecano.com\/cms\/columnas\/no-se-gano-un-campeonato\/#breadcrumb\",\"itemListElement\":[{\"@type\":\"ListItem\",\"position\":1,\"name\":\"Portada\",\"item\":\"https:\/\/www.padreydecano.com\/cms\/\"},{\"@type\":\"ListItem\",\"position\":2,\"name\":\"No se gan\u00f3 un campeonato\"}]},{\"@type\":\"WebSite\",\"@id\":\"https:\/\/www.padreydecano.com\/cms\/#website\",\"url\":\"https:\/\/www.padreydecano.com\/cms\/\",\"name\":\"Padre y Decano - El Sitio del Pueblo\",\"description\":\"Club Atl\u00e9tico Pe\u00f1arol\",\"publisher\":{\"@id\":\"https:\/\/www.padreydecano.com\/cms\/#organization\"},\"potentialAction\":[{\"@type\":\"SearchAction\",\"target\":{\"@type\":\"EntryPoint\",\"urlTemplate\":\"https:\/\/www.padreydecano.com\/cms\/?s={search_term_string}\"},\"query-input\":\"required name=search_term_string\"}],\"inLanguage\":\"es\"},{\"@type\":\"Organization\",\"@id\":\"https:\/\/www.padreydecano.com\/cms\/#organization\",\"name\":\"Padre y Decano\",\"url\":\"https:\/\/www.padreydecano.com\/cms\/\",\"logo\":{\"@type\":\"ImageObject\",\"inLanguage\":\"es\",\"@id\":\"https:\/\/www.padreydecano.com\/cms\/#\/schema\/logo\/image\/\",\"url\":\"https:\/\/www.padreydecano.com\/cms\/wp-content\/uploads\/2022\/01\/avatar-square.png\",\"contentUrl\":\"https:\/\/www.padreydecano.com\/cms\/wp-content\/uploads\/2022\/01\/avatar-square.png\",\"width\":1500,\"height\":1500,\"caption\":\"Padre y Decano\"},\"image\":{\"@id\":\"https:\/\/www.padreydecano.com\/cms\/#\/schema\/logo\/image\/\"}},{\"@type\":\"Person\",\"@id\":\"https:\/\/www.padreydecano.com\/cms\/#\/schema\/person\/7fe41e3e335700ebd387196df2f9a8d4\",\"name\":\"Gonzalo16\",\"image\":{\"@type\":\"ImageObject\",\"inLanguage\":\"es\",\"@id\":\"https:\/\/www.padreydecano.com\/cms\/#\/schema\/person\/image\/\",\"url\":\"https:\/\/secure.gravatar.com\/avatar\/4d5cdd49803a2313c01f77e3dfc05d81?s=96&d=https%3A%2F%2Fpadreydecano.com%2Fcms%2Fwp-content%2Fthemes%2Fpyd-theme%2Fimg%2Fdefault-avatar.png&r=g\",\"contentUrl\":\"https:\/\/secure.gravatar.com\/avatar\/4d5cdd49803a2313c01f77e3dfc05d81?s=96&d=https%3A%2F%2Fpadreydecano.com%2Fcms%2Fwp-content%2Fthemes%2Fpyd-theme%2Fimg%2Fdefault-avatar.png&r=g\",\"caption\":\"Gonzalo16\"}}]}<\/script>\n<!-- \/ Yoast SEO plugin. -->","yoast_head_json":{"title":"No se gan\u00f3 un campeonato - Padre y Decano - El Sitio del Pueblo","robots":{"index":"index","follow":"follow","max-snippet":"max-snippet:-1","max-image-preview":"max-image-preview:large","max-video-preview":"max-video-preview:-1"},"canonical":"https:\/\/www.padreydecano.com\/cms\/columnas\/no-se-gano-un-campeonato\/","og_locale":"es_ES","og_type":"article","og_title":"No se gan\u00f3 un campeonato - Padre y Decano - El Sitio del Pueblo","og_description":"Lo que para muchos ser\u00eda ganar el campeonato Apertura, para m\u00ed, en mi humilde opini\u00f3n, no es ganar un campeonato. \u00bfQu\u00e9 quiero decir con esto? Que haber ganado la copa al campe\u00f3n del Torneo Apertura es algo totalmente secundario, pero tambi\u00e9n esencial. Muchos estar\u00e1n pensando que me estoy contradiciendo, pero no es as\u00ed. A continuaci\u00f3n [&hellip;]","og_url":"https:\/\/www.padreydecano.com\/cms\/columnas\/no-se-gano-un-campeonato\/","og_site_name":"Padre y Decano - El Sitio del Pueblo","article_published_time":"2012-12-06T15:56:46+00:00","article_modified_time":"2013-05-29T15:09:24+00:00","og_image":[{"width":399,"height":600,"url":"https:\/\/www.padreydecano.com\/cms\/wp-content\/uploads\/2012\/12\/DSC_0654NA.jpg","type":"image\/jpeg"}],"author":"Gonzalo16","twitter_card":"summary_large_image","twitter_misc":{"Escrito por":"Gonzalo16","Tiempo de lectura":"6 minutos"},"schema":{"@context":"https:\/\/schema.org","@graph":[{"@type":"Article","@id":"https:\/\/www.padreydecano.com\/cms\/columnas\/no-se-gano-un-campeonato\/#article","isPartOf":{"@id":"https:\/\/www.padreydecano.com\/cms\/columnas\/no-se-gano-un-campeonato\/"},"author":{"name":"Gonzalo16","@id":"https:\/\/www.padreydecano.com\/cms\/#\/schema\/person\/7fe41e3e335700ebd387196df2f9a8d4"},"headline":"No se gan\u00f3 un campeonato","datePublished":"2012-12-06T15:56:46+00:00","dateModified":"2013-05-29T15:09:24+00:00","mainEntityOfPage":{"@id":"https:\/\/www.padreydecano.com\/cms\/columnas\/no-se-gano-un-campeonato\/"},"wordCount":1273,"commentCount":4,"publisher":{"@id":"https:\/\/www.padreydecano.com\/cms\/#organization"},"image":{"@id":"https:\/\/www.padreydecano.com\/cms\/columnas\/no-se-gano-un-campeonato\/#primaryimage"},"thumbnailUrl":"https:\/\/www.padreydecano.com\/cms\/wp-content\/uploads\/2012\/12\/DSC_0654NA.jpg","keywords":["Agustin P.L."],"articleSection":["Columnas"],"inLanguage":"es","potentialAction":[{"@type":"CommentAction","name":"Comment","target":["https:\/\/www.padreydecano.com\/cms\/columnas\/no-se-gano-un-campeonato\/#respond"]}]},{"@type":"WebPage","@id":"https:\/\/www.padreydecano.com\/cms\/columnas\/no-se-gano-un-campeonato\/","url":"https:\/\/www.padreydecano.com\/cms\/columnas\/no-se-gano-un-campeonato\/","name":"No se gan\u00f3 un campeonato - Padre y Decano - El Sitio del Pueblo","isPartOf":{"@id":"https:\/\/www.padreydecano.com\/cms\/#website"},"primaryImageOfPage":{"@id":"https:\/\/www.padreydecano.com\/cms\/columnas\/no-se-gano-un-campeonato\/#primaryimage"},"image":{"@id":"https:\/\/www.padreydecano.com\/cms\/columnas\/no-se-gano-un-campeonato\/#primaryimage"},"thumbnailUrl":"https:\/\/www.padreydecano.com\/cms\/wp-content\/uploads\/2012\/12\/DSC_0654NA.jpg","datePublished":"2012-12-06T15:56:46+00:00","dateModified":"2013-05-29T15:09:24+00:00","breadcrumb":{"@id":"https:\/\/www.padreydecano.com\/cms\/columnas\/no-se-gano-un-campeonato\/#breadcrumb"},"inLanguage":"es","potentialAction":[{"@type":"ReadAction","target":["https:\/\/www.padreydecano.com\/cms\/columnas\/no-se-gano-un-campeonato\/"]}]},{"@type":"ImageObject","inLanguage":"es","@id":"https:\/\/www.padreydecano.com\/cms\/columnas\/no-se-gano-un-campeonato\/#primaryimage","url":"https:\/\/www.padreydecano.com\/cms\/wp-content\/uploads\/2012\/12\/DSC_0654NA.jpg","contentUrl":"https:\/\/www.padreydecano.com\/cms\/wp-content\/uploads\/2012\/12\/DSC_0654NA.jpg","width":"399","height":"600"},{"@type":"BreadcrumbList","@id":"https:\/\/www.padreydecano.com\/cms\/columnas\/no-se-gano-un-campeonato\/#breadcrumb","itemListElement":[{"@type":"ListItem","position":1,"name":"Portada","item":"https:\/\/www.padreydecano.com\/cms\/"},{"@type":"ListItem","position":2,"name":"No se gan\u00f3 un campeonato"}]},{"@type":"WebSite","@id":"https:\/\/www.padreydecano.com\/cms\/#website","url":"https:\/\/www.padreydecano.com\/cms\/","name":"Padre y Decano - El Sitio del Pueblo","description":"Club Atl\u00e9tico Pe\u00f1arol","publisher":{"@id":"https:\/\/www.padreydecano.com\/cms\/#organization"},"potentialAction":[{"@type":"SearchAction","target":{"@type":"EntryPoint","urlTemplate":"https:\/\/www.padreydecano.com\/cms\/?s={search_term_string}"},"query-input":"required name=search_term_string"}],"inLanguage":"es"},{"@type":"Organization","@id":"https:\/\/www.padreydecano.com\/cms\/#organization","name":"Padre y Decano","url":"https:\/\/www.padreydecano.com\/cms\/","logo":{"@type":"ImageObject","inLanguage":"es","@id":"https:\/\/www.padreydecano.com\/cms\/#\/schema\/logo\/image\/","url":"https:\/\/www.padreydecano.com\/cms\/wp-content\/uploads\/2022\/01\/avatar-square.png","contentUrl":"https:\/\/www.padreydecano.com\/cms\/wp-content\/uploads\/2022\/01\/avatar-square.png","width":1500,"height":1500,"caption":"Padre y Decano"},"image":{"@id":"https:\/\/www.padreydecano.com\/cms\/#\/schema\/logo\/image\/"}},{"@type":"Person","@id":"https:\/\/www.padreydecano.com\/cms\/#\/schema\/person\/7fe41e3e335700ebd387196df2f9a8d4","name":"Gonzalo16","image":{"@type":"ImageObject","inLanguage":"es","@id":"https:\/\/www.padreydecano.com\/cms\/#\/schema\/person\/image\/","url":"https:\/\/secure.gravatar.com\/avatar\/4d5cdd49803a2313c01f77e3dfc05d81?s=96&d=https%3A%2F%2Fpadreydecano.com%2Fcms%2Fwp-content%2Fthemes%2Fpyd-theme%2Fimg%2Fdefault-avatar.png&r=g","contentUrl":"https:\/\/secure.gravatar.com\/avatar\/4d5cdd49803a2313c01f77e3dfc05d81?s=96&d=https%3A%2F%2Fpadreydecano.com%2Fcms%2Fwp-content%2Fthemes%2Fpyd-theme%2Fimg%2Fdefault-avatar.png&r=g","caption":"Gonzalo16"}}]}},"_links":{"self":[{"href":"https:\/\/www.padreydecano.com\/cms\/wp-json\/wp\/v2\/posts\/34360"}],"collection":[{"href":"https:\/\/www.padreydecano.com\/cms\/wp-json\/wp\/v2\/posts"}],"about":[{"href":"https:\/\/www.padreydecano.com\/cms\/wp-json\/wp\/v2\/types\/post"}],"author":[{"embeddable":true,"href":"https:\/\/www.padreydecano.com\/cms\/wp-json\/wp\/v2\/users\/2"}],"replies":[{"embeddable":true,"href":"https:\/\/www.padreydecano.com\/cms\/wp-json\/wp\/v2\/comments?post=34360"}],"version-history":[{"count":0,"href":"https:\/\/www.padreydecano.com\/cms\/wp-json\/wp\/v2\/posts\/34360\/revisions"}],"wp:featuredmedia":[{"embeddable":true,"href":"https:\/\/www.padreydecano.com\/cms\/wp-json\/wp\/v2\/media\/34075"}],"wp:attachment":[{"href":"https:\/\/www.padreydecano.com\/cms\/wp-json\/wp\/v2\/media?parent=34360"}],"wp:term":[{"taxonomy":"category","embeddable":true,"href":"https:\/\/www.padreydecano.com\/cms\/wp-json\/wp\/v2\/categories?post=34360"},{"taxonomy":"post_tag","embeddable":true,"href":"https:\/\/www.padreydecano.com\/cms\/wp-json\/wp\/v2\/tags?post=34360"}],"curies":[{"name":"wp","href":"https:\/\/api.w.org\/{rel}","templated":true}]}}