{"id":33971,"date":"2012-12-02T22:58:40","date_gmt":"2012-12-03T00:58:40","guid":{"rendered":"http:\/\/www.padreydecano.com\/cms\/?p=33971"},"modified":"2012-12-12T12:18:28","modified_gmt":"2012-12-12T14:18:28","slug":"penarol-campeon-del-apertura-2012","status":"publish","type":"post","link":"https:\/\/www.padreydecano.com\/cms\/partidos\/penarol-campeon-del-apertura-2012\/","title":{"rendered":"Pe\u00f1arol campe\u00f3n del Apertura 2012"},"content":{"rendered":"<p style=\"text-align: justify;\"><img loading=\"lazy\" decoding=\"async\" class=\"alignleft size-medium wp-image-33980\" src=\"https:\/\/www.padreydecano.com\/cms\/wp-content\/uploads\/2012\/12\/DSC_0679NA1-199x300.jpg\" alt=\"\" width=\"199\" height=\"300\" srcset=\"https:\/\/www.padreydecano.com\/cms\/wp-content\/uploads\/2012\/12\/DSC_0679NA1-199x300.jpg 199w, https:\/\/www.padreydecano.com\/cms\/wp-content\/uploads\/2012\/12\/DSC_0679NA1.jpg 399w\" sizes=\"(max-width: 199px) 100vw, 199px\" \/>Se cumpli\u00f3 el primer objetivo de la temporada: Pe\u00f1arol es el campe\u00f3n del Torneo Apertura 2012. Con un gol en contra tras centro de Zambrana y otro de Juan Manuel Olivera, derrotamos 2 a 0 a Juventud de Las Piedras y nos aseguramos el t\u00edtulo a falta de una fecha para su culminaci\u00f3n. El Estadio Centenario fue una fiesta, con todas las tribunas repletas en b\u00fasqueda de un t\u00edtulo que se consigui\u00f3. Como fue anunciado en la semana, los jugadores ofrendaron la copa a las cuatro tribunas y se celebr\u00f3 pero sabiendo que el objetivo final es el uruguayo. Estamos en la definici\u00f3n del torneo y clasificados para una copa internacional. <strong><a title=\"1\u00aa Parte: Fotos vs Juventud (Apertura 2012)\" href=\"https:\/\/www.padreydecano.com\/cms\/partido-a-partido\/1a-parte-fotos-vs-juventud-apertura-2012\/\" target=\"_blank\">(Ver Galer\u00eda 1)<\/a> <a title=\"2\u00aa Parte: Fotos vs Juventud (Apertura 2012)\" href=\"https:\/\/www.padreydecano.com\/cms\/partido-a-partido\/2a-parte-fotos-vs-juventud-apertura-2012\/\" target=\"_blank\">(Ver Galer\u00eda 2)<\/a><\/strong><\/p>\n<p style=\"text-align: justify;\">Pe\u00f1arol no arranc\u00f3 jugando bien, situaci\u00f3n que se vino repitiendo en los encuentros posteriores al <a href=\"https:\/\/www.padreydecano.com\/cms\/partidos\/los-clasicos-hay-que-ganarlos\/\" target=\"_blank\">cl\u00e1sico<\/a>. Sin embargo, la primera clara la tuvo Grosmuller, con una penetraci\u00f3n en el \u00e1rea pero que encontr\u00f3 a un r\u00e1pido Berbia que ahog\u00f3 el grito de gol. Luego, el equipo visitante tuvo un par de intervenciones, pero Bologna demostr\u00f3 porqu\u00e9 se lo trajo a Pe\u00f1arol y resolvi\u00f3 de muy buena manera.<\/p>\n<p style=\"text-align: justify;\">A los 15 minutos lleg\u00f3 la apertura del marcador con un centro de Zambrana que se desvi\u00f3 en De Barros y descoloc\u00f3 al ex carbonero. El gol desat\u00f3 la locura del Centenario que hab\u00eda ido con una sola cosa en mente: ganar el campeonato. Juventud lejos de achicarse, sigui\u00f3 en busca del empate y Valdez sac\u00f3 una pelota en la raya. Luego Bologna tuvo otra gran atajada.<\/p>\n<p style=\"text-align: justify;\">Luego Pe\u00f1arol volvi\u00f3 a responder, con un remate de Grosmuller y una volada de Berbia espectacular. Tambi\u00e9n tuvimos un cabezazo que dio en la uni\u00f3n del travesa\u00f1o y el vertical. Fue un primer tiempo con llegadas peligrosas para ambos lados.<\/p>\n<p style=\"text-align: justify;\">En el complemento pusimos el freno y Juventud comenz\u00f3 a tener la pelota. Sin embargo Gallegos tuvo su gran chance con un disparo que rompi\u00f3 el travesa\u00f1o. Sobre el final el Lolo le pone una pelota a Olivera quien de cabeza se rencuentra con el gol, asegura el partido, el torneo y la presencia en la definici\u00f3n del Campeonato Uruguayo.<\/p>\n<p><img decoding=\"async\" class=\" wp-image-33975 alignright\" style=\"text-align: justify;\" src=\"https:\/\/www.padreydecano.com\/cms\/wp-content\/uploads\/2012\/12\/DSC_0577NA-300x199.jpg\" alt=\"\" width=\"270\" srcset=\"https:\/\/www.padreydecano.com\/cms\/wp-content\/uploads\/2012\/12\/DSC_0577NA-300x199.jpg 300w, https:\/\/www.padreydecano.com\/cms\/wp-content\/uploads\/2012\/12\/DSC_0577NA.jpg 800w\" sizes=\"(max-width: 300px) 100vw, 300px\" \/><\/p>\n<p style=\"text-align: justify;\">No hay que dejar de hacer menci\u00f3n a lo que sucedi\u00f3 cuando comenz\u00f3 el segundo tiempo. No sabemos c\u00f3mo se originaron los problemas, pero fue lamentable la actitud de la polic\u00eda lanzando gases lacrim\u00f3genos hacia cualquier direcci\u00f3n y afectando sobre todo a los ni\u00f1os que ten\u00edan que ser sacados por sus padres en brazos.<\/p>\n<p style=\"text-align: justify;\">Pe\u00f1arol fue el merecedor ganador del torneo. Si bien tuvo un arranque flojo con una <a href=\"https:\/\/www.padreydecano.com\/cms\/partidos\/peor-arranque-imposible\/\" target=\"_blank\">derrota<\/a> y un <a href=\"https:\/\/www.padreydecano.com\/cms\/partidos\/empate-agridulce\/\" target=\"_blank\">empate<\/a>, a partir de ese momento levant\u00f3 much\u00edsimo y se consolid\u00f3 como el mejor a nivel local. Ahora habr\u00e1 que afrontar el partido ante Liverpool con la importancia que tiene, ya que la Tabla Anual es vital para la definici\u00f3n.<\/p>\n<p style=\"text-align: justify;\"><span style=\"color: #ffcc02;\"><strong>Ficha del partido<\/strong><\/span><\/p>\n<p style=\"text-align: justify;\"><strong>PE\u00d1AROL 2:0 JUVENTUD<\/strong><\/p>\n<p style=\"text-align: justify;\"><strong>Cancha:<\/strong>\u00a0Estadio Centenario.\u00a0<strong>Jueces:<\/strong>\u00a0Mart\u00edn V\u00e1zquez, Nicol\u00e1s Tar\u00e1n y Marcelo Gadea.<\/p>\n<p style=\"text-align: justify;\"><strong>PE\u00d1AROL:<\/strong>\u00a0Enrique Bologna, Alejandro Gonz\u00e1lez, Carlos Valdez, Dar\u00edo Rodr\u00edguez, Nicol\u00e1s Raguso; Marcel Novick, Carlos Grossm\u00fcller (55\u2032 Ignacio Nicolini), Fabi\u00e1n Estoyanoff, Jorge Zambrana (76\u2032 Sebasti\u00e1n Gallegos), Marcelo Zalayeta y Juan Manuel Olivera (90\u2032 Dami\u00e1n Macaluso).\u00a0<strong>Director T\u00e9cnico:<\/strong>\u00a0Jorge Da Silva.\u00a0<strong>Suplentes:<\/strong>\u00a0Danilo Lerda, Aureliano Torres, Sebasti\u00e1n Crist\u00f3foro, Rodrigo Pastorini.<\/p>\n<p style=\"text-align: justify;\"><strong>JUVENTUD:\u00a0<\/strong>Adri\u00e1n Berbia, Rodrigo Cabrera, Braian De Barros, Federico Platero, Alejandro Prieto, Marcelo Broli (85\u2032 Maximiliano Russo), Emiliano Romero, Alejandro Reyes (85\u2032 Miguel M\u00e1rquez), Guillermo Chavasco, Jaime B\u00e1ez y Lucas Cavallini (72\u2032 Hebert Collazo).\u00a0<strong>Director T\u00e9cnico:<\/strong>\u00a0Ariel De Armas.\u00a0<strong>Suplentes:<\/strong>\u00a0Jhon Faust, Mat\u00edas Soto, \u00a0Alvaro Pastoriza, \u00a0Bruno Gim\u00e9nez.<\/p>\n<p style=\"text-align: justify;\"><strong>Goles:<\/strong>\u00a013\u2032 Braian De Barros en contra (P) y 84\u2032 Juan Manuel Olivera (P).<\/p>\n<p style=\"text-align: justify;\"><strong>Tarjetas amarillas:\u00a0<\/strong>30\u2032 \u00a0Fabi\u00e1n Estoyanoff (P), 34\u2032 Brian De Barros (J), 62\u2032 Marcelo Broli (J), 69\u2032 Lucas Cavallini (J), 83\u2032 Ignacio Nicolini (P), 86\u2032 Juan Manuel Olivera (P), 88\u2032 Maximiliano Russo (J), 90\u2032 Nicol\u00e1s Raguso (P).<\/p>\n\n\t\t<style type=\"text\/css\">\n\t\t\t#gallery-1 {\n\t\t\t\tmargin: auto;\n\t\t\t}\n\t\t\t#gallery-1 .gallery-item {\n\t\t\t\tfloat: left;\n\t\t\t\tmargin-top: 10px;\n\t\t\t\ttext-align: center;\n\t\t\t\twidth: 33%;\n\t\t\t}\n\t\t\t#gallery-1 img {\n\t\t\t\tborder: 2px solid #cfcfcf;\n\t\t\t}\n\t\t\t#gallery-1 .gallery-caption {\n\t\t\t\tmargin-left: 0;\n\t\t\t}\n\t\t\t\/* see gallery_shortcode() in wp-includes\/media.php *\/\n\t\t<\/style>\n\t\t<div id='gallery-1' class='gallery galleryid-33971 gallery-columns-3 gallery-size-thumbnail'><dl class='gallery-item'>\n\t\t\t<dt class='gallery-icon landscape'>\n\t\t\t\t<a href='https:\/\/www.padreydecano.com\/cms\/wp-content\/uploads\/2012\/12\/DSC_0102NA.jpg' rel='shadowbox[sbalbum-33971];player=img;'><img loading=\"lazy\" decoding=\"async\" width=\"150\" height=\"150\" src=\"https:\/\/www.padreydecano.com\/cms\/wp-content\/uploads\/2012\/12\/DSC_0102NA-150x150.jpg\" class=\"attachment-thumbnail size-thumbnail\" alt=\"\" srcset=\"https:\/\/www.padreydecano.com\/cms\/wp-content\/uploads\/2012\/12\/DSC_0102NA-150x150.jpg 150w, https:\/\/www.padreydecano.com\/cms\/wp-content\/uploads\/2012\/12\/DSC_0102NA-36x36.jpg 36w, https:\/\/www.padreydecano.com\/cms\/wp-content\/uploads\/2012\/12\/DSC_0102NA-115x115.jpg 115w\" sizes=\"(max-width: 150px) 100vw, 150px\" \/><\/a>\n\t\t\t<\/dt><\/dl><dl class='gallery-item'>\n\t\t\t<dt class='gallery-icon landscape'>\n\t\t\t\t<a href='https:\/\/www.padreydecano.com\/cms\/wp-content\/uploads\/2012\/12\/DSC_0568NA.jpg' rel='shadowbox[sbalbum-33971];player=img;'><img loading=\"lazy\" decoding=\"async\" width=\"150\" height=\"150\" src=\"https:\/\/www.padreydecano.com\/cms\/wp-content\/uploads\/2012\/12\/DSC_0568NA-150x150.jpg\" class=\"attachment-thumbnail size-thumbnail\" alt=\"\" srcset=\"https:\/\/www.padreydecano.com\/cms\/wp-content\/uploads\/2012\/12\/DSC_0568NA-150x150.jpg 150w, https:\/\/www.padreydecano.com\/cms\/wp-content\/uploads\/2012\/12\/DSC_0568NA-36x36.jpg 36w, https:\/\/www.padreydecano.com\/cms\/wp-content\/uploads\/2012\/12\/DSC_0568NA-115x115.jpg 115w\" sizes=\"(max-width: 150px) 100vw, 150px\" \/><\/a>\n\t\t\t<\/dt><\/dl><dl class='gallery-item'>\n\t\t\t<dt class='gallery-icon landscape'>\n\t\t\t\t<a href='https:\/\/www.padreydecano.com\/cms\/wp-content\/uploads\/2012\/12\/DSC_0577NA.jpg' rel='shadowbox[sbalbum-33971];player=img;'><img loading=\"lazy\" decoding=\"async\" width=\"150\" height=\"150\" src=\"https:\/\/www.padreydecano.com\/cms\/wp-content\/uploads\/2012\/12\/DSC_0577NA-150x150.jpg\" class=\"attachment-thumbnail size-thumbnail\" alt=\"\" srcset=\"https:\/\/www.padreydecano.com\/cms\/wp-content\/uploads\/2012\/12\/DSC_0577NA-150x150.jpg 150w, https:\/\/www.padreydecano.com\/cms\/wp-content\/uploads\/2012\/12\/DSC_0577NA-36x36.jpg 36w, https:\/\/www.padreydecano.com\/cms\/wp-content\/uploads\/2012\/12\/DSC_0577NA-115x115.jpg 115w\" sizes=\"(max-width: 150px) 100vw, 150px\" \/><\/a>\n\t\t\t<\/dt><\/dl><br style=\"clear: both\" \/><dl class='gallery-item'>\n\t\t\t<dt class='gallery-icon landscape'>\n\t\t\t\t<a href='https:\/\/www.padreydecano.com\/cms\/wp-content\/uploads\/2012\/12\/DSC_0633NA.jpg' rel='shadowbox[sbalbum-33971];player=img;'><img loading=\"lazy\" decoding=\"async\" width=\"150\" height=\"150\" src=\"https:\/\/www.padreydecano.com\/cms\/wp-content\/uploads\/2012\/12\/DSC_0633NA-150x150.jpg\" class=\"attachment-thumbnail size-thumbnail\" alt=\"\" srcset=\"https:\/\/www.padreydecano.com\/cms\/wp-content\/uploads\/2012\/12\/DSC_0633NA-150x150.jpg 150w, https:\/\/www.padreydecano.com\/cms\/wp-content\/uploads\/2012\/12\/DSC_0633NA-36x36.jpg 36w, https:\/\/www.padreydecano.com\/cms\/wp-content\/uploads\/2012\/12\/DSC_0633NA-115x115.jpg 115w\" sizes=\"(max-width: 150px) 100vw, 150px\" \/><\/a>\n\t\t\t<\/dt><\/dl><dl class='gallery-item'>\n\t\t\t<dt class='gallery-icon landscape'>\n\t\t\t\t<a href='https:\/\/www.padreydecano.com\/cms\/wp-content\/uploads\/2012\/12\/DSC_0638NA.jpg' rel='shadowbox[sbalbum-33971];player=img;'><img loading=\"lazy\" decoding=\"async\" width=\"150\" height=\"150\" src=\"https:\/\/www.padreydecano.com\/cms\/wp-content\/uploads\/2012\/12\/DSC_0638NA-150x150.jpg\" class=\"attachment-thumbnail size-thumbnail\" alt=\"\" srcset=\"https:\/\/www.padreydecano.com\/cms\/wp-content\/uploads\/2012\/12\/DSC_0638NA-150x150.jpg 150w, https:\/\/www.padreydecano.com\/cms\/wp-content\/uploads\/2012\/12\/DSC_0638NA-36x36.jpg 36w, https:\/\/www.padreydecano.com\/cms\/wp-content\/uploads\/2012\/12\/DSC_0638NA-115x115.jpg 115w\" sizes=\"(max-width: 150px) 100vw, 150px\" \/><\/a>\n\t\t\t<\/dt><\/dl><dl class='gallery-item'>\n\t\t\t<dt class='gallery-icon landscape'>\n\t\t\t\t<a href='https:\/\/www.padreydecano.com\/cms\/wp-content\/uploads\/2012\/12\/DSC_0670NA.jpg' rel='shadowbox[sbalbum-33971];player=img;'><img loading=\"lazy\" decoding=\"async\" width=\"150\" height=\"150\" src=\"https:\/\/www.padreydecano.com\/cms\/wp-content\/uploads\/2012\/12\/DSC_0670NA-150x150.jpg\" class=\"attachment-thumbnail size-thumbnail\" alt=\"\" srcset=\"https:\/\/www.padreydecano.com\/cms\/wp-content\/uploads\/2012\/12\/DSC_0670NA-150x150.jpg 150w, https:\/\/www.padreydecano.com\/cms\/wp-content\/uploads\/2012\/12\/DSC_0670NA-36x36.jpg 36w, https:\/\/www.padreydecano.com\/cms\/wp-content\/uploads\/2012\/12\/DSC_0670NA-115x115.jpg 115w\" sizes=\"(max-width: 150px) 100vw, 150px\" \/><\/a>\n\t\t\t<\/dt><\/dl><br style=\"clear: both\" \/><dl class='gallery-item'>\n\t\t\t<dt class='gallery-icon portrait'>\n\t\t\t\t<a href='https:\/\/www.padreydecano.com\/cms\/wp-content\/uploads\/2012\/12\/DSC_0679NA1.jpg' rel='shadowbox[sbalbum-33971];player=img;'><img loading=\"lazy\" decoding=\"async\" width=\"150\" height=\"150\" src=\"https:\/\/www.padreydecano.com\/cms\/wp-content\/uploads\/2012\/12\/DSC_0679NA1-150x150.jpg\" class=\"attachment-thumbnail size-thumbnail\" alt=\"\" srcset=\"https:\/\/www.padreydecano.com\/cms\/wp-content\/uploads\/2012\/12\/DSC_0679NA1-150x150.jpg 150w, https:\/\/www.padreydecano.com\/cms\/wp-content\/uploads\/2012\/12\/DSC_0679NA1-36x36.jpg 36w, https:\/\/www.padreydecano.com\/cms\/wp-content\/uploads\/2012\/12\/DSC_0679NA1-115x115.jpg 115w\" sizes=\"(max-width: 150px) 100vw, 150px\" \/><\/a>\n\t\t\t<\/dt><\/dl>\n\t\t\t<br style='clear: both' \/>\n\t\t<\/div>\n\n<div align=\"center\">\n<table class=\"video\">\n<tbody>\n<tr>\n<td><iframe loading=\"lazy\" src=\"http:\/\/www.youtube.com\/embed\/VwQ1llLWvAY\" frameborder=\"0\" width=\"560\" height=\"315\"><\/iframe><\/td>\n<\/tr>\n<\/tbody>\n<\/table>\n<\/div>\n","protected":false},"excerpt":{"rendered":"<p>Se cumpli\u00f3 el primer objetivo de la temporada: Pe\u00f1arol es el campe\u00f3n del Torneo Apertura 2012. Con un gol en contra tras centro de Zambrana y otro de Juan Manuel Olivera, derrotamos 2 a 0 a Juventud de Las Piedras y nos aseguramos el t\u00edtulo a falta de una fecha para su culminaci\u00f3n. El Estadio [&hellip;]<\/p>\n","protected":false},"author":13,"featured_media":33978,"comment_status":"open","ping_status":"closed","sticky":false,"template":"","format":"standard","meta":{"footnotes":""},"categories":[13],"tags":[116],"yoast_head":"<!-- This site is optimized with the Yoast SEO plugin v23.2 - https:\/\/yoast.com\/wordpress\/plugins\/seo\/ -->\n<title>Pe\u00f1arol campe\u00f3n del Apertura 2012 - Padre y Decano - El Sitio del Pueblo<\/title>\n<meta name=\"robots\" content=\"index, follow, max-snippet:-1, max-image-preview:large, max-video-preview:-1\" \/>\n<link rel=\"canonical\" href=\"https:\/\/www.padreydecano.com\/cms\/partidos\/penarol-campeon-del-apertura-2012\/\" \/>\n<meta property=\"og:locale\" content=\"es_ES\" \/>\n<meta property=\"og:type\" content=\"article\" \/>\n<meta property=\"og:title\" content=\"Pe\u00f1arol campe\u00f3n del Apertura 2012 - Padre y Decano - El Sitio del Pueblo\" \/>\n<meta property=\"og:description\" content=\"Se cumpli\u00f3 el primer objetivo de la temporada: Pe\u00f1arol es el campe\u00f3n del Torneo Apertura 2012. Con un gol en contra tras centro de Zambrana y otro de Juan Manuel Olivera, derrotamos 2 a 0 a Juventud de Las Piedras y nos aseguramos el t\u00edtulo a falta de una fecha para su culminaci\u00f3n. El Estadio [&hellip;]\" \/>\n<meta property=\"og:url\" content=\"https:\/\/www.padreydecano.com\/cms\/partidos\/penarol-campeon-del-apertura-2012\/\" \/>\n<meta property=\"og:site_name\" content=\"Padre y Decano - El Sitio del Pueblo\" \/>\n<meta property=\"article:published_time\" content=\"2012-12-03T00:58:40+00:00\" \/>\n<meta property=\"article:modified_time\" content=\"2012-12-12T14:18:28+00:00\" \/>\n<meta property=\"og:image\" content=\"https:\/\/www.padreydecano.com\/cms\/wp-content\/uploads\/2012\/12\/DSC_0670NA.jpg\" \/>\n\t<meta property=\"og:image:width\" content=\"800\" \/>\n\t<meta property=\"og:image:height\" content=\"532\" \/>\n\t<meta property=\"og:image:type\" content=\"image\/jpeg\" \/>\n<meta name=\"author\" content=\"Moderador\" \/>\n<meta name=\"twitter:card\" content=\"summary_large_image\" \/>\n<meta name=\"twitter:label1\" content=\"Escrito por\" \/>\n\t<meta name=\"twitter:data1\" content=\"Moderador\" \/>\n\t<meta name=\"twitter:label2\" content=\"Tiempo de lectura\" \/>\n\t<meta name=\"twitter:data2\" content=\"3 minutos\" \/>\n<script type=\"application\/ld+json\" class=\"yoast-schema-graph\">{\"@context\":\"https:\/\/schema.org\",\"@graph\":[{\"@type\":\"Article\",\"@id\":\"https:\/\/www.padreydecano.com\/cms\/partidos\/penarol-campeon-del-apertura-2012\/#article\",\"isPartOf\":{\"@id\":\"https:\/\/www.padreydecano.com\/cms\/partidos\/penarol-campeon-del-apertura-2012\/\"},\"author\":{\"name\":\"Moderador\",\"@id\":\"https:\/\/www.padreydecano.com\/cms\/#\/schema\/person\/d93e9e537230ae052c194251d9a1def2\"},\"headline\":\"Pe\u00f1arol campe\u00f3n del Apertura 2012\",\"datePublished\":\"2012-12-03T00:58:40+00:00\",\"dateModified\":\"2012-12-12T14:18:28+00:00\",\"mainEntityOfPage\":{\"@id\":\"https:\/\/www.padreydecano.com\/cms\/partidos\/penarol-campeon-del-apertura-2012\/\"},\"wordCount\":671,\"commentCount\":72,\"publisher\":{\"@id\":\"https:\/\/www.padreydecano.com\/cms\/#organization\"},\"image\":{\"@id\":\"https:\/\/www.padreydecano.com\/cms\/partidos\/penarol-campeon-del-apertura-2012\/#primaryimage\"},\"thumbnailUrl\":\"https:\/\/www.padreydecano.com\/cms\/wp-content\/uploads\/2012\/12\/DSC_0670NA.jpg\",\"keywords\":[\"Apertura 2012\"],\"articleSection\":[\"Partidos\"],\"inLanguage\":\"es\",\"potentialAction\":[{\"@type\":\"CommentAction\",\"name\":\"Comment\",\"target\":[\"https:\/\/www.padreydecano.com\/cms\/partidos\/penarol-campeon-del-apertura-2012\/#respond\"]}]},{\"@type\":\"WebPage\",\"@id\":\"https:\/\/www.padreydecano.com\/cms\/partidos\/penarol-campeon-del-apertura-2012\/\",\"url\":\"https:\/\/www.padreydecano.com\/cms\/partidos\/penarol-campeon-del-apertura-2012\/\",\"name\":\"Pe\u00f1arol campe\u00f3n del Apertura 2012 - Padre y Decano - El Sitio del Pueblo\",\"isPartOf\":{\"@id\":\"https:\/\/www.padreydecano.com\/cms\/#website\"},\"primaryImageOfPage\":{\"@id\":\"https:\/\/www.padreydecano.com\/cms\/partidos\/penarol-campeon-del-apertura-2012\/#primaryimage\"},\"image\":{\"@id\":\"https:\/\/www.padreydecano.com\/cms\/partidos\/penarol-campeon-del-apertura-2012\/#primaryimage\"},\"thumbnailUrl\":\"https:\/\/www.padreydecano.com\/cms\/wp-content\/uploads\/2012\/12\/DSC_0670NA.jpg\",\"datePublished\":\"2012-12-03T00:58:40+00:00\",\"dateModified\":\"2012-12-12T14:18:28+00:00\",\"breadcrumb\":{\"@id\":\"https:\/\/www.padreydecano.com\/cms\/partidos\/penarol-campeon-del-apertura-2012\/#breadcrumb\"},\"inLanguage\":\"es\",\"potentialAction\":[{\"@type\":\"ReadAction\",\"target\":[\"https:\/\/www.padreydecano.com\/cms\/partidos\/penarol-campeon-del-apertura-2012\/\"]}]},{\"@type\":\"ImageObject\",\"inLanguage\":\"es\",\"@id\":\"https:\/\/www.padreydecano.com\/cms\/partidos\/penarol-campeon-del-apertura-2012\/#primaryimage\",\"url\":\"https:\/\/www.padreydecano.com\/cms\/wp-content\/uploads\/2012\/12\/DSC_0670NA.jpg\",\"contentUrl\":\"https:\/\/www.padreydecano.com\/cms\/wp-content\/uploads\/2012\/12\/DSC_0670NA.jpg\",\"width\":\"800\",\"height\":\"532\"},{\"@type\":\"BreadcrumbList\",\"@id\":\"https:\/\/www.padreydecano.com\/cms\/partidos\/penarol-campeon-del-apertura-2012\/#breadcrumb\",\"itemListElement\":[{\"@type\":\"ListItem\",\"position\":1,\"name\":\"Portada\",\"item\":\"https:\/\/www.padreydecano.com\/cms\/\"},{\"@type\":\"ListItem\",\"position\":2,\"name\":\"Pe\u00f1arol campe\u00f3n del Apertura 2012\"}]},{\"@type\":\"WebSite\",\"@id\":\"https:\/\/www.padreydecano.com\/cms\/#website\",\"url\":\"https:\/\/www.padreydecano.com\/cms\/\",\"name\":\"Padre y Decano - El Sitio del Pueblo\",\"description\":\"Club Atl\u00e9tico Pe\u00f1arol\",\"publisher\":{\"@id\":\"https:\/\/www.padreydecano.com\/cms\/#organization\"},\"potentialAction\":[{\"@type\":\"SearchAction\",\"target\":{\"@type\":\"EntryPoint\",\"urlTemplate\":\"https:\/\/www.padreydecano.com\/cms\/?s={search_term_string}\"},\"query-input\":\"required name=search_term_string\"}],\"inLanguage\":\"es\"},{\"@type\":\"Organization\",\"@id\":\"https:\/\/www.padreydecano.com\/cms\/#organization\",\"name\":\"Padre y Decano\",\"url\":\"https:\/\/www.padreydecano.com\/cms\/\",\"logo\":{\"@type\":\"ImageObject\",\"inLanguage\":\"es\",\"@id\":\"https:\/\/www.padreydecano.com\/cms\/#\/schema\/logo\/image\/\",\"url\":\"https:\/\/www.padreydecano.com\/cms\/wp-content\/uploads\/2022\/01\/avatar-square.png\",\"contentUrl\":\"https:\/\/www.padreydecano.com\/cms\/wp-content\/uploads\/2022\/01\/avatar-square.png\",\"width\":1500,\"height\":1500,\"caption\":\"Padre y Decano\"},\"image\":{\"@id\":\"https:\/\/www.padreydecano.com\/cms\/#\/schema\/logo\/image\/\"}},{\"@type\":\"Person\",\"@id\":\"https:\/\/www.padreydecano.com\/cms\/#\/schema\/person\/d93e9e537230ae052c194251d9a1def2\",\"name\":\"Moderador\",\"image\":{\"@type\":\"ImageObject\",\"inLanguage\":\"es\",\"@id\":\"https:\/\/www.padreydecano.com\/cms\/#\/schema\/person\/image\/\",\"url\":\"https:\/\/secure.gravatar.com\/avatar\/2587727bf8a53bd3da4ec49f01bea66e?s=96&d=https%3A%2F%2Fpadreydecano.com%2Fcms%2Fwp-content%2Fthemes%2Fpyd-theme%2Fimg%2Fdefault-avatar.png&r=g\",\"contentUrl\":\"https:\/\/secure.gravatar.com\/avatar\/2587727bf8a53bd3da4ec49f01bea66e?s=96&d=https%3A%2F%2Fpadreydecano.com%2Fcms%2Fwp-content%2Fthemes%2Fpyd-theme%2Fimg%2Fdefault-avatar.png&r=g\",\"caption\":\"Moderador\"}}]}<\/script>\n<!-- \/ Yoast SEO plugin. -->","yoast_head_json":{"title":"Pe\u00f1arol campe\u00f3n del Apertura 2012 - Padre y Decano - El Sitio del Pueblo","robots":{"index":"index","follow":"follow","max-snippet":"max-snippet:-1","max-image-preview":"max-image-preview:large","max-video-preview":"max-video-preview:-1"},"canonical":"https:\/\/www.padreydecano.com\/cms\/partidos\/penarol-campeon-del-apertura-2012\/","og_locale":"es_ES","og_type":"article","og_title":"Pe\u00f1arol campe\u00f3n del Apertura 2012 - Padre y Decano - El Sitio del Pueblo","og_description":"Se cumpli\u00f3 el primer objetivo de la temporada: Pe\u00f1arol es el campe\u00f3n del Torneo Apertura 2012. Con un gol en contra tras centro de Zambrana y otro de Juan Manuel Olivera, derrotamos 2 a 0 a Juventud de Las Piedras y nos aseguramos el t\u00edtulo a falta de una fecha para su culminaci\u00f3n. El Estadio [&hellip;]","og_url":"https:\/\/www.padreydecano.com\/cms\/partidos\/penarol-campeon-del-apertura-2012\/","og_site_name":"Padre y Decano - El Sitio del Pueblo","article_published_time":"2012-12-03T00:58:40+00:00","article_modified_time":"2012-12-12T14:18:28+00:00","og_image":[{"width":800,"height":532,"url":"https:\/\/www.padreydecano.com\/cms\/wp-content\/uploads\/2012\/12\/DSC_0670NA.jpg","type":"image\/jpeg"}],"author":"Moderador","twitter_card":"summary_large_image","twitter_misc":{"Escrito por":"Moderador","Tiempo de lectura":"3 minutos"},"schema":{"@context":"https:\/\/schema.org","@graph":[{"@type":"Article","@id":"https:\/\/www.padreydecano.com\/cms\/partidos\/penarol-campeon-del-apertura-2012\/#article","isPartOf":{"@id":"https:\/\/www.padreydecano.com\/cms\/partidos\/penarol-campeon-del-apertura-2012\/"},"author":{"name":"Moderador","@id":"https:\/\/www.padreydecano.com\/cms\/#\/schema\/person\/d93e9e537230ae052c194251d9a1def2"},"headline":"Pe\u00f1arol campe\u00f3n del Apertura 2012","datePublished":"2012-12-03T00:58:40+00:00","dateModified":"2012-12-12T14:18:28+00:00","mainEntityOfPage":{"@id":"https:\/\/www.padreydecano.com\/cms\/partidos\/penarol-campeon-del-apertura-2012\/"},"wordCount":671,"commentCount":72,"publisher":{"@id":"https:\/\/www.padreydecano.com\/cms\/#organization"},"image":{"@id":"https:\/\/www.padreydecano.com\/cms\/partidos\/penarol-campeon-del-apertura-2012\/#primaryimage"},"thumbnailUrl":"https:\/\/www.padreydecano.com\/cms\/wp-content\/uploads\/2012\/12\/DSC_0670NA.jpg","keywords":["Apertura 2012"],"articleSection":["Partidos"],"inLanguage":"es","potentialAction":[{"@type":"CommentAction","name":"Comment","target":["https:\/\/www.padreydecano.com\/cms\/partidos\/penarol-campeon-del-apertura-2012\/#respond"]}]},{"@type":"WebPage","@id":"https:\/\/www.padreydecano.com\/cms\/partidos\/penarol-campeon-del-apertura-2012\/","url":"https:\/\/www.padreydecano.com\/cms\/partidos\/penarol-campeon-del-apertura-2012\/","name":"Pe\u00f1arol campe\u00f3n del Apertura 2012 - Padre y Decano - El Sitio del Pueblo","isPartOf":{"@id":"https:\/\/www.padreydecano.com\/cms\/#website"},"primaryImageOfPage":{"@id":"https:\/\/www.padreydecano.com\/cms\/partidos\/penarol-campeon-del-apertura-2012\/#primaryimage"},"image":{"@id":"https:\/\/www.padreydecano.com\/cms\/partidos\/penarol-campeon-del-apertura-2012\/#primaryimage"},"thumbnailUrl":"https:\/\/www.padreydecano.com\/cms\/wp-content\/uploads\/2012\/12\/DSC_0670NA.jpg","datePublished":"2012-12-03T00:58:40+00:00","dateModified":"2012-12-12T14:18:28+00:00","breadcrumb":{"@id":"https:\/\/www.padreydecano.com\/cms\/partidos\/penarol-campeon-del-apertura-2012\/#breadcrumb"},"inLanguage":"es","potentialAction":[{"@type":"ReadAction","target":["https:\/\/www.padreydecano.com\/cms\/partidos\/penarol-campeon-del-apertura-2012\/"]}]},{"@type":"ImageObject","inLanguage":"es","@id":"https:\/\/www.padreydecano.com\/cms\/partidos\/penarol-campeon-del-apertura-2012\/#primaryimage","url":"https:\/\/www.padreydecano.com\/cms\/wp-content\/uploads\/2012\/12\/DSC_0670NA.jpg","contentUrl":"https:\/\/www.padreydecano.com\/cms\/wp-content\/uploads\/2012\/12\/DSC_0670NA.jpg","width":"800","height":"532"},{"@type":"BreadcrumbList","@id":"https:\/\/www.padreydecano.com\/cms\/partidos\/penarol-campeon-del-apertura-2012\/#breadcrumb","itemListElement":[{"@type":"ListItem","position":1,"name":"Portada","item":"https:\/\/www.padreydecano.com\/cms\/"},{"@type":"ListItem","position":2,"name":"Pe\u00f1arol campe\u00f3n del Apertura 2012"}]},{"@type":"WebSite","@id":"https:\/\/www.padreydecano.com\/cms\/#website","url":"https:\/\/www.padreydecano.com\/cms\/","name":"Padre y Decano - El Sitio del Pueblo","description":"Club Atl\u00e9tico Pe\u00f1arol","publisher":{"@id":"https:\/\/www.padreydecano.com\/cms\/#organization"},"potentialAction":[{"@type":"SearchAction","target":{"@type":"EntryPoint","urlTemplate":"https:\/\/www.padreydecano.com\/cms\/?s={search_term_string}"},"query-input":"required name=search_term_string"}],"inLanguage":"es"},{"@type":"Organization","@id":"https:\/\/www.padreydecano.com\/cms\/#organization","name":"Padre y Decano","url":"https:\/\/www.padreydecano.com\/cms\/","logo":{"@type":"ImageObject","inLanguage":"es","@id":"https:\/\/www.padreydecano.com\/cms\/#\/schema\/logo\/image\/","url":"https:\/\/www.padreydecano.com\/cms\/wp-content\/uploads\/2022\/01\/avatar-square.png","contentUrl":"https:\/\/www.padreydecano.com\/cms\/wp-content\/uploads\/2022\/01\/avatar-square.png","width":1500,"height":1500,"caption":"Padre y Decano"},"image":{"@id":"https:\/\/www.padreydecano.com\/cms\/#\/schema\/logo\/image\/"}},{"@type":"Person","@id":"https:\/\/www.padreydecano.com\/cms\/#\/schema\/person\/d93e9e537230ae052c194251d9a1def2","name":"Moderador","image":{"@type":"ImageObject","inLanguage":"es","@id":"https:\/\/www.padreydecano.com\/cms\/#\/schema\/person\/image\/","url":"https:\/\/secure.gravatar.com\/avatar\/2587727bf8a53bd3da4ec49f01bea66e?s=96&d=https%3A%2F%2Fpadreydecano.com%2Fcms%2Fwp-content%2Fthemes%2Fpyd-theme%2Fimg%2Fdefault-avatar.png&r=g","contentUrl":"https:\/\/secure.gravatar.com\/avatar\/2587727bf8a53bd3da4ec49f01bea66e?s=96&d=https%3A%2F%2Fpadreydecano.com%2Fcms%2Fwp-content%2Fthemes%2Fpyd-theme%2Fimg%2Fdefault-avatar.png&r=g","caption":"Moderador"}}]}},"_links":{"self":[{"href":"https:\/\/www.padreydecano.com\/cms\/wp-json\/wp\/v2\/posts\/33971"}],"collection":[{"href":"https:\/\/www.padreydecano.com\/cms\/wp-json\/wp\/v2\/posts"}],"about":[{"href":"https:\/\/www.padreydecano.com\/cms\/wp-json\/wp\/v2\/types\/post"}],"author":[{"embeddable":true,"href":"https:\/\/www.padreydecano.com\/cms\/wp-json\/wp\/v2\/users\/13"}],"replies":[{"embeddable":true,"href":"https:\/\/www.padreydecano.com\/cms\/wp-json\/wp\/v2\/comments?post=33971"}],"version-history":[{"count":0,"href":"https:\/\/www.padreydecano.com\/cms\/wp-json\/wp\/v2\/posts\/33971\/revisions"}],"wp:featuredmedia":[{"embeddable":true,"href":"https:\/\/www.padreydecano.com\/cms\/wp-json\/wp\/v2\/media\/33978"}],"wp:attachment":[{"href":"https:\/\/www.padreydecano.com\/cms\/wp-json\/wp\/v2\/media?parent=33971"}],"wp:term":[{"taxonomy":"category","embeddable":true,"href":"https:\/\/www.padreydecano.com\/cms\/wp-json\/wp\/v2\/categories?post=33971"},{"taxonomy":"post_tag","embeddable":true,"href":"https:\/\/www.padreydecano.com\/cms\/wp-json\/wp\/v2\/tags?post=33971"}],"curies":[{"name":"wp","href":"https:\/\/api.w.org\/{rel}","templated":true}]}}