{"id":3368,"date":"2011-09-20T15:00:29","date_gmt":"2011-09-20T18:00:29","guid":{"rendered":"http:\/\/www.padreydecano.com\/cms\/?p=3368"},"modified":"2013-02-25T15:41:11","modified_gmt":"2013-02-25T17:41:11","slug":"el-rincon-del-gladiador","status":"publish","type":"post","link":"https:\/\/www.padreydecano.com\/cms\/columnas\/el-rincon-del-gladiador\/","title":{"rendered":"El Rinc\u00f3n del Gladiador"},"content":{"rendered":"<p style=\"text-align: justify;\"><img decoding=\"async\" class=\"alignleft  wp-image-2605\" alt=\"\" src=\"https:\/\/encrypted-tbn0.gstatic.com\/images?q=tbn:ANd9GcQ36jmGUUBLgHHmKcKsO9VwX5QnEb1ce8clwmnJacLsZVh5lMBt\" \/>Decir Pe\u00f1arol, es decir Pueblo. Pueblo, \u00bfqu\u00e9 mas?, si eso es Pe\u00f1arol. Pe\u00f1arol es Tango, Milonga, Candombe, Murga, Carnaval, Rocanrol. Pe\u00f1arol es jugar descalzo en un campito, Pe\u00f1arol es la vuelta que corre en el trasnochado mostrador de cualquier boliche. Arrabal\u2026 cualquier esquina de todo barrio, donde se mezclan las m\u00e1s distantes filosof\u00edas, con un s\u00f3lo fin en com\u00fan, no importa cu\u00e1l. Es el poeta mundano que con un vaso de vino en la mano improvisa vivencias de vida ante la mirada at\u00f3nita del resto de los parroquianos. El que provoca risas, y tambi\u00e9n l\u00e1grimas.<\/p>\n<p style=\"text-align: justify;\">\u00bfPor qu\u00e9 Pe\u00f1arol es todo eso? Porque en todo lo antes mencionado, hay un sentimiento intr\u00ednseco. Eso tan dif\u00edcil de explicar y de entender, pero que inevitablemente se hace necesario para vivir. As\u00ed es Pe\u00f1arol, guapo como el Tango, sincero como la Milonga, humilde como el Candombe, bohemio como la Murga, alegre como el Carnaval, y rebelde como el Rocanrol.<\/p>\n<p style=\"text-align: justify;\">Todo eso y mucho m\u00e1s es Pe\u00f1arol, y de eso intentaremos hablar en este espacio. Y no solo hablar, lo que es a\u00fan m\u00e1s, demostrar la afinidad que existe entre todas esas vivencias que todos nosotros conocemos y apreciamos, mas all\u00e1 de que algunas queden relegadas en lo cotidiano, siempre a\u00f1oramos un segundo de todo eso en cualquier momento de nuestras vidas.<\/p>\n<p style=\"text-align: justify;\">Existen innumerables expresiones populares\u00a0 dedicadas a Pe\u00f1arol\u00a0 nada m\u00e1s y nada menos por que Pe\u00f1arol\u00a0 es sin lugar a dudas, la expresi\u00f3n popular m\u00e1s expl\u00edcita y sincera de este pa\u00eds. Desde sus inicios y hasta el presente lo fue y lo sigue siendo, adapt\u00e1ndose adem\u00e1s a las distintas \u00e9pocas de esta sociedad.<\/p>\n<p style=\"text-align: justify;\">No en vano fue fundado por trabajadores del Ferrocarril, ese tipo com\u00fan que ejerce un oficio sacrificado y humilde. No en vano la primera plaza deportiva de Montevideo fue inaugurada por Don Jos\u00e9 Batlle y Ordo\u00f1ez en el barrio Pe\u00f1arol. Lejos del elitismo reinante, Pe\u00f1arol integr\u00f3 a las clases m\u00e1s bajas y a las razas marginadas a su club. \u00a0Seg\u00fan narran las cr\u00f3nicas de la \u00e9poca, ya en los principios de siglo los viajes de la hinchada carbonera en tren hacia la vieja cancha de pocitos, eran multitudinarios, bulliciosos, y por supuesto, como toda manifestaci\u00f3n popular en masa, revoltosos. Ya lo menciona Luis Alberto Fleitas en la d\u00e9cada del 50, en su tango \u00abY siempre Pe\u00f1arol\u00bb (lo que merecer\u00e1 un capitulo en esta secci\u00f3n), refiri\u00e9ndose a la hinchada aurinegra reza \u201cY es tu hinchada fervorosa, consecuente y seguidora la que alienta sin desmayo tu divisa hasta triunfar\u201d. Acaso y salvando el l\u00e9xico, hay alguna diferencia con el actual \u201cYo nunca te voy a dejar, te lo juro por dios, no te deja de alentar, la gloriosa \u00c1msterdam, a donde juegues a todos lados\u2026\u201d. Es evidente que es el mismo hincha de Pe\u00f1arol con 60 a\u00f1os de diferencia. Es por eso que decimos que Pe\u00f1arol es pueblo y por ende, vive en cada uno de nosotros de alguna manera u otra, por eso es pueblo, por que Pe\u00f1arol somos todos.<\/p>\n<p style=\"text-align: justify;\">Nota: Es el esp\u00edritu de quien suscribe homenajear y dedicar este rinc\u00f3n al querido Tachuela, quien vivi\u00f3 por y para Pe\u00f1arol, y estar\u00e1 presente en la memoria de todos nosotros, eternamente como el tiempo, y floreciendo en cada primavera.<\/p>\n<p style=\"text-align: right;\"><strong>El Gladiador<\/strong><\/p>\n","protected":false},"excerpt":{"rendered":"<p>Decir Pe\u00f1arol, es decir Pueblo. Pueblo, \u00bfqu\u00e9 mas?, si eso es Pe\u00f1arol. Pe\u00f1arol es Tango, Milonga, Candombe, Murga, Carnaval, Rocanrol. Pe\u00f1arol es jugar descalzo en un campito, Pe\u00f1arol es la vuelta que corre en el trasnochado mostrador de cualquier boliche. Arrabal\u2026 cualquier esquina de todo barrio, donde se mezclan las m\u00e1s distantes filosof\u00edas, con un [&hellip;]<\/p>\n","protected":false},"author":1,"featured_media":0,"comment_status":"open","ping_status":"closed","sticky":false,"template":"","format":"standard","meta":{"footnotes":""},"categories":[28],"tags":[],"yoast_head":"<!-- This site is optimized with the Yoast SEO plugin v23.2 - https:\/\/yoast.com\/wordpress\/plugins\/seo\/ -->\n<title>El Rinc\u00f3n del Gladiador - Padre y Decano - El Sitio del Pueblo<\/title>\n<meta name=\"robots\" content=\"index, follow, max-snippet:-1, max-image-preview:large, max-video-preview:-1\" \/>\n<link rel=\"canonical\" href=\"https:\/\/www.padreydecano.com\/cms\/columnas\/el-rincon-del-gladiador\/\" \/>\n<meta property=\"og:locale\" content=\"es_ES\" \/>\n<meta property=\"og:type\" content=\"article\" \/>\n<meta property=\"og:title\" content=\"El Rinc\u00f3n del Gladiador - Padre y Decano - El Sitio del Pueblo\" \/>\n<meta property=\"og:description\" content=\"Decir Pe\u00f1arol, es decir Pueblo. Pueblo, \u00bfqu\u00e9 mas?, si eso es Pe\u00f1arol. Pe\u00f1arol es Tango, Milonga, Candombe, Murga, Carnaval, Rocanrol. Pe\u00f1arol es jugar descalzo en un campito, Pe\u00f1arol es la vuelta que corre en el trasnochado mostrador de cualquier boliche. Arrabal\u2026 cualquier esquina de todo barrio, donde se mezclan las m\u00e1s distantes filosof\u00edas, con un [&hellip;]\" \/>\n<meta property=\"og:url\" content=\"https:\/\/www.padreydecano.com\/cms\/columnas\/el-rincon-del-gladiador\/\" \/>\n<meta property=\"og:site_name\" content=\"Padre y Decano - El Sitio del Pueblo\" \/>\n<meta property=\"article:published_time\" content=\"2011-09-20T18:00:29+00:00\" \/>\n<meta property=\"article:modified_time\" content=\"2013-02-25T17:41:11+00:00\" \/>\n<meta property=\"og:image\" content=\"https:\/\/encrypted-tbn0.gstatic.com\/images?q=tbn:ANd9GcQ36jmGUUBLgHHmKcKsO9VwX5QnEb1ce8clwmnJacLsZVh5lMBt\" \/>\n<meta name=\"author\" content=\"fishoa\" \/>\n<meta name=\"twitter:card\" content=\"summary_large_image\" \/>\n<meta name=\"twitter:label1\" content=\"Escrito por\" \/>\n\t<meta name=\"twitter:data1\" content=\"fishoa\" \/>\n\t<meta name=\"twitter:label2\" content=\"Tiempo de lectura\" \/>\n\t<meta name=\"twitter:data2\" content=\"3 minutos\" \/>\n<script type=\"application\/ld+json\" class=\"yoast-schema-graph\">{\"@context\":\"https:\/\/schema.org\",\"@graph\":[{\"@type\":\"Article\",\"@id\":\"https:\/\/www.padreydecano.com\/cms\/columnas\/el-rincon-del-gladiador\/#article\",\"isPartOf\":{\"@id\":\"https:\/\/www.padreydecano.com\/cms\/columnas\/el-rincon-del-gladiador\/\"},\"author\":{\"name\":\"fishoa\",\"@id\":\"https:\/\/www.padreydecano.com\/cms\/#\/schema\/person\/3635109cbdf4c52c74a3de2a258ad792\"},\"headline\":\"El Rinc\u00f3n del Gladiador\",\"datePublished\":\"2011-09-20T18:00:29+00:00\",\"dateModified\":\"2013-02-25T17:41:11+00:00\",\"mainEntityOfPage\":{\"@id\":\"https:\/\/www.padreydecano.com\/cms\/columnas\/el-rincon-del-gladiador\/\"},\"wordCount\":593,\"commentCount\":15,\"publisher\":{\"@id\":\"https:\/\/www.padreydecano.com\/cms\/#organization\"},\"image\":{\"@id\":\"https:\/\/www.padreydecano.com\/cms\/columnas\/el-rincon-del-gladiador\/#primaryimage\"},\"thumbnailUrl\":\"https:\/\/encrypted-tbn0.gstatic.com\/images?q=tbn:ANd9GcQ36jmGUUBLgHHmKcKsO9VwX5QnEb1ce8clwmnJacLsZVh5lMBt\",\"articleSection\":[\"Columnas\"],\"inLanguage\":\"es\",\"potentialAction\":[{\"@type\":\"CommentAction\",\"name\":\"Comment\",\"target\":[\"https:\/\/www.padreydecano.com\/cms\/columnas\/el-rincon-del-gladiador\/#respond\"]}]},{\"@type\":\"WebPage\",\"@id\":\"https:\/\/www.padreydecano.com\/cms\/columnas\/el-rincon-del-gladiador\/\",\"url\":\"https:\/\/www.padreydecano.com\/cms\/columnas\/el-rincon-del-gladiador\/\",\"name\":\"El Rinc\u00f3n del Gladiador - Padre y Decano - El Sitio del Pueblo\",\"isPartOf\":{\"@id\":\"https:\/\/www.padreydecano.com\/cms\/#website\"},\"primaryImageOfPage\":{\"@id\":\"https:\/\/www.padreydecano.com\/cms\/columnas\/el-rincon-del-gladiador\/#primaryimage\"},\"image\":{\"@id\":\"https:\/\/www.padreydecano.com\/cms\/columnas\/el-rincon-del-gladiador\/#primaryimage\"},\"thumbnailUrl\":\"https:\/\/encrypted-tbn0.gstatic.com\/images?q=tbn:ANd9GcQ36jmGUUBLgHHmKcKsO9VwX5QnEb1ce8clwmnJacLsZVh5lMBt\",\"datePublished\":\"2011-09-20T18:00:29+00:00\",\"dateModified\":\"2013-02-25T17:41:11+00:00\",\"breadcrumb\":{\"@id\":\"https:\/\/www.padreydecano.com\/cms\/columnas\/el-rincon-del-gladiador\/#breadcrumb\"},\"inLanguage\":\"es\",\"potentialAction\":[{\"@type\":\"ReadAction\",\"target\":[\"https:\/\/www.padreydecano.com\/cms\/columnas\/el-rincon-del-gladiador\/\"]}]},{\"@type\":\"ImageObject\",\"inLanguage\":\"es\",\"@id\":\"https:\/\/www.padreydecano.com\/cms\/columnas\/el-rincon-del-gladiador\/#primaryimage\",\"url\":\"https:\/\/encrypted-tbn0.gstatic.com\/images?q=tbn:ANd9GcQ36jmGUUBLgHHmKcKsO9VwX5QnEb1ce8clwmnJacLsZVh5lMBt\",\"contentUrl\":\"https:\/\/encrypted-tbn0.gstatic.com\/images?q=tbn:ANd9GcQ36jmGUUBLgHHmKcKsO9VwX5QnEb1ce8clwmnJacLsZVh5lMBt\"},{\"@type\":\"BreadcrumbList\",\"@id\":\"https:\/\/www.padreydecano.com\/cms\/columnas\/el-rincon-del-gladiador\/#breadcrumb\",\"itemListElement\":[{\"@type\":\"ListItem\",\"position\":1,\"name\":\"Portada\",\"item\":\"https:\/\/www.padreydecano.com\/cms\/\"},{\"@type\":\"ListItem\",\"position\":2,\"name\":\"El Rinc\u00f3n del Gladiador\"}]},{\"@type\":\"WebSite\",\"@id\":\"https:\/\/www.padreydecano.com\/cms\/#website\",\"url\":\"https:\/\/www.padreydecano.com\/cms\/\",\"name\":\"Padre y Decano - El Sitio del Pueblo\",\"description\":\"Club Atl\u00e9tico Pe\u00f1arol\",\"publisher\":{\"@id\":\"https:\/\/www.padreydecano.com\/cms\/#organization\"},\"potentialAction\":[{\"@type\":\"SearchAction\",\"target\":{\"@type\":\"EntryPoint\",\"urlTemplate\":\"https:\/\/www.padreydecano.com\/cms\/?s={search_term_string}\"},\"query-input\":\"required name=search_term_string\"}],\"inLanguage\":\"es\"},{\"@type\":\"Organization\",\"@id\":\"https:\/\/www.padreydecano.com\/cms\/#organization\",\"name\":\"Padre y Decano\",\"url\":\"https:\/\/www.padreydecano.com\/cms\/\",\"logo\":{\"@type\":\"ImageObject\",\"inLanguage\":\"es\",\"@id\":\"https:\/\/www.padreydecano.com\/cms\/#\/schema\/logo\/image\/\",\"url\":\"https:\/\/www.padreydecano.com\/cms\/wp-content\/uploads\/2022\/01\/avatar-square.png\",\"contentUrl\":\"https:\/\/www.padreydecano.com\/cms\/wp-content\/uploads\/2022\/01\/avatar-square.png\",\"width\":1500,\"height\":1500,\"caption\":\"Padre y Decano\"},\"image\":{\"@id\":\"https:\/\/www.padreydecano.com\/cms\/#\/schema\/logo\/image\/\"}},{\"@type\":\"Person\",\"@id\":\"https:\/\/www.padreydecano.com\/cms\/#\/schema\/person\/3635109cbdf4c52c74a3de2a258ad792\",\"name\":\"fishoa\",\"image\":{\"@type\":\"ImageObject\",\"inLanguage\":\"es\",\"@id\":\"https:\/\/www.padreydecano.com\/cms\/#\/schema\/person\/image\/\",\"url\":\"https:\/\/secure.gravatar.com\/avatar\/b0535c8455341e0adb8cc43cd18625a2?s=96&d=https%3A%2F%2Fpadreydecano.com%2Fcms%2Fwp-content%2Fthemes%2Fpyd-theme%2Fimg%2Fdefault-avatar.png&r=g\",\"contentUrl\":\"https:\/\/secure.gravatar.com\/avatar\/b0535c8455341e0adb8cc43cd18625a2?s=96&d=https%3A%2F%2Fpadreydecano.com%2Fcms%2Fwp-content%2Fthemes%2Fpyd-theme%2Fimg%2Fdefault-avatar.png&r=g\",\"caption\":\"fishoa\"}}]}<\/script>\n<!-- \/ Yoast SEO plugin. -->","yoast_head_json":{"title":"El Rinc\u00f3n del Gladiador - Padre y Decano - El Sitio del Pueblo","robots":{"index":"index","follow":"follow","max-snippet":"max-snippet:-1","max-image-preview":"max-image-preview:large","max-video-preview":"max-video-preview:-1"},"canonical":"https:\/\/www.padreydecano.com\/cms\/columnas\/el-rincon-del-gladiador\/","og_locale":"es_ES","og_type":"article","og_title":"El Rinc\u00f3n del Gladiador - Padre y Decano - El Sitio del Pueblo","og_description":"Decir Pe\u00f1arol, es decir Pueblo. Pueblo, \u00bfqu\u00e9 mas?, si eso es Pe\u00f1arol. Pe\u00f1arol es Tango, Milonga, Candombe, Murga, Carnaval, Rocanrol. Pe\u00f1arol es jugar descalzo en un campito, Pe\u00f1arol es la vuelta que corre en el trasnochado mostrador de cualquier boliche. Arrabal\u2026 cualquier esquina de todo barrio, donde se mezclan las m\u00e1s distantes filosof\u00edas, con un [&hellip;]","og_url":"https:\/\/www.padreydecano.com\/cms\/columnas\/el-rincon-del-gladiador\/","og_site_name":"Padre y Decano - El Sitio del Pueblo","article_published_time":"2011-09-20T18:00:29+00:00","article_modified_time":"2013-02-25T17:41:11+00:00","og_image":[{"url":"https:\/\/encrypted-tbn0.gstatic.com\/images?q=tbn:ANd9GcQ36jmGUUBLgHHmKcKsO9VwX5QnEb1ce8clwmnJacLsZVh5lMBt"}],"author":"fishoa","twitter_card":"summary_large_image","twitter_misc":{"Escrito por":"fishoa","Tiempo de lectura":"3 minutos"},"schema":{"@context":"https:\/\/schema.org","@graph":[{"@type":"Article","@id":"https:\/\/www.padreydecano.com\/cms\/columnas\/el-rincon-del-gladiador\/#article","isPartOf":{"@id":"https:\/\/www.padreydecano.com\/cms\/columnas\/el-rincon-del-gladiador\/"},"author":{"name":"fishoa","@id":"https:\/\/www.padreydecano.com\/cms\/#\/schema\/person\/3635109cbdf4c52c74a3de2a258ad792"},"headline":"El Rinc\u00f3n del Gladiador","datePublished":"2011-09-20T18:00:29+00:00","dateModified":"2013-02-25T17:41:11+00:00","mainEntityOfPage":{"@id":"https:\/\/www.padreydecano.com\/cms\/columnas\/el-rincon-del-gladiador\/"},"wordCount":593,"commentCount":15,"publisher":{"@id":"https:\/\/www.padreydecano.com\/cms\/#organization"},"image":{"@id":"https:\/\/www.padreydecano.com\/cms\/columnas\/el-rincon-del-gladiador\/#primaryimage"},"thumbnailUrl":"https:\/\/encrypted-tbn0.gstatic.com\/images?q=tbn:ANd9GcQ36jmGUUBLgHHmKcKsO9VwX5QnEb1ce8clwmnJacLsZVh5lMBt","articleSection":["Columnas"],"inLanguage":"es","potentialAction":[{"@type":"CommentAction","name":"Comment","target":["https:\/\/www.padreydecano.com\/cms\/columnas\/el-rincon-del-gladiador\/#respond"]}]},{"@type":"WebPage","@id":"https:\/\/www.padreydecano.com\/cms\/columnas\/el-rincon-del-gladiador\/","url":"https:\/\/www.padreydecano.com\/cms\/columnas\/el-rincon-del-gladiador\/","name":"El Rinc\u00f3n del Gladiador - Padre y Decano - El Sitio del Pueblo","isPartOf":{"@id":"https:\/\/www.padreydecano.com\/cms\/#website"},"primaryImageOfPage":{"@id":"https:\/\/www.padreydecano.com\/cms\/columnas\/el-rincon-del-gladiador\/#primaryimage"},"image":{"@id":"https:\/\/www.padreydecano.com\/cms\/columnas\/el-rincon-del-gladiador\/#primaryimage"},"thumbnailUrl":"https:\/\/encrypted-tbn0.gstatic.com\/images?q=tbn:ANd9GcQ36jmGUUBLgHHmKcKsO9VwX5QnEb1ce8clwmnJacLsZVh5lMBt","datePublished":"2011-09-20T18:00:29+00:00","dateModified":"2013-02-25T17:41:11+00:00","breadcrumb":{"@id":"https:\/\/www.padreydecano.com\/cms\/columnas\/el-rincon-del-gladiador\/#breadcrumb"},"inLanguage":"es","potentialAction":[{"@type":"ReadAction","target":["https:\/\/www.padreydecano.com\/cms\/columnas\/el-rincon-del-gladiador\/"]}]},{"@type":"ImageObject","inLanguage":"es","@id":"https:\/\/www.padreydecano.com\/cms\/columnas\/el-rincon-del-gladiador\/#primaryimage","url":"https:\/\/encrypted-tbn0.gstatic.com\/images?q=tbn:ANd9GcQ36jmGUUBLgHHmKcKsO9VwX5QnEb1ce8clwmnJacLsZVh5lMBt","contentUrl":"https:\/\/encrypted-tbn0.gstatic.com\/images?q=tbn:ANd9GcQ36jmGUUBLgHHmKcKsO9VwX5QnEb1ce8clwmnJacLsZVh5lMBt"},{"@type":"BreadcrumbList","@id":"https:\/\/www.padreydecano.com\/cms\/columnas\/el-rincon-del-gladiador\/#breadcrumb","itemListElement":[{"@type":"ListItem","position":1,"name":"Portada","item":"https:\/\/www.padreydecano.com\/cms\/"},{"@type":"ListItem","position":2,"name":"El Rinc\u00f3n del Gladiador"}]},{"@type":"WebSite","@id":"https:\/\/www.padreydecano.com\/cms\/#website","url":"https:\/\/www.padreydecano.com\/cms\/","name":"Padre y Decano - El Sitio del Pueblo","description":"Club Atl\u00e9tico Pe\u00f1arol","publisher":{"@id":"https:\/\/www.padreydecano.com\/cms\/#organization"},"potentialAction":[{"@type":"SearchAction","target":{"@type":"EntryPoint","urlTemplate":"https:\/\/www.padreydecano.com\/cms\/?s={search_term_string}"},"query-input":"required name=search_term_string"}],"inLanguage":"es"},{"@type":"Organization","@id":"https:\/\/www.padreydecano.com\/cms\/#organization","name":"Padre y Decano","url":"https:\/\/www.padreydecano.com\/cms\/","logo":{"@type":"ImageObject","inLanguage":"es","@id":"https:\/\/www.padreydecano.com\/cms\/#\/schema\/logo\/image\/","url":"https:\/\/www.padreydecano.com\/cms\/wp-content\/uploads\/2022\/01\/avatar-square.png","contentUrl":"https:\/\/www.padreydecano.com\/cms\/wp-content\/uploads\/2022\/01\/avatar-square.png","width":1500,"height":1500,"caption":"Padre y Decano"},"image":{"@id":"https:\/\/www.padreydecano.com\/cms\/#\/schema\/logo\/image\/"}},{"@type":"Person","@id":"https:\/\/www.padreydecano.com\/cms\/#\/schema\/person\/3635109cbdf4c52c74a3de2a258ad792","name":"fishoa","image":{"@type":"ImageObject","inLanguage":"es","@id":"https:\/\/www.padreydecano.com\/cms\/#\/schema\/person\/image\/","url":"https:\/\/secure.gravatar.com\/avatar\/b0535c8455341e0adb8cc43cd18625a2?s=96&d=https%3A%2F%2Fpadreydecano.com%2Fcms%2Fwp-content%2Fthemes%2Fpyd-theme%2Fimg%2Fdefault-avatar.png&r=g","contentUrl":"https:\/\/secure.gravatar.com\/avatar\/b0535c8455341e0adb8cc43cd18625a2?s=96&d=https%3A%2F%2Fpadreydecano.com%2Fcms%2Fwp-content%2Fthemes%2Fpyd-theme%2Fimg%2Fdefault-avatar.png&r=g","caption":"fishoa"}}]}},"_links":{"self":[{"href":"https:\/\/www.padreydecano.com\/cms\/wp-json\/wp\/v2\/posts\/3368"}],"collection":[{"href":"https:\/\/www.padreydecano.com\/cms\/wp-json\/wp\/v2\/posts"}],"about":[{"href":"https:\/\/www.padreydecano.com\/cms\/wp-json\/wp\/v2\/types\/post"}],"author":[{"embeddable":true,"href":"https:\/\/www.padreydecano.com\/cms\/wp-json\/wp\/v2\/users\/1"}],"replies":[{"embeddable":true,"href":"https:\/\/www.padreydecano.com\/cms\/wp-json\/wp\/v2\/comments?post=3368"}],"version-history":[{"count":0,"href":"https:\/\/www.padreydecano.com\/cms\/wp-json\/wp\/v2\/posts\/3368\/revisions"}],"wp:attachment":[{"href":"https:\/\/www.padreydecano.com\/cms\/wp-json\/wp\/v2\/media?parent=3368"}],"wp:term":[{"taxonomy":"category","embeddable":true,"href":"https:\/\/www.padreydecano.com\/cms\/wp-json\/wp\/v2\/categories?post=3368"},{"taxonomy":"post_tag","embeddable":true,"href":"https:\/\/www.padreydecano.com\/cms\/wp-json\/wp\/v2\/tags?post=3368"}],"curies":[{"name":"wp","href":"https:\/\/api.w.org\/{rel}","templated":true}]}}