{"id":33538,"date":"2012-11-19T11:12:35","date_gmt":"2012-11-19T13:12:35","guid":{"rendered":"http:\/\/www.padreydecano.com\/cms\/?p=33538"},"modified":"2012-11-19T11:43:39","modified_gmt":"2012-11-19T13:43:39","slug":"entrenamientos-19-al-23-de-noviembre","status":"publish","type":"post","link":"https:\/\/www.padreydecano.com\/cms\/los-aromos\/entrenamientos-19-al-23-de-noviembre\/","title":{"rendered":"Entrenamientos (19 al 23 de noviembre)"},"content":{"rendered":"<p style=\"text-align: justify;\"><a href=\"https:\/\/www.padreydecano.com\/cms\/wp-content\/uploads\/2012\/07\/aromos.jpg\" rel=\"shadowbox[sbpost-33538];player=img;\"><img loading=\"lazy\" decoding=\"async\" class=\"alignright  wp-image-27010\" src=\"https:\/\/www.padreydecano.com\/cms\/wp-content\/uploads\/2012\/07\/aromos-300x225.jpg\" alt=\"\" width=\"240\" height=\"180\" srcset=\"https:\/\/www.padreydecano.com\/cms\/wp-content\/uploads\/2012\/07\/aromos-300x225.jpg 300w, https:\/\/www.padreydecano.com\/cms\/wp-content\/uploads\/2012\/07\/aromos.jpg 800w\" sizes=\"(max-width: 240px) 100vw, 240px\" \/><\/a>Compartimos a continuaci\u00f3n los detalles de los entrenamientos del plantel principal para esta semana (19 al 23 de noviembre). La informaci\u00f3n es la brindada por el departamento de prensa del club.<\/p>\n<p style=\"text-align: justify;\">El plantel principal de Pe\u00f1arol vuelve a los entrenamientos este lunes, luego de tener libre el domingo tras la victoria frente a Progreso por 3 a 1\u00a0por la decimosegunda fecha del Apertura 2012.\u00a0El\u00a0<a href=\"https:\/\/www.padreydecano.com\/cms\/calendario\/\" target=\"_blank\">calendario<\/a>\u00a0marca que el pr\u00f3ximo rival ser\u00e1 Wanderers, el partido se juega el domingo en horario a confirmar.<\/p>\n<p>El r\u00e9gimen de entrenamientos ser\u00e1 el siguiente:<\/p>\n<p><strong>Lunes<\/strong><strong>\u00a0 &#8211; Simple<br \/>\n<\/strong><\/p>\n<ul>\n<li>Vespertino 16:00 hs.<\/li>\n<li>Atenci\u00f3n a la Prensa 15:30 hs.<\/li>\n<li><span style=\"color: #ffcc02;\"><strong>Abierto a socios.<\/strong><\/span><\/li>\n<\/ul>\n<p><strong>Martes<\/strong><strong> \u2013 Simple<\/strong><\/p>\n<ul>\n<li>Matutino 09:00 hs.<\/li>\n<li>Atenci\u00f3n a la Prensa 08:30 hs.<\/li>\n<li><strong><span style=\"color: #ffcc02;\">Abierto a socios.<\/span><\/strong><\/li>\n<\/ul>\n<p><strong>Mi\u00e9rcoles<\/strong><strong> \u2013 Simple<\/strong><\/p>\n<ul>\n<li>Matutino 09:00 hs.<\/li>\n<li>Cerrado sin atenci\u00f3n.<\/li>\n<\/ul>\n<p><strong>Jueves<\/strong><strong> \u2013\u00a0 Simple<\/strong><\/p>\n<ul>\n<li>Matutino 09:00 hs.<\/li>\n<li>Cerrado sin atenci\u00f3n<\/li>\n<\/ul>\n<p><strong>Viernes<\/strong><strong> \u2013 \u00a0Simple<\/strong><\/p>\n<ul>\n<li>Matutino 09:00 hs.<\/li>\n<li>Cerrado sin atenci\u00f3n<\/li>\n<\/ul>\n<p>&nbsp;<\/p>\n","protected":false},"excerpt":{"rendered":"<p>Compartimos a continuaci\u00f3n los detalles de los entrenamientos del plantel principal para esta semana (19 al 23 de noviembre). La informaci\u00f3n es la brindada por el departamento de prensa del club. El plantel principal de Pe\u00f1arol vuelve a los entrenamientos este lunes, luego de tener libre el domingo tras la victoria frente a Progreso por [&hellip;]<\/p>\n","protected":false},"author":2,"featured_media":27010,"comment_status":"open","ping_status":"closed","sticky":false,"template":"","format":"standard","meta":{"footnotes":""},"categories":[7],"tags":[],"yoast_head":"<!-- This site is optimized with the Yoast SEO plugin v23.2 - https:\/\/yoast.com\/wordpress\/plugins\/seo\/ -->\n<title>Entrenamientos (19 al 23 de noviembre) - Padre y Decano - El Sitio del Pueblo<\/title>\n<meta name=\"robots\" content=\"index, follow, max-snippet:-1, max-image-preview:large, max-video-preview:-1\" \/>\n<link rel=\"canonical\" href=\"https:\/\/www.padreydecano.com\/cms\/los-aromos\/entrenamientos-19-al-23-de-noviembre\/\" \/>\n<meta property=\"og:locale\" content=\"es_ES\" \/>\n<meta property=\"og:type\" content=\"article\" \/>\n<meta property=\"og:title\" content=\"Entrenamientos (19 al 23 de noviembre) - Padre y Decano - El Sitio del Pueblo\" \/>\n<meta property=\"og:description\" content=\"Compartimos a continuaci\u00f3n los detalles de los entrenamientos del plantel principal para esta semana (19 al 23 de noviembre). La informaci\u00f3n es la brindada por el departamento de prensa del club. El plantel principal de Pe\u00f1arol vuelve a los entrenamientos este lunes, luego de tener libre el domingo tras la victoria frente a Progreso por [&hellip;]\" \/>\n<meta property=\"og:url\" content=\"https:\/\/www.padreydecano.com\/cms\/los-aromos\/entrenamientos-19-al-23-de-noviembre\/\" \/>\n<meta property=\"og:site_name\" content=\"Padre y Decano - El Sitio del Pueblo\" \/>\n<meta property=\"article:published_time\" content=\"2012-11-19T13:12:35+00:00\" \/>\n<meta property=\"article:modified_time\" content=\"2012-11-19T13:43:39+00:00\" \/>\n<meta property=\"og:image\" content=\"https:\/\/www.padreydecano.com\/cms\/wp-content\/uploads\/2012\/07\/aromos.jpg\" \/>\n\t<meta property=\"og:image:width\" content=\"800\" \/>\n\t<meta property=\"og:image:height\" content=\"600\" \/>\n\t<meta property=\"og:image:type\" content=\"image\/jpeg\" \/>\n<meta name=\"author\" content=\"Gonzalo16\" \/>\n<meta name=\"twitter:card\" content=\"summary_large_image\" \/>\n<meta name=\"twitter:label1\" content=\"Escrito por\" \/>\n\t<meta name=\"twitter:data1\" content=\"Gonzalo16\" \/>\n\t<meta name=\"twitter:label2\" content=\"Tiempo de lectura\" \/>\n\t<meta name=\"twitter:data2\" content=\"1 minuto\" \/>\n<script type=\"application\/ld+json\" class=\"yoast-schema-graph\">{\"@context\":\"https:\/\/schema.org\",\"@graph\":[{\"@type\":\"Article\",\"@id\":\"https:\/\/www.padreydecano.com\/cms\/los-aromos\/entrenamientos-19-al-23-de-noviembre\/#article\",\"isPartOf\":{\"@id\":\"https:\/\/www.padreydecano.com\/cms\/los-aromos\/entrenamientos-19-al-23-de-noviembre\/\"},\"author\":{\"name\":\"Gonzalo16\",\"@id\":\"https:\/\/www.padreydecano.com\/cms\/#\/schema\/person\/7fe41e3e335700ebd387196df2f9a8d4\"},\"headline\":\"Entrenamientos (19 al 23 de noviembre)\",\"datePublished\":\"2012-11-19T13:12:35+00:00\",\"dateModified\":\"2012-11-19T13:43:39+00:00\",\"mainEntityOfPage\":{\"@id\":\"https:\/\/www.padreydecano.com\/cms\/los-aromos\/entrenamientos-19-al-23-de-noviembre\/\"},\"wordCount\":148,\"commentCount\":5,\"publisher\":{\"@id\":\"https:\/\/www.padreydecano.com\/cms\/#organization\"},\"image\":{\"@id\":\"https:\/\/www.padreydecano.com\/cms\/los-aromos\/entrenamientos-19-al-23-de-noviembre\/#primaryimage\"},\"thumbnailUrl\":\"https:\/\/www.padreydecano.com\/cms\/wp-content\/uploads\/2012\/07\/aromos.jpg\",\"articleSection\":[\"Los Aromos\"],\"inLanguage\":\"es\",\"potentialAction\":[{\"@type\":\"CommentAction\",\"name\":\"Comment\",\"target\":[\"https:\/\/www.padreydecano.com\/cms\/los-aromos\/entrenamientos-19-al-23-de-noviembre\/#respond\"]}]},{\"@type\":\"WebPage\",\"@id\":\"https:\/\/www.padreydecano.com\/cms\/los-aromos\/entrenamientos-19-al-23-de-noviembre\/\",\"url\":\"https:\/\/www.padreydecano.com\/cms\/los-aromos\/entrenamientos-19-al-23-de-noviembre\/\",\"name\":\"Entrenamientos (19 al 23 de noviembre) - Padre y Decano - El Sitio del Pueblo\",\"isPartOf\":{\"@id\":\"https:\/\/www.padreydecano.com\/cms\/#website\"},\"primaryImageOfPage\":{\"@id\":\"https:\/\/www.padreydecano.com\/cms\/los-aromos\/entrenamientos-19-al-23-de-noviembre\/#primaryimage\"},\"image\":{\"@id\":\"https:\/\/www.padreydecano.com\/cms\/los-aromos\/entrenamientos-19-al-23-de-noviembre\/#primaryimage\"},\"thumbnailUrl\":\"https:\/\/www.padreydecano.com\/cms\/wp-content\/uploads\/2012\/07\/aromos.jpg\",\"datePublished\":\"2012-11-19T13:12:35+00:00\",\"dateModified\":\"2012-11-19T13:43:39+00:00\",\"breadcrumb\":{\"@id\":\"https:\/\/www.padreydecano.com\/cms\/los-aromos\/entrenamientos-19-al-23-de-noviembre\/#breadcrumb\"},\"inLanguage\":\"es\",\"potentialAction\":[{\"@type\":\"ReadAction\",\"target\":[\"https:\/\/www.padreydecano.com\/cms\/los-aromos\/entrenamientos-19-al-23-de-noviembre\/\"]}]},{\"@type\":\"ImageObject\",\"inLanguage\":\"es\",\"@id\":\"https:\/\/www.padreydecano.com\/cms\/los-aromos\/entrenamientos-19-al-23-de-noviembre\/#primaryimage\",\"url\":\"https:\/\/www.padreydecano.com\/cms\/wp-content\/uploads\/2012\/07\/aromos.jpg\",\"contentUrl\":\"https:\/\/www.padreydecano.com\/cms\/wp-content\/uploads\/2012\/07\/aromos.jpg\",\"width\":\"800\",\"height\":\"600\"},{\"@type\":\"BreadcrumbList\",\"@id\":\"https:\/\/www.padreydecano.com\/cms\/los-aromos\/entrenamientos-19-al-23-de-noviembre\/#breadcrumb\",\"itemListElement\":[{\"@type\":\"ListItem\",\"position\":1,\"name\":\"Portada\",\"item\":\"https:\/\/www.padreydecano.com\/cms\/\"},{\"@type\":\"ListItem\",\"position\":2,\"name\":\"Entrenamientos (19 al 23 de noviembre)\"}]},{\"@type\":\"WebSite\",\"@id\":\"https:\/\/www.padreydecano.com\/cms\/#website\",\"url\":\"https:\/\/www.padreydecano.com\/cms\/\",\"name\":\"Padre y Decano - El Sitio del Pueblo\",\"description\":\"Club Atl\u00e9tico Pe\u00f1arol\",\"publisher\":{\"@id\":\"https:\/\/www.padreydecano.com\/cms\/#organization\"},\"potentialAction\":[{\"@type\":\"SearchAction\",\"target\":{\"@type\":\"EntryPoint\",\"urlTemplate\":\"https:\/\/www.padreydecano.com\/cms\/?s={search_term_string}\"},\"query-input\":\"required name=search_term_string\"}],\"inLanguage\":\"es\"},{\"@type\":\"Organization\",\"@id\":\"https:\/\/www.padreydecano.com\/cms\/#organization\",\"name\":\"Padre y Decano\",\"url\":\"https:\/\/www.padreydecano.com\/cms\/\",\"logo\":{\"@type\":\"ImageObject\",\"inLanguage\":\"es\",\"@id\":\"https:\/\/www.padreydecano.com\/cms\/#\/schema\/logo\/image\/\",\"url\":\"https:\/\/www.padreydecano.com\/cms\/wp-content\/uploads\/2022\/01\/avatar-square.png\",\"contentUrl\":\"https:\/\/www.padreydecano.com\/cms\/wp-content\/uploads\/2022\/01\/avatar-square.png\",\"width\":1500,\"height\":1500,\"caption\":\"Padre y Decano\"},\"image\":{\"@id\":\"https:\/\/www.padreydecano.com\/cms\/#\/schema\/logo\/image\/\"}},{\"@type\":\"Person\",\"@id\":\"https:\/\/www.padreydecano.com\/cms\/#\/schema\/person\/7fe41e3e335700ebd387196df2f9a8d4\",\"name\":\"Gonzalo16\",\"image\":{\"@type\":\"ImageObject\",\"inLanguage\":\"es\",\"@id\":\"https:\/\/www.padreydecano.com\/cms\/#\/schema\/person\/image\/\",\"url\":\"https:\/\/secure.gravatar.com\/avatar\/4d5cdd49803a2313c01f77e3dfc05d81?s=96&d=https%3A%2F%2Fpadreydecano.com%2Fcms%2Fwp-content%2Fthemes%2Fpyd-theme%2Fimg%2Fdefault-avatar.png&r=g\",\"contentUrl\":\"https:\/\/secure.gravatar.com\/avatar\/4d5cdd49803a2313c01f77e3dfc05d81?s=96&d=https%3A%2F%2Fpadreydecano.com%2Fcms%2Fwp-content%2Fthemes%2Fpyd-theme%2Fimg%2Fdefault-avatar.png&r=g\",\"caption\":\"Gonzalo16\"}}]}<\/script>\n<!-- \/ Yoast SEO plugin. -->","yoast_head_json":{"title":"Entrenamientos (19 al 23 de noviembre) - Padre y Decano - El Sitio del Pueblo","robots":{"index":"index","follow":"follow","max-snippet":"max-snippet:-1","max-image-preview":"max-image-preview:large","max-video-preview":"max-video-preview:-1"},"canonical":"https:\/\/www.padreydecano.com\/cms\/los-aromos\/entrenamientos-19-al-23-de-noviembre\/","og_locale":"es_ES","og_type":"article","og_title":"Entrenamientos (19 al 23 de noviembre) - Padre y Decano - El Sitio del Pueblo","og_description":"Compartimos a continuaci\u00f3n los detalles de los entrenamientos del plantel principal para esta semana (19 al 23 de noviembre). La informaci\u00f3n es la brindada por el departamento de prensa del club. El plantel principal de Pe\u00f1arol vuelve a los entrenamientos este lunes, luego de tener libre el domingo tras la victoria frente a Progreso por [&hellip;]","og_url":"https:\/\/www.padreydecano.com\/cms\/los-aromos\/entrenamientos-19-al-23-de-noviembre\/","og_site_name":"Padre y Decano - El Sitio del Pueblo","article_published_time":"2012-11-19T13:12:35+00:00","article_modified_time":"2012-11-19T13:43:39+00:00","og_image":[{"width":800,"height":600,"url":"https:\/\/www.padreydecano.com\/cms\/wp-content\/uploads\/2012\/07\/aromos.jpg","type":"image\/jpeg"}],"author":"Gonzalo16","twitter_card":"summary_large_image","twitter_misc":{"Escrito por":"Gonzalo16","Tiempo de lectura":"1 minuto"},"schema":{"@context":"https:\/\/schema.org","@graph":[{"@type":"Article","@id":"https:\/\/www.padreydecano.com\/cms\/los-aromos\/entrenamientos-19-al-23-de-noviembre\/#article","isPartOf":{"@id":"https:\/\/www.padreydecano.com\/cms\/los-aromos\/entrenamientos-19-al-23-de-noviembre\/"},"author":{"name":"Gonzalo16","@id":"https:\/\/www.padreydecano.com\/cms\/#\/schema\/person\/7fe41e3e335700ebd387196df2f9a8d4"},"headline":"Entrenamientos (19 al 23 de noviembre)","datePublished":"2012-11-19T13:12:35+00:00","dateModified":"2012-11-19T13:43:39+00:00","mainEntityOfPage":{"@id":"https:\/\/www.padreydecano.com\/cms\/los-aromos\/entrenamientos-19-al-23-de-noviembre\/"},"wordCount":148,"commentCount":5,"publisher":{"@id":"https:\/\/www.padreydecano.com\/cms\/#organization"},"image":{"@id":"https:\/\/www.padreydecano.com\/cms\/los-aromos\/entrenamientos-19-al-23-de-noviembre\/#primaryimage"},"thumbnailUrl":"https:\/\/www.padreydecano.com\/cms\/wp-content\/uploads\/2012\/07\/aromos.jpg","articleSection":["Los Aromos"],"inLanguage":"es","potentialAction":[{"@type":"CommentAction","name":"Comment","target":["https:\/\/www.padreydecano.com\/cms\/los-aromos\/entrenamientos-19-al-23-de-noviembre\/#respond"]}]},{"@type":"WebPage","@id":"https:\/\/www.padreydecano.com\/cms\/los-aromos\/entrenamientos-19-al-23-de-noviembre\/","url":"https:\/\/www.padreydecano.com\/cms\/los-aromos\/entrenamientos-19-al-23-de-noviembre\/","name":"Entrenamientos (19 al 23 de noviembre) - Padre y Decano - El Sitio del Pueblo","isPartOf":{"@id":"https:\/\/www.padreydecano.com\/cms\/#website"},"primaryImageOfPage":{"@id":"https:\/\/www.padreydecano.com\/cms\/los-aromos\/entrenamientos-19-al-23-de-noviembre\/#primaryimage"},"image":{"@id":"https:\/\/www.padreydecano.com\/cms\/los-aromos\/entrenamientos-19-al-23-de-noviembre\/#primaryimage"},"thumbnailUrl":"https:\/\/www.padreydecano.com\/cms\/wp-content\/uploads\/2012\/07\/aromos.jpg","datePublished":"2012-11-19T13:12:35+00:00","dateModified":"2012-11-19T13:43:39+00:00","breadcrumb":{"@id":"https:\/\/www.padreydecano.com\/cms\/los-aromos\/entrenamientos-19-al-23-de-noviembre\/#breadcrumb"},"inLanguage":"es","potentialAction":[{"@type":"ReadAction","target":["https:\/\/www.padreydecano.com\/cms\/los-aromos\/entrenamientos-19-al-23-de-noviembre\/"]}]},{"@type":"ImageObject","inLanguage":"es","@id":"https:\/\/www.padreydecano.com\/cms\/los-aromos\/entrenamientos-19-al-23-de-noviembre\/#primaryimage","url":"https:\/\/www.padreydecano.com\/cms\/wp-content\/uploads\/2012\/07\/aromos.jpg","contentUrl":"https:\/\/www.padreydecano.com\/cms\/wp-content\/uploads\/2012\/07\/aromos.jpg","width":"800","height":"600"},{"@type":"BreadcrumbList","@id":"https:\/\/www.padreydecano.com\/cms\/los-aromos\/entrenamientos-19-al-23-de-noviembre\/#breadcrumb","itemListElement":[{"@type":"ListItem","position":1,"name":"Portada","item":"https:\/\/www.padreydecano.com\/cms\/"},{"@type":"ListItem","position":2,"name":"Entrenamientos (19 al 23 de noviembre)"}]},{"@type":"WebSite","@id":"https:\/\/www.padreydecano.com\/cms\/#website","url":"https:\/\/www.padreydecano.com\/cms\/","name":"Padre y Decano - El Sitio del Pueblo","description":"Club Atl\u00e9tico Pe\u00f1arol","publisher":{"@id":"https:\/\/www.padreydecano.com\/cms\/#organization"},"potentialAction":[{"@type":"SearchAction","target":{"@type":"EntryPoint","urlTemplate":"https:\/\/www.padreydecano.com\/cms\/?s={search_term_string}"},"query-input":"required name=search_term_string"}],"inLanguage":"es"},{"@type":"Organization","@id":"https:\/\/www.padreydecano.com\/cms\/#organization","name":"Padre y Decano","url":"https:\/\/www.padreydecano.com\/cms\/","logo":{"@type":"ImageObject","inLanguage":"es","@id":"https:\/\/www.padreydecano.com\/cms\/#\/schema\/logo\/image\/","url":"https:\/\/www.padreydecano.com\/cms\/wp-content\/uploads\/2022\/01\/avatar-square.png","contentUrl":"https:\/\/www.padreydecano.com\/cms\/wp-content\/uploads\/2022\/01\/avatar-square.png","width":1500,"height":1500,"caption":"Padre y Decano"},"image":{"@id":"https:\/\/www.padreydecano.com\/cms\/#\/schema\/logo\/image\/"}},{"@type":"Person","@id":"https:\/\/www.padreydecano.com\/cms\/#\/schema\/person\/7fe41e3e335700ebd387196df2f9a8d4","name":"Gonzalo16","image":{"@type":"ImageObject","inLanguage":"es","@id":"https:\/\/www.padreydecano.com\/cms\/#\/schema\/person\/image\/","url":"https:\/\/secure.gravatar.com\/avatar\/4d5cdd49803a2313c01f77e3dfc05d81?s=96&d=https%3A%2F%2Fpadreydecano.com%2Fcms%2Fwp-content%2Fthemes%2Fpyd-theme%2Fimg%2Fdefault-avatar.png&r=g","contentUrl":"https:\/\/secure.gravatar.com\/avatar\/4d5cdd49803a2313c01f77e3dfc05d81?s=96&d=https%3A%2F%2Fpadreydecano.com%2Fcms%2Fwp-content%2Fthemes%2Fpyd-theme%2Fimg%2Fdefault-avatar.png&r=g","caption":"Gonzalo16"}}]}},"_links":{"self":[{"href":"https:\/\/www.padreydecano.com\/cms\/wp-json\/wp\/v2\/posts\/33538"}],"collection":[{"href":"https:\/\/www.padreydecano.com\/cms\/wp-json\/wp\/v2\/posts"}],"about":[{"href":"https:\/\/www.padreydecano.com\/cms\/wp-json\/wp\/v2\/types\/post"}],"author":[{"embeddable":true,"href":"https:\/\/www.padreydecano.com\/cms\/wp-json\/wp\/v2\/users\/2"}],"replies":[{"embeddable":true,"href":"https:\/\/www.padreydecano.com\/cms\/wp-json\/wp\/v2\/comments?post=33538"}],"version-history":[{"count":0,"href":"https:\/\/www.padreydecano.com\/cms\/wp-json\/wp\/v2\/posts\/33538\/revisions"}],"wp:featuredmedia":[{"embeddable":true,"href":"https:\/\/www.padreydecano.com\/cms\/wp-json\/wp\/v2\/media\/27010"}],"wp:attachment":[{"href":"https:\/\/www.padreydecano.com\/cms\/wp-json\/wp\/v2\/media?parent=33538"}],"wp:term":[{"taxonomy":"category","embeddable":true,"href":"https:\/\/www.padreydecano.com\/cms\/wp-json\/wp\/v2\/categories?post=33538"},{"taxonomy":"post_tag","embeddable":true,"href":"https:\/\/www.padreydecano.com\/cms\/wp-json\/wp\/v2\/tags?post=33538"}],"curies":[{"name":"wp","href":"https:\/\/api.w.org\/{rel}","templated":true}]}}