{"id":33104,"date":"2012-11-12T09:00:02","date_gmt":"2012-11-12T11:00:02","guid":{"rendered":"http:\/\/www.padreydecano.com\/cms\/?p=33104"},"modified":"2012-11-12T20:08:15","modified_gmt":"2012-11-12T22:08:15","slug":"novick-en-el-primer-tiempo-fuimos-mucho-mas","status":"publish","type":"post","link":"https:\/\/www.padreydecano.com\/cms\/noticias\/novick-en-el-primer-tiempo-fuimos-mucho-mas\/","title":{"rendered":"Novick: \u00abEn el primer tiempo fuimos mucho m\u00e1s\u00bb"},"content":{"rendered":"<p style=\"text-align: justify;\"><a href=\"https:\/\/www.padreydecano.com\/cms\/wp-content\/uploads\/2012\/11\/130_pe.jpg\" rel=\"shadowbox[sbpost-33104];player=img;\"><img loading=\"lazy\" decoding=\"async\" class=\"alignright  wp-image-33051\" src=\"https:\/\/www.padreydecano.com\/cms\/wp-content\/uploads\/2012\/11\/130_pe-300x198.jpg\" alt=\"\" width=\"240\" height=\"158\" srcset=\"https:\/\/www.padreydecano.com\/cms\/wp-content\/uploads\/2012\/11\/130_pe-300x198.jpg 300w, https:\/\/www.padreydecano.com\/cms\/wp-content\/uploads\/2012\/11\/130_pe.jpg 800w\" sizes=\"(max-width: 240px) 100vw, 240px\" \/><\/a>Los cl\u00e1sicos siempre son especiales, pero el primero, debe ser el m\u00e1s especial para cualquier jugador y este es el caso de Marcel Novick. El volante central del <a href=\"https:\/\/www.padreydecano.com\/cms\/el-cuadro-del-pueblo\/\" target=\"_blank\">cuadro del pueblo<\/a> que vio la amarilla a los 42 minutos del primer tiempo habl\u00f3 despu\u00e9s del partido y dijo: \u00ab<strong>no nos vamos conformes, estuvimos m\u00e1s cerca de ganarlo que ellos. En el primer tiempo fuimos superiores y pienso que nos merec\u00edamos algo m\u00e1s\u201d.<\/strong><\/p>\n<p style=\"text-align: justify;\">Sobre las sensaciones que tuvo el volante en su segundo cl\u00e1sico dijo que<strong> \u00abesto es divino. Jugar un partido de estos es hermoso. Me hubiera gustado ganarlo\u00bb.<\/strong><\/p>\n<p style=\"text-align: justify;\">Sobre si a Pe\u00f1arol le hab\u00eda \u201cpesado\u201d llegar como favorito al duelo Marcel dijo que\u00a0<strong>\u201clos cl\u00e1sicos son partidos aparte. No hay favoritos, pero en Pe\u00f1arol siempre hay que ganarlos. No pudimos, pero tampoco se perdi\u00f3 y logramos mantener la ventaja para la recta final del campeonato\u201d.<\/strong><\/p>\n<p style=\"text-align: justify;\">Por \u00faltimo se\u00a0 le consult\u00f3 por los entredichos con Recoba, y el 5 del campe\u00f3n del siglo respondi\u00f3 que\u00a0<strong>\u201ca \u00e9l no le gusta que lo marquen fuerte, pero esto es as\u00ed, \u00e9l hizo su juego y yo el m\u00edo, pero nada m\u00e1s. Son cosas normales que quedan adentro de la cancha\u201d.<\/strong><\/p>\n","protected":false},"excerpt":{"rendered":"<p>Los cl\u00e1sicos siempre son especiales, pero el primero, debe ser el m\u00e1s especial para cualquier jugador y este es el caso de Marcel Novick. El volante central del cuadro del pueblo que vio la amarilla a los 42 minutos del primer tiempo habl\u00f3 despu\u00e9s del partido y dijo: \u00abno nos vamos conformes, estuvimos m\u00e1s cerca [&hellip;]<\/p>\n","protected":false},"author":2,"featured_media":33051,"comment_status":"open","ping_status":"closed","sticky":false,"template":"","format":"standard","meta":{"footnotes":""},"categories":[1],"tags":[76],"yoast_head":"<!-- This site is optimized with the Yoast SEO plugin v23.2 - https:\/\/yoast.com\/wordpress\/plugins\/seo\/ -->\n<title>Novick: &quot;En el primer tiempo fuimos mucho m\u00e1s&quot; - Padre y Decano - El Sitio del Pueblo<\/title>\n<meta name=\"robots\" content=\"index, follow, max-snippet:-1, max-image-preview:large, max-video-preview:-1\" \/>\n<link rel=\"canonical\" href=\"https:\/\/www.padreydecano.com\/cms\/noticias\/novick-en-el-primer-tiempo-fuimos-mucho-mas\/\" \/>\n<meta property=\"og:locale\" content=\"es_ES\" \/>\n<meta property=\"og:type\" content=\"article\" \/>\n<meta property=\"og:title\" content=\"Novick: &quot;En el primer tiempo fuimos mucho m\u00e1s&quot; - Padre y Decano - El Sitio del Pueblo\" \/>\n<meta property=\"og:description\" content=\"Los cl\u00e1sicos siempre son especiales, pero el primero, debe ser el m\u00e1s especial para cualquier jugador y este es el caso de Marcel Novick. El volante central del cuadro del pueblo que vio la amarilla a los 42 minutos del primer tiempo habl\u00f3 despu\u00e9s del partido y dijo: \u00abno nos vamos conformes, estuvimos m\u00e1s cerca [&hellip;]\" \/>\n<meta property=\"og:url\" content=\"https:\/\/www.padreydecano.com\/cms\/noticias\/novick-en-el-primer-tiempo-fuimos-mucho-mas\/\" \/>\n<meta property=\"og:site_name\" content=\"Padre y Decano - El Sitio del Pueblo\" \/>\n<meta property=\"article:published_time\" content=\"2012-11-12T11:00:02+00:00\" \/>\n<meta property=\"article:modified_time\" content=\"2012-11-12T22:08:15+00:00\" \/>\n<meta property=\"og:image\" content=\"https:\/\/www.padreydecano.com\/cms\/wp-content\/uploads\/2012\/11\/130_pe.jpg\" \/>\n\t<meta property=\"og:image:width\" content=\"800\" \/>\n\t<meta property=\"og:image:height\" content=\"530\" \/>\n\t<meta property=\"og:image:type\" content=\"image\/jpeg\" \/>\n<meta name=\"author\" content=\"Gonzalo16\" \/>\n<meta name=\"twitter:card\" content=\"summary_large_image\" \/>\n<meta name=\"twitter:label1\" content=\"Escrito por\" \/>\n\t<meta name=\"twitter:data1\" content=\"Gonzalo16\" \/>\n\t<meta name=\"twitter:label2\" content=\"Tiempo de lectura\" \/>\n\t<meta name=\"twitter:data2\" content=\"1 minuto\" \/>\n<script type=\"application\/ld+json\" class=\"yoast-schema-graph\">{\"@context\":\"https:\/\/schema.org\",\"@graph\":[{\"@type\":\"Article\",\"@id\":\"https:\/\/www.padreydecano.com\/cms\/noticias\/novick-en-el-primer-tiempo-fuimos-mucho-mas\/#article\",\"isPartOf\":{\"@id\":\"https:\/\/www.padreydecano.com\/cms\/noticias\/novick-en-el-primer-tiempo-fuimos-mucho-mas\/\"},\"author\":{\"name\":\"Gonzalo16\",\"@id\":\"https:\/\/www.padreydecano.com\/cms\/#\/schema\/person\/7fe41e3e335700ebd387196df2f9a8d4\"},\"headline\":\"Novick: \u00abEn el primer tiempo fuimos mucho m\u00e1s\u00bb\",\"datePublished\":\"2012-11-12T11:00:02+00:00\",\"dateModified\":\"2012-11-12T22:08:15+00:00\",\"mainEntityOfPage\":{\"@id\":\"https:\/\/www.padreydecano.com\/cms\/noticias\/novick-en-el-primer-tiempo-fuimos-mucho-mas\/\"},\"wordCount\":219,\"commentCount\":7,\"publisher\":{\"@id\":\"https:\/\/www.padreydecano.com\/cms\/#organization\"},\"image\":{\"@id\":\"https:\/\/www.padreydecano.com\/cms\/noticias\/novick-en-el-primer-tiempo-fuimos-mucho-mas\/#primaryimage\"},\"thumbnailUrl\":\"https:\/\/www.padreydecano.com\/cms\/wp-content\/uploads\/2012\/11\/130_pe.jpg\",\"keywords\":[\"Voces del vestuario\"],\"articleSection\":[\"Noticias\"],\"inLanguage\":\"es\",\"potentialAction\":[{\"@type\":\"CommentAction\",\"name\":\"Comment\",\"target\":[\"https:\/\/www.padreydecano.com\/cms\/noticias\/novick-en-el-primer-tiempo-fuimos-mucho-mas\/#respond\"]}]},{\"@type\":\"WebPage\",\"@id\":\"https:\/\/www.padreydecano.com\/cms\/noticias\/novick-en-el-primer-tiempo-fuimos-mucho-mas\/\",\"url\":\"https:\/\/www.padreydecano.com\/cms\/noticias\/novick-en-el-primer-tiempo-fuimos-mucho-mas\/\",\"name\":\"Novick: \\\"En el primer tiempo fuimos mucho m\u00e1s\\\" - Padre y Decano - El Sitio del Pueblo\",\"isPartOf\":{\"@id\":\"https:\/\/www.padreydecano.com\/cms\/#website\"},\"primaryImageOfPage\":{\"@id\":\"https:\/\/www.padreydecano.com\/cms\/noticias\/novick-en-el-primer-tiempo-fuimos-mucho-mas\/#primaryimage\"},\"image\":{\"@id\":\"https:\/\/www.padreydecano.com\/cms\/noticias\/novick-en-el-primer-tiempo-fuimos-mucho-mas\/#primaryimage\"},\"thumbnailUrl\":\"https:\/\/www.padreydecano.com\/cms\/wp-content\/uploads\/2012\/11\/130_pe.jpg\",\"datePublished\":\"2012-11-12T11:00:02+00:00\",\"dateModified\":\"2012-11-12T22:08:15+00:00\",\"breadcrumb\":{\"@id\":\"https:\/\/www.padreydecano.com\/cms\/noticias\/novick-en-el-primer-tiempo-fuimos-mucho-mas\/#breadcrumb\"},\"inLanguage\":\"es\",\"potentialAction\":[{\"@type\":\"ReadAction\",\"target\":[\"https:\/\/www.padreydecano.com\/cms\/noticias\/novick-en-el-primer-tiempo-fuimos-mucho-mas\/\"]}]},{\"@type\":\"ImageObject\",\"inLanguage\":\"es\",\"@id\":\"https:\/\/www.padreydecano.com\/cms\/noticias\/novick-en-el-primer-tiempo-fuimos-mucho-mas\/#primaryimage\",\"url\":\"https:\/\/www.padreydecano.com\/cms\/wp-content\/uploads\/2012\/11\/130_pe.jpg\",\"contentUrl\":\"https:\/\/www.padreydecano.com\/cms\/wp-content\/uploads\/2012\/11\/130_pe.jpg\",\"width\":\"800\",\"height\":\"530\"},{\"@type\":\"BreadcrumbList\",\"@id\":\"https:\/\/www.padreydecano.com\/cms\/noticias\/novick-en-el-primer-tiempo-fuimos-mucho-mas\/#breadcrumb\",\"itemListElement\":[{\"@type\":\"ListItem\",\"position\":1,\"name\":\"Portada\",\"item\":\"https:\/\/www.padreydecano.com\/cms\/\"},{\"@type\":\"ListItem\",\"position\":2,\"name\":\"Novick: \u00abEn el primer tiempo fuimos mucho m\u00e1s\u00bb\"}]},{\"@type\":\"WebSite\",\"@id\":\"https:\/\/www.padreydecano.com\/cms\/#website\",\"url\":\"https:\/\/www.padreydecano.com\/cms\/\",\"name\":\"Padre y Decano - El Sitio del Pueblo\",\"description\":\"Club Atl\u00e9tico Pe\u00f1arol\",\"publisher\":{\"@id\":\"https:\/\/www.padreydecano.com\/cms\/#organization\"},\"potentialAction\":[{\"@type\":\"SearchAction\",\"target\":{\"@type\":\"EntryPoint\",\"urlTemplate\":\"https:\/\/www.padreydecano.com\/cms\/?s={search_term_string}\"},\"query-input\":\"required name=search_term_string\"}],\"inLanguage\":\"es\"},{\"@type\":\"Organization\",\"@id\":\"https:\/\/www.padreydecano.com\/cms\/#organization\",\"name\":\"Padre y Decano\",\"url\":\"https:\/\/www.padreydecano.com\/cms\/\",\"logo\":{\"@type\":\"ImageObject\",\"inLanguage\":\"es\",\"@id\":\"https:\/\/www.padreydecano.com\/cms\/#\/schema\/logo\/image\/\",\"url\":\"https:\/\/www.padreydecano.com\/cms\/wp-content\/uploads\/2022\/01\/avatar-square.png\",\"contentUrl\":\"https:\/\/www.padreydecano.com\/cms\/wp-content\/uploads\/2022\/01\/avatar-square.png\",\"width\":1500,\"height\":1500,\"caption\":\"Padre y Decano\"},\"image\":{\"@id\":\"https:\/\/www.padreydecano.com\/cms\/#\/schema\/logo\/image\/\"}},{\"@type\":\"Person\",\"@id\":\"https:\/\/www.padreydecano.com\/cms\/#\/schema\/person\/7fe41e3e335700ebd387196df2f9a8d4\",\"name\":\"Gonzalo16\",\"image\":{\"@type\":\"ImageObject\",\"inLanguage\":\"es\",\"@id\":\"https:\/\/www.padreydecano.com\/cms\/#\/schema\/person\/image\/\",\"url\":\"https:\/\/secure.gravatar.com\/avatar\/4d5cdd49803a2313c01f77e3dfc05d81?s=96&d=https%3A%2F%2Fpadreydecano.com%2Fcms%2Fwp-content%2Fthemes%2Fpyd-theme%2Fimg%2Fdefault-avatar.png&r=g\",\"contentUrl\":\"https:\/\/secure.gravatar.com\/avatar\/4d5cdd49803a2313c01f77e3dfc05d81?s=96&d=https%3A%2F%2Fpadreydecano.com%2Fcms%2Fwp-content%2Fthemes%2Fpyd-theme%2Fimg%2Fdefault-avatar.png&r=g\",\"caption\":\"Gonzalo16\"}}]}<\/script>\n<!-- \/ Yoast SEO plugin. -->","yoast_head_json":{"title":"Novick: \"En el primer tiempo fuimos mucho m\u00e1s\" - Padre y Decano - El Sitio del Pueblo","robots":{"index":"index","follow":"follow","max-snippet":"max-snippet:-1","max-image-preview":"max-image-preview:large","max-video-preview":"max-video-preview:-1"},"canonical":"https:\/\/www.padreydecano.com\/cms\/noticias\/novick-en-el-primer-tiempo-fuimos-mucho-mas\/","og_locale":"es_ES","og_type":"article","og_title":"Novick: \"En el primer tiempo fuimos mucho m\u00e1s\" - Padre y Decano - El Sitio del Pueblo","og_description":"Los cl\u00e1sicos siempre son especiales, pero el primero, debe ser el m\u00e1s especial para cualquier jugador y este es el caso de Marcel Novick. El volante central del cuadro del pueblo que vio la amarilla a los 42 minutos del primer tiempo habl\u00f3 despu\u00e9s del partido y dijo: \u00abno nos vamos conformes, estuvimos m\u00e1s cerca [&hellip;]","og_url":"https:\/\/www.padreydecano.com\/cms\/noticias\/novick-en-el-primer-tiempo-fuimos-mucho-mas\/","og_site_name":"Padre y Decano - El Sitio del Pueblo","article_published_time":"2012-11-12T11:00:02+00:00","article_modified_time":"2012-11-12T22:08:15+00:00","og_image":[{"width":800,"height":530,"url":"https:\/\/www.padreydecano.com\/cms\/wp-content\/uploads\/2012\/11\/130_pe.jpg","type":"image\/jpeg"}],"author":"Gonzalo16","twitter_card":"summary_large_image","twitter_misc":{"Escrito por":"Gonzalo16","Tiempo de lectura":"1 minuto"},"schema":{"@context":"https:\/\/schema.org","@graph":[{"@type":"Article","@id":"https:\/\/www.padreydecano.com\/cms\/noticias\/novick-en-el-primer-tiempo-fuimos-mucho-mas\/#article","isPartOf":{"@id":"https:\/\/www.padreydecano.com\/cms\/noticias\/novick-en-el-primer-tiempo-fuimos-mucho-mas\/"},"author":{"name":"Gonzalo16","@id":"https:\/\/www.padreydecano.com\/cms\/#\/schema\/person\/7fe41e3e335700ebd387196df2f9a8d4"},"headline":"Novick: \u00abEn el primer tiempo fuimos mucho m\u00e1s\u00bb","datePublished":"2012-11-12T11:00:02+00:00","dateModified":"2012-11-12T22:08:15+00:00","mainEntityOfPage":{"@id":"https:\/\/www.padreydecano.com\/cms\/noticias\/novick-en-el-primer-tiempo-fuimos-mucho-mas\/"},"wordCount":219,"commentCount":7,"publisher":{"@id":"https:\/\/www.padreydecano.com\/cms\/#organization"},"image":{"@id":"https:\/\/www.padreydecano.com\/cms\/noticias\/novick-en-el-primer-tiempo-fuimos-mucho-mas\/#primaryimage"},"thumbnailUrl":"https:\/\/www.padreydecano.com\/cms\/wp-content\/uploads\/2012\/11\/130_pe.jpg","keywords":["Voces del vestuario"],"articleSection":["Noticias"],"inLanguage":"es","potentialAction":[{"@type":"CommentAction","name":"Comment","target":["https:\/\/www.padreydecano.com\/cms\/noticias\/novick-en-el-primer-tiempo-fuimos-mucho-mas\/#respond"]}]},{"@type":"WebPage","@id":"https:\/\/www.padreydecano.com\/cms\/noticias\/novick-en-el-primer-tiempo-fuimos-mucho-mas\/","url":"https:\/\/www.padreydecano.com\/cms\/noticias\/novick-en-el-primer-tiempo-fuimos-mucho-mas\/","name":"Novick: \"En el primer tiempo fuimos mucho m\u00e1s\" - Padre y Decano - El Sitio del Pueblo","isPartOf":{"@id":"https:\/\/www.padreydecano.com\/cms\/#website"},"primaryImageOfPage":{"@id":"https:\/\/www.padreydecano.com\/cms\/noticias\/novick-en-el-primer-tiempo-fuimos-mucho-mas\/#primaryimage"},"image":{"@id":"https:\/\/www.padreydecano.com\/cms\/noticias\/novick-en-el-primer-tiempo-fuimos-mucho-mas\/#primaryimage"},"thumbnailUrl":"https:\/\/www.padreydecano.com\/cms\/wp-content\/uploads\/2012\/11\/130_pe.jpg","datePublished":"2012-11-12T11:00:02+00:00","dateModified":"2012-11-12T22:08:15+00:00","breadcrumb":{"@id":"https:\/\/www.padreydecano.com\/cms\/noticias\/novick-en-el-primer-tiempo-fuimos-mucho-mas\/#breadcrumb"},"inLanguage":"es","potentialAction":[{"@type":"ReadAction","target":["https:\/\/www.padreydecano.com\/cms\/noticias\/novick-en-el-primer-tiempo-fuimos-mucho-mas\/"]}]},{"@type":"ImageObject","inLanguage":"es","@id":"https:\/\/www.padreydecano.com\/cms\/noticias\/novick-en-el-primer-tiempo-fuimos-mucho-mas\/#primaryimage","url":"https:\/\/www.padreydecano.com\/cms\/wp-content\/uploads\/2012\/11\/130_pe.jpg","contentUrl":"https:\/\/www.padreydecano.com\/cms\/wp-content\/uploads\/2012\/11\/130_pe.jpg","width":"800","height":"530"},{"@type":"BreadcrumbList","@id":"https:\/\/www.padreydecano.com\/cms\/noticias\/novick-en-el-primer-tiempo-fuimos-mucho-mas\/#breadcrumb","itemListElement":[{"@type":"ListItem","position":1,"name":"Portada","item":"https:\/\/www.padreydecano.com\/cms\/"},{"@type":"ListItem","position":2,"name":"Novick: \u00abEn el primer tiempo fuimos mucho m\u00e1s\u00bb"}]},{"@type":"WebSite","@id":"https:\/\/www.padreydecano.com\/cms\/#website","url":"https:\/\/www.padreydecano.com\/cms\/","name":"Padre y Decano - El Sitio del Pueblo","description":"Club Atl\u00e9tico Pe\u00f1arol","publisher":{"@id":"https:\/\/www.padreydecano.com\/cms\/#organization"},"potentialAction":[{"@type":"SearchAction","target":{"@type":"EntryPoint","urlTemplate":"https:\/\/www.padreydecano.com\/cms\/?s={search_term_string}"},"query-input":"required name=search_term_string"}],"inLanguage":"es"},{"@type":"Organization","@id":"https:\/\/www.padreydecano.com\/cms\/#organization","name":"Padre y Decano","url":"https:\/\/www.padreydecano.com\/cms\/","logo":{"@type":"ImageObject","inLanguage":"es","@id":"https:\/\/www.padreydecano.com\/cms\/#\/schema\/logo\/image\/","url":"https:\/\/www.padreydecano.com\/cms\/wp-content\/uploads\/2022\/01\/avatar-square.png","contentUrl":"https:\/\/www.padreydecano.com\/cms\/wp-content\/uploads\/2022\/01\/avatar-square.png","width":1500,"height":1500,"caption":"Padre y Decano"},"image":{"@id":"https:\/\/www.padreydecano.com\/cms\/#\/schema\/logo\/image\/"}},{"@type":"Person","@id":"https:\/\/www.padreydecano.com\/cms\/#\/schema\/person\/7fe41e3e335700ebd387196df2f9a8d4","name":"Gonzalo16","image":{"@type":"ImageObject","inLanguage":"es","@id":"https:\/\/www.padreydecano.com\/cms\/#\/schema\/person\/image\/","url":"https:\/\/secure.gravatar.com\/avatar\/4d5cdd49803a2313c01f77e3dfc05d81?s=96&d=https%3A%2F%2Fpadreydecano.com%2Fcms%2Fwp-content%2Fthemes%2Fpyd-theme%2Fimg%2Fdefault-avatar.png&r=g","contentUrl":"https:\/\/secure.gravatar.com\/avatar\/4d5cdd49803a2313c01f77e3dfc05d81?s=96&d=https%3A%2F%2Fpadreydecano.com%2Fcms%2Fwp-content%2Fthemes%2Fpyd-theme%2Fimg%2Fdefault-avatar.png&r=g","caption":"Gonzalo16"}}]}},"_links":{"self":[{"href":"https:\/\/www.padreydecano.com\/cms\/wp-json\/wp\/v2\/posts\/33104"}],"collection":[{"href":"https:\/\/www.padreydecano.com\/cms\/wp-json\/wp\/v2\/posts"}],"about":[{"href":"https:\/\/www.padreydecano.com\/cms\/wp-json\/wp\/v2\/types\/post"}],"author":[{"embeddable":true,"href":"https:\/\/www.padreydecano.com\/cms\/wp-json\/wp\/v2\/users\/2"}],"replies":[{"embeddable":true,"href":"https:\/\/www.padreydecano.com\/cms\/wp-json\/wp\/v2\/comments?post=33104"}],"version-history":[{"count":0,"href":"https:\/\/www.padreydecano.com\/cms\/wp-json\/wp\/v2\/posts\/33104\/revisions"}],"wp:featuredmedia":[{"embeddable":true,"href":"https:\/\/www.padreydecano.com\/cms\/wp-json\/wp\/v2\/media\/33051"}],"wp:attachment":[{"href":"https:\/\/www.padreydecano.com\/cms\/wp-json\/wp\/v2\/media?parent=33104"}],"wp:term":[{"taxonomy":"category","embeddable":true,"href":"https:\/\/www.padreydecano.com\/cms\/wp-json\/wp\/v2\/categories?post=33104"},{"taxonomy":"post_tag","embeddable":true,"href":"https:\/\/www.padreydecano.com\/cms\/wp-json\/wp\/v2\/tags?post=33104"}],"curies":[{"name":"wp","href":"https:\/\/api.w.org\/{rel}","templated":true}]}}