{"id":32834,"date":"2012-11-06T16:02:19","date_gmt":"2012-11-06T18:02:19","guid":{"rendered":"http:\/\/www.padreydecano.com\/cms\/?p=32834"},"modified":"2012-11-08T08:03:39","modified_gmt":"2012-11-08T10:03:39","slug":"regenerativo-para-titulares-y-amistoso-para-suplentes","status":"publish","type":"post","link":"https:\/\/www.padreydecano.com\/cms\/los-aromos\/regenerativo-para-titulares-y-amistoso-para-suplentes\/","title":{"rendered":"Regenerativo para titulares y amistoso para suplentes"},"content":{"rendered":"<p style=\"text-align: justify;\"><a href=\"https:\/\/www.padreydecano.com\/cms\/wp-content\/uploads\/2012\/07\/DSC_0361-Copiar.jpg\" rel=\"shadowbox[sbpost-32834];player=img;\"><img loading=\"lazy\" decoding=\"async\" class=\"alignright size-medium wp-image-26098\" src=\"https:\/\/www.padreydecano.com\/cms\/wp-content\/uploads\/2012\/07\/DSC_0361-Copiar-300x199.jpg\" alt=\"\" width=\"300\" height=\"199\" srcset=\"https:\/\/www.padreydecano.com\/cms\/wp-content\/uploads\/2012\/07\/DSC_0361-Copiar-300x199.jpg 300w, https:\/\/www.padreydecano.com\/cms\/wp-content\/uploads\/2012\/07\/DSC_0361-Copiar.jpg 800w\" sizes=\"(max-width: 300px) 100vw, 300px\" \/><\/a>Hoy fue el \u00fanico <a title=\"Entrenamientos (5 al 10 de noviembre)\" href=\"https:\/\/www.padreydecano.com\/cms\/los-aromos\/entrenamientos-5-al-10-de-noviembre\/\" target=\"_blank\">entrenamiento<\/a> de la semana cl\u00e1sica a puertas abiertas por lo que los hinchas aprovecharon la oportunidad para arrimarse a Los Aromos. Los jugadores que <a title=\"Primera final en casa\" href=\"https:\/\/www.padreydecano.com\/cms\/partidos\/primera-final-en-casa\/\" target=\"_blank\">jugaron ante Defensor<\/a> hicieron trabajos regenerativos bajo las \u00f3rdenes del profe Placeres.<\/p>\n<p style=\"text-align: justify;\">El Polilla Da Silva tuvo una charla con Danilo Lerda, quien ser\u00e1 el golero del cl\u00e1sico seg\u00fan confirm\u00f3 ayer en el programa radial \u00abHombres de F\u00fatbol\u00bb. Por su parte, Zalayeta y Valdez trabajaron diferenciados. No peligra la presencia del delantero para el cl\u00e1sico.<\/p>\n<p style=\"text-align: justify;\">De no ocurrir nada extra\u00f1o, el once inicial para el cl\u00e1sico ser\u00e1 con <strong>Danilo Lerda, Alejandro Gonz\u00e1lez, Dami\u00e1n Macaluso, Dar\u00edo Rodr\u00edguez, Nicol\u00e1s Raguso, Fabi\u00e1n Estoyanoff, Marcel Novick, Carlos Grossm\u00fcller, Jorge Zambrana, Marcelo Zalayeta y Juan Manuel Olivera.<\/strong><\/p>\n<p style=\"text-align: justify;\">En otro orden, los jugadores que no jugaron el fin de semana o quienes tuvieron menos minutos que los titulares, disputaron un encuentro amistoso ante un combinado de jugadores libres. El equipo mixto carbonero perdi\u00f3 2 a 1. El gol fue de Siles.<\/p>\n<p style=\"text-align: justify;\">Pe\u00f1arol form\u00f3 <strong>Jorge Fleitas, Juan Alvez, Rodrigo Viega, Dar\u00edo Rodr\u00edguez, Joaqu\u00edn Aguirre, Ignacio Nicolini, <strong>Sebasti\u00e1n Gallegos,\u00a0<\/strong>Sebasti\u00e1n Vazquez, Aureliano Torres, Jonathan Siles y Rodrigo Pastorini.<\/strong> Entre los libres se destac\u00f3 la presencia de Danilo Asconeguy, Pablo Gaglianone, Pablo Munhoz, Germ\u00e1n Hornos, Jorge Anchen y Mart\u00edn Icart.<\/p>\n","protected":false},"excerpt":{"rendered":"<p>Hoy fue el \u00fanico entrenamiento de la semana cl\u00e1sica a puertas abiertas por lo que los hinchas aprovecharon la oportunidad para arrimarse a Los Aromos. Los jugadores que jugaron ante Defensor hicieron trabajos regenerativos bajo las \u00f3rdenes del profe Placeres. El Polilla Da Silva tuvo una charla con Danilo Lerda, quien ser\u00e1 el golero del [&hellip;]<\/p>\n","protected":false},"author":13,"featured_media":26093,"comment_status":"open","ping_status":"closed","sticky":false,"template":"","format":"standard","meta":{"footnotes":""},"categories":[7],"tags":[],"yoast_head":"<!-- This site is optimized with the Yoast SEO plugin v23.2 - https:\/\/yoast.com\/wordpress\/plugins\/seo\/ -->\n<title>Regenerativo para titulares y amistoso para suplentes - Padre y Decano - El Sitio del Pueblo<\/title>\n<meta name=\"robots\" content=\"index, follow, max-snippet:-1, max-image-preview:large, max-video-preview:-1\" \/>\n<link rel=\"canonical\" href=\"https:\/\/www.padreydecano.com\/cms\/los-aromos\/regenerativo-para-titulares-y-amistoso-para-suplentes\/\" \/>\n<meta property=\"og:locale\" content=\"es_ES\" \/>\n<meta property=\"og:type\" content=\"article\" \/>\n<meta property=\"og:title\" content=\"Regenerativo para titulares y amistoso para suplentes - Padre y Decano - El Sitio del Pueblo\" \/>\n<meta property=\"og:description\" content=\"Hoy fue el \u00fanico entrenamiento de la semana cl\u00e1sica a puertas abiertas por lo que los hinchas aprovecharon la oportunidad para arrimarse a Los Aromos. Los jugadores que jugaron ante Defensor hicieron trabajos regenerativos bajo las \u00f3rdenes del profe Placeres. El Polilla Da Silva tuvo una charla con Danilo Lerda, quien ser\u00e1 el golero del [&hellip;]\" \/>\n<meta property=\"og:url\" content=\"https:\/\/www.padreydecano.com\/cms\/los-aromos\/regenerativo-para-titulares-y-amistoso-para-suplentes\/\" \/>\n<meta property=\"og:site_name\" content=\"Padre y Decano - El Sitio del Pueblo\" \/>\n<meta property=\"article:published_time\" content=\"2012-11-06T18:02:19+00:00\" \/>\n<meta property=\"article:modified_time\" content=\"2012-11-08T10:03:39+00:00\" \/>\n<meta property=\"og:image\" content=\"https:\/\/www.padreydecano.com\/cms\/wp-content\/uploads\/2012\/07\/DSC_0343-Copiar.jpg\" \/>\n\t<meta property=\"og:image:width\" content=\"800\" \/>\n\t<meta property=\"og:image:height\" content=\"532\" \/>\n\t<meta property=\"og:image:type\" content=\"image\/jpeg\" \/>\n<meta name=\"author\" content=\"Moderador\" \/>\n<meta name=\"twitter:card\" content=\"summary_large_image\" \/>\n<meta name=\"twitter:label1\" content=\"Escrito por\" \/>\n\t<meta name=\"twitter:data1\" content=\"Moderador\" \/>\n\t<meta name=\"twitter:label2\" content=\"Tiempo de lectura\" \/>\n\t<meta name=\"twitter:data2\" content=\"1 minuto\" \/>\n<script type=\"application\/ld+json\" class=\"yoast-schema-graph\">{\"@context\":\"https:\/\/schema.org\",\"@graph\":[{\"@type\":\"Article\",\"@id\":\"https:\/\/www.padreydecano.com\/cms\/los-aromos\/regenerativo-para-titulares-y-amistoso-para-suplentes\/#article\",\"isPartOf\":{\"@id\":\"https:\/\/www.padreydecano.com\/cms\/los-aromos\/regenerativo-para-titulares-y-amistoso-para-suplentes\/\"},\"author\":{\"name\":\"Moderador\",\"@id\":\"https:\/\/www.padreydecano.com\/cms\/#\/schema\/person\/d93e9e537230ae052c194251d9a1def2\"},\"headline\":\"Regenerativo para titulares y amistoso para suplentes\",\"datePublished\":\"2012-11-06T18:02:19+00:00\",\"dateModified\":\"2012-11-08T10:03:39+00:00\",\"mainEntityOfPage\":{\"@id\":\"https:\/\/www.padreydecano.com\/cms\/los-aromos\/regenerativo-para-titulares-y-amistoso-para-suplentes\/\"},\"wordCount\":236,\"commentCount\":1,\"publisher\":{\"@id\":\"https:\/\/www.padreydecano.com\/cms\/#organization\"},\"image\":{\"@id\":\"https:\/\/www.padreydecano.com\/cms\/los-aromos\/regenerativo-para-titulares-y-amistoso-para-suplentes\/#primaryimage\"},\"thumbnailUrl\":\"https:\/\/www.padreydecano.com\/cms\/wp-content\/uploads\/2012\/07\/DSC_0343-Copiar.jpg\",\"articleSection\":[\"Los Aromos\"],\"inLanguage\":\"es\",\"potentialAction\":[{\"@type\":\"CommentAction\",\"name\":\"Comment\",\"target\":[\"https:\/\/www.padreydecano.com\/cms\/los-aromos\/regenerativo-para-titulares-y-amistoso-para-suplentes\/#respond\"]}]},{\"@type\":\"WebPage\",\"@id\":\"https:\/\/www.padreydecano.com\/cms\/los-aromos\/regenerativo-para-titulares-y-amistoso-para-suplentes\/\",\"url\":\"https:\/\/www.padreydecano.com\/cms\/los-aromos\/regenerativo-para-titulares-y-amistoso-para-suplentes\/\",\"name\":\"Regenerativo para titulares y amistoso para suplentes - Padre y Decano - El Sitio del Pueblo\",\"isPartOf\":{\"@id\":\"https:\/\/www.padreydecano.com\/cms\/#website\"},\"primaryImageOfPage\":{\"@id\":\"https:\/\/www.padreydecano.com\/cms\/los-aromos\/regenerativo-para-titulares-y-amistoso-para-suplentes\/#primaryimage\"},\"image\":{\"@id\":\"https:\/\/www.padreydecano.com\/cms\/los-aromos\/regenerativo-para-titulares-y-amistoso-para-suplentes\/#primaryimage\"},\"thumbnailUrl\":\"https:\/\/www.padreydecano.com\/cms\/wp-content\/uploads\/2012\/07\/DSC_0343-Copiar.jpg\",\"datePublished\":\"2012-11-06T18:02:19+00:00\",\"dateModified\":\"2012-11-08T10:03:39+00:00\",\"breadcrumb\":{\"@id\":\"https:\/\/www.padreydecano.com\/cms\/los-aromos\/regenerativo-para-titulares-y-amistoso-para-suplentes\/#breadcrumb\"},\"inLanguage\":\"es\",\"potentialAction\":[{\"@type\":\"ReadAction\",\"target\":[\"https:\/\/www.padreydecano.com\/cms\/los-aromos\/regenerativo-para-titulares-y-amistoso-para-suplentes\/\"]}]},{\"@type\":\"ImageObject\",\"inLanguage\":\"es\",\"@id\":\"https:\/\/www.padreydecano.com\/cms\/los-aromos\/regenerativo-para-titulares-y-amistoso-para-suplentes\/#primaryimage\",\"url\":\"https:\/\/www.padreydecano.com\/cms\/wp-content\/uploads\/2012\/07\/DSC_0343-Copiar.jpg\",\"contentUrl\":\"https:\/\/www.padreydecano.com\/cms\/wp-content\/uploads\/2012\/07\/DSC_0343-Copiar.jpg\",\"width\":\"800\",\"height\":\"532\"},{\"@type\":\"BreadcrumbList\",\"@id\":\"https:\/\/www.padreydecano.com\/cms\/los-aromos\/regenerativo-para-titulares-y-amistoso-para-suplentes\/#breadcrumb\",\"itemListElement\":[{\"@type\":\"ListItem\",\"position\":1,\"name\":\"Portada\",\"item\":\"https:\/\/www.padreydecano.com\/cms\/\"},{\"@type\":\"ListItem\",\"position\":2,\"name\":\"Regenerativo para titulares y amistoso para suplentes\"}]},{\"@type\":\"WebSite\",\"@id\":\"https:\/\/www.padreydecano.com\/cms\/#website\",\"url\":\"https:\/\/www.padreydecano.com\/cms\/\",\"name\":\"Padre y Decano - El Sitio del Pueblo\",\"description\":\"Club Atl\u00e9tico Pe\u00f1arol\",\"publisher\":{\"@id\":\"https:\/\/www.padreydecano.com\/cms\/#organization\"},\"potentialAction\":[{\"@type\":\"SearchAction\",\"target\":{\"@type\":\"EntryPoint\",\"urlTemplate\":\"https:\/\/www.padreydecano.com\/cms\/?s={search_term_string}\"},\"query-input\":\"required name=search_term_string\"}],\"inLanguage\":\"es\"},{\"@type\":\"Organization\",\"@id\":\"https:\/\/www.padreydecano.com\/cms\/#organization\",\"name\":\"Padre y Decano\",\"url\":\"https:\/\/www.padreydecano.com\/cms\/\",\"logo\":{\"@type\":\"ImageObject\",\"inLanguage\":\"es\",\"@id\":\"https:\/\/www.padreydecano.com\/cms\/#\/schema\/logo\/image\/\",\"url\":\"https:\/\/www.padreydecano.com\/cms\/wp-content\/uploads\/2022\/01\/avatar-square.png\",\"contentUrl\":\"https:\/\/www.padreydecano.com\/cms\/wp-content\/uploads\/2022\/01\/avatar-square.png\",\"width\":1500,\"height\":1500,\"caption\":\"Padre y Decano\"},\"image\":{\"@id\":\"https:\/\/www.padreydecano.com\/cms\/#\/schema\/logo\/image\/\"}},{\"@type\":\"Person\",\"@id\":\"https:\/\/www.padreydecano.com\/cms\/#\/schema\/person\/d93e9e537230ae052c194251d9a1def2\",\"name\":\"Moderador\",\"image\":{\"@type\":\"ImageObject\",\"inLanguage\":\"es\",\"@id\":\"https:\/\/www.padreydecano.com\/cms\/#\/schema\/person\/image\/\",\"url\":\"https:\/\/secure.gravatar.com\/avatar\/2587727bf8a53bd3da4ec49f01bea66e?s=96&d=https%3A%2F%2Fpadreydecano.com%2Fcms%2Fwp-content%2Fthemes%2Fpyd-theme%2Fimg%2Fdefault-avatar.png&r=g\",\"contentUrl\":\"https:\/\/secure.gravatar.com\/avatar\/2587727bf8a53bd3da4ec49f01bea66e?s=96&d=https%3A%2F%2Fpadreydecano.com%2Fcms%2Fwp-content%2Fthemes%2Fpyd-theme%2Fimg%2Fdefault-avatar.png&r=g\",\"caption\":\"Moderador\"}}]}<\/script>\n<!-- \/ Yoast SEO plugin. -->","yoast_head_json":{"title":"Regenerativo para titulares y amistoso para suplentes - Padre y Decano - El Sitio del Pueblo","robots":{"index":"index","follow":"follow","max-snippet":"max-snippet:-1","max-image-preview":"max-image-preview:large","max-video-preview":"max-video-preview:-1"},"canonical":"https:\/\/www.padreydecano.com\/cms\/los-aromos\/regenerativo-para-titulares-y-amistoso-para-suplentes\/","og_locale":"es_ES","og_type":"article","og_title":"Regenerativo para titulares y amistoso para suplentes - Padre y Decano - El Sitio del Pueblo","og_description":"Hoy fue el \u00fanico entrenamiento de la semana cl\u00e1sica a puertas abiertas por lo que los hinchas aprovecharon la oportunidad para arrimarse a Los Aromos. Los jugadores que jugaron ante Defensor hicieron trabajos regenerativos bajo las \u00f3rdenes del profe Placeres. El Polilla Da Silva tuvo una charla con Danilo Lerda, quien ser\u00e1 el golero del [&hellip;]","og_url":"https:\/\/www.padreydecano.com\/cms\/los-aromos\/regenerativo-para-titulares-y-amistoso-para-suplentes\/","og_site_name":"Padre y Decano - El Sitio del Pueblo","article_published_time":"2012-11-06T18:02:19+00:00","article_modified_time":"2012-11-08T10:03:39+00:00","og_image":[{"width":800,"height":532,"url":"https:\/\/www.padreydecano.com\/cms\/wp-content\/uploads\/2012\/07\/DSC_0343-Copiar.jpg","type":"image\/jpeg"}],"author":"Moderador","twitter_card":"summary_large_image","twitter_misc":{"Escrito por":"Moderador","Tiempo de lectura":"1 minuto"},"schema":{"@context":"https:\/\/schema.org","@graph":[{"@type":"Article","@id":"https:\/\/www.padreydecano.com\/cms\/los-aromos\/regenerativo-para-titulares-y-amistoso-para-suplentes\/#article","isPartOf":{"@id":"https:\/\/www.padreydecano.com\/cms\/los-aromos\/regenerativo-para-titulares-y-amistoso-para-suplentes\/"},"author":{"name":"Moderador","@id":"https:\/\/www.padreydecano.com\/cms\/#\/schema\/person\/d93e9e537230ae052c194251d9a1def2"},"headline":"Regenerativo para titulares y amistoso para suplentes","datePublished":"2012-11-06T18:02:19+00:00","dateModified":"2012-11-08T10:03:39+00:00","mainEntityOfPage":{"@id":"https:\/\/www.padreydecano.com\/cms\/los-aromos\/regenerativo-para-titulares-y-amistoso-para-suplentes\/"},"wordCount":236,"commentCount":1,"publisher":{"@id":"https:\/\/www.padreydecano.com\/cms\/#organization"},"image":{"@id":"https:\/\/www.padreydecano.com\/cms\/los-aromos\/regenerativo-para-titulares-y-amistoso-para-suplentes\/#primaryimage"},"thumbnailUrl":"https:\/\/www.padreydecano.com\/cms\/wp-content\/uploads\/2012\/07\/DSC_0343-Copiar.jpg","articleSection":["Los Aromos"],"inLanguage":"es","potentialAction":[{"@type":"CommentAction","name":"Comment","target":["https:\/\/www.padreydecano.com\/cms\/los-aromos\/regenerativo-para-titulares-y-amistoso-para-suplentes\/#respond"]}]},{"@type":"WebPage","@id":"https:\/\/www.padreydecano.com\/cms\/los-aromos\/regenerativo-para-titulares-y-amistoso-para-suplentes\/","url":"https:\/\/www.padreydecano.com\/cms\/los-aromos\/regenerativo-para-titulares-y-amistoso-para-suplentes\/","name":"Regenerativo para titulares y amistoso para suplentes - Padre y Decano - El Sitio del Pueblo","isPartOf":{"@id":"https:\/\/www.padreydecano.com\/cms\/#website"},"primaryImageOfPage":{"@id":"https:\/\/www.padreydecano.com\/cms\/los-aromos\/regenerativo-para-titulares-y-amistoso-para-suplentes\/#primaryimage"},"image":{"@id":"https:\/\/www.padreydecano.com\/cms\/los-aromos\/regenerativo-para-titulares-y-amistoso-para-suplentes\/#primaryimage"},"thumbnailUrl":"https:\/\/www.padreydecano.com\/cms\/wp-content\/uploads\/2012\/07\/DSC_0343-Copiar.jpg","datePublished":"2012-11-06T18:02:19+00:00","dateModified":"2012-11-08T10:03:39+00:00","breadcrumb":{"@id":"https:\/\/www.padreydecano.com\/cms\/los-aromos\/regenerativo-para-titulares-y-amistoso-para-suplentes\/#breadcrumb"},"inLanguage":"es","potentialAction":[{"@type":"ReadAction","target":["https:\/\/www.padreydecano.com\/cms\/los-aromos\/regenerativo-para-titulares-y-amistoso-para-suplentes\/"]}]},{"@type":"ImageObject","inLanguage":"es","@id":"https:\/\/www.padreydecano.com\/cms\/los-aromos\/regenerativo-para-titulares-y-amistoso-para-suplentes\/#primaryimage","url":"https:\/\/www.padreydecano.com\/cms\/wp-content\/uploads\/2012\/07\/DSC_0343-Copiar.jpg","contentUrl":"https:\/\/www.padreydecano.com\/cms\/wp-content\/uploads\/2012\/07\/DSC_0343-Copiar.jpg","width":"800","height":"532"},{"@type":"BreadcrumbList","@id":"https:\/\/www.padreydecano.com\/cms\/los-aromos\/regenerativo-para-titulares-y-amistoso-para-suplentes\/#breadcrumb","itemListElement":[{"@type":"ListItem","position":1,"name":"Portada","item":"https:\/\/www.padreydecano.com\/cms\/"},{"@type":"ListItem","position":2,"name":"Regenerativo para titulares y amistoso para suplentes"}]},{"@type":"WebSite","@id":"https:\/\/www.padreydecano.com\/cms\/#website","url":"https:\/\/www.padreydecano.com\/cms\/","name":"Padre y Decano - El Sitio del Pueblo","description":"Club Atl\u00e9tico Pe\u00f1arol","publisher":{"@id":"https:\/\/www.padreydecano.com\/cms\/#organization"},"potentialAction":[{"@type":"SearchAction","target":{"@type":"EntryPoint","urlTemplate":"https:\/\/www.padreydecano.com\/cms\/?s={search_term_string}"},"query-input":"required name=search_term_string"}],"inLanguage":"es"},{"@type":"Organization","@id":"https:\/\/www.padreydecano.com\/cms\/#organization","name":"Padre y Decano","url":"https:\/\/www.padreydecano.com\/cms\/","logo":{"@type":"ImageObject","inLanguage":"es","@id":"https:\/\/www.padreydecano.com\/cms\/#\/schema\/logo\/image\/","url":"https:\/\/www.padreydecano.com\/cms\/wp-content\/uploads\/2022\/01\/avatar-square.png","contentUrl":"https:\/\/www.padreydecano.com\/cms\/wp-content\/uploads\/2022\/01\/avatar-square.png","width":1500,"height":1500,"caption":"Padre y Decano"},"image":{"@id":"https:\/\/www.padreydecano.com\/cms\/#\/schema\/logo\/image\/"}},{"@type":"Person","@id":"https:\/\/www.padreydecano.com\/cms\/#\/schema\/person\/d93e9e537230ae052c194251d9a1def2","name":"Moderador","image":{"@type":"ImageObject","inLanguage":"es","@id":"https:\/\/www.padreydecano.com\/cms\/#\/schema\/person\/image\/","url":"https:\/\/secure.gravatar.com\/avatar\/2587727bf8a53bd3da4ec49f01bea66e?s=96&d=https%3A%2F%2Fpadreydecano.com%2Fcms%2Fwp-content%2Fthemes%2Fpyd-theme%2Fimg%2Fdefault-avatar.png&r=g","contentUrl":"https:\/\/secure.gravatar.com\/avatar\/2587727bf8a53bd3da4ec49f01bea66e?s=96&d=https%3A%2F%2Fpadreydecano.com%2Fcms%2Fwp-content%2Fthemes%2Fpyd-theme%2Fimg%2Fdefault-avatar.png&r=g","caption":"Moderador"}}]}},"_links":{"self":[{"href":"https:\/\/www.padreydecano.com\/cms\/wp-json\/wp\/v2\/posts\/32834"}],"collection":[{"href":"https:\/\/www.padreydecano.com\/cms\/wp-json\/wp\/v2\/posts"}],"about":[{"href":"https:\/\/www.padreydecano.com\/cms\/wp-json\/wp\/v2\/types\/post"}],"author":[{"embeddable":true,"href":"https:\/\/www.padreydecano.com\/cms\/wp-json\/wp\/v2\/users\/13"}],"replies":[{"embeddable":true,"href":"https:\/\/www.padreydecano.com\/cms\/wp-json\/wp\/v2\/comments?post=32834"}],"version-history":[{"count":0,"href":"https:\/\/www.padreydecano.com\/cms\/wp-json\/wp\/v2\/posts\/32834\/revisions"}],"wp:featuredmedia":[{"embeddable":true,"href":"https:\/\/www.padreydecano.com\/cms\/wp-json\/wp\/v2\/media\/26093"}],"wp:attachment":[{"href":"https:\/\/www.padreydecano.com\/cms\/wp-json\/wp\/v2\/media?parent=32834"}],"wp:term":[{"taxonomy":"category","embeddable":true,"href":"https:\/\/www.padreydecano.com\/cms\/wp-json\/wp\/v2\/categories?post=32834"},{"taxonomy":"post_tag","embeddable":true,"href":"https:\/\/www.padreydecano.com\/cms\/wp-json\/wp\/v2\/tags?post=32834"}],"curies":[{"name":"wp","href":"https:\/\/api.w.org\/{rel}","templated":true}]}}