{"id":32792,"date":"2012-11-05T15:00:42","date_gmt":"2012-11-05T17:00:42","guid":{"rendered":"http:\/\/www.padreydecano.com\/cms\/?p=32792"},"modified":"2012-11-05T15:04:19","modified_gmt":"2012-11-05T17:04:19","slug":"entrenamientos-5-al-10-de-noviembre","status":"publish","type":"post","link":"https:\/\/www.padreydecano.com\/cms\/los-aromos\/entrenamientos-5-al-10-de-noviembre\/","title":{"rendered":"Entrenamientos (5 al 10 de noviembre)"},"content":{"rendered":"<p style=\"text-align: justify;\"><a href=\"https:\/\/www.padreydecano.com\/cms\/wp-content\/uploads\/2012\/07\/aromos.jpg\" rel=\"shadowbox[sbpost-32792];player=img;\"><img loading=\"lazy\" decoding=\"async\" class=\"alignright  wp-image-27010\" src=\"https:\/\/www.padreydecano.com\/cms\/wp-content\/uploads\/2012\/07\/aromos-300x225.jpg\" alt=\"\" width=\"240\" height=\"180\" srcset=\"https:\/\/www.padreydecano.com\/cms\/wp-content\/uploads\/2012\/07\/aromos-300x225.jpg 300w, https:\/\/www.padreydecano.com\/cms\/wp-content\/uploads\/2012\/07\/aromos.jpg 800w\" sizes=\"(max-width: 240px) 100vw, 240px\" \/><\/a>Compartimos a continuaci\u00f3n los detalles de los entrenamientos del plantel principal para esta semana (5 al 10 de noviembre). La informaci\u00f3n es la brindada por el departamento de prensa del club.<\/p>\n<p style=\"text-align: justify;\">El plantel principal de Pe\u00f1arol vuelve a los entrenamientos ma\u00f1ana martes, luego de tener libre este lunes tras la\u00a0<a href=\"https:\/\/www.padreydecano.com\/cms\/partidos\/primera-final-en-casa\/\" target=\"_blank\">victoria por 2 a 1 frente a Defensor Sporting<\/a> por la decima fecha del Apertura 2012.\u00a0El\u00a0<a href=\"https:\/\/www.padreydecano.com\/cms\/calendario\/\" target=\"_blank\">calendario<\/a>\u00a0marca que el pr\u00f3ximo rival ser\u00e1 Nacional, se espera un lleno total en las tribunas destinadas a Pe\u00f1arol.<\/p>\n<p style=\"text-align: justify;\">El r\u00e9gimen de entrenamientos ser\u00e1 el siguiente:<\/p>\n<p style=\"text-align: justify;\"><strong>Lunes<\/strong><strong>\u00a0 &#8211; Libre<br \/>\n<\/strong><\/p>\n<p style=\"text-align: justify;\"><strong>Martes<\/strong><strong> \u2013 Simple<\/strong><\/p>\n<ul style=\"text-align: justify;\">\n<li>Matutino\u00a0 9.00 hs.<\/li>\n<li>Atenci\u00f3n a la Prensa hora 08.30<\/li>\n<li>Abierto a socios<\/li>\n<\/ul>\n<p style=\"text-align: justify;\"><strong>Mi\u00e9rcoles<\/strong><strong> \u2013 Simple<br \/>\n<\/strong><\/p>\n<ul style=\"text-align: justify;\">\n<li>Matutino 9.00 hs.<\/li>\n<li>Atenci\u00f3n a la Prensa hora 08.30<\/li>\n<li>Luego ser\u00e1 cerrado el entrenamiento<strong><br \/>\n<\/strong><\/li>\n<\/ul>\n<p style=\"text-align: justify;\"><strong>\u00a0Jueves<\/strong><strong> \u2013\u00a0 Cerrado<br \/>\n<\/strong><\/p>\n<ul style=\"text-align: justify;\">\n<li>Matutino 9.00 hs.<\/li>\n<li>Sin atenci\u00f3n<\/li>\n<\/ul>\n<p style=\"text-align: justify;\"><strong>Viernes<\/strong><strong> \u2013 Cerrado<br \/>\n<\/strong><\/p>\n<ul style=\"text-align: justify;\">\n<li>Matutino 9.00 hs.<\/li>\n<li>Sin atenci\u00f3n<\/li>\n<\/ul>\n<p><strong>S\u00e1bado \u2013 17.00 hs. el plantel queda concentrado<\/strong><\/p>\n","protected":false},"excerpt":{"rendered":"<p>Compartimos a continuaci\u00f3n los detalles de los entrenamientos del plantel principal para esta semana (5 al 10 de noviembre). La informaci\u00f3n es la brindada por el departamento de prensa del club. El plantel principal de Pe\u00f1arol vuelve a los entrenamientos ma\u00f1ana martes, luego de tener libre este lunes tras la\u00a0victoria por 2 a 1 frente [&hellip;]<\/p>\n","protected":false},"author":2,"featured_media":27010,"comment_status":"open","ping_status":"closed","sticky":false,"template":"","format":"standard","meta":{"footnotes":""},"categories":[7],"tags":[],"yoast_head":"<!-- This site is optimized with the Yoast SEO plugin v23.2 - https:\/\/yoast.com\/wordpress\/plugins\/seo\/ -->\n<title>Entrenamientos (5 al 10 de noviembre) - Padre y Decano - El Sitio del Pueblo<\/title>\n<meta name=\"robots\" content=\"index, follow, max-snippet:-1, max-image-preview:large, max-video-preview:-1\" \/>\n<link rel=\"canonical\" href=\"https:\/\/www.padreydecano.com\/cms\/los-aromos\/entrenamientos-5-al-10-de-noviembre\/\" \/>\n<meta property=\"og:locale\" content=\"es_ES\" \/>\n<meta property=\"og:type\" content=\"article\" \/>\n<meta property=\"og:title\" content=\"Entrenamientos (5 al 10 de noviembre) - Padre y Decano - El Sitio del Pueblo\" \/>\n<meta property=\"og:description\" content=\"Compartimos a continuaci\u00f3n los detalles de los entrenamientos del plantel principal para esta semana (5 al 10 de noviembre). La informaci\u00f3n es la brindada por el departamento de prensa del club. El plantel principal de Pe\u00f1arol vuelve a los entrenamientos ma\u00f1ana martes, luego de tener libre este lunes tras la\u00a0victoria por 2 a 1 frente [&hellip;]\" \/>\n<meta property=\"og:url\" content=\"https:\/\/www.padreydecano.com\/cms\/los-aromos\/entrenamientos-5-al-10-de-noviembre\/\" \/>\n<meta property=\"og:site_name\" content=\"Padre y Decano - El Sitio del Pueblo\" \/>\n<meta property=\"article:published_time\" content=\"2012-11-05T17:00:42+00:00\" \/>\n<meta property=\"article:modified_time\" content=\"2012-11-05T17:04:19+00:00\" \/>\n<meta property=\"og:image\" content=\"https:\/\/www.padreydecano.com\/cms\/wp-content\/uploads\/2012\/07\/aromos.jpg\" \/>\n\t<meta property=\"og:image:width\" content=\"800\" \/>\n\t<meta property=\"og:image:height\" content=\"600\" \/>\n\t<meta property=\"og:image:type\" content=\"image\/jpeg\" \/>\n<meta name=\"author\" content=\"Gonzalo16\" \/>\n<meta name=\"twitter:card\" content=\"summary_large_image\" \/>\n<meta name=\"twitter:label1\" content=\"Escrito por\" \/>\n\t<meta name=\"twitter:data1\" content=\"Gonzalo16\" \/>\n\t<meta name=\"twitter:label2\" content=\"Tiempo de lectura\" \/>\n\t<meta name=\"twitter:data2\" content=\"1 minuto\" \/>\n<script type=\"application\/ld+json\" class=\"yoast-schema-graph\">{\"@context\":\"https:\/\/schema.org\",\"@graph\":[{\"@type\":\"Article\",\"@id\":\"https:\/\/www.padreydecano.com\/cms\/los-aromos\/entrenamientos-5-al-10-de-noviembre\/#article\",\"isPartOf\":{\"@id\":\"https:\/\/www.padreydecano.com\/cms\/los-aromos\/entrenamientos-5-al-10-de-noviembre\/\"},\"author\":{\"name\":\"Gonzalo16\",\"@id\":\"https:\/\/www.padreydecano.com\/cms\/#\/schema\/person\/7fe41e3e335700ebd387196df2f9a8d4\"},\"headline\":\"Entrenamientos (5 al 10 de noviembre)\",\"datePublished\":\"2012-11-05T17:00:42+00:00\",\"dateModified\":\"2012-11-05T17:04:19+00:00\",\"mainEntityOfPage\":{\"@id\":\"https:\/\/www.padreydecano.com\/cms\/los-aromos\/entrenamientos-5-al-10-de-noviembre\/\"},\"wordCount\":152,\"commentCount\":3,\"publisher\":{\"@id\":\"https:\/\/www.padreydecano.com\/cms\/#organization\"},\"image\":{\"@id\":\"https:\/\/www.padreydecano.com\/cms\/los-aromos\/entrenamientos-5-al-10-de-noviembre\/#primaryimage\"},\"thumbnailUrl\":\"https:\/\/www.padreydecano.com\/cms\/wp-content\/uploads\/2012\/07\/aromos.jpg\",\"articleSection\":[\"Los Aromos\"],\"inLanguage\":\"es\",\"potentialAction\":[{\"@type\":\"CommentAction\",\"name\":\"Comment\",\"target\":[\"https:\/\/www.padreydecano.com\/cms\/los-aromos\/entrenamientos-5-al-10-de-noviembre\/#respond\"]}]},{\"@type\":\"WebPage\",\"@id\":\"https:\/\/www.padreydecano.com\/cms\/los-aromos\/entrenamientos-5-al-10-de-noviembre\/\",\"url\":\"https:\/\/www.padreydecano.com\/cms\/los-aromos\/entrenamientos-5-al-10-de-noviembre\/\",\"name\":\"Entrenamientos (5 al 10 de noviembre) - Padre y Decano - El Sitio del Pueblo\",\"isPartOf\":{\"@id\":\"https:\/\/www.padreydecano.com\/cms\/#website\"},\"primaryImageOfPage\":{\"@id\":\"https:\/\/www.padreydecano.com\/cms\/los-aromos\/entrenamientos-5-al-10-de-noviembre\/#primaryimage\"},\"image\":{\"@id\":\"https:\/\/www.padreydecano.com\/cms\/los-aromos\/entrenamientos-5-al-10-de-noviembre\/#primaryimage\"},\"thumbnailUrl\":\"https:\/\/www.padreydecano.com\/cms\/wp-content\/uploads\/2012\/07\/aromos.jpg\",\"datePublished\":\"2012-11-05T17:00:42+00:00\",\"dateModified\":\"2012-11-05T17:04:19+00:00\",\"breadcrumb\":{\"@id\":\"https:\/\/www.padreydecano.com\/cms\/los-aromos\/entrenamientos-5-al-10-de-noviembre\/#breadcrumb\"},\"inLanguage\":\"es\",\"potentialAction\":[{\"@type\":\"ReadAction\",\"target\":[\"https:\/\/www.padreydecano.com\/cms\/los-aromos\/entrenamientos-5-al-10-de-noviembre\/\"]}]},{\"@type\":\"ImageObject\",\"inLanguage\":\"es\",\"@id\":\"https:\/\/www.padreydecano.com\/cms\/los-aromos\/entrenamientos-5-al-10-de-noviembre\/#primaryimage\",\"url\":\"https:\/\/www.padreydecano.com\/cms\/wp-content\/uploads\/2012\/07\/aromos.jpg\",\"contentUrl\":\"https:\/\/www.padreydecano.com\/cms\/wp-content\/uploads\/2012\/07\/aromos.jpg\",\"width\":\"800\",\"height\":\"600\"},{\"@type\":\"BreadcrumbList\",\"@id\":\"https:\/\/www.padreydecano.com\/cms\/los-aromos\/entrenamientos-5-al-10-de-noviembre\/#breadcrumb\",\"itemListElement\":[{\"@type\":\"ListItem\",\"position\":1,\"name\":\"Portada\",\"item\":\"https:\/\/www.padreydecano.com\/cms\/\"},{\"@type\":\"ListItem\",\"position\":2,\"name\":\"Entrenamientos (5 al 10 de noviembre)\"}]},{\"@type\":\"WebSite\",\"@id\":\"https:\/\/www.padreydecano.com\/cms\/#website\",\"url\":\"https:\/\/www.padreydecano.com\/cms\/\",\"name\":\"Padre y Decano - El Sitio del Pueblo\",\"description\":\"Club Atl\u00e9tico Pe\u00f1arol\",\"publisher\":{\"@id\":\"https:\/\/www.padreydecano.com\/cms\/#organization\"},\"potentialAction\":[{\"@type\":\"SearchAction\",\"target\":{\"@type\":\"EntryPoint\",\"urlTemplate\":\"https:\/\/www.padreydecano.com\/cms\/?s={search_term_string}\"},\"query-input\":\"required name=search_term_string\"}],\"inLanguage\":\"es\"},{\"@type\":\"Organization\",\"@id\":\"https:\/\/www.padreydecano.com\/cms\/#organization\",\"name\":\"Padre y Decano\",\"url\":\"https:\/\/www.padreydecano.com\/cms\/\",\"logo\":{\"@type\":\"ImageObject\",\"inLanguage\":\"es\",\"@id\":\"https:\/\/www.padreydecano.com\/cms\/#\/schema\/logo\/image\/\",\"url\":\"https:\/\/www.padreydecano.com\/cms\/wp-content\/uploads\/2022\/01\/avatar-square.png\",\"contentUrl\":\"https:\/\/www.padreydecano.com\/cms\/wp-content\/uploads\/2022\/01\/avatar-square.png\",\"width\":1500,\"height\":1500,\"caption\":\"Padre y Decano\"},\"image\":{\"@id\":\"https:\/\/www.padreydecano.com\/cms\/#\/schema\/logo\/image\/\"}},{\"@type\":\"Person\",\"@id\":\"https:\/\/www.padreydecano.com\/cms\/#\/schema\/person\/7fe41e3e335700ebd387196df2f9a8d4\",\"name\":\"Gonzalo16\",\"image\":{\"@type\":\"ImageObject\",\"inLanguage\":\"es\",\"@id\":\"https:\/\/www.padreydecano.com\/cms\/#\/schema\/person\/image\/\",\"url\":\"https:\/\/secure.gravatar.com\/avatar\/4d5cdd49803a2313c01f77e3dfc05d81?s=96&d=https%3A%2F%2Fpadreydecano.com%2Fcms%2Fwp-content%2Fthemes%2Fpyd-theme%2Fimg%2Fdefault-avatar.png&r=g\",\"contentUrl\":\"https:\/\/secure.gravatar.com\/avatar\/4d5cdd49803a2313c01f77e3dfc05d81?s=96&d=https%3A%2F%2Fpadreydecano.com%2Fcms%2Fwp-content%2Fthemes%2Fpyd-theme%2Fimg%2Fdefault-avatar.png&r=g\",\"caption\":\"Gonzalo16\"}}]}<\/script>\n<!-- \/ Yoast SEO plugin. -->","yoast_head_json":{"title":"Entrenamientos (5 al 10 de noviembre) - Padre y Decano - El Sitio del Pueblo","robots":{"index":"index","follow":"follow","max-snippet":"max-snippet:-1","max-image-preview":"max-image-preview:large","max-video-preview":"max-video-preview:-1"},"canonical":"https:\/\/www.padreydecano.com\/cms\/los-aromos\/entrenamientos-5-al-10-de-noviembre\/","og_locale":"es_ES","og_type":"article","og_title":"Entrenamientos (5 al 10 de noviembre) - Padre y Decano - El Sitio del Pueblo","og_description":"Compartimos a continuaci\u00f3n los detalles de los entrenamientos del plantel principal para esta semana (5 al 10 de noviembre). La informaci\u00f3n es la brindada por el departamento de prensa del club. El plantel principal de Pe\u00f1arol vuelve a los entrenamientos ma\u00f1ana martes, luego de tener libre este lunes tras la\u00a0victoria por 2 a 1 frente [&hellip;]","og_url":"https:\/\/www.padreydecano.com\/cms\/los-aromos\/entrenamientos-5-al-10-de-noviembre\/","og_site_name":"Padre y Decano - El Sitio del Pueblo","article_published_time":"2012-11-05T17:00:42+00:00","article_modified_time":"2012-11-05T17:04:19+00:00","og_image":[{"width":800,"height":600,"url":"https:\/\/www.padreydecano.com\/cms\/wp-content\/uploads\/2012\/07\/aromos.jpg","type":"image\/jpeg"}],"author":"Gonzalo16","twitter_card":"summary_large_image","twitter_misc":{"Escrito por":"Gonzalo16","Tiempo de lectura":"1 minuto"},"schema":{"@context":"https:\/\/schema.org","@graph":[{"@type":"Article","@id":"https:\/\/www.padreydecano.com\/cms\/los-aromos\/entrenamientos-5-al-10-de-noviembre\/#article","isPartOf":{"@id":"https:\/\/www.padreydecano.com\/cms\/los-aromos\/entrenamientos-5-al-10-de-noviembre\/"},"author":{"name":"Gonzalo16","@id":"https:\/\/www.padreydecano.com\/cms\/#\/schema\/person\/7fe41e3e335700ebd387196df2f9a8d4"},"headline":"Entrenamientos (5 al 10 de noviembre)","datePublished":"2012-11-05T17:00:42+00:00","dateModified":"2012-11-05T17:04:19+00:00","mainEntityOfPage":{"@id":"https:\/\/www.padreydecano.com\/cms\/los-aromos\/entrenamientos-5-al-10-de-noviembre\/"},"wordCount":152,"commentCount":3,"publisher":{"@id":"https:\/\/www.padreydecano.com\/cms\/#organization"},"image":{"@id":"https:\/\/www.padreydecano.com\/cms\/los-aromos\/entrenamientos-5-al-10-de-noviembre\/#primaryimage"},"thumbnailUrl":"https:\/\/www.padreydecano.com\/cms\/wp-content\/uploads\/2012\/07\/aromos.jpg","articleSection":["Los Aromos"],"inLanguage":"es","potentialAction":[{"@type":"CommentAction","name":"Comment","target":["https:\/\/www.padreydecano.com\/cms\/los-aromos\/entrenamientos-5-al-10-de-noviembre\/#respond"]}]},{"@type":"WebPage","@id":"https:\/\/www.padreydecano.com\/cms\/los-aromos\/entrenamientos-5-al-10-de-noviembre\/","url":"https:\/\/www.padreydecano.com\/cms\/los-aromos\/entrenamientos-5-al-10-de-noviembre\/","name":"Entrenamientos (5 al 10 de noviembre) - Padre y Decano - El Sitio del Pueblo","isPartOf":{"@id":"https:\/\/www.padreydecano.com\/cms\/#website"},"primaryImageOfPage":{"@id":"https:\/\/www.padreydecano.com\/cms\/los-aromos\/entrenamientos-5-al-10-de-noviembre\/#primaryimage"},"image":{"@id":"https:\/\/www.padreydecano.com\/cms\/los-aromos\/entrenamientos-5-al-10-de-noviembre\/#primaryimage"},"thumbnailUrl":"https:\/\/www.padreydecano.com\/cms\/wp-content\/uploads\/2012\/07\/aromos.jpg","datePublished":"2012-11-05T17:00:42+00:00","dateModified":"2012-11-05T17:04:19+00:00","breadcrumb":{"@id":"https:\/\/www.padreydecano.com\/cms\/los-aromos\/entrenamientos-5-al-10-de-noviembre\/#breadcrumb"},"inLanguage":"es","potentialAction":[{"@type":"ReadAction","target":["https:\/\/www.padreydecano.com\/cms\/los-aromos\/entrenamientos-5-al-10-de-noviembre\/"]}]},{"@type":"ImageObject","inLanguage":"es","@id":"https:\/\/www.padreydecano.com\/cms\/los-aromos\/entrenamientos-5-al-10-de-noviembre\/#primaryimage","url":"https:\/\/www.padreydecano.com\/cms\/wp-content\/uploads\/2012\/07\/aromos.jpg","contentUrl":"https:\/\/www.padreydecano.com\/cms\/wp-content\/uploads\/2012\/07\/aromos.jpg","width":"800","height":"600"},{"@type":"BreadcrumbList","@id":"https:\/\/www.padreydecano.com\/cms\/los-aromos\/entrenamientos-5-al-10-de-noviembre\/#breadcrumb","itemListElement":[{"@type":"ListItem","position":1,"name":"Portada","item":"https:\/\/www.padreydecano.com\/cms\/"},{"@type":"ListItem","position":2,"name":"Entrenamientos (5 al 10 de noviembre)"}]},{"@type":"WebSite","@id":"https:\/\/www.padreydecano.com\/cms\/#website","url":"https:\/\/www.padreydecano.com\/cms\/","name":"Padre y Decano - El Sitio del Pueblo","description":"Club Atl\u00e9tico Pe\u00f1arol","publisher":{"@id":"https:\/\/www.padreydecano.com\/cms\/#organization"},"potentialAction":[{"@type":"SearchAction","target":{"@type":"EntryPoint","urlTemplate":"https:\/\/www.padreydecano.com\/cms\/?s={search_term_string}"},"query-input":"required name=search_term_string"}],"inLanguage":"es"},{"@type":"Organization","@id":"https:\/\/www.padreydecano.com\/cms\/#organization","name":"Padre y Decano","url":"https:\/\/www.padreydecano.com\/cms\/","logo":{"@type":"ImageObject","inLanguage":"es","@id":"https:\/\/www.padreydecano.com\/cms\/#\/schema\/logo\/image\/","url":"https:\/\/www.padreydecano.com\/cms\/wp-content\/uploads\/2022\/01\/avatar-square.png","contentUrl":"https:\/\/www.padreydecano.com\/cms\/wp-content\/uploads\/2022\/01\/avatar-square.png","width":1500,"height":1500,"caption":"Padre y Decano"},"image":{"@id":"https:\/\/www.padreydecano.com\/cms\/#\/schema\/logo\/image\/"}},{"@type":"Person","@id":"https:\/\/www.padreydecano.com\/cms\/#\/schema\/person\/7fe41e3e335700ebd387196df2f9a8d4","name":"Gonzalo16","image":{"@type":"ImageObject","inLanguage":"es","@id":"https:\/\/www.padreydecano.com\/cms\/#\/schema\/person\/image\/","url":"https:\/\/secure.gravatar.com\/avatar\/4d5cdd49803a2313c01f77e3dfc05d81?s=96&d=https%3A%2F%2Fpadreydecano.com%2Fcms%2Fwp-content%2Fthemes%2Fpyd-theme%2Fimg%2Fdefault-avatar.png&r=g","contentUrl":"https:\/\/secure.gravatar.com\/avatar\/4d5cdd49803a2313c01f77e3dfc05d81?s=96&d=https%3A%2F%2Fpadreydecano.com%2Fcms%2Fwp-content%2Fthemes%2Fpyd-theme%2Fimg%2Fdefault-avatar.png&r=g","caption":"Gonzalo16"}}]}},"_links":{"self":[{"href":"https:\/\/www.padreydecano.com\/cms\/wp-json\/wp\/v2\/posts\/32792"}],"collection":[{"href":"https:\/\/www.padreydecano.com\/cms\/wp-json\/wp\/v2\/posts"}],"about":[{"href":"https:\/\/www.padreydecano.com\/cms\/wp-json\/wp\/v2\/types\/post"}],"author":[{"embeddable":true,"href":"https:\/\/www.padreydecano.com\/cms\/wp-json\/wp\/v2\/users\/2"}],"replies":[{"embeddable":true,"href":"https:\/\/www.padreydecano.com\/cms\/wp-json\/wp\/v2\/comments?post=32792"}],"version-history":[{"count":0,"href":"https:\/\/www.padreydecano.com\/cms\/wp-json\/wp\/v2\/posts\/32792\/revisions"}],"wp:featuredmedia":[{"embeddable":true,"href":"https:\/\/www.padreydecano.com\/cms\/wp-json\/wp\/v2\/media\/27010"}],"wp:attachment":[{"href":"https:\/\/www.padreydecano.com\/cms\/wp-json\/wp\/v2\/media?parent=32792"}],"wp:term":[{"taxonomy":"category","embeddable":true,"href":"https:\/\/www.padreydecano.com\/cms\/wp-json\/wp\/v2\/categories?post=32792"},{"taxonomy":"post_tag","embeddable":true,"href":"https:\/\/www.padreydecano.com\/cms\/wp-json\/wp\/v2\/tags?post=32792"}],"curies":[{"name":"wp","href":"https:\/\/api.w.org\/{rel}","templated":true}]}}