{"id":32675,"date":"2012-11-04T21:33:33","date_gmt":"2012-11-04T23:33:33","guid":{"rendered":"http:\/\/www.padreydecano.com\/cms\/?p=32675"},"modified":"2012-11-06T16:24:57","modified_gmt":"2012-11-06T18:24:57","slug":"primera-final-en-casa","status":"publish","type":"post","link":"https:\/\/www.padreydecano.com\/cms\/partidos\/primera-final-en-casa\/","title":{"rendered":"Primera final en casa"},"content":{"rendered":"<p style=\"text-align: justify;\"><strong><img decoding=\"async\" class=\"alignright  wp-image-32681\" src=\"https:\/\/www.padreydecano.com\/cms\/wp-content\/uploads\/2012\/11\/DSC_0287-Copiar-300x198.jpg\" alt=\"\" width=\"250\" srcset=\"https:\/\/www.padreydecano.com\/cms\/wp-content\/uploads\/2012\/11\/DSC_0287-Copiar-300x198.jpg 300w, https:\/\/www.padreydecano.com\/cms\/wp-content\/uploads\/2012\/11\/DSC_0287-Copiar.jpg 905w\" sizes=\"(max-width: 300px) 100vw, 300px\" \/><\/strong>Pe\u00f1arol deb\u00eda afrontar dos finales en 8 d\u00edas; primero Defensor Sporting y luego el cl\u00e1sico. La primera ya qued\u00f3 en casa.<strong>\u00a0<strong>La segunda,\u00a0<\/strong>tambi\u00e9n tiene que quedar<\/strong>. <strong>El conjunto de Da Silva dobleg\u00f3 al conjunto fusionado por 2 tantos contra 1.<\/strong><\/p>\n<p style=\"text-align: justify;\">Un estadio con 45.000 espectadores esperaba un gran partido, y as\u00ed fue. Desde el principio fue un partido interesante, con un Defensor Sporting que propuso durante todo el partido. El conjunto violeta llegaba e insist\u00eda bastante, pero sin concretar en los metros finales; pero fue Pe\u00f1arol quien tuvo las primeras ocasiones claras del partido. Primero, el palo le dice que no a la apertura del marcador por parte de Zambrana. Posteriormente, tras centro del anteriormente mencionado, Zalayeta conecta de cabeza muy cerca del primer grito de gol.<\/p>\n<p style=\"text-align: justify;\"><img decoding=\"async\" class=\"alignleft  wp-image-32679\" src=\"https:\/\/www.padreydecano.com\/cms\/wp-content\/uploads\/2012\/11\/DSC_0341-Copiar-300x198.jpg\" alt=\"\" width=\"250\" srcset=\"https:\/\/www.padreydecano.com\/cms\/wp-content\/uploads\/2012\/11\/DSC_0341-Copiar-300x198.jpg 300w, https:\/\/www.padreydecano.com\/cms\/wp-content\/uploads\/2012\/11\/DSC_0341-Copiar.jpg 905w\" sizes=\"(max-width: 300px) 100vw, 300px\" \/>Ya cuando se iban los primeros 45&#8242;, tras fuerte tiro libre de Estoyanoff, el guardamenta violeta Irrazabal da rebote y es <strong>Macaluso<\/strong> -reemplazando a Dar\u00edo Rodr\u00edguez- quien con la rodilla la empuja el bal\u00f3n hacia adentro del arco. Seg\u00fan se pudo observar en la televisi\u00f3n, el zaguero aurinegro parte en posici\u00f3n adelantada. Final del primer tiempo y a los vestuarios. Hay que decir tambi\u00e9n que hubo un clar\u00edsimo penal a Zalayeta que V\u00e1zquez no sancion\u00f3.<\/p>\n<p style=\"text-align: justify;\">Los segundos 45&#8242; comenzaron a favor de un insistente Defensor Sporting que con un medio campo dominante llegaba y pon\u00eda en peligro la ventaja aurinegra. Pe\u00f1arol se recost\u00f3 y esper\u00f3 para contragolpear con un Zalayeta desempe\u00f1\u00e1ndose en gran nivel. Lerda defendi\u00f3 de muy buena manera el arco aurinegro, incluso tapando un mano a mano a Rol\u00e1n cuando el marcador iba 1-0.<\/p>\n<p><img decoding=\"async\" class=\" wp-image-32680 alignright\" src=\"https:\/\/www.padreydecano.com\/cms\/wp-content\/uploads\/2012\/11\/DSC_0546-Copiar-300x198.jpg\" alt=\"\" width=\"250\" srcset=\"https:\/\/www.padreydecano.com\/cms\/wp-content\/uploads\/2012\/11\/DSC_0546-Copiar-300x198.jpg 300w, https:\/\/www.padreydecano.com\/cms\/wp-content\/uploads\/2012\/11\/DSC_0546-Copiar.jpg 905w\" sizes=\"(max-width: 300px) 100vw, 300px\" \/><\/p>\n<p style=\"text-align: justify;\">Faltando 15&#8242; para el final del partido, Grossm\u00fcller entra al \u00e1rea contraria, env\u00eda un pase al medio y Aureliano Torres conecta el bal\u00f3n y marca el 2 a 0. El partido parec\u00eda cerrado, Defensor segu\u00eda insistiendo pero no concret\u00f3 en todo el encuentro. Ya en los descuentos, Federico Puppo tras varios rebotes en el \u00e1rea chica descont\u00f3 para el conjunto violeta, poniendo as\u00ed un poco de emoci\u00f3n al final del partido.<\/p>\n<p style=\"text-align: justify;\">Pe\u00f1arol hizo lo que ten\u00eda que hacer que era ganar. Lo hizo ante un siempre complicado Defensor Sporting y el aurinegro confirm\u00f3 que est\u00e1 para pelear el campeonato hasta el final y con viento en la camiseta. Lo negativo de la jornada, fue la lesi\u00f3n de Carlos Valdez que fue\u00a0sustituido a los 54 minutos de juego por Juan \u00c1lvez, poni\u00e9ndolo en duda para el cl\u00e1sico del pr\u00f3ximo domingo.<\/p>\n<p style=\"text-align: justify;\"><span style=\"color: #ffcc00;\"><strong>Ficha del partido<\/strong><\/span><\/p>\n<p style=\"text-align: justify;\"><strong>PE\u00d1AROL 2:1 DEFENSOR SPORTING<\/strong><\/p>\n<p style=\"text-align: justify;\"><strong>Cancha: <\/strong>Estadio Centenario.<strong>\u00a0Jueces:\u00a0<\/strong>Mart\u00edn V\u00e1zquez, Carlos Pastorino y Eduardo Aguirre.<strong><\/strong><\/p>\n<p style=\"text-align: justify;\"><strong>PE\u00d1AROL:<\/strong>\u00a0Danilo Lerda, Alejandro Gonz\u00e1lez, Carlos Valdez (54\u2032 Juan \u00c1lvez), Dami\u00e1n Macaluso, Nicol\u00e1s Raguso, Marcel Novick, Carlos Grossm\u00fcller, Fabi\u00e1n Estoyanoff, Jorge Zambrana (67\u2032 Aureliano Torres), Marcelo Zalayeta y Juan Manuel Olivera \u00a0(80\u2032 Sebasti\u00e1n Gallegos).<strong>\u00a0Director t\u00e9cnico:\u00a0<\/strong>Jorge Da Silva.\u00a0<strong>Suplentes:\u00a0<\/strong>Washington Aguerre, Sebasti\u00e1n Crist\u00f3foro, Alejandro Siles y Rodrigo Pastorini.<\/p>\n<p style=\"text-align: justify;\"><strong>DEFENSOR SPORTING:<\/strong>\u00a0Yonatan Irraz\u00e1bal, Emilio Zeballos, Mat\u00edas Malvino, Mario Risso, Robert Herrera, Felipe Gedoz, Andr\u00e9s Fleurqu\u00edn, Diego \u201cToro\u201d Rodr\u00edguez, Diego \u201cZurdo\u201d Rodr\u00edguez (29\u2032 Diego Laxalt (75\u2032 Federico Puppo), Diego Rol\u00e1n e Ignacio Risso (69\u2032 Alvaro Navarro).<strong>\u00a0Director t\u00e9cnico:\u00a0<\/strong>Tabar\u00e9 Silva.\u00a0<strong>Suplentes:<\/strong>\u00a0Dar\u00edo Silva, Juan Fern\u00e1ndez, Juan Carlos Amado, Dami\u00e1n Luna.<\/p>\n<p style=\"text-align: justify;\"><strong>Goles:<\/strong>\u00a043\u2032 Dami\u00e1n Macaluso (P) y 74\u2032 Aureliano Torres (P), 90\u2032 Federico Puppo (DS).<\/p>\n<p style=\"text-align: justify;\"><strong>Tarjetas amarillas:<\/strong>\u00a042\u2032 Robert Herrera (DS), 53\u2032 Alejandro Gonz\u00e1lez (P), 76\u2032 Juan Manuel Olivera (P).<\/p>\n","protected":false},"excerpt":{"rendered":"<p>Pe\u00f1arol deb\u00eda afrontar dos finales en 8 d\u00edas; primero Defensor Sporting y luego el cl\u00e1sico. La primera ya qued\u00f3 en casa.\u00a0La segunda,\u00a0tambi\u00e9n tiene que quedar. El conjunto de Da Silva dobleg\u00f3 al conjunto fusionado por 2 tantos contra 1. Un estadio con 45.000 espectadores esperaba un gran partido, y as\u00ed fue. Desde el principio fue [&hellip;]<\/p>\n","protected":false},"author":10,"featured_media":32678,"comment_status":"open","ping_status":"closed","sticky":false,"template":"","format":"standard","meta":{"footnotes":""},"categories":[13],"tags":[116],"yoast_head":"<!-- This site is optimized with the Yoast SEO plugin v23.2 - https:\/\/yoast.com\/wordpress\/plugins\/seo\/ -->\n<title>Primera final en casa - Padre y Decano - El Sitio del Pueblo<\/title>\n<meta name=\"robots\" content=\"index, follow, max-snippet:-1, max-image-preview:large, max-video-preview:-1\" \/>\n<link rel=\"canonical\" href=\"https:\/\/www.padreydecano.com\/cms\/partidos\/primera-final-en-casa\/\" \/>\n<meta property=\"og:locale\" content=\"es_ES\" \/>\n<meta property=\"og:type\" content=\"article\" \/>\n<meta property=\"og:title\" content=\"Primera final en casa - Padre y Decano - El Sitio del Pueblo\" \/>\n<meta property=\"og:description\" content=\"Pe\u00f1arol deb\u00eda afrontar dos finales en 8 d\u00edas; primero Defensor Sporting y luego el cl\u00e1sico. La primera ya qued\u00f3 en casa.\u00a0La segunda,\u00a0tambi\u00e9n tiene que quedar. El conjunto de Da Silva dobleg\u00f3 al conjunto fusionado por 2 tantos contra 1. Un estadio con 45.000 espectadores esperaba un gran partido, y as\u00ed fue. Desde el principio fue [&hellip;]\" \/>\n<meta property=\"og:url\" content=\"https:\/\/www.padreydecano.com\/cms\/partidos\/primera-final-en-casa\/\" \/>\n<meta property=\"og:site_name\" content=\"Padre y Decano - El Sitio del Pueblo\" \/>\n<meta property=\"article:published_time\" content=\"2012-11-04T23:33:33+00:00\" \/>\n<meta property=\"article:modified_time\" content=\"2012-11-06T18:24:57+00:00\" \/>\n<meta property=\"og:image\" content=\"https:\/\/www.padreydecano.com\/cms\/wp-content\/uploads\/2012\/11\/slider_macaluso_gol_defensor.jpg\" \/>\n\t<meta property=\"og:image:width\" content=\"640\" \/>\n\t<meta property=\"og:image:height\" content=\"250\" \/>\n\t<meta property=\"og:image:type\" content=\"image\/jpeg\" \/>\n<meta name=\"author\" content=\"fishoapyd\" \/>\n<meta name=\"twitter:card\" content=\"summary_large_image\" \/>\n<meta name=\"twitter:label1\" content=\"Escrito por\" \/>\n\t<meta name=\"twitter:data1\" content=\"fishoapyd\" \/>\n\t<meta name=\"twitter:label2\" content=\"Tiempo de lectura\" \/>\n\t<meta name=\"twitter:data2\" content=\"3 minutos\" \/>\n<script type=\"application\/ld+json\" class=\"yoast-schema-graph\">{\"@context\":\"https:\/\/schema.org\",\"@graph\":[{\"@type\":\"Article\",\"@id\":\"https:\/\/www.padreydecano.com\/cms\/partidos\/primera-final-en-casa\/#article\",\"isPartOf\":{\"@id\":\"https:\/\/www.padreydecano.com\/cms\/partidos\/primera-final-en-casa\/\"},\"author\":{\"name\":\"fishoapyd\",\"@id\":\"https:\/\/www.padreydecano.com\/cms\/#\/schema\/person\/1376f1ec91158cca7aeef6d2109f929d\"},\"headline\":\"Primera final en casa\",\"datePublished\":\"2012-11-04T23:33:33+00:00\",\"dateModified\":\"2012-11-06T18:24:57+00:00\",\"mainEntityOfPage\":{\"@id\":\"https:\/\/www.padreydecano.com\/cms\/partidos\/primera-final-en-casa\/\"},\"wordCount\":589,\"commentCount\":15,\"publisher\":{\"@id\":\"https:\/\/www.padreydecano.com\/cms\/#organization\"},\"image\":{\"@id\":\"https:\/\/www.padreydecano.com\/cms\/partidos\/primera-final-en-casa\/#primaryimage\"},\"thumbnailUrl\":\"https:\/\/www.padreydecano.com\/cms\/wp-content\/uploads\/2012\/11\/slider_macaluso_gol_defensor.jpg\",\"keywords\":[\"Apertura 2012\"],\"articleSection\":[\"Partidos\"],\"inLanguage\":\"es\",\"potentialAction\":[{\"@type\":\"CommentAction\",\"name\":\"Comment\",\"target\":[\"https:\/\/www.padreydecano.com\/cms\/partidos\/primera-final-en-casa\/#respond\"]}]},{\"@type\":\"WebPage\",\"@id\":\"https:\/\/www.padreydecano.com\/cms\/partidos\/primera-final-en-casa\/\",\"url\":\"https:\/\/www.padreydecano.com\/cms\/partidos\/primera-final-en-casa\/\",\"name\":\"Primera final en casa - Padre y Decano - El Sitio del Pueblo\",\"isPartOf\":{\"@id\":\"https:\/\/www.padreydecano.com\/cms\/#website\"},\"primaryImageOfPage\":{\"@id\":\"https:\/\/www.padreydecano.com\/cms\/partidos\/primera-final-en-casa\/#primaryimage\"},\"image\":{\"@id\":\"https:\/\/www.padreydecano.com\/cms\/partidos\/primera-final-en-casa\/#primaryimage\"},\"thumbnailUrl\":\"https:\/\/www.padreydecano.com\/cms\/wp-content\/uploads\/2012\/11\/slider_macaluso_gol_defensor.jpg\",\"datePublished\":\"2012-11-04T23:33:33+00:00\",\"dateModified\":\"2012-11-06T18:24:57+00:00\",\"breadcrumb\":{\"@id\":\"https:\/\/www.padreydecano.com\/cms\/partidos\/primera-final-en-casa\/#breadcrumb\"},\"inLanguage\":\"es\",\"potentialAction\":[{\"@type\":\"ReadAction\",\"target\":[\"https:\/\/www.padreydecano.com\/cms\/partidos\/primera-final-en-casa\/\"]}]},{\"@type\":\"ImageObject\",\"inLanguage\":\"es\",\"@id\":\"https:\/\/www.padreydecano.com\/cms\/partidos\/primera-final-en-casa\/#primaryimage\",\"url\":\"https:\/\/www.padreydecano.com\/cms\/wp-content\/uploads\/2012\/11\/slider_macaluso_gol_defensor.jpg\",\"contentUrl\":\"https:\/\/www.padreydecano.com\/cms\/wp-content\/uploads\/2012\/11\/slider_macaluso_gol_defensor.jpg\",\"width\":\"640\",\"height\":\"250\"},{\"@type\":\"BreadcrumbList\",\"@id\":\"https:\/\/www.padreydecano.com\/cms\/partidos\/primera-final-en-casa\/#breadcrumb\",\"itemListElement\":[{\"@type\":\"ListItem\",\"position\":1,\"name\":\"Portada\",\"item\":\"https:\/\/www.padreydecano.com\/cms\/\"},{\"@type\":\"ListItem\",\"position\":2,\"name\":\"Primera final en casa\"}]},{\"@type\":\"WebSite\",\"@id\":\"https:\/\/www.padreydecano.com\/cms\/#website\",\"url\":\"https:\/\/www.padreydecano.com\/cms\/\",\"name\":\"Padre y Decano - El Sitio del Pueblo\",\"description\":\"Club Atl\u00e9tico Pe\u00f1arol\",\"publisher\":{\"@id\":\"https:\/\/www.padreydecano.com\/cms\/#organization\"},\"potentialAction\":[{\"@type\":\"SearchAction\",\"target\":{\"@type\":\"EntryPoint\",\"urlTemplate\":\"https:\/\/www.padreydecano.com\/cms\/?s={search_term_string}\"},\"query-input\":\"required name=search_term_string\"}],\"inLanguage\":\"es\"},{\"@type\":\"Organization\",\"@id\":\"https:\/\/www.padreydecano.com\/cms\/#organization\",\"name\":\"Padre y Decano\",\"url\":\"https:\/\/www.padreydecano.com\/cms\/\",\"logo\":{\"@type\":\"ImageObject\",\"inLanguage\":\"es\",\"@id\":\"https:\/\/www.padreydecano.com\/cms\/#\/schema\/logo\/image\/\",\"url\":\"https:\/\/www.padreydecano.com\/cms\/wp-content\/uploads\/2022\/01\/avatar-square.png\",\"contentUrl\":\"https:\/\/www.padreydecano.com\/cms\/wp-content\/uploads\/2022\/01\/avatar-square.png\",\"width\":1500,\"height\":1500,\"caption\":\"Padre y Decano\"},\"image\":{\"@id\":\"https:\/\/www.padreydecano.com\/cms\/#\/schema\/logo\/image\/\"}},{\"@type\":\"Person\",\"@id\":\"https:\/\/www.padreydecano.com\/cms\/#\/schema\/person\/1376f1ec91158cca7aeef6d2109f929d\",\"name\":\"fishoapyd\",\"image\":{\"@type\":\"ImageObject\",\"inLanguage\":\"es\",\"@id\":\"https:\/\/www.padreydecano.com\/cms\/#\/schema\/person\/image\/\",\"url\":\"https:\/\/www.padreydecano.com\/cms\/wp-content\/uploads\/2022\/12\/avatar-square-1.png\",\"contentUrl\":\"https:\/\/www.padreydecano.com\/cms\/wp-content\/uploads\/2022\/12\/avatar-square-1.png\",\"caption\":\"fishoapyd\"},\"sameAs\":[\"http:\/\/www.padreydecano.com\"]}]}<\/script>\n<!-- \/ Yoast SEO plugin. -->","yoast_head_json":{"title":"Primera final en casa - Padre y Decano - El Sitio del Pueblo","robots":{"index":"index","follow":"follow","max-snippet":"max-snippet:-1","max-image-preview":"max-image-preview:large","max-video-preview":"max-video-preview:-1"},"canonical":"https:\/\/www.padreydecano.com\/cms\/partidos\/primera-final-en-casa\/","og_locale":"es_ES","og_type":"article","og_title":"Primera final en casa - Padre y Decano - El Sitio del Pueblo","og_description":"Pe\u00f1arol deb\u00eda afrontar dos finales en 8 d\u00edas; primero Defensor Sporting y luego el cl\u00e1sico. La primera ya qued\u00f3 en casa.\u00a0La segunda,\u00a0tambi\u00e9n tiene que quedar. El conjunto de Da Silva dobleg\u00f3 al conjunto fusionado por 2 tantos contra 1. Un estadio con 45.000 espectadores esperaba un gran partido, y as\u00ed fue. Desde el principio fue [&hellip;]","og_url":"https:\/\/www.padreydecano.com\/cms\/partidos\/primera-final-en-casa\/","og_site_name":"Padre y Decano - El Sitio del Pueblo","article_published_time":"2012-11-04T23:33:33+00:00","article_modified_time":"2012-11-06T18:24:57+00:00","og_image":[{"width":640,"height":250,"url":"https:\/\/www.padreydecano.com\/cms\/wp-content\/uploads\/2012\/11\/slider_macaluso_gol_defensor.jpg","type":"image\/jpeg"}],"author":"fishoapyd","twitter_card":"summary_large_image","twitter_misc":{"Escrito por":"fishoapyd","Tiempo de lectura":"3 minutos"},"schema":{"@context":"https:\/\/schema.org","@graph":[{"@type":"Article","@id":"https:\/\/www.padreydecano.com\/cms\/partidos\/primera-final-en-casa\/#article","isPartOf":{"@id":"https:\/\/www.padreydecano.com\/cms\/partidos\/primera-final-en-casa\/"},"author":{"name":"fishoapyd","@id":"https:\/\/www.padreydecano.com\/cms\/#\/schema\/person\/1376f1ec91158cca7aeef6d2109f929d"},"headline":"Primera final en casa","datePublished":"2012-11-04T23:33:33+00:00","dateModified":"2012-11-06T18:24:57+00:00","mainEntityOfPage":{"@id":"https:\/\/www.padreydecano.com\/cms\/partidos\/primera-final-en-casa\/"},"wordCount":589,"commentCount":15,"publisher":{"@id":"https:\/\/www.padreydecano.com\/cms\/#organization"},"image":{"@id":"https:\/\/www.padreydecano.com\/cms\/partidos\/primera-final-en-casa\/#primaryimage"},"thumbnailUrl":"https:\/\/www.padreydecano.com\/cms\/wp-content\/uploads\/2012\/11\/slider_macaluso_gol_defensor.jpg","keywords":["Apertura 2012"],"articleSection":["Partidos"],"inLanguage":"es","potentialAction":[{"@type":"CommentAction","name":"Comment","target":["https:\/\/www.padreydecano.com\/cms\/partidos\/primera-final-en-casa\/#respond"]}]},{"@type":"WebPage","@id":"https:\/\/www.padreydecano.com\/cms\/partidos\/primera-final-en-casa\/","url":"https:\/\/www.padreydecano.com\/cms\/partidos\/primera-final-en-casa\/","name":"Primera final en casa - Padre y Decano - El Sitio del Pueblo","isPartOf":{"@id":"https:\/\/www.padreydecano.com\/cms\/#website"},"primaryImageOfPage":{"@id":"https:\/\/www.padreydecano.com\/cms\/partidos\/primera-final-en-casa\/#primaryimage"},"image":{"@id":"https:\/\/www.padreydecano.com\/cms\/partidos\/primera-final-en-casa\/#primaryimage"},"thumbnailUrl":"https:\/\/www.padreydecano.com\/cms\/wp-content\/uploads\/2012\/11\/slider_macaluso_gol_defensor.jpg","datePublished":"2012-11-04T23:33:33+00:00","dateModified":"2012-11-06T18:24:57+00:00","breadcrumb":{"@id":"https:\/\/www.padreydecano.com\/cms\/partidos\/primera-final-en-casa\/#breadcrumb"},"inLanguage":"es","potentialAction":[{"@type":"ReadAction","target":["https:\/\/www.padreydecano.com\/cms\/partidos\/primera-final-en-casa\/"]}]},{"@type":"ImageObject","inLanguage":"es","@id":"https:\/\/www.padreydecano.com\/cms\/partidos\/primera-final-en-casa\/#primaryimage","url":"https:\/\/www.padreydecano.com\/cms\/wp-content\/uploads\/2012\/11\/slider_macaluso_gol_defensor.jpg","contentUrl":"https:\/\/www.padreydecano.com\/cms\/wp-content\/uploads\/2012\/11\/slider_macaluso_gol_defensor.jpg","width":"640","height":"250"},{"@type":"BreadcrumbList","@id":"https:\/\/www.padreydecano.com\/cms\/partidos\/primera-final-en-casa\/#breadcrumb","itemListElement":[{"@type":"ListItem","position":1,"name":"Portada","item":"https:\/\/www.padreydecano.com\/cms\/"},{"@type":"ListItem","position":2,"name":"Primera final en casa"}]},{"@type":"WebSite","@id":"https:\/\/www.padreydecano.com\/cms\/#website","url":"https:\/\/www.padreydecano.com\/cms\/","name":"Padre y Decano - El Sitio del Pueblo","description":"Club Atl\u00e9tico Pe\u00f1arol","publisher":{"@id":"https:\/\/www.padreydecano.com\/cms\/#organization"},"potentialAction":[{"@type":"SearchAction","target":{"@type":"EntryPoint","urlTemplate":"https:\/\/www.padreydecano.com\/cms\/?s={search_term_string}"},"query-input":"required name=search_term_string"}],"inLanguage":"es"},{"@type":"Organization","@id":"https:\/\/www.padreydecano.com\/cms\/#organization","name":"Padre y Decano","url":"https:\/\/www.padreydecano.com\/cms\/","logo":{"@type":"ImageObject","inLanguage":"es","@id":"https:\/\/www.padreydecano.com\/cms\/#\/schema\/logo\/image\/","url":"https:\/\/www.padreydecano.com\/cms\/wp-content\/uploads\/2022\/01\/avatar-square.png","contentUrl":"https:\/\/www.padreydecano.com\/cms\/wp-content\/uploads\/2022\/01\/avatar-square.png","width":1500,"height":1500,"caption":"Padre y Decano"},"image":{"@id":"https:\/\/www.padreydecano.com\/cms\/#\/schema\/logo\/image\/"}},{"@type":"Person","@id":"https:\/\/www.padreydecano.com\/cms\/#\/schema\/person\/1376f1ec91158cca7aeef6d2109f929d","name":"fishoapyd","image":{"@type":"ImageObject","inLanguage":"es","@id":"https:\/\/www.padreydecano.com\/cms\/#\/schema\/person\/image\/","url":"https:\/\/www.padreydecano.com\/cms\/wp-content\/uploads\/2022\/12\/avatar-square-1.png","contentUrl":"https:\/\/www.padreydecano.com\/cms\/wp-content\/uploads\/2022\/12\/avatar-square-1.png","caption":"fishoapyd"},"sameAs":["http:\/\/www.padreydecano.com"]}]}},"_links":{"self":[{"href":"https:\/\/www.padreydecano.com\/cms\/wp-json\/wp\/v2\/posts\/32675"}],"collection":[{"href":"https:\/\/www.padreydecano.com\/cms\/wp-json\/wp\/v2\/posts"}],"about":[{"href":"https:\/\/www.padreydecano.com\/cms\/wp-json\/wp\/v2\/types\/post"}],"author":[{"embeddable":true,"href":"https:\/\/www.padreydecano.com\/cms\/wp-json\/wp\/v2\/users\/10"}],"replies":[{"embeddable":true,"href":"https:\/\/www.padreydecano.com\/cms\/wp-json\/wp\/v2\/comments?post=32675"}],"version-history":[{"count":0,"href":"https:\/\/www.padreydecano.com\/cms\/wp-json\/wp\/v2\/posts\/32675\/revisions"}],"wp:featuredmedia":[{"embeddable":true,"href":"https:\/\/www.padreydecano.com\/cms\/wp-json\/wp\/v2\/media\/32678"}],"wp:attachment":[{"href":"https:\/\/www.padreydecano.com\/cms\/wp-json\/wp\/v2\/media?parent=32675"}],"wp:term":[{"taxonomy":"category","embeddable":true,"href":"https:\/\/www.padreydecano.com\/cms\/wp-json\/wp\/v2\/categories?post=32675"},{"taxonomy":"post_tag","embeddable":true,"href":"https:\/\/www.padreydecano.com\/cms\/wp-json\/wp\/v2\/tags?post=32675"}],"curies":[{"name":"wp","href":"https:\/\/api.w.org\/{rel}","templated":true}]}}