{"id":32203,"date":"2012-10-24T18:00:39","date_gmt":"2012-10-24T20:00:39","guid":{"rendered":"http:\/\/www.padreydecano.com\/cms\/?p=32203"},"modified":"2012-10-29T19:31:14","modified_gmt":"2012-10-29T21:31:14","slug":"la-pena-de-san-ramon-prepara-lanzamiento-oficial","status":"publish","type":"post","link":"https:\/\/www.padreydecano.com\/cms\/penas\/la-pena-de-san-ramon-prepara-lanzamiento-oficial\/","title":{"rendered":"La Pe\u00f1a de San Ram\u00f3n prepara lanzamiento oficial"},"content":{"rendered":"<p style=\"text-align: justify;\"><img loading=\"lazy\" decoding=\"async\" class=\"alignright  wp-image-32205\" src=\"https:\/\/www.padreydecano.com\/cms\/wp-content\/uploads\/2012\/10\/389918_107605882691282_930800285_n-300x300.jpg\" alt=\"\" width=\"240\" height=\"240\" srcset=\"https:\/\/www.padreydecano.com\/cms\/wp-content\/uploads\/2012\/10\/389918_107605882691282_930800285_n-300x300.jpg 300w, https:\/\/www.padreydecano.com\/cms\/wp-content\/uploads\/2012\/10\/389918_107605882691282_930800285_n-150x150.jpg 150w, https:\/\/www.padreydecano.com\/cms\/wp-content\/uploads\/2012\/10\/389918_107605882691282_930800285_n-36x36.jpg 36w, https:\/\/www.padreydecano.com\/cms\/wp-content\/uploads\/2012\/10\/389918_107605882691282_930800285_n-115x115.jpg 115w, https:\/\/www.padreydecano.com\/cms\/wp-content\/uploads\/2012\/10\/389918_107605882691282_930800285_n.jpg 960w\" sizes=\"(max-width: 240px) 100vw, 240px\" \/><strong>La Pe\u00f1a de San Ram\u00f3n<\/strong>\u00a0(Canelones) fue oficializada el 1\u00b0 de diciembre de 2011 y lleva el nombre de\u00a0<strong>\u00abJulio C\u00e9sar Abbadie\u00bb<\/strong>. La misma est\u00e1 preparando su lanzamiento oficial para el\u00a0<strong>viernes 26<\/strong>\u00a0de octubre a las <strong>21 horas<\/strong> en el <strong>Club Centro Uni\u00f3n<\/strong> de San Ram\u00f3n. La entrada ser\u00e1 un alimento no perecedero.<\/p>\n<p style=\"text-align: justify;\">La idea de la Pe\u00f1a es reunir glorias del club que difieran generacionalmente. Para ello, algunos de los nombres que suenan son: <a href=\"https:\/\/www.padreydecano.com\/cms\/idolos\/nestor-goncalves\/\" target=\"_blank\">\u00abTito\u00bb Gon\u00e7\u00e1lves<\/a>, \u00abLito\u00bb Silva, Pablo Forl\u00e1n, Jos\u00e9 Perdomo, Robert Lima, <a href=\"https:\/\/www.padreydecano.com\/cms\/idolos\/fernando-morena\/\" target=\"_blank\">Fernando Morena<\/a>, el <a title=\"Walter Olivera\" href=\"https:\/\/www.padreydecano.com\/cms\/idolos\/walter-olivera\/\" target=\"_blank\">\u00abIndio\u00bb Olivera<\/a> y Nicol\u00e1s Rotundo entre otros.<\/p>\n<p style=\"text-align: justify;\">La Pe\u00f1a ya ha participado en dos actividades anteriormente. En primera instancia -marzo-, se\u00a0<a href=\"https:\/\/www.padreydecano.com\/cms\/penas\/pena-de-san-ramon-entrega-utiles-escolares\/\" target=\"_blank\">entregaron \u00fatiles escolares<\/a> a los ni\u00f1os para el comienzo de las clases y en segunda instancia -junio- se\u00a0<a href=\"https:\/\/www.padreydecano.com\/cms\/penas\/pena-san-ramon-ayuda-a-hospital-local\/\" target=\"_blank\">restauraron los bancos del Hospital<\/a> de su ciudad.<\/p>\n<p style=\"text-align: justify;\"><span style=\"color: #ffcc02;\"><strong>Padre y Decano<\/strong><\/span> estar\u00e1 presente en dicho evento para acompa\u00f1ar a la Pe\u00f1a en un momento tan especial para ellos.<\/p>\n","protected":false},"excerpt":{"rendered":"<p>La Pe\u00f1a de San Ram\u00f3n\u00a0(Canelones) fue oficializada el 1\u00b0 de diciembre de 2011 y lleva el nombre de\u00a0\u00abJulio C\u00e9sar Abbadie\u00bb. La misma est\u00e1 preparando su lanzamiento oficial para el\u00a0viernes 26\u00a0de octubre a las 21 horas en el Club Centro Uni\u00f3n de San Ram\u00f3n. La entrada ser\u00e1 un alimento no perecedero. La idea de la Pe\u00f1a [&hellip;]<\/p>\n","protected":false},"author":10,"featured_media":32205,"comment_status":"open","ping_status":"closed","sticky":false,"template":"","format":"standard","meta":{"footnotes":""},"categories":[42],"tags":[],"yoast_head":"<!-- This site is optimized with the Yoast SEO plugin v23.2 - https:\/\/yoast.com\/wordpress\/plugins\/seo\/ -->\n<title>La Pe\u00f1a de San Ram\u00f3n prepara lanzamiento oficial - Padre y Decano - El Sitio del Pueblo<\/title>\n<meta name=\"robots\" content=\"index, follow, max-snippet:-1, max-image-preview:large, max-video-preview:-1\" \/>\n<link rel=\"canonical\" href=\"https:\/\/www.padreydecano.com\/cms\/penas\/la-pena-de-san-ramon-prepara-lanzamiento-oficial\/\" \/>\n<meta property=\"og:locale\" content=\"es_ES\" \/>\n<meta property=\"og:type\" content=\"article\" \/>\n<meta property=\"og:title\" content=\"La Pe\u00f1a de San Ram\u00f3n prepara lanzamiento oficial - Padre y Decano - El Sitio del Pueblo\" \/>\n<meta property=\"og:description\" content=\"La Pe\u00f1a de San Ram\u00f3n\u00a0(Canelones) fue oficializada el 1\u00b0 de diciembre de 2011 y lleva el nombre de\u00a0\u00abJulio C\u00e9sar Abbadie\u00bb. La misma est\u00e1 preparando su lanzamiento oficial para el\u00a0viernes 26\u00a0de octubre a las 21 horas en el Club Centro Uni\u00f3n de San Ram\u00f3n. La entrada ser\u00e1 un alimento no perecedero. La idea de la Pe\u00f1a [&hellip;]\" \/>\n<meta property=\"og:url\" content=\"https:\/\/www.padreydecano.com\/cms\/penas\/la-pena-de-san-ramon-prepara-lanzamiento-oficial\/\" \/>\n<meta property=\"og:site_name\" content=\"Padre y Decano - El Sitio del Pueblo\" \/>\n<meta property=\"article:published_time\" content=\"2012-10-24T20:00:39+00:00\" \/>\n<meta property=\"article:modified_time\" content=\"2012-10-29T21:31:14+00:00\" \/>\n<meta property=\"og:image\" content=\"https:\/\/www.padreydecano.com\/cms\/wp-content\/uploads\/2012\/10\/389918_107605882691282_930800285_n.jpg\" \/>\n\t<meta property=\"og:image:width\" content=\"960\" \/>\n\t<meta property=\"og:image:height\" content=\"960\" \/>\n\t<meta property=\"og:image:type\" content=\"image\/jpeg\" \/>\n<meta name=\"author\" content=\"fishoapyd\" \/>\n<meta name=\"twitter:card\" content=\"summary_large_image\" \/>\n<meta name=\"twitter:label1\" content=\"Escrito por\" \/>\n\t<meta name=\"twitter:data1\" content=\"fishoapyd\" \/>\n\t<meta name=\"twitter:label2\" content=\"Tiempo de lectura\" \/>\n\t<meta name=\"twitter:data2\" content=\"1 minuto\" \/>\n<script type=\"application\/ld+json\" class=\"yoast-schema-graph\">{\"@context\":\"https:\/\/schema.org\",\"@graph\":[{\"@type\":\"Article\",\"@id\":\"https:\/\/www.padreydecano.com\/cms\/penas\/la-pena-de-san-ramon-prepara-lanzamiento-oficial\/#article\",\"isPartOf\":{\"@id\":\"https:\/\/www.padreydecano.com\/cms\/penas\/la-pena-de-san-ramon-prepara-lanzamiento-oficial\/\"},\"author\":{\"name\":\"fishoapyd\",\"@id\":\"https:\/\/www.padreydecano.com\/cms\/#\/schema\/person\/1376f1ec91158cca7aeef6d2109f929d\"},\"headline\":\"La Pe\u00f1a de San Ram\u00f3n prepara lanzamiento oficial\",\"datePublished\":\"2012-10-24T20:00:39+00:00\",\"dateModified\":\"2012-10-29T21:31:14+00:00\",\"mainEntityOfPage\":{\"@id\":\"https:\/\/www.padreydecano.com\/cms\/penas\/la-pena-de-san-ramon-prepara-lanzamiento-oficial\/\"},\"wordCount\":175,\"commentCount\":4,\"publisher\":{\"@id\":\"https:\/\/www.padreydecano.com\/cms\/#organization\"},\"image\":{\"@id\":\"https:\/\/www.padreydecano.com\/cms\/penas\/la-pena-de-san-ramon-prepara-lanzamiento-oficial\/#primaryimage\"},\"thumbnailUrl\":\"https:\/\/www.padreydecano.com\/cms\/wp-content\/uploads\/2012\/10\/389918_107605882691282_930800285_n.jpg\",\"articleSection\":[\"Pe\u00f1as\"],\"inLanguage\":\"es\",\"potentialAction\":[{\"@type\":\"CommentAction\",\"name\":\"Comment\",\"target\":[\"https:\/\/www.padreydecano.com\/cms\/penas\/la-pena-de-san-ramon-prepara-lanzamiento-oficial\/#respond\"]}]},{\"@type\":\"WebPage\",\"@id\":\"https:\/\/www.padreydecano.com\/cms\/penas\/la-pena-de-san-ramon-prepara-lanzamiento-oficial\/\",\"url\":\"https:\/\/www.padreydecano.com\/cms\/penas\/la-pena-de-san-ramon-prepara-lanzamiento-oficial\/\",\"name\":\"La Pe\u00f1a de San Ram\u00f3n prepara lanzamiento oficial - Padre y Decano - El Sitio del Pueblo\",\"isPartOf\":{\"@id\":\"https:\/\/www.padreydecano.com\/cms\/#website\"},\"primaryImageOfPage\":{\"@id\":\"https:\/\/www.padreydecano.com\/cms\/penas\/la-pena-de-san-ramon-prepara-lanzamiento-oficial\/#primaryimage\"},\"image\":{\"@id\":\"https:\/\/www.padreydecano.com\/cms\/penas\/la-pena-de-san-ramon-prepara-lanzamiento-oficial\/#primaryimage\"},\"thumbnailUrl\":\"https:\/\/www.padreydecano.com\/cms\/wp-content\/uploads\/2012\/10\/389918_107605882691282_930800285_n.jpg\",\"datePublished\":\"2012-10-24T20:00:39+00:00\",\"dateModified\":\"2012-10-29T21:31:14+00:00\",\"breadcrumb\":{\"@id\":\"https:\/\/www.padreydecano.com\/cms\/penas\/la-pena-de-san-ramon-prepara-lanzamiento-oficial\/#breadcrumb\"},\"inLanguage\":\"es\",\"potentialAction\":[{\"@type\":\"ReadAction\",\"target\":[\"https:\/\/www.padreydecano.com\/cms\/penas\/la-pena-de-san-ramon-prepara-lanzamiento-oficial\/\"]}]},{\"@type\":\"ImageObject\",\"inLanguage\":\"es\",\"@id\":\"https:\/\/www.padreydecano.com\/cms\/penas\/la-pena-de-san-ramon-prepara-lanzamiento-oficial\/#primaryimage\",\"url\":\"https:\/\/www.padreydecano.com\/cms\/wp-content\/uploads\/2012\/10\/389918_107605882691282_930800285_n.jpg\",\"contentUrl\":\"https:\/\/www.padreydecano.com\/cms\/wp-content\/uploads\/2012\/10\/389918_107605882691282_930800285_n.jpg\",\"width\":\"960\",\"height\":\"960\"},{\"@type\":\"BreadcrumbList\",\"@id\":\"https:\/\/www.padreydecano.com\/cms\/penas\/la-pena-de-san-ramon-prepara-lanzamiento-oficial\/#breadcrumb\",\"itemListElement\":[{\"@type\":\"ListItem\",\"position\":1,\"name\":\"Portada\",\"item\":\"https:\/\/www.padreydecano.com\/cms\/\"},{\"@type\":\"ListItem\",\"position\":2,\"name\":\"La Pe\u00f1a de San Ram\u00f3n prepara lanzamiento oficial\"}]},{\"@type\":\"WebSite\",\"@id\":\"https:\/\/www.padreydecano.com\/cms\/#website\",\"url\":\"https:\/\/www.padreydecano.com\/cms\/\",\"name\":\"Padre y Decano - El Sitio del Pueblo\",\"description\":\"Club Atl\u00e9tico Pe\u00f1arol\",\"publisher\":{\"@id\":\"https:\/\/www.padreydecano.com\/cms\/#organization\"},\"potentialAction\":[{\"@type\":\"SearchAction\",\"target\":{\"@type\":\"EntryPoint\",\"urlTemplate\":\"https:\/\/www.padreydecano.com\/cms\/?s={search_term_string}\"},\"query-input\":\"required name=search_term_string\"}],\"inLanguage\":\"es\"},{\"@type\":\"Organization\",\"@id\":\"https:\/\/www.padreydecano.com\/cms\/#organization\",\"name\":\"Padre y Decano\",\"url\":\"https:\/\/www.padreydecano.com\/cms\/\",\"logo\":{\"@type\":\"ImageObject\",\"inLanguage\":\"es\",\"@id\":\"https:\/\/www.padreydecano.com\/cms\/#\/schema\/logo\/image\/\",\"url\":\"https:\/\/www.padreydecano.com\/cms\/wp-content\/uploads\/2022\/01\/avatar-square.png\",\"contentUrl\":\"https:\/\/www.padreydecano.com\/cms\/wp-content\/uploads\/2022\/01\/avatar-square.png\",\"width\":1500,\"height\":1500,\"caption\":\"Padre y Decano\"},\"image\":{\"@id\":\"https:\/\/www.padreydecano.com\/cms\/#\/schema\/logo\/image\/\"}},{\"@type\":\"Person\",\"@id\":\"https:\/\/www.padreydecano.com\/cms\/#\/schema\/person\/1376f1ec91158cca7aeef6d2109f929d\",\"name\":\"fishoapyd\",\"image\":{\"@type\":\"ImageObject\",\"inLanguage\":\"es\",\"@id\":\"https:\/\/www.padreydecano.com\/cms\/#\/schema\/person\/image\/\",\"url\":\"https:\/\/www.padreydecano.com\/cms\/wp-content\/uploads\/2022\/12\/avatar-square-1.png\",\"contentUrl\":\"https:\/\/www.padreydecano.com\/cms\/wp-content\/uploads\/2022\/12\/avatar-square-1.png\",\"caption\":\"fishoapyd\"},\"sameAs\":[\"http:\/\/www.padreydecano.com\"]}]}<\/script>\n<!-- \/ Yoast SEO plugin. -->","yoast_head_json":{"title":"La Pe\u00f1a de San Ram\u00f3n prepara lanzamiento oficial - Padre y Decano - El Sitio del Pueblo","robots":{"index":"index","follow":"follow","max-snippet":"max-snippet:-1","max-image-preview":"max-image-preview:large","max-video-preview":"max-video-preview:-1"},"canonical":"https:\/\/www.padreydecano.com\/cms\/penas\/la-pena-de-san-ramon-prepara-lanzamiento-oficial\/","og_locale":"es_ES","og_type":"article","og_title":"La Pe\u00f1a de San Ram\u00f3n prepara lanzamiento oficial - Padre y Decano - El Sitio del Pueblo","og_description":"La Pe\u00f1a de San Ram\u00f3n\u00a0(Canelones) fue oficializada el 1\u00b0 de diciembre de 2011 y lleva el nombre de\u00a0\u00abJulio C\u00e9sar Abbadie\u00bb. La misma est\u00e1 preparando su lanzamiento oficial para el\u00a0viernes 26\u00a0de octubre a las 21 horas en el Club Centro Uni\u00f3n de San Ram\u00f3n. La entrada ser\u00e1 un alimento no perecedero. La idea de la Pe\u00f1a [&hellip;]","og_url":"https:\/\/www.padreydecano.com\/cms\/penas\/la-pena-de-san-ramon-prepara-lanzamiento-oficial\/","og_site_name":"Padre y Decano - El Sitio del Pueblo","article_published_time":"2012-10-24T20:00:39+00:00","article_modified_time":"2012-10-29T21:31:14+00:00","og_image":[{"width":960,"height":960,"url":"https:\/\/www.padreydecano.com\/cms\/wp-content\/uploads\/2012\/10\/389918_107605882691282_930800285_n.jpg","type":"image\/jpeg"}],"author":"fishoapyd","twitter_card":"summary_large_image","twitter_misc":{"Escrito por":"fishoapyd","Tiempo de lectura":"1 minuto"},"schema":{"@context":"https:\/\/schema.org","@graph":[{"@type":"Article","@id":"https:\/\/www.padreydecano.com\/cms\/penas\/la-pena-de-san-ramon-prepara-lanzamiento-oficial\/#article","isPartOf":{"@id":"https:\/\/www.padreydecano.com\/cms\/penas\/la-pena-de-san-ramon-prepara-lanzamiento-oficial\/"},"author":{"name":"fishoapyd","@id":"https:\/\/www.padreydecano.com\/cms\/#\/schema\/person\/1376f1ec91158cca7aeef6d2109f929d"},"headline":"La Pe\u00f1a de San Ram\u00f3n prepara lanzamiento oficial","datePublished":"2012-10-24T20:00:39+00:00","dateModified":"2012-10-29T21:31:14+00:00","mainEntityOfPage":{"@id":"https:\/\/www.padreydecano.com\/cms\/penas\/la-pena-de-san-ramon-prepara-lanzamiento-oficial\/"},"wordCount":175,"commentCount":4,"publisher":{"@id":"https:\/\/www.padreydecano.com\/cms\/#organization"},"image":{"@id":"https:\/\/www.padreydecano.com\/cms\/penas\/la-pena-de-san-ramon-prepara-lanzamiento-oficial\/#primaryimage"},"thumbnailUrl":"https:\/\/www.padreydecano.com\/cms\/wp-content\/uploads\/2012\/10\/389918_107605882691282_930800285_n.jpg","articleSection":["Pe\u00f1as"],"inLanguage":"es","potentialAction":[{"@type":"CommentAction","name":"Comment","target":["https:\/\/www.padreydecano.com\/cms\/penas\/la-pena-de-san-ramon-prepara-lanzamiento-oficial\/#respond"]}]},{"@type":"WebPage","@id":"https:\/\/www.padreydecano.com\/cms\/penas\/la-pena-de-san-ramon-prepara-lanzamiento-oficial\/","url":"https:\/\/www.padreydecano.com\/cms\/penas\/la-pena-de-san-ramon-prepara-lanzamiento-oficial\/","name":"La Pe\u00f1a de San Ram\u00f3n prepara lanzamiento oficial - Padre y Decano - El Sitio del Pueblo","isPartOf":{"@id":"https:\/\/www.padreydecano.com\/cms\/#website"},"primaryImageOfPage":{"@id":"https:\/\/www.padreydecano.com\/cms\/penas\/la-pena-de-san-ramon-prepara-lanzamiento-oficial\/#primaryimage"},"image":{"@id":"https:\/\/www.padreydecano.com\/cms\/penas\/la-pena-de-san-ramon-prepara-lanzamiento-oficial\/#primaryimage"},"thumbnailUrl":"https:\/\/www.padreydecano.com\/cms\/wp-content\/uploads\/2012\/10\/389918_107605882691282_930800285_n.jpg","datePublished":"2012-10-24T20:00:39+00:00","dateModified":"2012-10-29T21:31:14+00:00","breadcrumb":{"@id":"https:\/\/www.padreydecano.com\/cms\/penas\/la-pena-de-san-ramon-prepara-lanzamiento-oficial\/#breadcrumb"},"inLanguage":"es","potentialAction":[{"@type":"ReadAction","target":["https:\/\/www.padreydecano.com\/cms\/penas\/la-pena-de-san-ramon-prepara-lanzamiento-oficial\/"]}]},{"@type":"ImageObject","inLanguage":"es","@id":"https:\/\/www.padreydecano.com\/cms\/penas\/la-pena-de-san-ramon-prepara-lanzamiento-oficial\/#primaryimage","url":"https:\/\/www.padreydecano.com\/cms\/wp-content\/uploads\/2012\/10\/389918_107605882691282_930800285_n.jpg","contentUrl":"https:\/\/www.padreydecano.com\/cms\/wp-content\/uploads\/2012\/10\/389918_107605882691282_930800285_n.jpg","width":"960","height":"960"},{"@type":"BreadcrumbList","@id":"https:\/\/www.padreydecano.com\/cms\/penas\/la-pena-de-san-ramon-prepara-lanzamiento-oficial\/#breadcrumb","itemListElement":[{"@type":"ListItem","position":1,"name":"Portada","item":"https:\/\/www.padreydecano.com\/cms\/"},{"@type":"ListItem","position":2,"name":"La Pe\u00f1a de San Ram\u00f3n prepara lanzamiento oficial"}]},{"@type":"WebSite","@id":"https:\/\/www.padreydecano.com\/cms\/#website","url":"https:\/\/www.padreydecano.com\/cms\/","name":"Padre y Decano - El Sitio del Pueblo","description":"Club Atl\u00e9tico Pe\u00f1arol","publisher":{"@id":"https:\/\/www.padreydecano.com\/cms\/#organization"},"potentialAction":[{"@type":"SearchAction","target":{"@type":"EntryPoint","urlTemplate":"https:\/\/www.padreydecano.com\/cms\/?s={search_term_string}"},"query-input":"required name=search_term_string"}],"inLanguage":"es"},{"@type":"Organization","@id":"https:\/\/www.padreydecano.com\/cms\/#organization","name":"Padre y Decano","url":"https:\/\/www.padreydecano.com\/cms\/","logo":{"@type":"ImageObject","inLanguage":"es","@id":"https:\/\/www.padreydecano.com\/cms\/#\/schema\/logo\/image\/","url":"https:\/\/www.padreydecano.com\/cms\/wp-content\/uploads\/2022\/01\/avatar-square.png","contentUrl":"https:\/\/www.padreydecano.com\/cms\/wp-content\/uploads\/2022\/01\/avatar-square.png","width":1500,"height":1500,"caption":"Padre y Decano"},"image":{"@id":"https:\/\/www.padreydecano.com\/cms\/#\/schema\/logo\/image\/"}},{"@type":"Person","@id":"https:\/\/www.padreydecano.com\/cms\/#\/schema\/person\/1376f1ec91158cca7aeef6d2109f929d","name":"fishoapyd","image":{"@type":"ImageObject","inLanguage":"es","@id":"https:\/\/www.padreydecano.com\/cms\/#\/schema\/person\/image\/","url":"https:\/\/www.padreydecano.com\/cms\/wp-content\/uploads\/2022\/12\/avatar-square-1.png","contentUrl":"https:\/\/www.padreydecano.com\/cms\/wp-content\/uploads\/2022\/12\/avatar-square-1.png","caption":"fishoapyd"},"sameAs":["http:\/\/www.padreydecano.com"]}]}},"_links":{"self":[{"href":"https:\/\/www.padreydecano.com\/cms\/wp-json\/wp\/v2\/posts\/32203"}],"collection":[{"href":"https:\/\/www.padreydecano.com\/cms\/wp-json\/wp\/v2\/posts"}],"about":[{"href":"https:\/\/www.padreydecano.com\/cms\/wp-json\/wp\/v2\/types\/post"}],"author":[{"embeddable":true,"href":"https:\/\/www.padreydecano.com\/cms\/wp-json\/wp\/v2\/users\/10"}],"replies":[{"embeddable":true,"href":"https:\/\/www.padreydecano.com\/cms\/wp-json\/wp\/v2\/comments?post=32203"}],"version-history":[{"count":0,"href":"https:\/\/www.padreydecano.com\/cms\/wp-json\/wp\/v2\/posts\/32203\/revisions"}],"wp:featuredmedia":[{"embeddable":true,"href":"https:\/\/www.padreydecano.com\/cms\/wp-json\/wp\/v2\/media\/32205"}],"wp:attachment":[{"href":"https:\/\/www.padreydecano.com\/cms\/wp-json\/wp\/v2\/media?parent=32203"}],"wp:term":[{"taxonomy":"category","embeddable":true,"href":"https:\/\/www.padreydecano.com\/cms\/wp-json\/wp\/v2\/categories?post=32203"},{"taxonomy":"post_tag","embeddable":true,"href":"https:\/\/www.padreydecano.com\/cms\/wp-json\/wp\/v2\/tags?post=32203"}],"curies":[{"name":"wp","href":"https:\/\/api.w.org\/{rel}","templated":true}]}}