{"id":31454,"date":"2012-10-08T10:20:47","date_gmt":"2012-10-08T12:20:47","guid":{"rendered":"http:\/\/www.padreydecano.com\/cms\/?p=31454"},"modified":"2012-10-08T10:21:32","modified_gmt":"2012-10-08T12:21:32","slug":"entrenamientos-8-al-12-de-octubre","status":"publish","type":"post","link":"https:\/\/www.padreydecano.com\/cms\/los-aromos\/entrenamientos-8-al-12-de-octubre\/","title":{"rendered":"Entrenamientos (8 al 12 de octubre)"},"content":{"rendered":"<p style=\"text-align: justify;\"><span style=\"text-decoration: underline;\"><a href=\"https:\/\/www.padreydecano.com\/cms\/wp-content\/uploads\/2012\/07\/DSC_0272-Copiar.jpg\" rel=\"shadowbox[sbpost-31454];player=img;\"><img loading=\"lazy\" decoding=\"async\" class=\"alignright  wp-image-26056\" src=\"https:\/\/www.padreydecano.com\/cms\/wp-content\/uploads\/2012\/07\/DSC_0272-Copiar-300x199.jpg\" alt=\"\" width=\"240\" height=\"159\" srcset=\"https:\/\/www.padreydecano.com\/cms\/wp-content\/uploads\/2012\/07\/DSC_0272-Copiar-300x199.jpg 300w, https:\/\/www.padreydecano.com\/cms\/wp-content\/uploads\/2012\/07\/DSC_0272-Copiar.jpg 800w\" sizes=\"(max-width: 240px) 100vw, 240px\" \/><\/a><\/span>Compartimos a continuaci\u00f3n los detalles de los entrenamientos del plantel principal para esta semana (8 al 12 de octubre). La informaci\u00f3n es la brindada por el departamento de prensa del club.<\/p>\n<p style=\"text-align: justify;\">El plantel principal de Pe\u00f1arol vuelve a los entrenamientos este lunes, tuvieron libre este domingo luego de la <a href=\"https:\/\/www.padreydecano.com\/cms\/partidos\/aparecieron-las-dos-torres\/\" target=\"_blank\">victoria por 3 a 0 frente a Central Espa\u00f1ol<\/a>\u00a0por la sexta fecha del Apertura 2012.\u00a0El\u00a0<a href=\"https:\/\/www.padreydecano.com\/cms\/calendario\/\" target=\"_blank\">calendario<\/a>\u00a0marca que el pr\u00f3ximo rival ser\u00e1 Cerro Largo. El partido se jugar\u00e1 el s\u00e1bado 13 de octubre a las 18 hs en el Estadio Ubilla de Melo.<\/p>\n<p style=\"text-align: justify;\">El r\u00e9gimen de entrenamientos ser\u00e1 el siguiente:<\/p>\n<p><strong>Lunes<\/strong><strong>\u00a0 &#8211; Simple<br \/>\n<\/strong><\/p>\n<ul>\n<li>Abierto a socios<\/li>\n<li>Matutino 9:30 hs<\/li>\n<li>Atenci\u00f3n a la Prensa hora 9:00 hs<\/li>\n<\/ul>\n<p><strong>Martes<\/strong><strong> \u2013 Doble horario:<br \/>\n<\/strong><\/p>\n<ul>\n<li>Abierto a socios<\/li>\n<li>Matutino 9:30 hs<\/li>\n<li>Atenci\u00f3n a la Prensa hora 09:00 hs<\/li>\n<li>Vespertino 15:30 hs<\/li>\n<li>No hay atenci\u00f3n al t\u00e9rmino del entrenamiento matutino<\/li>\n<\/ul>\n<p><strong>Mi\u00e9rcoles<\/strong><strong> \u2013 \u00a0Simple<\/strong><\/p>\n<ul>\n<li>Cerrado<\/li>\n<li>Vespertino 15:30 hs<\/li>\n<li>Sin atenci\u00f3n<\/li>\n<\/ul>\n<p><strong>Jueves<\/strong><strong>\u00a0 \u2013 Simple<br \/>\n<\/strong><\/p>\n<ul>\n<li>Cerrado<\/li>\n<li>Matutino 9:30 hs<\/li>\n<li>Sin atenci\u00f3n<\/li>\n<\/ul>\n<p><strong>Viernes\u00a0<\/strong><strong>\u2013 Simple<br \/>\n<\/strong><\/p>\n<ul>\n<li>Cerrado<\/li>\n<li>Matutino 9:30 hs<\/li>\n<li>Sin atenci\u00f3n<\/li>\n<\/ul>\n<p><strong>El plantel viaja a la ciudad de Melo luego del almuerzo<\/strong><\/p>\n","protected":false},"excerpt":{"rendered":"<p>Compartimos a continuaci\u00f3n los detalles de los entrenamientos del plantel principal para esta semana (8 al 12 de octubre). La informaci\u00f3n es la brindada por el departamento de prensa del club. El plantel principal de Pe\u00f1arol vuelve a los entrenamientos este lunes, tuvieron libre este domingo luego de la victoria por 3 a 0 frente [&hellip;]<\/p>\n","protected":false},"author":2,"featured_media":20368,"comment_status":"open","ping_status":"closed","sticky":false,"template":"","format":"standard","meta":{"footnotes":""},"categories":[7],"tags":[],"yoast_head":"<!-- This site is optimized with the Yoast SEO plugin v23.2 - https:\/\/yoast.com\/wordpress\/plugins\/seo\/ -->\n<title>Entrenamientos (8 al 12 de octubre) - Padre y Decano - El Sitio del Pueblo<\/title>\n<meta name=\"robots\" content=\"index, follow, max-snippet:-1, max-image-preview:large, max-video-preview:-1\" \/>\n<link rel=\"canonical\" href=\"https:\/\/www.padreydecano.com\/cms\/los-aromos\/entrenamientos-8-al-12-de-octubre\/\" \/>\n<meta property=\"og:locale\" content=\"es_ES\" \/>\n<meta property=\"og:type\" content=\"article\" \/>\n<meta property=\"og:title\" content=\"Entrenamientos (8 al 12 de octubre) - Padre y Decano - El Sitio del Pueblo\" \/>\n<meta property=\"og:description\" content=\"Compartimos a continuaci\u00f3n los detalles de los entrenamientos del plantel principal para esta semana (8 al 12 de octubre). La informaci\u00f3n es la brindada por el departamento de prensa del club. El plantel principal de Pe\u00f1arol vuelve a los entrenamientos este lunes, tuvieron libre este domingo luego de la victoria por 3 a 0 frente [&hellip;]\" \/>\n<meta property=\"og:url\" content=\"https:\/\/www.padreydecano.com\/cms\/los-aromos\/entrenamientos-8-al-12-de-octubre\/\" \/>\n<meta property=\"og:site_name\" content=\"Padre y Decano - El Sitio del Pueblo\" \/>\n<meta property=\"article:published_time\" content=\"2012-10-08T12:20:47+00:00\" \/>\n<meta property=\"article:modified_time\" content=\"2012-10-08T12:21:32+00:00\" \/>\n<meta property=\"og:image\" content=\"https:\/\/www.padreydecano.com\/cms\/wp-content\/uploads\/2012\/03\/DSC_0877-Copiar.jpg\" \/>\n\t<meta property=\"og:image:width\" content=\"800\" \/>\n\t<meta property=\"og:image:height\" content=\"530\" \/>\n\t<meta property=\"og:image:type\" content=\"image\/jpeg\" \/>\n<meta name=\"author\" content=\"Gonzalo16\" \/>\n<meta name=\"twitter:card\" content=\"summary_large_image\" \/>\n<meta name=\"twitter:label1\" content=\"Escrito por\" \/>\n\t<meta name=\"twitter:data1\" content=\"Gonzalo16\" \/>\n\t<meta name=\"twitter:label2\" content=\"Tiempo de lectura\" \/>\n\t<meta name=\"twitter:data2\" content=\"1 minuto\" \/>\n<script type=\"application\/ld+json\" class=\"yoast-schema-graph\">{\"@context\":\"https:\/\/schema.org\",\"@graph\":[{\"@type\":\"Article\",\"@id\":\"https:\/\/www.padreydecano.com\/cms\/los-aromos\/entrenamientos-8-al-12-de-octubre\/#article\",\"isPartOf\":{\"@id\":\"https:\/\/www.padreydecano.com\/cms\/los-aromos\/entrenamientos-8-al-12-de-octubre\/\"},\"author\":{\"name\":\"Gonzalo16\",\"@id\":\"https:\/\/www.padreydecano.com\/cms\/#\/schema\/person\/7fe41e3e335700ebd387196df2f9a8d4\"},\"headline\":\"Entrenamientos (8 al 12 de octubre)\",\"datePublished\":\"2012-10-08T12:20:47+00:00\",\"dateModified\":\"2012-10-08T12:21:32+00:00\",\"mainEntityOfPage\":{\"@id\":\"https:\/\/www.padreydecano.com\/cms\/los-aromos\/entrenamientos-8-al-12-de-octubre\/\"},\"wordCount\":183,\"commentCount\":8,\"publisher\":{\"@id\":\"https:\/\/www.padreydecano.com\/cms\/#organization\"},\"image\":{\"@id\":\"https:\/\/www.padreydecano.com\/cms\/los-aromos\/entrenamientos-8-al-12-de-octubre\/#primaryimage\"},\"thumbnailUrl\":\"https:\/\/www.padreydecano.com\/cms\/wp-content\/uploads\/2012\/03\/DSC_0877-Copiar.jpg\",\"articleSection\":[\"Los Aromos\"],\"inLanguage\":\"es\",\"potentialAction\":[{\"@type\":\"CommentAction\",\"name\":\"Comment\",\"target\":[\"https:\/\/www.padreydecano.com\/cms\/los-aromos\/entrenamientos-8-al-12-de-octubre\/#respond\"]}]},{\"@type\":\"WebPage\",\"@id\":\"https:\/\/www.padreydecano.com\/cms\/los-aromos\/entrenamientos-8-al-12-de-octubre\/\",\"url\":\"https:\/\/www.padreydecano.com\/cms\/los-aromos\/entrenamientos-8-al-12-de-octubre\/\",\"name\":\"Entrenamientos (8 al 12 de octubre) - Padre y Decano - El Sitio del Pueblo\",\"isPartOf\":{\"@id\":\"https:\/\/www.padreydecano.com\/cms\/#website\"},\"primaryImageOfPage\":{\"@id\":\"https:\/\/www.padreydecano.com\/cms\/los-aromos\/entrenamientos-8-al-12-de-octubre\/#primaryimage\"},\"image\":{\"@id\":\"https:\/\/www.padreydecano.com\/cms\/los-aromos\/entrenamientos-8-al-12-de-octubre\/#primaryimage\"},\"thumbnailUrl\":\"https:\/\/www.padreydecano.com\/cms\/wp-content\/uploads\/2012\/03\/DSC_0877-Copiar.jpg\",\"datePublished\":\"2012-10-08T12:20:47+00:00\",\"dateModified\":\"2012-10-08T12:21:32+00:00\",\"breadcrumb\":{\"@id\":\"https:\/\/www.padreydecano.com\/cms\/los-aromos\/entrenamientos-8-al-12-de-octubre\/#breadcrumb\"},\"inLanguage\":\"es\",\"potentialAction\":[{\"@type\":\"ReadAction\",\"target\":[\"https:\/\/www.padreydecano.com\/cms\/los-aromos\/entrenamientos-8-al-12-de-octubre\/\"]}]},{\"@type\":\"ImageObject\",\"inLanguage\":\"es\",\"@id\":\"https:\/\/www.padreydecano.com\/cms\/los-aromos\/entrenamientos-8-al-12-de-octubre\/#primaryimage\",\"url\":\"https:\/\/www.padreydecano.com\/cms\/wp-content\/uploads\/2012\/03\/DSC_0877-Copiar.jpg\",\"contentUrl\":\"https:\/\/www.padreydecano.com\/cms\/wp-content\/uploads\/2012\/03\/DSC_0877-Copiar.jpg\",\"width\":\"800\",\"height\":\"530\"},{\"@type\":\"BreadcrumbList\",\"@id\":\"https:\/\/www.padreydecano.com\/cms\/los-aromos\/entrenamientos-8-al-12-de-octubre\/#breadcrumb\",\"itemListElement\":[{\"@type\":\"ListItem\",\"position\":1,\"name\":\"Portada\",\"item\":\"https:\/\/www.padreydecano.com\/cms\/\"},{\"@type\":\"ListItem\",\"position\":2,\"name\":\"Entrenamientos (8 al 12 de octubre)\"}]},{\"@type\":\"WebSite\",\"@id\":\"https:\/\/www.padreydecano.com\/cms\/#website\",\"url\":\"https:\/\/www.padreydecano.com\/cms\/\",\"name\":\"Padre y Decano - El Sitio del Pueblo\",\"description\":\"Club Atl\u00e9tico Pe\u00f1arol\",\"publisher\":{\"@id\":\"https:\/\/www.padreydecano.com\/cms\/#organization\"},\"potentialAction\":[{\"@type\":\"SearchAction\",\"target\":{\"@type\":\"EntryPoint\",\"urlTemplate\":\"https:\/\/www.padreydecano.com\/cms\/?s={search_term_string}\"},\"query-input\":\"required name=search_term_string\"}],\"inLanguage\":\"es\"},{\"@type\":\"Organization\",\"@id\":\"https:\/\/www.padreydecano.com\/cms\/#organization\",\"name\":\"Padre y Decano\",\"url\":\"https:\/\/www.padreydecano.com\/cms\/\",\"logo\":{\"@type\":\"ImageObject\",\"inLanguage\":\"es\",\"@id\":\"https:\/\/www.padreydecano.com\/cms\/#\/schema\/logo\/image\/\",\"url\":\"https:\/\/www.padreydecano.com\/cms\/wp-content\/uploads\/2022\/01\/avatar-square.png\",\"contentUrl\":\"https:\/\/www.padreydecano.com\/cms\/wp-content\/uploads\/2022\/01\/avatar-square.png\",\"width\":1500,\"height\":1500,\"caption\":\"Padre y Decano\"},\"image\":{\"@id\":\"https:\/\/www.padreydecano.com\/cms\/#\/schema\/logo\/image\/\"}},{\"@type\":\"Person\",\"@id\":\"https:\/\/www.padreydecano.com\/cms\/#\/schema\/person\/7fe41e3e335700ebd387196df2f9a8d4\",\"name\":\"Gonzalo16\",\"image\":{\"@type\":\"ImageObject\",\"inLanguage\":\"es\",\"@id\":\"https:\/\/www.padreydecano.com\/cms\/#\/schema\/person\/image\/\",\"url\":\"https:\/\/secure.gravatar.com\/avatar\/4d5cdd49803a2313c01f77e3dfc05d81?s=96&d=https%3A%2F%2Fpadreydecano.com%2Fcms%2Fwp-content%2Fthemes%2Fpyd-theme%2Fimg%2Fdefault-avatar.png&r=g\",\"contentUrl\":\"https:\/\/secure.gravatar.com\/avatar\/4d5cdd49803a2313c01f77e3dfc05d81?s=96&d=https%3A%2F%2Fpadreydecano.com%2Fcms%2Fwp-content%2Fthemes%2Fpyd-theme%2Fimg%2Fdefault-avatar.png&r=g\",\"caption\":\"Gonzalo16\"}}]}<\/script>\n<!-- \/ Yoast SEO plugin. -->","yoast_head_json":{"title":"Entrenamientos (8 al 12 de octubre) - Padre y Decano - El Sitio del Pueblo","robots":{"index":"index","follow":"follow","max-snippet":"max-snippet:-1","max-image-preview":"max-image-preview:large","max-video-preview":"max-video-preview:-1"},"canonical":"https:\/\/www.padreydecano.com\/cms\/los-aromos\/entrenamientos-8-al-12-de-octubre\/","og_locale":"es_ES","og_type":"article","og_title":"Entrenamientos (8 al 12 de octubre) - Padre y Decano - El Sitio del Pueblo","og_description":"Compartimos a continuaci\u00f3n los detalles de los entrenamientos del plantel principal para esta semana (8 al 12 de octubre). La informaci\u00f3n es la brindada por el departamento de prensa del club. El plantel principal de Pe\u00f1arol vuelve a los entrenamientos este lunes, tuvieron libre este domingo luego de la victoria por 3 a 0 frente [&hellip;]","og_url":"https:\/\/www.padreydecano.com\/cms\/los-aromos\/entrenamientos-8-al-12-de-octubre\/","og_site_name":"Padre y Decano - El Sitio del Pueblo","article_published_time":"2012-10-08T12:20:47+00:00","article_modified_time":"2012-10-08T12:21:32+00:00","og_image":[{"width":800,"height":530,"url":"https:\/\/www.padreydecano.com\/cms\/wp-content\/uploads\/2012\/03\/DSC_0877-Copiar.jpg","type":"image\/jpeg"}],"author":"Gonzalo16","twitter_card":"summary_large_image","twitter_misc":{"Escrito por":"Gonzalo16","Tiempo de lectura":"1 minuto"},"schema":{"@context":"https:\/\/schema.org","@graph":[{"@type":"Article","@id":"https:\/\/www.padreydecano.com\/cms\/los-aromos\/entrenamientos-8-al-12-de-octubre\/#article","isPartOf":{"@id":"https:\/\/www.padreydecano.com\/cms\/los-aromos\/entrenamientos-8-al-12-de-octubre\/"},"author":{"name":"Gonzalo16","@id":"https:\/\/www.padreydecano.com\/cms\/#\/schema\/person\/7fe41e3e335700ebd387196df2f9a8d4"},"headline":"Entrenamientos (8 al 12 de octubre)","datePublished":"2012-10-08T12:20:47+00:00","dateModified":"2012-10-08T12:21:32+00:00","mainEntityOfPage":{"@id":"https:\/\/www.padreydecano.com\/cms\/los-aromos\/entrenamientos-8-al-12-de-octubre\/"},"wordCount":183,"commentCount":8,"publisher":{"@id":"https:\/\/www.padreydecano.com\/cms\/#organization"},"image":{"@id":"https:\/\/www.padreydecano.com\/cms\/los-aromos\/entrenamientos-8-al-12-de-octubre\/#primaryimage"},"thumbnailUrl":"https:\/\/www.padreydecano.com\/cms\/wp-content\/uploads\/2012\/03\/DSC_0877-Copiar.jpg","articleSection":["Los Aromos"],"inLanguage":"es","potentialAction":[{"@type":"CommentAction","name":"Comment","target":["https:\/\/www.padreydecano.com\/cms\/los-aromos\/entrenamientos-8-al-12-de-octubre\/#respond"]}]},{"@type":"WebPage","@id":"https:\/\/www.padreydecano.com\/cms\/los-aromos\/entrenamientos-8-al-12-de-octubre\/","url":"https:\/\/www.padreydecano.com\/cms\/los-aromos\/entrenamientos-8-al-12-de-octubre\/","name":"Entrenamientos (8 al 12 de octubre) - Padre y Decano - El Sitio del Pueblo","isPartOf":{"@id":"https:\/\/www.padreydecano.com\/cms\/#website"},"primaryImageOfPage":{"@id":"https:\/\/www.padreydecano.com\/cms\/los-aromos\/entrenamientos-8-al-12-de-octubre\/#primaryimage"},"image":{"@id":"https:\/\/www.padreydecano.com\/cms\/los-aromos\/entrenamientos-8-al-12-de-octubre\/#primaryimage"},"thumbnailUrl":"https:\/\/www.padreydecano.com\/cms\/wp-content\/uploads\/2012\/03\/DSC_0877-Copiar.jpg","datePublished":"2012-10-08T12:20:47+00:00","dateModified":"2012-10-08T12:21:32+00:00","breadcrumb":{"@id":"https:\/\/www.padreydecano.com\/cms\/los-aromos\/entrenamientos-8-al-12-de-octubre\/#breadcrumb"},"inLanguage":"es","potentialAction":[{"@type":"ReadAction","target":["https:\/\/www.padreydecano.com\/cms\/los-aromos\/entrenamientos-8-al-12-de-octubre\/"]}]},{"@type":"ImageObject","inLanguage":"es","@id":"https:\/\/www.padreydecano.com\/cms\/los-aromos\/entrenamientos-8-al-12-de-octubre\/#primaryimage","url":"https:\/\/www.padreydecano.com\/cms\/wp-content\/uploads\/2012\/03\/DSC_0877-Copiar.jpg","contentUrl":"https:\/\/www.padreydecano.com\/cms\/wp-content\/uploads\/2012\/03\/DSC_0877-Copiar.jpg","width":"800","height":"530"},{"@type":"BreadcrumbList","@id":"https:\/\/www.padreydecano.com\/cms\/los-aromos\/entrenamientos-8-al-12-de-octubre\/#breadcrumb","itemListElement":[{"@type":"ListItem","position":1,"name":"Portada","item":"https:\/\/www.padreydecano.com\/cms\/"},{"@type":"ListItem","position":2,"name":"Entrenamientos (8 al 12 de octubre)"}]},{"@type":"WebSite","@id":"https:\/\/www.padreydecano.com\/cms\/#website","url":"https:\/\/www.padreydecano.com\/cms\/","name":"Padre y Decano - El Sitio del Pueblo","description":"Club Atl\u00e9tico Pe\u00f1arol","publisher":{"@id":"https:\/\/www.padreydecano.com\/cms\/#organization"},"potentialAction":[{"@type":"SearchAction","target":{"@type":"EntryPoint","urlTemplate":"https:\/\/www.padreydecano.com\/cms\/?s={search_term_string}"},"query-input":"required name=search_term_string"}],"inLanguage":"es"},{"@type":"Organization","@id":"https:\/\/www.padreydecano.com\/cms\/#organization","name":"Padre y Decano","url":"https:\/\/www.padreydecano.com\/cms\/","logo":{"@type":"ImageObject","inLanguage":"es","@id":"https:\/\/www.padreydecano.com\/cms\/#\/schema\/logo\/image\/","url":"https:\/\/www.padreydecano.com\/cms\/wp-content\/uploads\/2022\/01\/avatar-square.png","contentUrl":"https:\/\/www.padreydecano.com\/cms\/wp-content\/uploads\/2022\/01\/avatar-square.png","width":1500,"height":1500,"caption":"Padre y Decano"},"image":{"@id":"https:\/\/www.padreydecano.com\/cms\/#\/schema\/logo\/image\/"}},{"@type":"Person","@id":"https:\/\/www.padreydecano.com\/cms\/#\/schema\/person\/7fe41e3e335700ebd387196df2f9a8d4","name":"Gonzalo16","image":{"@type":"ImageObject","inLanguage":"es","@id":"https:\/\/www.padreydecano.com\/cms\/#\/schema\/person\/image\/","url":"https:\/\/secure.gravatar.com\/avatar\/4d5cdd49803a2313c01f77e3dfc05d81?s=96&d=https%3A%2F%2Fpadreydecano.com%2Fcms%2Fwp-content%2Fthemes%2Fpyd-theme%2Fimg%2Fdefault-avatar.png&r=g","contentUrl":"https:\/\/secure.gravatar.com\/avatar\/4d5cdd49803a2313c01f77e3dfc05d81?s=96&d=https%3A%2F%2Fpadreydecano.com%2Fcms%2Fwp-content%2Fthemes%2Fpyd-theme%2Fimg%2Fdefault-avatar.png&r=g","caption":"Gonzalo16"}}]}},"_links":{"self":[{"href":"https:\/\/www.padreydecano.com\/cms\/wp-json\/wp\/v2\/posts\/31454"}],"collection":[{"href":"https:\/\/www.padreydecano.com\/cms\/wp-json\/wp\/v2\/posts"}],"about":[{"href":"https:\/\/www.padreydecano.com\/cms\/wp-json\/wp\/v2\/types\/post"}],"author":[{"embeddable":true,"href":"https:\/\/www.padreydecano.com\/cms\/wp-json\/wp\/v2\/users\/2"}],"replies":[{"embeddable":true,"href":"https:\/\/www.padreydecano.com\/cms\/wp-json\/wp\/v2\/comments?post=31454"}],"version-history":[{"count":0,"href":"https:\/\/www.padreydecano.com\/cms\/wp-json\/wp\/v2\/posts\/31454\/revisions"}],"wp:featuredmedia":[{"embeddable":true,"href":"https:\/\/www.padreydecano.com\/cms\/wp-json\/wp\/v2\/media\/20368"}],"wp:attachment":[{"href":"https:\/\/www.padreydecano.com\/cms\/wp-json\/wp\/v2\/media?parent=31454"}],"wp:term":[{"taxonomy":"category","embeddable":true,"href":"https:\/\/www.padreydecano.com\/cms\/wp-json\/wp\/v2\/categories?post=31454"},{"taxonomy":"post_tag","embeddable":true,"href":"https:\/\/www.padreydecano.com\/cms\/wp-json\/wp\/v2\/tags?post=31454"}],"curies":[{"name":"wp","href":"https:\/\/api.w.org\/{rel}","templated":true}]}}