{"id":30438,"date":"2012-09-24T11:06:49","date_gmt":"2012-09-24T14:06:49","guid":{"rendered":"http:\/\/www.padreydecano.com\/cms\/?p=30438"},"modified":"2012-09-24T11:06:49","modified_gmt":"2012-09-24T14:06:49","slug":"entrenamientos-24-al-29-de-setiembre","status":"publish","type":"post","link":"https:\/\/www.padreydecano.com\/cms\/los-aromos\/entrenamientos-24-al-29-de-setiembre\/","title":{"rendered":"Entrenamientos (24 al 29 de setiembre)"},"content":{"rendered":"<p style=\"text-align: justify;\"><a href=\"https:\/\/www.padreydecano.com\/cms\/wp-content\/uploads\/2012\/01\/SAM_0285-Copy.jpg\" rel=\"shadowbox[sbpost-30438];player=img;\"><img loading=\"lazy\" decoding=\"async\" class=\"alignright  wp-image-12269\" src=\"https:\/\/www.padreydecano.com\/cms\/wp-content\/uploads\/2012\/01\/SAM_0285-Copy-300x225.jpg\" alt=\"\" width=\"240\" height=\"180\" srcset=\"https:\/\/www.padreydecano.com\/cms\/wp-content\/uploads\/2012\/01\/SAM_0285-Copy-300x225.jpg 300w, https:\/\/www.padreydecano.com\/cms\/wp-content\/uploads\/2012\/01\/SAM_0285-Copy.jpg 600w\" sizes=\"(max-width: 240px) 100vw, 240px\" \/><\/a>Compartimos a continuaci\u00f3n los detalles de los entrenamientos del plantel principal para esta semana (24 al 29 de setiembre). La informaci\u00f3n es la brindada por el departamento de prensa del club.<\/p>\n<p style=\"text-align: justify;\">El plantel principal de Pe\u00f1arol vuelve a los entrenamientos el martes, tienen libre este lunes luego de la\u00a0<a href=\"https:\/\/www.padreydecano.com\/cms\/partidos\/doblete-del-tucu-tucu-y-poco-mas\/\" target=\"_blank\">victoria por 2 a 1 frente a Cerro<\/a>\u00a0por la cuarta fecha del Apertura 2012.\u00a0El\u00a0<a href=\"https:\/\/www.padreydecano.com\/cms\/calendario\/\" target=\"_blank\">calendario<\/a>\u00a0marca que el pr\u00f3ximo rival ser\u00e1 Danubio F\u00fatbol Club. El partido se jugar\u00e1 el domingo 30 de setiembre seguramente en Jardines del Hip\u00f3dromo aunque hay chances de trocar los derechos de local.<\/p>\n<p style=\"text-align: justify;\">El r\u00e9gimen de entrenamientos ser\u00e1 el siguiente:<\/p>\n<p style=\"text-align: justify;\"><strong>Lunes\u00a0 &#8211; Libre<\/strong><\/p>\n<p style=\"text-align: justify;\"><strong>Martes \u2013 Simple<\/strong><\/p>\n<ul>\n<li>Matutino 09:30 hs<\/li>\n<li>Atenci\u00f3n a la Prensa hora 09:00 hs<\/li>\n<li><span style=\"text-align: justify;\">Se realizar\u00e1 un partido de pr\u00e1ctica contra un equipo de jugadores libres<\/span><\/li>\n<li><span style=\"text-align: justify;\">Abierto a socios<\/span><\/li>\n<\/ul>\n<p style=\"text-align: justify;\"><strong>Mi\u00e9rcoles<\/strong> \u2013 Doble horario<\/p>\n<ul>\n<li>Matutino o9:30 hs<\/li>\n<li>Vespertino 15:30 hs<\/li>\n<li><span style=\"text-align: justify;\">Atenci\u00f3n a la Prensa 09:00 hs<\/span><\/li>\n<li><span style=\"text-align: justify;\">Abierto a socios<\/span><\/li>\n<\/ul>\n<p style=\"text-align: justify;\"><strong>Jueves<\/strong> \u2013 Vespertino<\/p>\n<ul>\n<li>Cerrado sin atenci\u00f3n<\/li>\n<\/ul>\n<p style=\"text-align: justify;\"><strong>Viernes<\/strong> \u2013 Matutino<\/p>\n<ul>\n<li>Cerrado sin atenci\u00f3n<\/li>\n<\/ul>\n<p style=\"text-align: justify;\"><strong>S\u00e1bado<\/strong> \u2013 El plantel queda concentrado<\/p>\n","protected":false},"excerpt":{"rendered":"<p>Compartimos a continuaci\u00f3n los detalles de los entrenamientos del plantel principal para esta semana (24 al 29 de setiembre). La informaci\u00f3n es la brindada por el departamento de prensa del club. El plantel principal de Pe\u00f1arol vuelve a los entrenamientos el martes, tienen libre este lunes luego de la\u00a0victoria por 2 a 1 frente a [&hellip;]<\/p>\n","protected":false},"author":2,"featured_media":12269,"comment_status":"open","ping_status":"closed","sticky":false,"template":"","format":"standard","meta":{"footnotes":""},"categories":[7],"tags":[],"yoast_head":"<!-- This site is optimized with the Yoast SEO plugin v23.2 - https:\/\/yoast.com\/wordpress\/plugins\/seo\/ -->\n<title>Entrenamientos (24 al 29 de setiembre) - Padre y Decano - El Sitio del Pueblo<\/title>\n<meta name=\"robots\" content=\"index, follow, max-snippet:-1, max-image-preview:large, max-video-preview:-1\" \/>\n<link rel=\"canonical\" href=\"https:\/\/www.padreydecano.com\/cms\/los-aromos\/entrenamientos-24-al-29-de-setiembre\/\" \/>\n<meta property=\"og:locale\" content=\"es_ES\" \/>\n<meta property=\"og:type\" content=\"article\" \/>\n<meta property=\"og:title\" content=\"Entrenamientos (24 al 29 de setiembre) - Padre y Decano - El Sitio del Pueblo\" \/>\n<meta property=\"og:description\" content=\"Compartimos a continuaci\u00f3n los detalles de los entrenamientos del plantel principal para esta semana (24 al 29 de setiembre). La informaci\u00f3n es la brindada por el departamento de prensa del club. El plantel principal de Pe\u00f1arol vuelve a los entrenamientos el martes, tienen libre este lunes luego de la\u00a0victoria por 2 a 1 frente a [&hellip;]\" \/>\n<meta property=\"og:url\" content=\"https:\/\/www.padreydecano.com\/cms\/los-aromos\/entrenamientos-24-al-29-de-setiembre\/\" \/>\n<meta property=\"og:site_name\" content=\"Padre y Decano - El Sitio del Pueblo\" \/>\n<meta property=\"article:published_time\" content=\"2012-09-24T14:06:49+00:00\" \/>\n<meta property=\"og:image\" content=\"https:\/\/www.padreydecano.com\/cms\/wp-content\/uploads\/2012\/01\/SAM_0285-Copy.jpg\" \/>\n\t<meta property=\"og:image:width\" content=\"600\" \/>\n\t<meta property=\"og:image:height\" content=\"450\" \/>\n\t<meta property=\"og:image:type\" content=\"image\/jpeg\" \/>\n<meta name=\"author\" content=\"Gonzalo16\" \/>\n<meta name=\"twitter:card\" content=\"summary_large_image\" \/>\n<meta name=\"twitter:label1\" content=\"Escrito por\" \/>\n\t<meta name=\"twitter:data1\" content=\"Gonzalo16\" \/>\n\t<meta name=\"twitter:label2\" content=\"Tiempo de lectura\" \/>\n\t<meta name=\"twitter:data2\" content=\"1 minuto\" \/>\n<script type=\"application\/ld+json\" class=\"yoast-schema-graph\">{\"@context\":\"https:\/\/schema.org\",\"@graph\":[{\"@type\":\"Article\",\"@id\":\"https:\/\/www.padreydecano.com\/cms\/los-aromos\/entrenamientos-24-al-29-de-setiembre\/#article\",\"isPartOf\":{\"@id\":\"https:\/\/www.padreydecano.com\/cms\/los-aromos\/entrenamientos-24-al-29-de-setiembre\/\"},\"author\":{\"name\":\"Gonzalo16\",\"@id\":\"https:\/\/www.padreydecano.com\/cms\/#\/schema\/person\/7fe41e3e335700ebd387196df2f9a8d4\"},\"headline\":\"Entrenamientos (24 al 29 de setiembre)\",\"datePublished\":\"2012-09-24T14:06:49+00:00\",\"dateModified\":\"2012-09-24T14:06:49+00:00\",\"mainEntityOfPage\":{\"@id\":\"https:\/\/www.padreydecano.com\/cms\/los-aromos\/entrenamientos-24-al-29-de-setiembre\/\"},\"wordCount\":176,\"commentCount\":6,\"publisher\":{\"@id\":\"https:\/\/www.padreydecano.com\/cms\/#organization\"},\"image\":{\"@id\":\"https:\/\/www.padreydecano.com\/cms\/los-aromos\/entrenamientos-24-al-29-de-setiembre\/#primaryimage\"},\"thumbnailUrl\":\"https:\/\/www.padreydecano.com\/cms\/wp-content\/uploads\/2012\/01\/SAM_0285-Copy.jpg\",\"articleSection\":[\"Los Aromos\"],\"inLanguage\":\"es\",\"potentialAction\":[{\"@type\":\"CommentAction\",\"name\":\"Comment\",\"target\":[\"https:\/\/www.padreydecano.com\/cms\/los-aromos\/entrenamientos-24-al-29-de-setiembre\/#respond\"]}]},{\"@type\":\"WebPage\",\"@id\":\"https:\/\/www.padreydecano.com\/cms\/los-aromos\/entrenamientos-24-al-29-de-setiembre\/\",\"url\":\"https:\/\/www.padreydecano.com\/cms\/los-aromos\/entrenamientos-24-al-29-de-setiembre\/\",\"name\":\"Entrenamientos (24 al 29 de setiembre) - Padre y Decano - El Sitio del Pueblo\",\"isPartOf\":{\"@id\":\"https:\/\/www.padreydecano.com\/cms\/#website\"},\"primaryImageOfPage\":{\"@id\":\"https:\/\/www.padreydecano.com\/cms\/los-aromos\/entrenamientos-24-al-29-de-setiembre\/#primaryimage\"},\"image\":{\"@id\":\"https:\/\/www.padreydecano.com\/cms\/los-aromos\/entrenamientos-24-al-29-de-setiembre\/#primaryimage\"},\"thumbnailUrl\":\"https:\/\/www.padreydecano.com\/cms\/wp-content\/uploads\/2012\/01\/SAM_0285-Copy.jpg\",\"datePublished\":\"2012-09-24T14:06:49+00:00\",\"dateModified\":\"2012-09-24T14:06:49+00:00\",\"breadcrumb\":{\"@id\":\"https:\/\/www.padreydecano.com\/cms\/los-aromos\/entrenamientos-24-al-29-de-setiembre\/#breadcrumb\"},\"inLanguage\":\"es\",\"potentialAction\":[{\"@type\":\"ReadAction\",\"target\":[\"https:\/\/www.padreydecano.com\/cms\/los-aromos\/entrenamientos-24-al-29-de-setiembre\/\"]}]},{\"@type\":\"ImageObject\",\"inLanguage\":\"es\",\"@id\":\"https:\/\/www.padreydecano.com\/cms\/los-aromos\/entrenamientos-24-al-29-de-setiembre\/#primaryimage\",\"url\":\"https:\/\/www.padreydecano.com\/cms\/wp-content\/uploads\/2012\/01\/SAM_0285-Copy.jpg\",\"contentUrl\":\"https:\/\/www.padreydecano.com\/cms\/wp-content\/uploads\/2012\/01\/SAM_0285-Copy.jpg\",\"width\":\"600\",\"height\":\"450\"},{\"@type\":\"BreadcrumbList\",\"@id\":\"https:\/\/www.padreydecano.com\/cms\/los-aromos\/entrenamientos-24-al-29-de-setiembre\/#breadcrumb\",\"itemListElement\":[{\"@type\":\"ListItem\",\"position\":1,\"name\":\"Portada\",\"item\":\"https:\/\/www.padreydecano.com\/cms\/\"},{\"@type\":\"ListItem\",\"position\":2,\"name\":\"Entrenamientos (24 al 29 de setiembre)\"}]},{\"@type\":\"WebSite\",\"@id\":\"https:\/\/www.padreydecano.com\/cms\/#website\",\"url\":\"https:\/\/www.padreydecano.com\/cms\/\",\"name\":\"Padre y Decano - El Sitio del Pueblo\",\"description\":\"Club Atl\u00e9tico Pe\u00f1arol\",\"publisher\":{\"@id\":\"https:\/\/www.padreydecano.com\/cms\/#organization\"},\"potentialAction\":[{\"@type\":\"SearchAction\",\"target\":{\"@type\":\"EntryPoint\",\"urlTemplate\":\"https:\/\/www.padreydecano.com\/cms\/?s={search_term_string}\"},\"query-input\":\"required name=search_term_string\"}],\"inLanguage\":\"es\"},{\"@type\":\"Organization\",\"@id\":\"https:\/\/www.padreydecano.com\/cms\/#organization\",\"name\":\"Padre y Decano\",\"url\":\"https:\/\/www.padreydecano.com\/cms\/\",\"logo\":{\"@type\":\"ImageObject\",\"inLanguage\":\"es\",\"@id\":\"https:\/\/www.padreydecano.com\/cms\/#\/schema\/logo\/image\/\",\"url\":\"https:\/\/www.padreydecano.com\/cms\/wp-content\/uploads\/2022\/01\/avatar-square.png\",\"contentUrl\":\"https:\/\/www.padreydecano.com\/cms\/wp-content\/uploads\/2022\/01\/avatar-square.png\",\"width\":1500,\"height\":1500,\"caption\":\"Padre y Decano\"},\"image\":{\"@id\":\"https:\/\/www.padreydecano.com\/cms\/#\/schema\/logo\/image\/\"}},{\"@type\":\"Person\",\"@id\":\"https:\/\/www.padreydecano.com\/cms\/#\/schema\/person\/7fe41e3e335700ebd387196df2f9a8d4\",\"name\":\"Gonzalo16\",\"image\":{\"@type\":\"ImageObject\",\"inLanguage\":\"es\",\"@id\":\"https:\/\/www.padreydecano.com\/cms\/#\/schema\/person\/image\/\",\"url\":\"https:\/\/secure.gravatar.com\/avatar\/4d5cdd49803a2313c01f77e3dfc05d81?s=96&d=https%3A%2F%2Fpadreydecano.com%2Fcms%2Fwp-content%2Fthemes%2Fpyd-theme%2Fimg%2Fdefault-avatar.png&r=g\",\"contentUrl\":\"https:\/\/secure.gravatar.com\/avatar\/4d5cdd49803a2313c01f77e3dfc05d81?s=96&d=https%3A%2F%2Fpadreydecano.com%2Fcms%2Fwp-content%2Fthemes%2Fpyd-theme%2Fimg%2Fdefault-avatar.png&r=g\",\"caption\":\"Gonzalo16\"}}]}<\/script>\n<!-- \/ Yoast SEO plugin. -->","yoast_head_json":{"title":"Entrenamientos (24 al 29 de setiembre) - Padre y Decano - El Sitio del Pueblo","robots":{"index":"index","follow":"follow","max-snippet":"max-snippet:-1","max-image-preview":"max-image-preview:large","max-video-preview":"max-video-preview:-1"},"canonical":"https:\/\/www.padreydecano.com\/cms\/los-aromos\/entrenamientos-24-al-29-de-setiembre\/","og_locale":"es_ES","og_type":"article","og_title":"Entrenamientos (24 al 29 de setiembre) - Padre y Decano - El Sitio del Pueblo","og_description":"Compartimos a continuaci\u00f3n los detalles de los entrenamientos del plantel principal para esta semana (24 al 29 de setiembre). La informaci\u00f3n es la brindada por el departamento de prensa del club. El plantel principal de Pe\u00f1arol vuelve a los entrenamientos el martes, tienen libre este lunes luego de la\u00a0victoria por 2 a 1 frente a [&hellip;]","og_url":"https:\/\/www.padreydecano.com\/cms\/los-aromos\/entrenamientos-24-al-29-de-setiembre\/","og_site_name":"Padre y Decano - El Sitio del Pueblo","article_published_time":"2012-09-24T14:06:49+00:00","og_image":[{"width":600,"height":450,"url":"https:\/\/www.padreydecano.com\/cms\/wp-content\/uploads\/2012\/01\/SAM_0285-Copy.jpg","type":"image\/jpeg"}],"author":"Gonzalo16","twitter_card":"summary_large_image","twitter_misc":{"Escrito por":"Gonzalo16","Tiempo de lectura":"1 minuto"},"schema":{"@context":"https:\/\/schema.org","@graph":[{"@type":"Article","@id":"https:\/\/www.padreydecano.com\/cms\/los-aromos\/entrenamientos-24-al-29-de-setiembre\/#article","isPartOf":{"@id":"https:\/\/www.padreydecano.com\/cms\/los-aromos\/entrenamientos-24-al-29-de-setiembre\/"},"author":{"name":"Gonzalo16","@id":"https:\/\/www.padreydecano.com\/cms\/#\/schema\/person\/7fe41e3e335700ebd387196df2f9a8d4"},"headline":"Entrenamientos (24 al 29 de setiembre)","datePublished":"2012-09-24T14:06:49+00:00","dateModified":"2012-09-24T14:06:49+00:00","mainEntityOfPage":{"@id":"https:\/\/www.padreydecano.com\/cms\/los-aromos\/entrenamientos-24-al-29-de-setiembre\/"},"wordCount":176,"commentCount":6,"publisher":{"@id":"https:\/\/www.padreydecano.com\/cms\/#organization"},"image":{"@id":"https:\/\/www.padreydecano.com\/cms\/los-aromos\/entrenamientos-24-al-29-de-setiembre\/#primaryimage"},"thumbnailUrl":"https:\/\/www.padreydecano.com\/cms\/wp-content\/uploads\/2012\/01\/SAM_0285-Copy.jpg","articleSection":["Los Aromos"],"inLanguage":"es","potentialAction":[{"@type":"CommentAction","name":"Comment","target":["https:\/\/www.padreydecano.com\/cms\/los-aromos\/entrenamientos-24-al-29-de-setiembre\/#respond"]}]},{"@type":"WebPage","@id":"https:\/\/www.padreydecano.com\/cms\/los-aromos\/entrenamientos-24-al-29-de-setiembre\/","url":"https:\/\/www.padreydecano.com\/cms\/los-aromos\/entrenamientos-24-al-29-de-setiembre\/","name":"Entrenamientos (24 al 29 de setiembre) - Padre y Decano - El Sitio del Pueblo","isPartOf":{"@id":"https:\/\/www.padreydecano.com\/cms\/#website"},"primaryImageOfPage":{"@id":"https:\/\/www.padreydecano.com\/cms\/los-aromos\/entrenamientos-24-al-29-de-setiembre\/#primaryimage"},"image":{"@id":"https:\/\/www.padreydecano.com\/cms\/los-aromos\/entrenamientos-24-al-29-de-setiembre\/#primaryimage"},"thumbnailUrl":"https:\/\/www.padreydecano.com\/cms\/wp-content\/uploads\/2012\/01\/SAM_0285-Copy.jpg","datePublished":"2012-09-24T14:06:49+00:00","dateModified":"2012-09-24T14:06:49+00:00","breadcrumb":{"@id":"https:\/\/www.padreydecano.com\/cms\/los-aromos\/entrenamientos-24-al-29-de-setiembre\/#breadcrumb"},"inLanguage":"es","potentialAction":[{"@type":"ReadAction","target":["https:\/\/www.padreydecano.com\/cms\/los-aromos\/entrenamientos-24-al-29-de-setiembre\/"]}]},{"@type":"ImageObject","inLanguage":"es","@id":"https:\/\/www.padreydecano.com\/cms\/los-aromos\/entrenamientos-24-al-29-de-setiembre\/#primaryimage","url":"https:\/\/www.padreydecano.com\/cms\/wp-content\/uploads\/2012\/01\/SAM_0285-Copy.jpg","contentUrl":"https:\/\/www.padreydecano.com\/cms\/wp-content\/uploads\/2012\/01\/SAM_0285-Copy.jpg","width":"600","height":"450"},{"@type":"BreadcrumbList","@id":"https:\/\/www.padreydecano.com\/cms\/los-aromos\/entrenamientos-24-al-29-de-setiembre\/#breadcrumb","itemListElement":[{"@type":"ListItem","position":1,"name":"Portada","item":"https:\/\/www.padreydecano.com\/cms\/"},{"@type":"ListItem","position":2,"name":"Entrenamientos (24 al 29 de setiembre)"}]},{"@type":"WebSite","@id":"https:\/\/www.padreydecano.com\/cms\/#website","url":"https:\/\/www.padreydecano.com\/cms\/","name":"Padre y Decano - El Sitio del Pueblo","description":"Club Atl\u00e9tico Pe\u00f1arol","publisher":{"@id":"https:\/\/www.padreydecano.com\/cms\/#organization"},"potentialAction":[{"@type":"SearchAction","target":{"@type":"EntryPoint","urlTemplate":"https:\/\/www.padreydecano.com\/cms\/?s={search_term_string}"},"query-input":"required name=search_term_string"}],"inLanguage":"es"},{"@type":"Organization","@id":"https:\/\/www.padreydecano.com\/cms\/#organization","name":"Padre y Decano","url":"https:\/\/www.padreydecano.com\/cms\/","logo":{"@type":"ImageObject","inLanguage":"es","@id":"https:\/\/www.padreydecano.com\/cms\/#\/schema\/logo\/image\/","url":"https:\/\/www.padreydecano.com\/cms\/wp-content\/uploads\/2022\/01\/avatar-square.png","contentUrl":"https:\/\/www.padreydecano.com\/cms\/wp-content\/uploads\/2022\/01\/avatar-square.png","width":1500,"height":1500,"caption":"Padre y Decano"},"image":{"@id":"https:\/\/www.padreydecano.com\/cms\/#\/schema\/logo\/image\/"}},{"@type":"Person","@id":"https:\/\/www.padreydecano.com\/cms\/#\/schema\/person\/7fe41e3e335700ebd387196df2f9a8d4","name":"Gonzalo16","image":{"@type":"ImageObject","inLanguage":"es","@id":"https:\/\/www.padreydecano.com\/cms\/#\/schema\/person\/image\/","url":"https:\/\/secure.gravatar.com\/avatar\/4d5cdd49803a2313c01f77e3dfc05d81?s=96&d=https%3A%2F%2Fpadreydecano.com%2Fcms%2Fwp-content%2Fthemes%2Fpyd-theme%2Fimg%2Fdefault-avatar.png&r=g","contentUrl":"https:\/\/secure.gravatar.com\/avatar\/4d5cdd49803a2313c01f77e3dfc05d81?s=96&d=https%3A%2F%2Fpadreydecano.com%2Fcms%2Fwp-content%2Fthemes%2Fpyd-theme%2Fimg%2Fdefault-avatar.png&r=g","caption":"Gonzalo16"}}]}},"_links":{"self":[{"href":"https:\/\/www.padreydecano.com\/cms\/wp-json\/wp\/v2\/posts\/30438"}],"collection":[{"href":"https:\/\/www.padreydecano.com\/cms\/wp-json\/wp\/v2\/posts"}],"about":[{"href":"https:\/\/www.padreydecano.com\/cms\/wp-json\/wp\/v2\/types\/post"}],"author":[{"embeddable":true,"href":"https:\/\/www.padreydecano.com\/cms\/wp-json\/wp\/v2\/users\/2"}],"replies":[{"embeddable":true,"href":"https:\/\/www.padreydecano.com\/cms\/wp-json\/wp\/v2\/comments?post=30438"}],"version-history":[{"count":0,"href":"https:\/\/www.padreydecano.com\/cms\/wp-json\/wp\/v2\/posts\/30438\/revisions"}],"wp:featuredmedia":[{"embeddable":true,"href":"https:\/\/www.padreydecano.com\/cms\/wp-json\/wp\/v2\/media\/12269"}],"wp:attachment":[{"href":"https:\/\/www.padreydecano.com\/cms\/wp-json\/wp\/v2\/media?parent=30438"}],"wp:term":[{"taxonomy":"category","embeddable":true,"href":"https:\/\/www.padreydecano.com\/cms\/wp-json\/wp\/v2\/categories?post=30438"},{"taxonomy":"post_tag","embeddable":true,"href":"https:\/\/www.padreydecano.com\/cms\/wp-json\/wp\/v2\/tags?post=30438"}],"curies":[{"name":"wp","href":"https:\/\/api.w.org\/{rel}","templated":true}]}}