{"id":30435,"date":"2012-09-24T09:00:13","date_gmt":"2012-09-24T12:00:13","guid":{"rendered":"http:\/\/www.padreydecano.com\/cms\/?p=30435"},"modified":"2012-09-24T23:46:44","modified_gmt":"2012-09-25T02:46:44","slug":"futsal-se-perdio-un-largo-invicto","status":"publish","type":"post","link":"https:\/\/www.padreydecano.com\/cms\/otras-disciplinas\/futsal-se-perdio-un-largo-invicto\/","title":{"rendered":"Futsal: se perdi\u00f3 un largo invicto"},"content":{"rendered":"<div id=\"attachment_30436\" style=\"width: 250px\" class=\"wp-caption alignright\"><a href=\"https:\/\/www.padreydecano.com\/cms\/wp-content\/uploads\/2012\/09\/abstemios-pe\u00f1arol-mercedes.jpg\" rel=\"shadowbox[sbpost-30435];player=img;\"><img loading=\"lazy\" decoding=\"async\" aria-describedby=\"caption-attachment-30436\" class=\" wp-image-30436\" src=\"https:\/\/www.padreydecano.com\/cms\/wp-content\/uploads\/2012\/09\/abstemios-pe\u00f1arol-mercedes-300x225.jpg\" alt=\"\" width=\"240\" height=\"180\" srcset=\"https:\/\/www.padreydecano.com\/cms\/wp-content\/uploads\/2012\/09\/abstemios-pe\u00f1arol-mercedes-300x225.jpg 300w, https:\/\/www.padreydecano.com\/cms\/wp-content\/uploads\/2012\/09\/abstemios-pe\u00f1arol-mercedes.jpg 1000w\" sizes=\"(max-width: 240px) 100vw, 240px\" \/><\/a><p id=\"caption-attachment-30436\" class=\"wp-caption-text\">Imagen gentileza de Anibal Roba<\/p><\/div>\n<p style=\"text-align: justify;\"><strong>Pe\u00f1arol cay\u00f3 derrotado 8 a 4 ante Abstemios en Mercedes por la primera fecha de la Super Liga de futsal<\/strong>. Adem\u00e1s, se perdi\u00f3 un invicto de m\u00e1s de un a\u00f1o. El mejor jugador carbonero fue Nicol\u00e1s Ordoqui, quien anot\u00f3 los 4 tantos carboneros.<\/p>\n<p style=\"text-align: justify;\">El entrenador carbonero Anibal Roba hizo una dura reflexi\u00f3n de la actuaci\u00f3n del equipo. \u201cJugamos mal y perdimos bien (\u2026) No hay excusas, siempre he defendido la idea que en la cancha se puede resolver cualquier adversidad, que hay que abstraerse del entorno, del arbitraje, del sistema, y no lo hicimos\u201d.<\/p>\n<p style=\"text-align: justify;\">El partido tuvo dos tiempos diferentes; el primero parejo aunque se jug\u00f3 mal y otro donde fuimos ampliamente superados. Roba dijo que \u201cen el primer tiempo fallamos en algo que no se puede fallar. Fallamos en la marca y por eso perdimos. A lo largo del partido recibimos 8 goles, algo poco cre\u00edble incluso en cancha chica y con un partido que dur\u00f3 dos horas. Pero al repasar los goles de Abstemios todos fueron en ataque posicional, o en jugada de pelota quieta\u201d.<\/p>\n<p style=\"text-align: justify;\">Con respecto al complemento, el entrenador lo catalog\u00f3 como \u201clamentable. En 3 minutos 3 goles, todos por no marcar, de lateral, de pelota larga al pivot que recibe sin que lo presionen y devoluci\u00f3n al lateral que llegaba s\u00f3lo etc\u201d.<\/p>\n<p style=\"text-align: justify;\">A modo de conclusi\u00f3n, Roba reconoci\u00f3 que \u201cla diferencia fue importante y que ahora hay que remar de atr\u00e1s en la serie. Hac\u00eda m\u00e1s de un a\u00f1o que no perd\u00edamos, no hay que desesperarse pero siempre debemos recordar que no somos invencibles, somos un buen equipo pero dependemos de lo que dejemos en cancha para ganar cada partido\u201d.<\/p>\n<p style=\"text-align: justify;\">Por \u00faltimo, y lo m\u00e1s picante, el entrenador se desquit\u00f3 en su blog haciendo una dura cr\u00edtica a lo extradeportivo. Ac\u00e1, el fragmento:<\/p>\n<p style=\"text-align: justify;\"><em><strong>Volvimos 15 a\u00f1os atr\u00e1s, a la patota de borrachos en las canchas escondiendo la pelota, al vale todo de la tribuna sobre jueces y rivales, en fin a cosas que en todos los lugares donde el deporte se desarrolla con \u00e9xito est\u00e1n erradicadas. Y lo digo independientemente del resultado. Tener que volver a esas cosas es un retroceso inadmisible.<\/strong><\/em><\/p>\n<p style=\"text-align: justify;\"><em><strong> Parar el partido para trasladar un equipo juvenil por todo el gimnasio hasta ubicarlos donde correspond\u00eda y al mismo tiempo permitir una banda de borrachos hacer cualquiera atr\u00e1s de un arco es como siempre decimos ver hormigas y no ver elefantes.<\/strong><\/em><\/p>\n<p style=\"text-align: justify;\"><em><strong> Sacar amarilla a un jugador por recordarle al \u00e1rbitro que cuando la pelota se va afuera debe parar el reloj y dejar en la tribuna a un grupo de adolescentes dici\u00e9ndole cualquier cosa al \u00e1rbitro \u00a0y a los rivales ser\u00e1 lo que viene. Si est\u00e1 es la Liga que queremos vamos por mal camino.<\/strong><\/em><\/p>\n<p style=\"text-align: justify;\"><em><strong> Que quede claro, Pe\u00f1arol perdi\u00f3 en la cancha y a eso dedique la mayor parte de este comentario, lo otro es de futbol 5, del pasado, algo que en cualquier Torneo serio no pasa, y para terminar a veces te hacen problema por el color de la remera del arquero&#8230; y despu\u00e9s se bancan lo que se bancan.<\/strong><\/em><\/p>\n<p style=\"text-align: justify;\"><strong><span style=\"color: #ffcc02;\">Sub 20:\u00a0<\/span>Pe\u00f1arol 21<\/strong><strong>&#8211; Rampla Juniors 2.\u00a0<\/strong>Segunda fecha del Torneo Clausura: Goles de Romero (8), Maritato (4), Moreira (3), Veneroso (3), Laulh\u00e9 (1), Quiroga (1) y Sacco (1).<\/p>\n","protected":false},"excerpt":{"rendered":"<p>Pe\u00f1arol cay\u00f3 derrotado 8 a 4 ante Abstemios en Mercedes por la primera fecha de la Super Liga de futsal. Adem\u00e1s, se perdi\u00f3 un invicto de m\u00e1s de un a\u00f1o. El mejor jugador carbonero fue Nicol\u00e1s Ordoqui, quien anot\u00f3 los 4 tantos carboneros. El entrenador carbonero Anibal Roba hizo una dura reflexi\u00f3n de la actuaci\u00f3n [&hellip;]<\/p>\n","protected":false},"author":13,"featured_media":0,"comment_status":"open","ping_status":"closed","sticky":false,"template":"","format":"standard","meta":{"footnotes":""},"categories":[27],"tags":[34],"yoast_head":"<!-- This site is optimized with the Yoast SEO plugin v23.2 - https:\/\/yoast.com\/wordpress\/plugins\/seo\/ -->\n<title>Futsal: se perdi\u00f3 un largo invicto - Padre y Decano - El Sitio del Pueblo<\/title>\n<meta name=\"robots\" content=\"index, follow, max-snippet:-1, max-image-preview:large, max-video-preview:-1\" \/>\n<link rel=\"canonical\" href=\"https:\/\/www.padreydecano.com\/cms\/otras-disciplinas\/futsal-se-perdio-un-largo-invicto\/\" \/>\n<meta property=\"og:locale\" content=\"es_ES\" \/>\n<meta property=\"og:type\" content=\"article\" \/>\n<meta property=\"og:title\" content=\"Futsal: se perdi\u00f3 un largo invicto - Padre y Decano - El Sitio del Pueblo\" \/>\n<meta property=\"og:description\" content=\"Pe\u00f1arol cay\u00f3 derrotado 8 a 4 ante Abstemios en Mercedes por la primera fecha de la Super Liga de futsal. Adem\u00e1s, se perdi\u00f3 un invicto de m\u00e1s de un a\u00f1o. El mejor jugador carbonero fue Nicol\u00e1s Ordoqui, quien anot\u00f3 los 4 tantos carboneros. El entrenador carbonero Anibal Roba hizo una dura reflexi\u00f3n de la actuaci\u00f3n [&hellip;]\" \/>\n<meta property=\"og:url\" content=\"https:\/\/www.padreydecano.com\/cms\/otras-disciplinas\/futsal-se-perdio-un-largo-invicto\/\" \/>\n<meta property=\"og:site_name\" content=\"Padre y Decano - El Sitio del Pueblo\" \/>\n<meta property=\"article:published_time\" content=\"2012-09-24T12:00:13+00:00\" \/>\n<meta property=\"article:modified_time\" content=\"2012-09-25T02:46:44+00:00\" \/>\n<meta property=\"og:image\" content=\"http:\/\/www.padreydecano.com\/cms\/wp-content\/uploads\/2012\/09\/abstemios-pe\u00f1arol-mercedes-300x225.jpg\" \/>\n<meta name=\"author\" content=\"Moderador\" \/>\n<meta name=\"twitter:card\" content=\"summary_large_image\" \/>\n<meta name=\"twitter:label1\" content=\"Escrito por\" \/>\n\t<meta name=\"twitter:data1\" content=\"Moderador\" \/>\n\t<meta name=\"twitter:label2\" content=\"Tiempo de lectura\" \/>\n\t<meta name=\"twitter:data2\" content=\"3 minutos\" \/>\n<script type=\"application\/ld+json\" class=\"yoast-schema-graph\">{\"@context\":\"https:\/\/schema.org\",\"@graph\":[{\"@type\":\"Article\",\"@id\":\"https:\/\/www.padreydecano.com\/cms\/otras-disciplinas\/futsal-se-perdio-un-largo-invicto\/#article\",\"isPartOf\":{\"@id\":\"https:\/\/www.padreydecano.com\/cms\/otras-disciplinas\/futsal-se-perdio-un-largo-invicto\/\"},\"author\":{\"name\":\"Moderador\",\"@id\":\"https:\/\/www.padreydecano.com\/cms\/#\/schema\/person\/d93e9e537230ae052c194251d9a1def2\"},\"headline\":\"Futsal: se perdi\u00f3 un largo invicto\",\"datePublished\":\"2012-09-24T12:00:13+00:00\",\"dateModified\":\"2012-09-25T02:46:44+00:00\",\"mainEntityOfPage\":{\"@id\":\"https:\/\/www.padreydecano.com\/cms\/otras-disciplinas\/futsal-se-perdio-un-largo-invicto\/\"},\"wordCount\":566,\"commentCount\":5,\"publisher\":{\"@id\":\"https:\/\/www.padreydecano.com\/cms\/#organization\"},\"keywords\":[\"Futsal\"],\"articleSection\":[\"Otras disciplinas\"],\"inLanguage\":\"es\",\"potentialAction\":[{\"@type\":\"CommentAction\",\"name\":\"Comment\",\"target\":[\"https:\/\/www.padreydecano.com\/cms\/otras-disciplinas\/futsal-se-perdio-un-largo-invicto\/#respond\"]}]},{\"@type\":\"WebPage\",\"@id\":\"https:\/\/www.padreydecano.com\/cms\/otras-disciplinas\/futsal-se-perdio-un-largo-invicto\/\",\"url\":\"https:\/\/www.padreydecano.com\/cms\/otras-disciplinas\/futsal-se-perdio-un-largo-invicto\/\",\"name\":\"Futsal: se perdi\u00f3 un largo invicto - Padre y Decano - El Sitio del Pueblo\",\"isPartOf\":{\"@id\":\"https:\/\/www.padreydecano.com\/cms\/#website\"},\"datePublished\":\"2012-09-24T12:00:13+00:00\",\"dateModified\":\"2012-09-25T02:46:44+00:00\",\"breadcrumb\":{\"@id\":\"https:\/\/www.padreydecano.com\/cms\/otras-disciplinas\/futsal-se-perdio-un-largo-invicto\/#breadcrumb\"},\"inLanguage\":\"es\",\"potentialAction\":[{\"@type\":\"ReadAction\",\"target\":[\"https:\/\/www.padreydecano.com\/cms\/otras-disciplinas\/futsal-se-perdio-un-largo-invicto\/\"]}]},{\"@type\":\"BreadcrumbList\",\"@id\":\"https:\/\/www.padreydecano.com\/cms\/otras-disciplinas\/futsal-se-perdio-un-largo-invicto\/#breadcrumb\",\"itemListElement\":[{\"@type\":\"ListItem\",\"position\":1,\"name\":\"Portada\",\"item\":\"https:\/\/www.padreydecano.com\/cms\/\"},{\"@type\":\"ListItem\",\"position\":2,\"name\":\"Futsal: se perdi\u00f3 un largo invicto\"}]},{\"@type\":\"WebSite\",\"@id\":\"https:\/\/www.padreydecano.com\/cms\/#website\",\"url\":\"https:\/\/www.padreydecano.com\/cms\/\",\"name\":\"Padre y Decano - El Sitio del Pueblo\",\"description\":\"Club Atl\u00e9tico Pe\u00f1arol\",\"publisher\":{\"@id\":\"https:\/\/www.padreydecano.com\/cms\/#organization\"},\"potentialAction\":[{\"@type\":\"SearchAction\",\"target\":{\"@type\":\"EntryPoint\",\"urlTemplate\":\"https:\/\/www.padreydecano.com\/cms\/?s={search_term_string}\"},\"query-input\":\"required name=search_term_string\"}],\"inLanguage\":\"es\"},{\"@type\":\"Organization\",\"@id\":\"https:\/\/www.padreydecano.com\/cms\/#organization\",\"name\":\"Padre y Decano\",\"url\":\"https:\/\/www.padreydecano.com\/cms\/\",\"logo\":{\"@type\":\"ImageObject\",\"inLanguage\":\"es\",\"@id\":\"https:\/\/www.padreydecano.com\/cms\/#\/schema\/logo\/image\/\",\"url\":\"https:\/\/www.padreydecano.com\/cms\/wp-content\/uploads\/2022\/01\/avatar-square.png\",\"contentUrl\":\"https:\/\/www.padreydecano.com\/cms\/wp-content\/uploads\/2022\/01\/avatar-square.png\",\"width\":1500,\"height\":1500,\"caption\":\"Padre y Decano\"},\"image\":{\"@id\":\"https:\/\/www.padreydecano.com\/cms\/#\/schema\/logo\/image\/\"}},{\"@type\":\"Person\",\"@id\":\"https:\/\/www.padreydecano.com\/cms\/#\/schema\/person\/d93e9e537230ae052c194251d9a1def2\",\"name\":\"Moderador\",\"image\":{\"@type\":\"ImageObject\",\"inLanguage\":\"es\",\"@id\":\"https:\/\/www.padreydecano.com\/cms\/#\/schema\/person\/image\/\",\"url\":\"https:\/\/secure.gravatar.com\/avatar\/2587727bf8a53bd3da4ec49f01bea66e?s=96&d=https%3A%2F%2Fpadreydecano.com%2Fcms%2Fwp-content%2Fthemes%2Fpyd-theme%2Fimg%2Fdefault-avatar.png&r=g\",\"contentUrl\":\"https:\/\/secure.gravatar.com\/avatar\/2587727bf8a53bd3da4ec49f01bea66e?s=96&d=https%3A%2F%2Fpadreydecano.com%2Fcms%2Fwp-content%2Fthemes%2Fpyd-theme%2Fimg%2Fdefault-avatar.png&r=g\",\"caption\":\"Moderador\"}}]}<\/script>\n<!-- \/ Yoast SEO plugin. -->","yoast_head_json":{"title":"Futsal: se perdi\u00f3 un largo invicto - Padre y Decano - El Sitio del Pueblo","robots":{"index":"index","follow":"follow","max-snippet":"max-snippet:-1","max-image-preview":"max-image-preview:large","max-video-preview":"max-video-preview:-1"},"canonical":"https:\/\/www.padreydecano.com\/cms\/otras-disciplinas\/futsal-se-perdio-un-largo-invicto\/","og_locale":"es_ES","og_type":"article","og_title":"Futsal: se perdi\u00f3 un largo invicto - Padre y Decano - El Sitio del Pueblo","og_description":"Pe\u00f1arol cay\u00f3 derrotado 8 a 4 ante Abstemios en Mercedes por la primera fecha de la Super Liga de futsal. Adem\u00e1s, se perdi\u00f3 un invicto de m\u00e1s de un a\u00f1o. El mejor jugador carbonero fue Nicol\u00e1s Ordoqui, quien anot\u00f3 los 4 tantos carboneros. El entrenador carbonero Anibal Roba hizo una dura reflexi\u00f3n de la actuaci\u00f3n [&hellip;]","og_url":"https:\/\/www.padreydecano.com\/cms\/otras-disciplinas\/futsal-se-perdio-un-largo-invicto\/","og_site_name":"Padre y Decano - El Sitio del Pueblo","article_published_time":"2012-09-24T12:00:13+00:00","article_modified_time":"2012-09-25T02:46:44+00:00","og_image":[{"url":"http:\/\/www.padreydecano.com\/cms\/wp-content\/uploads\/2012\/09\/abstemios-pe\u00f1arol-mercedes-300x225.jpg"}],"author":"Moderador","twitter_card":"summary_large_image","twitter_misc":{"Escrito por":"Moderador","Tiempo de lectura":"3 minutos"},"schema":{"@context":"https:\/\/schema.org","@graph":[{"@type":"Article","@id":"https:\/\/www.padreydecano.com\/cms\/otras-disciplinas\/futsal-se-perdio-un-largo-invicto\/#article","isPartOf":{"@id":"https:\/\/www.padreydecano.com\/cms\/otras-disciplinas\/futsal-se-perdio-un-largo-invicto\/"},"author":{"name":"Moderador","@id":"https:\/\/www.padreydecano.com\/cms\/#\/schema\/person\/d93e9e537230ae052c194251d9a1def2"},"headline":"Futsal: se perdi\u00f3 un largo invicto","datePublished":"2012-09-24T12:00:13+00:00","dateModified":"2012-09-25T02:46:44+00:00","mainEntityOfPage":{"@id":"https:\/\/www.padreydecano.com\/cms\/otras-disciplinas\/futsal-se-perdio-un-largo-invicto\/"},"wordCount":566,"commentCount":5,"publisher":{"@id":"https:\/\/www.padreydecano.com\/cms\/#organization"},"keywords":["Futsal"],"articleSection":["Otras disciplinas"],"inLanguage":"es","potentialAction":[{"@type":"CommentAction","name":"Comment","target":["https:\/\/www.padreydecano.com\/cms\/otras-disciplinas\/futsal-se-perdio-un-largo-invicto\/#respond"]}]},{"@type":"WebPage","@id":"https:\/\/www.padreydecano.com\/cms\/otras-disciplinas\/futsal-se-perdio-un-largo-invicto\/","url":"https:\/\/www.padreydecano.com\/cms\/otras-disciplinas\/futsal-se-perdio-un-largo-invicto\/","name":"Futsal: se perdi\u00f3 un largo invicto - Padre y Decano - El Sitio del Pueblo","isPartOf":{"@id":"https:\/\/www.padreydecano.com\/cms\/#website"},"datePublished":"2012-09-24T12:00:13+00:00","dateModified":"2012-09-25T02:46:44+00:00","breadcrumb":{"@id":"https:\/\/www.padreydecano.com\/cms\/otras-disciplinas\/futsal-se-perdio-un-largo-invicto\/#breadcrumb"},"inLanguage":"es","potentialAction":[{"@type":"ReadAction","target":["https:\/\/www.padreydecano.com\/cms\/otras-disciplinas\/futsal-se-perdio-un-largo-invicto\/"]}]},{"@type":"BreadcrumbList","@id":"https:\/\/www.padreydecano.com\/cms\/otras-disciplinas\/futsal-se-perdio-un-largo-invicto\/#breadcrumb","itemListElement":[{"@type":"ListItem","position":1,"name":"Portada","item":"https:\/\/www.padreydecano.com\/cms\/"},{"@type":"ListItem","position":2,"name":"Futsal: se perdi\u00f3 un largo invicto"}]},{"@type":"WebSite","@id":"https:\/\/www.padreydecano.com\/cms\/#website","url":"https:\/\/www.padreydecano.com\/cms\/","name":"Padre y Decano - El Sitio del Pueblo","description":"Club Atl\u00e9tico Pe\u00f1arol","publisher":{"@id":"https:\/\/www.padreydecano.com\/cms\/#organization"},"potentialAction":[{"@type":"SearchAction","target":{"@type":"EntryPoint","urlTemplate":"https:\/\/www.padreydecano.com\/cms\/?s={search_term_string}"},"query-input":"required name=search_term_string"}],"inLanguage":"es"},{"@type":"Organization","@id":"https:\/\/www.padreydecano.com\/cms\/#organization","name":"Padre y Decano","url":"https:\/\/www.padreydecano.com\/cms\/","logo":{"@type":"ImageObject","inLanguage":"es","@id":"https:\/\/www.padreydecano.com\/cms\/#\/schema\/logo\/image\/","url":"https:\/\/www.padreydecano.com\/cms\/wp-content\/uploads\/2022\/01\/avatar-square.png","contentUrl":"https:\/\/www.padreydecano.com\/cms\/wp-content\/uploads\/2022\/01\/avatar-square.png","width":1500,"height":1500,"caption":"Padre y Decano"},"image":{"@id":"https:\/\/www.padreydecano.com\/cms\/#\/schema\/logo\/image\/"}},{"@type":"Person","@id":"https:\/\/www.padreydecano.com\/cms\/#\/schema\/person\/d93e9e537230ae052c194251d9a1def2","name":"Moderador","image":{"@type":"ImageObject","inLanguage":"es","@id":"https:\/\/www.padreydecano.com\/cms\/#\/schema\/person\/image\/","url":"https:\/\/secure.gravatar.com\/avatar\/2587727bf8a53bd3da4ec49f01bea66e?s=96&d=https%3A%2F%2Fpadreydecano.com%2Fcms%2Fwp-content%2Fthemes%2Fpyd-theme%2Fimg%2Fdefault-avatar.png&r=g","contentUrl":"https:\/\/secure.gravatar.com\/avatar\/2587727bf8a53bd3da4ec49f01bea66e?s=96&d=https%3A%2F%2Fpadreydecano.com%2Fcms%2Fwp-content%2Fthemes%2Fpyd-theme%2Fimg%2Fdefault-avatar.png&r=g","caption":"Moderador"}}]}},"_links":{"self":[{"href":"https:\/\/www.padreydecano.com\/cms\/wp-json\/wp\/v2\/posts\/30435"}],"collection":[{"href":"https:\/\/www.padreydecano.com\/cms\/wp-json\/wp\/v2\/posts"}],"about":[{"href":"https:\/\/www.padreydecano.com\/cms\/wp-json\/wp\/v2\/types\/post"}],"author":[{"embeddable":true,"href":"https:\/\/www.padreydecano.com\/cms\/wp-json\/wp\/v2\/users\/13"}],"replies":[{"embeddable":true,"href":"https:\/\/www.padreydecano.com\/cms\/wp-json\/wp\/v2\/comments?post=30435"}],"version-history":[{"count":0,"href":"https:\/\/www.padreydecano.com\/cms\/wp-json\/wp\/v2\/posts\/30435\/revisions"}],"wp:attachment":[{"href":"https:\/\/www.padreydecano.com\/cms\/wp-json\/wp\/v2\/media?parent=30435"}],"wp:term":[{"taxonomy":"category","embeddable":true,"href":"https:\/\/www.padreydecano.com\/cms\/wp-json\/wp\/v2\/categories?post=30435"},{"taxonomy":"post_tag","embeddable":true,"href":"https:\/\/www.padreydecano.com\/cms\/wp-json\/wp\/v2\/tags?post=30435"}],"curies":[{"name":"wp","href":"https:\/\/api.w.org\/{rel}","templated":true}]}}