{"id":30433,"date":"2012-09-23T20:24:31","date_gmt":"2012-09-23T23:24:31","guid":{"rendered":"http:\/\/www.padreydecano.com\/cms\/?p=30433"},"modified":"2012-09-23T20:27:41","modified_gmt":"2012-09-23T23:27:41","slug":"sabemos-que-este-apertura-no-se-nos-puede-escapar","status":"publish","type":"post","link":"https:\/\/www.padreydecano.com\/cms\/noticias\/sabemos-que-este-apertura-no-se-nos-puede-escapar\/","title":{"rendered":"\u201cSabemos que este Apertura no se nos puede escapar\u201d"},"content":{"rendered":"<p style=\"text-align: justify;\"><img loading=\"lazy\" decoding=\"async\" class=\"alignright  wp-image-30355\" src=\"https:\/\/www.padreydecano.com\/cms\/wp-content\/uploads\/2012\/09\/DSC_0130-Copiar-300x200.jpg\" alt=\"\" width=\"240\" height=\"160\" srcset=\"https:\/\/www.padreydecano.com\/cms\/wp-content\/uploads\/2012\/09\/DSC_0130-Copiar-300x200.jpg 300w, https:\/\/www.padreydecano.com\/cms\/wp-content\/uploads\/2012\/09\/DSC_0130-Copiar.jpg 1000w\" sizes=\"(max-width: 240px) 100vw, 240px\" \/>El equipo que cumplir\u00e1 121 a\u00f1os obtuvo su segundo triunfo al hilo en lo que va del Apertura 2012.\u00a0<em><strong>\u201cSi queremos seguir cerca tenemos que priorizar ganar, ahora, si vemos un poquito m\u00e1s all\u00e1, estamos muy preocupados. Este equipo con estos jugadores tiene que mejorar much\u00edsimo en lo futbol\u00edstico. Estamos muy lejos de lo que queremos\u201d.<\/strong><\/em> Esas fueron las primeras (y tranquilizadoras) palabras del DT del <a href=\"https:\/\/www.padreydecano.com\/cms\/el-club-del-siglo-xx-de-america-del-sur\/\">Campe\u00f3n del Siglo<\/a> Jorge Da Silva, y tranquilizadoras porque ser\u00eda muy preocupante si el DT no notara el bajo nivel del equipo.<\/p>\n<p style=\"text-align: justify;\"><strong>\u201cSe arm\u00f3 un equipo que ilusion\u00f3 mucho, pero el arranque no fue el ideal y eso nos lleva a jugar con una mochila bastante pesada,\u00a0 porque sabemos que este Apertura no se nos puede escapar\u201d.<\/strong>\u00a0Hoy se gan\u00f3, sin jugar bien, pero lo m\u00e1s rescatable es que venimos de un doblete de JM19 y en esta oportunidad el que meti\u00f3 un doblete fue el otro \u201c9\u201d Marcelo Zalayeta. Sobre esto, el entrenador respondi\u00f3: <em><strong>\u201cMarcelo es goleador, hace goles, le falta en lo futbol\u00edstico, perdi\u00f3 pelotas que generalmente no pierde, pero sabemos la clase que tiene y esperamos recuperarlo pronto\u201d.<\/strong><\/em><\/p>\n<p style=\"text-align: justify;\">El otro gol que tuvo el partido fue para los de la Villa y lleg\u00f3 por medio de la bendita pelota quieta: un centro bajo, un rebote de Bologna y gol para ellos, dejando un mont\u00f3n de dudas en el final del partido y para algunos, en el arco. El Polilla respondi\u00f3 a este tema: <em><strong>\u201cNo me estoy replanteando qui\u00e9n va a atajar el pr\u00f3ximo partido. Para m\u00ed el gol de Cerro fue por errores de conceptos de nosotros, se defendi\u00f3 en el \u00e1rea chica un centro bajo, la pelota pic\u00f3 en el \u00e1rea y nadie la sac\u00f3 antes de que llegue a Bologna\u201d.<\/strong><\/em><\/p>\n<p style=\"text-align: justify;\">Para finalizar agreg\u00f3: <em><strong>\u201cVoy a seguir buscando el equipo en todos los puestos, no solamente en el arco, como entrenador tengo esa obligaci\u00f3n. Hoy tuvimos puntos muy altos a nivel individual, pero en lo grupal tenemos mucho para mejorar, es importante seguir consiguiendo los tres puntos mientras buscamos el once ideal\u201d.<\/strong><\/em><\/p>\n","protected":false},"excerpt":{"rendered":"<p>El equipo que cumplir\u00e1 121 a\u00f1os obtuvo su segundo triunfo al hilo en lo que va del Apertura 2012.\u00a0\u201cSi queremos seguir cerca tenemos que priorizar ganar, ahora, si vemos un poquito m\u00e1s all\u00e1, estamos muy preocupados. Este equipo con estos jugadores tiene que mejorar much\u00edsimo en lo futbol\u00edstico. Estamos muy lejos de lo que queremos\u201d. [&hellip;]<\/p>\n","protected":false},"author":13,"featured_media":30355,"comment_status":"open","ping_status":"closed","sticky":false,"template":"","format":"standard","meta":{"footnotes":""},"categories":[1],"tags":[76],"yoast_head":"<!-- This site is optimized with the Yoast SEO plugin v23.2 - https:\/\/yoast.com\/wordpress\/plugins\/seo\/ -->\n<title>\u201cSabemos que este Apertura no se nos puede escapar\u201d - Padre y Decano - El Sitio del Pueblo<\/title>\n<meta name=\"robots\" content=\"index, follow, max-snippet:-1, max-image-preview:large, max-video-preview:-1\" \/>\n<link rel=\"canonical\" href=\"https:\/\/www.padreydecano.com\/cms\/noticias\/sabemos-que-este-apertura-no-se-nos-puede-escapar\/\" \/>\n<meta property=\"og:locale\" content=\"es_ES\" \/>\n<meta property=\"og:type\" content=\"article\" \/>\n<meta property=\"og:title\" content=\"\u201cSabemos que este Apertura no se nos puede escapar\u201d - Padre y Decano - El Sitio del Pueblo\" \/>\n<meta property=\"og:description\" content=\"El equipo que cumplir\u00e1 121 a\u00f1os obtuvo su segundo triunfo al hilo en lo que va del Apertura 2012.\u00a0\u201cSi queremos seguir cerca tenemos que priorizar ganar, ahora, si vemos un poquito m\u00e1s all\u00e1, estamos muy preocupados. Este equipo con estos jugadores tiene que mejorar much\u00edsimo en lo futbol\u00edstico. Estamos muy lejos de lo que queremos\u201d. [&hellip;]\" \/>\n<meta property=\"og:url\" content=\"https:\/\/www.padreydecano.com\/cms\/noticias\/sabemos-que-este-apertura-no-se-nos-puede-escapar\/\" \/>\n<meta property=\"og:site_name\" content=\"Padre y Decano - El Sitio del Pueblo\" \/>\n<meta property=\"article:published_time\" content=\"2012-09-23T23:24:31+00:00\" \/>\n<meta property=\"article:modified_time\" content=\"2012-09-23T23:27:41+00:00\" \/>\n<meta property=\"og:image\" content=\"https:\/\/www.padreydecano.com\/cms\/wp-content\/uploads\/2012\/09\/DSC_0130-Copiar.jpg\" \/>\n\t<meta property=\"og:image:width\" content=\"1000\" \/>\n\t<meta property=\"og:image:height\" content=\"667\" \/>\n\t<meta property=\"og:image:type\" content=\"image\/jpeg\" \/>\n<meta name=\"author\" content=\"Moderador\" \/>\n<meta name=\"twitter:card\" content=\"summary_large_image\" \/>\n<meta name=\"twitter:label1\" content=\"Escrito por\" \/>\n\t<meta name=\"twitter:data1\" content=\"Moderador\" \/>\n\t<meta name=\"twitter:label2\" content=\"Tiempo de lectura\" \/>\n\t<meta name=\"twitter:data2\" content=\"2 minutos\" \/>\n<script type=\"application\/ld+json\" class=\"yoast-schema-graph\">{\"@context\":\"https:\/\/schema.org\",\"@graph\":[{\"@type\":\"Article\",\"@id\":\"https:\/\/www.padreydecano.com\/cms\/noticias\/sabemos-que-este-apertura-no-se-nos-puede-escapar\/#article\",\"isPartOf\":{\"@id\":\"https:\/\/www.padreydecano.com\/cms\/noticias\/sabemos-que-este-apertura-no-se-nos-puede-escapar\/\"},\"author\":{\"name\":\"Moderador\",\"@id\":\"https:\/\/www.padreydecano.com\/cms\/#\/schema\/person\/d93e9e537230ae052c194251d9a1def2\"},\"headline\":\"\u201cSabemos que este Apertura no se nos puede escapar\u201d\",\"datePublished\":\"2012-09-23T23:24:31+00:00\",\"dateModified\":\"2012-09-23T23:27:41+00:00\",\"mainEntityOfPage\":{\"@id\":\"https:\/\/www.padreydecano.com\/cms\/noticias\/sabemos-que-este-apertura-no-se-nos-puede-escapar\/\"},\"wordCount\":360,\"commentCount\":10,\"publisher\":{\"@id\":\"https:\/\/www.padreydecano.com\/cms\/#organization\"},\"image\":{\"@id\":\"https:\/\/www.padreydecano.com\/cms\/noticias\/sabemos-que-este-apertura-no-se-nos-puede-escapar\/#primaryimage\"},\"thumbnailUrl\":\"https:\/\/www.padreydecano.com\/cms\/wp-content\/uploads\/2012\/09\/DSC_0130-Copiar.jpg\",\"keywords\":[\"Voces del vestuario\"],\"articleSection\":[\"Noticias\"],\"inLanguage\":\"es\",\"potentialAction\":[{\"@type\":\"CommentAction\",\"name\":\"Comment\",\"target\":[\"https:\/\/www.padreydecano.com\/cms\/noticias\/sabemos-que-este-apertura-no-se-nos-puede-escapar\/#respond\"]}]},{\"@type\":\"WebPage\",\"@id\":\"https:\/\/www.padreydecano.com\/cms\/noticias\/sabemos-que-este-apertura-no-se-nos-puede-escapar\/\",\"url\":\"https:\/\/www.padreydecano.com\/cms\/noticias\/sabemos-que-este-apertura-no-se-nos-puede-escapar\/\",\"name\":\"\u201cSabemos que este Apertura no se nos puede escapar\u201d - Padre y Decano - El Sitio del Pueblo\",\"isPartOf\":{\"@id\":\"https:\/\/www.padreydecano.com\/cms\/#website\"},\"primaryImageOfPage\":{\"@id\":\"https:\/\/www.padreydecano.com\/cms\/noticias\/sabemos-que-este-apertura-no-se-nos-puede-escapar\/#primaryimage\"},\"image\":{\"@id\":\"https:\/\/www.padreydecano.com\/cms\/noticias\/sabemos-que-este-apertura-no-se-nos-puede-escapar\/#primaryimage\"},\"thumbnailUrl\":\"https:\/\/www.padreydecano.com\/cms\/wp-content\/uploads\/2012\/09\/DSC_0130-Copiar.jpg\",\"datePublished\":\"2012-09-23T23:24:31+00:00\",\"dateModified\":\"2012-09-23T23:27:41+00:00\",\"breadcrumb\":{\"@id\":\"https:\/\/www.padreydecano.com\/cms\/noticias\/sabemos-que-este-apertura-no-se-nos-puede-escapar\/#breadcrumb\"},\"inLanguage\":\"es\",\"potentialAction\":[{\"@type\":\"ReadAction\",\"target\":[\"https:\/\/www.padreydecano.com\/cms\/noticias\/sabemos-que-este-apertura-no-se-nos-puede-escapar\/\"]}]},{\"@type\":\"ImageObject\",\"inLanguage\":\"es\",\"@id\":\"https:\/\/www.padreydecano.com\/cms\/noticias\/sabemos-que-este-apertura-no-se-nos-puede-escapar\/#primaryimage\",\"url\":\"https:\/\/www.padreydecano.com\/cms\/wp-content\/uploads\/2012\/09\/DSC_0130-Copiar.jpg\",\"contentUrl\":\"https:\/\/www.padreydecano.com\/cms\/wp-content\/uploads\/2012\/09\/DSC_0130-Copiar.jpg\",\"width\":\"1000\",\"height\":\"667\"},{\"@type\":\"BreadcrumbList\",\"@id\":\"https:\/\/www.padreydecano.com\/cms\/noticias\/sabemos-que-este-apertura-no-se-nos-puede-escapar\/#breadcrumb\",\"itemListElement\":[{\"@type\":\"ListItem\",\"position\":1,\"name\":\"Portada\",\"item\":\"https:\/\/www.padreydecano.com\/cms\/\"},{\"@type\":\"ListItem\",\"position\":2,\"name\":\"\u201cSabemos que este Apertura no se nos puede escapar\u201d\"}]},{\"@type\":\"WebSite\",\"@id\":\"https:\/\/www.padreydecano.com\/cms\/#website\",\"url\":\"https:\/\/www.padreydecano.com\/cms\/\",\"name\":\"Padre y Decano - El Sitio del Pueblo\",\"description\":\"Club Atl\u00e9tico Pe\u00f1arol\",\"publisher\":{\"@id\":\"https:\/\/www.padreydecano.com\/cms\/#organization\"},\"potentialAction\":[{\"@type\":\"SearchAction\",\"target\":{\"@type\":\"EntryPoint\",\"urlTemplate\":\"https:\/\/www.padreydecano.com\/cms\/?s={search_term_string}\"},\"query-input\":\"required name=search_term_string\"}],\"inLanguage\":\"es\"},{\"@type\":\"Organization\",\"@id\":\"https:\/\/www.padreydecano.com\/cms\/#organization\",\"name\":\"Padre y Decano\",\"url\":\"https:\/\/www.padreydecano.com\/cms\/\",\"logo\":{\"@type\":\"ImageObject\",\"inLanguage\":\"es\",\"@id\":\"https:\/\/www.padreydecano.com\/cms\/#\/schema\/logo\/image\/\",\"url\":\"https:\/\/www.padreydecano.com\/cms\/wp-content\/uploads\/2022\/01\/avatar-square.png\",\"contentUrl\":\"https:\/\/www.padreydecano.com\/cms\/wp-content\/uploads\/2022\/01\/avatar-square.png\",\"width\":1500,\"height\":1500,\"caption\":\"Padre y Decano\"},\"image\":{\"@id\":\"https:\/\/www.padreydecano.com\/cms\/#\/schema\/logo\/image\/\"}},{\"@type\":\"Person\",\"@id\":\"https:\/\/www.padreydecano.com\/cms\/#\/schema\/person\/d93e9e537230ae052c194251d9a1def2\",\"name\":\"Moderador\",\"image\":{\"@type\":\"ImageObject\",\"inLanguage\":\"es\",\"@id\":\"https:\/\/www.padreydecano.com\/cms\/#\/schema\/person\/image\/\",\"url\":\"https:\/\/secure.gravatar.com\/avatar\/2587727bf8a53bd3da4ec49f01bea66e?s=96&d=https%3A%2F%2Fpadreydecano.com%2Fcms%2Fwp-content%2Fthemes%2Fpyd-theme%2Fimg%2Fdefault-avatar.png&r=g\",\"contentUrl\":\"https:\/\/secure.gravatar.com\/avatar\/2587727bf8a53bd3da4ec49f01bea66e?s=96&d=https%3A%2F%2Fpadreydecano.com%2Fcms%2Fwp-content%2Fthemes%2Fpyd-theme%2Fimg%2Fdefault-avatar.png&r=g\",\"caption\":\"Moderador\"}}]}<\/script>\n<!-- \/ Yoast SEO plugin. -->","yoast_head_json":{"title":"\u201cSabemos que este Apertura no se nos puede escapar\u201d - Padre y Decano - El Sitio del Pueblo","robots":{"index":"index","follow":"follow","max-snippet":"max-snippet:-1","max-image-preview":"max-image-preview:large","max-video-preview":"max-video-preview:-1"},"canonical":"https:\/\/www.padreydecano.com\/cms\/noticias\/sabemos-que-este-apertura-no-se-nos-puede-escapar\/","og_locale":"es_ES","og_type":"article","og_title":"\u201cSabemos que este Apertura no se nos puede escapar\u201d - Padre y Decano - El Sitio del Pueblo","og_description":"El equipo que cumplir\u00e1 121 a\u00f1os obtuvo su segundo triunfo al hilo en lo que va del Apertura 2012.\u00a0\u201cSi queremos seguir cerca tenemos que priorizar ganar, ahora, si vemos un poquito m\u00e1s all\u00e1, estamos muy preocupados. Este equipo con estos jugadores tiene que mejorar much\u00edsimo en lo futbol\u00edstico. Estamos muy lejos de lo que queremos\u201d. [&hellip;]","og_url":"https:\/\/www.padreydecano.com\/cms\/noticias\/sabemos-que-este-apertura-no-se-nos-puede-escapar\/","og_site_name":"Padre y Decano - El Sitio del Pueblo","article_published_time":"2012-09-23T23:24:31+00:00","article_modified_time":"2012-09-23T23:27:41+00:00","og_image":[{"width":1000,"height":667,"url":"https:\/\/www.padreydecano.com\/cms\/wp-content\/uploads\/2012\/09\/DSC_0130-Copiar.jpg","type":"image\/jpeg"}],"author":"Moderador","twitter_card":"summary_large_image","twitter_misc":{"Escrito por":"Moderador","Tiempo de lectura":"2 minutos"},"schema":{"@context":"https:\/\/schema.org","@graph":[{"@type":"Article","@id":"https:\/\/www.padreydecano.com\/cms\/noticias\/sabemos-que-este-apertura-no-se-nos-puede-escapar\/#article","isPartOf":{"@id":"https:\/\/www.padreydecano.com\/cms\/noticias\/sabemos-que-este-apertura-no-se-nos-puede-escapar\/"},"author":{"name":"Moderador","@id":"https:\/\/www.padreydecano.com\/cms\/#\/schema\/person\/d93e9e537230ae052c194251d9a1def2"},"headline":"\u201cSabemos que este Apertura no se nos puede escapar\u201d","datePublished":"2012-09-23T23:24:31+00:00","dateModified":"2012-09-23T23:27:41+00:00","mainEntityOfPage":{"@id":"https:\/\/www.padreydecano.com\/cms\/noticias\/sabemos-que-este-apertura-no-se-nos-puede-escapar\/"},"wordCount":360,"commentCount":10,"publisher":{"@id":"https:\/\/www.padreydecano.com\/cms\/#organization"},"image":{"@id":"https:\/\/www.padreydecano.com\/cms\/noticias\/sabemos-que-este-apertura-no-se-nos-puede-escapar\/#primaryimage"},"thumbnailUrl":"https:\/\/www.padreydecano.com\/cms\/wp-content\/uploads\/2012\/09\/DSC_0130-Copiar.jpg","keywords":["Voces del vestuario"],"articleSection":["Noticias"],"inLanguage":"es","potentialAction":[{"@type":"CommentAction","name":"Comment","target":["https:\/\/www.padreydecano.com\/cms\/noticias\/sabemos-que-este-apertura-no-se-nos-puede-escapar\/#respond"]}]},{"@type":"WebPage","@id":"https:\/\/www.padreydecano.com\/cms\/noticias\/sabemos-que-este-apertura-no-se-nos-puede-escapar\/","url":"https:\/\/www.padreydecano.com\/cms\/noticias\/sabemos-que-este-apertura-no-se-nos-puede-escapar\/","name":"\u201cSabemos que este Apertura no se nos puede escapar\u201d - Padre y Decano - El Sitio del Pueblo","isPartOf":{"@id":"https:\/\/www.padreydecano.com\/cms\/#website"},"primaryImageOfPage":{"@id":"https:\/\/www.padreydecano.com\/cms\/noticias\/sabemos-que-este-apertura-no-se-nos-puede-escapar\/#primaryimage"},"image":{"@id":"https:\/\/www.padreydecano.com\/cms\/noticias\/sabemos-que-este-apertura-no-se-nos-puede-escapar\/#primaryimage"},"thumbnailUrl":"https:\/\/www.padreydecano.com\/cms\/wp-content\/uploads\/2012\/09\/DSC_0130-Copiar.jpg","datePublished":"2012-09-23T23:24:31+00:00","dateModified":"2012-09-23T23:27:41+00:00","breadcrumb":{"@id":"https:\/\/www.padreydecano.com\/cms\/noticias\/sabemos-que-este-apertura-no-se-nos-puede-escapar\/#breadcrumb"},"inLanguage":"es","potentialAction":[{"@type":"ReadAction","target":["https:\/\/www.padreydecano.com\/cms\/noticias\/sabemos-que-este-apertura-no-se-nos-puede-escapar\/"]}]},{"@type":"ImageObject","inLanguage":"es","@id":"https:\/\/www.padreydecano.com\/cms\/noticias\/sabemos-que-este-apertura-no-se-nos-puede-escapar\/#primaryimage","url":"https:\/\/www.padreydecano.com\/cms\/wp-content\/uploads\/2012\/09\/DSC_0130-Copiar.jpg","contentUrl":"https:\/\/www.padreydecano.com\/cms\/wp-content\/uploads\/2012\/09\/DSC_0130-Copiar.jpg","width":"1000","height":"667"},{"@type":"BreadcrumbList","@id":"https:\/\/www.padreydecano.com\/cms\/noticias\/sabemos-que-este-apertura-no-se-nos-puede-escapar\/#breadcrumb","itemListElement":[{"@type":"ListItem","position":1,"name":"Portada","item":"https:\/\/www.padreydecano.com\/cms\/"},{"@type":"ListItem","position":2,"name":"\u201cSabemos que este Apertura no se nos puede escapar\u201d"}]},{"@type":"WebSite","@id":"https:\/\/www.padreydecano.com\/cms\/#website","url":"https:\/\/www.padreydecano.com\/cms\/","name":"Padre y Decano - El Sitio del Pueblo","description":"Club Atl\u00e9tico Pe\u00f1arol","publisher":{"@id":"https:\/\/www.padreydecano.com\/cms\/#organization"},"potentialAction":[{"@type":"SearchAction","target":{"@type":"EntryPoint","urlTemplate":"https:\/\/www.padreydecano.com\/cms\/?s={search_term_string}"},"query-input":"required name=search_term_string"}],"inLanguage":"es"},{"@type":"Organization","@id":"https:\/\/www.padreydecano.com\/cms\/#organization","name":"Padre y Decano","url":"https:\/\/www.padreydecano.com\/cms\/","logo":{"@type":"ImageObject","inLanguage":"es","@id":"https:\/\/www.padreydecano.com\/cms\/#\/schema\/logo\/image\/","url":"https:\/\/www.padreydecano.com\/cms\/wp-content\/uploads\/2022\/01\/avatar-square.png","contentUrl":"https:\/\/www.padreydecano.com\/cms\/wp-content\/uploads\/2022\/01\/avatar-square.png","width":1500,"height":1500,"caption":"Padre y Decano"},"image":{"@id":"https:\/\/www.padreydecano.com\/cms\/#\/schema\/logo\/image\/"}},{"@type":"Person","@id":"https:\/\/www.padreydecano.com\/cms\/#\/schema\/person\/d93e9e537230ae052c194251d9a1def2","name":"Moderador","image":{"@type":"ImageObject","inLanguage":"es","@id":"https:\/\/www.padreydecano.com\/cms\/#\/schema\/person\/image\/","url":"https:\/\/secure.gravatar.com\/avatar\/2587727bf8a53bd3da4ec49f01bea66e?s=96&d=https%3A%2F%2Fpadreydecano.com%2Fcms%2Fwp-content%2Fthemes%2Fpyd-theme%2Fimg%2Fdefault-avatar.png&r=g","contentUrl":"https:\/\/secure.gravatar.com\/avatar\/2587727bf8a53bd3da4ec49f01bea66e?s=96&d=https%3A%2F%2Fpadreydecano.com%2Fcms%2Fwp-content%2Fthemes%2Fpyd-theme%2Fimg%2Fdefault-avatar.png&r=g","caption":"Moderador"}}]}},"_links":{"self":[{"href":"https:\/\/www.padreydecano.com\/cms\/wp-json\/wp\/v2\/posts\/30433"}],"collection":[{"href":"https:\/\/www.padreydecano.com\/cms\/wp-json\/wp\/v2\/posts"}],"about":[{"href":"https:\/\/www.padreydecano.com\/cms\/wp-json\/wp\/v2\/types\/post"}],"author":[{"embeddable":true,"href":"https:\/\/www.padreydecano.com\/cms\/wp-json\/wp\/v2\/users\/13"}],"replies":[{"embeddable":true,"href":"https:\/\/www.padreydecano.com\/cms\/wp-json\/wp\/v2\/comments?post=30433"}],"version-history":[{"count":0,"href":"https:\/\/www.padreydecano.com\/cms\/wp-json\/wp\/v2\/posts\/30433\/revisions"}],"wp:featuredmedia":[{"embeddable":true,"href":"https:\/\/www.padreydecano.com\/cms\/wp-json\/wp\/v2\/media\/30355"}],"wp:attachment":[{"href":"https:\/\/www.padreydecano.com\/cms\/wp-json\/wp\/v2\/media?parent=30433"}],"wp:term":[{"taxonomy":"category","embeddable":true,"href":"https:\/\/www.padreydecano.com\/cms\/wp-json\/wp\/v2\/categories?post=30433"},{"taxonomy":"post_tag","embeddable":true,"href":"https:\/\/www.padreydecano.com\/cms\/wp-json\/wp\/v2\/tags?post=30433"}],"curies":[{"name":"wp","href":"https:\/\/api.w.org\/{rel}","templated":true}]}}