{"id":30312,"date":"2012-09-21T12:28:38","date_gmt":"2012-09-21T15:28:38","guid":{"rendered":"http:\/\/www.padreydecano.com\/cms\/?p=30312"},"modified":"2012-09-21T12:28:38","modified_gmt":"2012-09-21T15:28:38","slug":"financiacion-del-estadio-de-penarol","status":"publish","type":"post","link":"https:\/\/www.padreydecano.com\/cms\/noticias\/financiacion-del-estadio-de-penarol\/","title":{"rendered":"Financiaci\u00f3n del Estadio de Pe\u00f1arol"},"content":{"rendered":"<p style=\"text-align: justify;\"><a href=\"https:\/\/www.padreydecano.com\/cms\/wp-content\/uploads\/2011\/12\/estadio_pe\u00f1arol.jpg\" rel=\"shadowbox[sbpost-30312];player=img;\"><img loading=\"lazy\" decoding=\"async\" class=\"alignright  wp-image-11597\" src=\"https:\/\/www.padreydecano.com\/cms\/wp-content\/uploads\/2011\/12\/estadio_pe\u00f1arol-300x164.jpg\" alt=\"\" width=\"240\" height=\"131\" srcset=\"https:\/\/www.padreydecano.com\/cms\/wp-content\/uploads\/2011\/12\/estadio_pe\u00f1arol-300x164.jpg 300w, https:\/\/www.padreydecano.com\/cms\/wp-content\/uploads\/2011\/12\/estadio_pe\u00f1arol.jpg 726w\" sizes=\"(max-width: 240px) 100vw, 240px\" \/><\/a>La semana pasada el presidente de Pe\u00f1arol Juan Pedro Damiani anunci\u00f3 que <a href=\"https:\/\/www.padreydecano.com\/cms\/noticias\/estadio-la-preventa-empezaria-el-\" target=\"_blank\">la preventa del Estadio empezar\u00eda el 28 de setiembre<\/a>. <span style=\"color: #ffcc02;\"><strong>Padre y Decano<\/strong><\/span> se comunic\u00f3 con gente allegada al club para que nos informe bien sobre el tema que todos los socios e hinchas de Pe\u00f1arol quieren tener m\u00e1s detalles.<\/p>\n<p style=\"text-align: justify;\"><strong>El 28 de Setiembre de 2012 ser\u00e1 el d\u00eda de presentaci\u00f3n del proyecto para realizar el Estadio de Pe\u00f1arol.<\/strong> Podr\u00eda ser el d\u00eda que Pe\u00f1arol comenz\u00f3 a construir su estadio, con una estrategia innovadora que busca que <strong>los socios seamos inversionistas directos<\/strong>; algo as\u00ed como aquella recordada campa\u00f1a de \u201cpeso a peso\u201d que logr\u00f3 trascendencia pero nunca consecuencia.<\/p>\n<p style=\"text-align: justify;\">Ahora, veamos qu\u00e9 necesita Pe\u00f1arol de los hinchas: <strong>30% es el n\u00famero m\u00ednimo que necesita la empresa constructora para comenzar las obras (SACEEM), este n\u00famero traducido a d\u00f3lares ronda en los U$S 10.000.000.\u00a0<\/strong>La forma para conseguir esta cifra es <strong>poniendo en pre venta 115 palcos (para 16 personas con 3 lugares de estacionamiento), valorados en U$S 60.000 (10 a\u00f1os de duraci\u00f3n)<\/strong>, <strong>U$S 4.000 d\u00f3lares te aseguran un lugar de por vida en el futuro estadio mirasol<\/strong> (este podr\u00e1 ser cedido a hijos, nietos o seres queridos) y por \u00faltimo est\u00e1 la opci\u00f3n m\u00e1s \u201cpopular\u201d que te asegura por una temporada tu lugar por un valor de U$S 250.<\/p>\n<p style=\"text-align: justify;\">Traduciendo nuevamente a n\u00fameros, los 115 palcos representar\u00e1n U$S 6.900.000. Los restantes U$S 3.100.000 deber\u00e1n repartirse en las otras dos opciones.<\/p>\n<p style=\"text-align: justify;\">Las formas de pago, es lo que se presentar\u00e1 entre otras cosas el 28\/9.<\/p>\n<p style=\"text-align: justify;\">Para llegar a esta opci\u00f3n se form\u00f3 una Sociedad An\u00f3nima Deportiva con el nombre de \u201cComplejo Cultural y Deportivo Pe\u00f1arol SA\u201d, en la cual el accionista es el club, pero el fiduciario es CPA Ferrere.\u00a0Este fiduciario es quien administra el fideicomiso que ser\u00e1 pedido al \u00a0Banco Republica. <strong>El fideicomiso consta de dos pr\u00e9stamos de U$S 16.000.000; el primero se pagar\u00e1 en el plazo de un a\u00f1o y el segundo en 11 a\u00f1os.<\/strong><\/p>\n<p style=\"text-align: justify;\">SACEEM adem\u00e1s ser\u00e1 el encargado de poner una garant\u00eda de U$S 5.000.000. Esta garant\u00eda no es ejecutable para pagar posibles deudas, si no que se utilizar\u00e1 en caso de que no se cumpla el contrato establecido entre SAD y el Banco Rep\u00fablica.\u00a0 Esto quiere decir que si SACEEM cumple con su parte de construcci\u00f3n, este dinero no es ejecutable.<\/p>\n<p style=\"text-align: justify;\"><strong>El estadio tendr\u00e1 un costo de U$S 33.000.000 y albergar\u00e1 a 40.200 personas. <\/strong>Quedar\u00e1 en condiciones para ser agrandado unas 20.000 localidades m\u00e1s.<strong> SACEEM puso un plazo de 14 meses para la construcci\u00f3n<\/strong>.<\/p>\n<div align=\"center\"><div id=\"polls-21\" class=\"wp-polls\">\n\t\t<p style=\"text-align: center; margin-bottom:10px;\"><strong>\u00bfEst\u00e1s de acuerdo con el proyecto y con la ubicaci\u00f3n del Estadio?<\/strong><\/p><div id=\"polls-21-ans\" class=\"wp-polls-ans\"><ul class=\"wp-polls-ul\">\n\t\t<li>S\u00ed <small>(82%, 982 votos)<\/small><div class=\"pollbar\" style=\"width: 82%;\" title=\"S\u00ed (82% | 982 votos)\"><\/div><\/li>\n\t\t<li>No <small>(18%, 218 votos)<\/small><div class=\"pollbar\" style=\"width: 18%;\" title=\"No (18% | 218 votos)\"><\/div><\/li>\n\t\t<\/ul><p style=\"text-align: center;\">Total de votantes: <strong>1.200<\/strong><\/p><\/div>\n\t\t<input type=\"hidden\" id=\"poll_21_nonce\" name=\"wp-polls-nonce\" value=\"86a3eb4093\" \/>\n<\/div>\n<\/div>\n","protected":false},"excerpt":{"rendered":"<p>La semana pasada el presidente de Pe\u00f1arol Juan Pedro Damiani anunci\u00f3 que la preventa del Estadio empezar\u00eda el 28 de setiembre. Padre y Decano se comunic\u00f3 con gente allegada al club para que nos informe bien sobre el tema que todos los socios e hinchas de Pe\u00f1arol quieren tener m\u00e1s detalles. El 28 de Setiembre [&hellip;]<\/p>\n","protected":false},"author":2,"featured_media":11597,"comment_status":"open","ping_status":"closed","sticky":false,"template":"","format":"standard","meta":{"footnotes":""},"categories":[1],"tags":[115],"yoast_head":"<!-- This site is optimized with the Yoast SEO plugin v23.2 - https:\/\/yoast.com\/wordpress\/plugins\/seo\/ -->\n<title>Financiaci\u00f3n del Estadio de Pe\u00f1arol - Padre y Decano - El Sitio del Pueblo<\/title>\n<meta name=\"robots\" content=\"index, follow, max-snippet:-1, max-image-preview:large, max-video-preview:-1\" \/>\n<link rel=\"canonical\" href=\"https:\/\/www.padreydecano.com\/cms\/noticias\/financiacion-del-estadio-de-penarol\/\" \/>\n<meta property=\"og:locale\" content=\"es_ES\" \/>\n<meta property=\"og:type\" content=\"article\" \/>\n<meta property=\"og:title\" content=\"Financiaci\u00f3n del Estadio de Pe\u00f1arol - Padre y Decano - El Sitio del Pueblo\" \/>\n<meta property=\"og:description\" content=\"La semana pasada el presidente de Pe\u00f1arol Juan Pedro Damiani anunci\u00f3 que la preventa del Estadio empezar\u00eda el 28 de setiembre. Padre y Decano se comunic\u00f3 con gente allegada al club para que nos informe bien sobre el tema que todos los socios e hinchas de Pe\u00f1arol quieren tener m\u00e1s detalles. El 28 de Setiembre [&hellip;]\" \/>\n<meta property=\"og:url\" content=\"https:\/\/www.padreydecano.com\/cms\/noticias\/financiacion-del-estadio-de-penarol\/\" \/>\n<meta property=\"og:site_name\" content=\"Padre y Decano - El Sitio del Pueblo\" \/>\n<meta property=\"article:published_time\" content=\"2012-09-21T15:28:38+00:00\" \/>\n<meta property=\"og:image\" content=\"https:\/\/www.padreydecano.com\/cms\/wp-content\/uploads\/2011\/12\/estadio_pe\u00f1arol.jpg\" \/>\n\t<meta property=\"og:image:width\" content=\"726\" \/>\n\t<meta property=\"og:image:height\" content=\"399\" \/>\n\t<meta property=\"og:image:type\" content=\"image\/jpeg\" \/>\n<meta name=\"author\" content=\"Gonzalo16\" \/>\n<meta name=\"twitter:card\" content=\"summary_large_image\" \/>\n<meta name=\"twitter:label1\" content=\"Escrito por\" \/>\n\t<meta name=\"twitter:data1\" content=\"Gonzalo16\" \/>\n\t<meta name=\"twitter:label2\" content=\"Tiempo de lectura\" \/>\n\t<meta name=\"twitter:data2\" content=\"2 minutos\" \/>\n<script type=\"application\/ld+json\" class=\"yoast-schema-graph\">{\"@context\":\"https:\/\/schema.org\",\"@graph\":[{\"@type\":\"Article\",\"@id\":\"https:\/\/www.padreydecano.com\/cms\/noticias\/financiacion-del-estadio-de-penarol\/#article\",\"isPartOf\":{\"@id\":\"https:\/\/www.padreydecano.com\/cms\/noticias\/financiacion-del-estadio-de-penarol\/\"},\"author\":{\"name\":\"Gonzalo16\",\"@id\":\"https:\/\/www.padreydecano.com\/cms\/#\/schema\/person\/7fe41e3e335700ebd387196df2f9a8d4\"},\"headline\":\"Financiaci\u00f3n del Estadio de Pe\u00f1arol\",\"datePublished\":\"2012-09-21T15:28:38+00:00\",\"dateModified\":\"2012-09-21T15:28:38+00:00\",\"mainEntityOfPage\":{\"@id\":\"https:\/\/www.padreydecano.com\/cms\/noticias\/financiacion-del-estadio-de-penarol\/\"},\"wordCount\":450,\"commentCount\":102,\"publisher\":{\"@id\":\"https:\/\/www.padreydecano.com\/cms\/#organization\"},\"image\":{\"@id\":\"https:\/\/www.padreydecano.com\/cms\/noticias\/financiacion-del-estadio-de-penarol\/#primaryimage\"},\"thumbnailUrl\":\"https:\/\/www.padreydecano.com\/cms\/wp-content\/uploads\/2011\/12\/estadio_pe\u00f1arol.jpg\",\"keywords\":[\"Estadio\"],\"articleSection\":[\"Noticias\"],\"inLanguage\":\"es\",\"potentialAction\":[{\"@type\":\"CommentAction\",\"name\":\"Comment\",\"target\":[\"https:\/\/www.padreydecano.com\/cms\/noticias\/financiacion-del-estadio-de-penarol\/#respond\"]}]},{\"@type\":\"WebPage\",\"@id\":\"https:\/\/www.padreydecano.com\/cms\/noticias\/financiacion-del-estadio-de-penarol\/\",\"url\":\"https:\/\/www.padreydecano.com\/cms\/noticias\/financiacion-del-estadio-de-penarol\/\",\"name\":\"Financiaci\u00f3n del Estadio de Pe\u00f1arol - Padre y Decano - El Sitio del Pueblo\",\"isPartOf\":{\"@id\":\"https:\/\/www.padreydecano.com\/cms\/#website\"},\"primaryImageOfPage\":{\"@id\":\"https:\/\/www.padreydecano.com\/cms\/noticias\/financiacion-del-estadio-de-penarol\/#primaryimage\"},\"image\":{\"@id\":\"https:\/\/www.padreydecano.com\/cms\/noticias\/financiacion-del-estadio-de-penarol\/#primaryimage\"},\"thumbnailUrl\":\"https:\/\/www.padreydecano.com\/cms\/wp-content\/uploads\/2011\/12\/estadio_pe\u00f1arol.jpg\",\"datePublished\":\"2012-09-21T15:28:38+00:00\",\"dateModified\":\"2012-09-21T15:28:38+00:00\",\"breadcrumb\":{\"@id\":\"https:\/\/www.padreydecano.com\/cms\/noticias\/financiacion-del-estadio-de-penarol\/#breadcrumb\"},\"inLanguage\":\"es\",\"potentialAction\":[{\"@type\":\"ReadAction\",\"target\":[\"https:\/\/www.padreydecano.com\/cms\/noticias\/financiacion-del-estadio-de-penarol\/\"]}]},{\"@type\":\"ImageObject\",\"inLanguage\":\"es\",\"@id\":\"https:\/\/www.padreydecano.com\/cms\/noticias\/financiacion-del-estadio-de-penarol\/#primaryimage\",\"url\":\"https:\/\/www.padreydecano.com\/cms\/wp-content\/uploads\/2011\/12\/estadio_pe\u00f1arol.jpg\",\"contentUrl\":\"https:\/\/www.padreydecano.com\/cms\/wp-content\/uploads\/2011\/12\/estadio_pe\u00f1arol.jpg\",\"width\":\"726\",\"height\":\"399\"},{\"@type\":\"BreadcrumbList\",\"@id\":\"https:\/\/www.padreydecano.com\/cms\/noticias\/financiacion-del-estadio-de-penarol\/#breadcrumb\",\"itemListElement\":[{\"@type\":\"ListItem\",\"position\":1,\"name\":\"Portada\",\"item\":\"https:\/\/www.padreydecano.com\/cms\/\"},{\"@type\":\"ListItem\",\"position\":2,\"name\":\"Financiaci\u00f3n del Estadio de Pe\u00f1arol\"}]},{\"@type\":\"WebSite\",\"@id\":\"https:\/\/www.padreydecano.com\/cms\/#website\",\"url\":\"https:\/\/www.padreydecano.com\/cms\/\",\"name\":\"Padre y Decano - El Sitio del Pueblo\",\"description\":\"Club Atl\u00e9tico Pe\u00f1arol\",\"publisher\":{\"@id\":\"https:\/\/www.padreydecano.com\/cms\/#organization\"},\"potentialAction\":[{\"@type\":\"SearchAction\",\"target\":{\"@type\":\"EntryPoint\",\"urlTemplate\":\"https:\/\/www.padreydecano.com\/cms\/?s={search_term_string}\"},\"query-input\":\"required name=search_term_string\"}],\"inLanguage\":\"es\"},{\"@type\":\"Organization\",\"@id\":\"https:\/\/www.padreydecano.com\/cms\/#organization\",\"name\":\"Padre y Decano\",\"url\":\"https:\/\/www.padreydecano.com\/cms\/\",\"logo\":{\"@type\":\"ImageObject\",\"inLanguage\":\"es\",\"@id\":\"https:\/\/www.padreydecano.com\/cms\/#\/schema\/logo\/image\/\",\"url\":\"https:\/\/www.padreydecano.com\/cms\/wp-content\/uploads\/2022\/01\/avatar-square.png\",\"contentUrl\":\"https:\/\/www.padreydecano.com\/cms\/wp-content\/uploads\/2022\/01\/avatar-square.png\",\"width\":1500,\"height\":1500,\"caption\":\"Padre y Decano\"},\"image\":{\"@id\":\"https:\/\/www.padreydecano.com\/cms\/#\/schema\/logo\/image\/\"}},{\"@type\":\"Person\",\"@id\":\"https:\/\/www.padreydecano.com\/cms\/#\/schema\/person\/7fe41e3e335700ebd387196df2f9a8d4\",\"name\":\"Gonzalo16\",\"image\":{\"@type\":\"ImageObject\",\"inLanguage\":\"es\",\"@id\":\"https:\/\/www.padreydecano.com\/cms\/#\/schema\/person\/image\/\",\"url\":\"https:\/\/secure.gravatar.com\/avatar\/4d5cdd49803a2313c01f77e3dfc05d81?s=96&d=https%3A%2F%2Fpadreydecano.com%2Fcms%2Fwp-content%2Fthemes%2Fpyd-theme%2Fimg%2Fdefault-avatar.png&r=g\",\"contentUrl\":\"https:\/\/secure.gravatar.com\/avatar\/4d5cdd49803a2313c01f77e3dfc05d81?s=96&d=https%3A%2F%2Fpadreydecano.com%2Fcms%2Fwp-content%2Fthemes%2Fpyd-theme%2Fimg%2Fdefault-avatar.png&r=g\",\"caption\":\"Gonzalo16\"}}]}<\/script>\n<!-- \/ Yoast SEO plugin. -->","yoast_head_json":{"title":"Financiaci\u00f3n del Estadio de Pe\u00f1arol - Padre y Decano - El Sitio del Pueblo","robots":{"index":"index","follow":"follow","max-snippet":"max-snippet:-1","max-image-preview":"max-image-preview:large","max-video-preview":"max-video-preview:-1"},"canonical":"https:\/\/www.padreydecano.com\/cms\/noticias\/financiacion-del-estadio-de-penarol\/","og_locale":"es_ES","og_type":"article","og_title":"Financiaci\u00f3n del Estadio de Pe\u00f1arol - Padre y Decano - El Sitio del Pueblo","og_description":"La semana pasada el presidente de Pe\u00f1arol Juan Pedro Damiani anunci\u00f3 que la preventa del Estadio empezar\u00eda el 28 de setiembre. Padre y Decano se comunic\u00f3 con gente allegada al club para que nos informe bien sobre el tema que todos los socios e hinchas de Pe\u00f1arol quieren tener m\u00e1s detalles. El 28 de Setiembre [&hellip;]","og_url":"https:\/\/www.padreydecano.com\/cms\/noticias\/financiacion-del-estadio-de-penarol\/","og_site_name":"Padre y Decano - El Sitio del Pueblo","article_published_time":"2012-09-21T15:28:38+00:00","og_image":[{"width":726,"height":399,"url":"https:\/\/www.padreydecano.com\/cms\/wp-content\/uploads\/2011\/12\/estadio_pe\u00f1arol.jpg","type":"image\/jpeg"}],"author":"Gonzalo16","twitter_card":"summary_large_image","twitter_misc":{"Escrito por":"Gonzalo16","Tiempo de lectura":"2 minutos"},"schema":{"@context":"https:\/\/schema.org","@graph":[{"@type":"Article","@id":"https:\/\/www.padreydecano.com\/cms\/noticias\/financiacion-del-estadio-de-penarol\/#article","isPartOf":{"@id":"https:\/\/www.padreydecano.com\/cms\/noticias\/financiacion-del-estadio-de-penarol\/"},"author":{"name":"Gonzalo16","@id":"https:\/\/www.padreydecano.com\/cms\/#\/schema\/person\/7fe41e3e335700ebd387196df2f9a8d4"},"headline":"Financiaci\u00f3n del Estadio de Pe\u00f1arol","datePublished":"2012-09-21T15:28:38+00:00","dateModified":"2012-09-21T15:28:38+00:00","mainEntityOfPage":{"@id":"https:\/\/www.padreydecano.com\/cms\/noticias\/financiacion-del-estadio-de-penarol\/"},"wordCount":450,"commentCount":102,"publisher":{"@id":"https:\/\/www.padreydecano.com\/cms\/#organization"},"image":{"@id":"https:\/\/www.padreydecano.com\/cms\/noticias\/financiacion-del-estadio-de-penarol\/#primaryimage"},"thumbnailUrl":"https:\/\/www.padreydecano.com\/cms\/wp-content\/uploads\/2011\/12\/estadio_pe\u00f1arol.jpg","keywords":["Estadio"],"articleSection":["Noticias"],"inLanguage":"es","potentialAction":[{"@type":"CommentAction","name":"Comment","target":["https:\/\/www.padreydecano.com\/cms\/noticias\/financiacion-del-estadio-de-penarol\/#respond"]}]},{"@type":"WebPage","@id":"https:\/\/www.padreydecano.com\/cms\/noticias\/financiacion-del-estadio-de-penarol\/","url":"https:\/\/www.padreydecano.com\/cms\/noticias\/financiacion-del-estadio-de-penarol\/","name":"Financiaci\u00f3n del Estadio de Pe\u00f1arol - Padre y Decano - El Sitio del Pueblo","isPartOf":{"@id":"https:\/\/www.padreydecano.com\/cms\/#website"},"primaryImageOfPage":{"@id":"https:\/\/www.padreydecano.com\/cms\/noticias\/financiacion-del-estadio-de-penarol\/#primaryimage"},"image":{"@id":"https:\/\/www.padreydecano.com\/cms\/noticias\/financiacion-del-estadio-de-penarol\/#primaryimage"},"thumbnailUrl":"https:\/\/www.padreydecano.com\/cms\/wp-content\/uploads\/2011\/12\/estadio_pe\u00f1arol.jpg","datePublished":"2012-09-21T15:28:38+00:00","dateModified":"2012-09-21T15:28:38+00:00","breadcrumb":{"@id":"https:\/\/www.padreydecano.com\/cms\/noticias\/financiacion-del-estadio-de-penarol\/#breadcrumb"},"inLanguage":"es","potentialAction":[{"@type":"ReadAction","target":["https:\/\/www.padreydecano.com\/cms\/noticias\/financiacion-del-estadio-de-penarol\/"]}]},{"@type":"ImageObject","inLanguage":"es","@id":"https:\/\/www.padreydecano.com\/cms\/noticias\/financiacion-del-estadio-de-penarol\/#primaryimage","url":"https:\/\/www.padreydecano.com\/cms\/wp-content\/uploads\/2011\/12\/estadio_pe\u00f1arol.jpg","contentUrl":"https:\/\/www.padreydecano.com\/cms\/wp-content\/uploads\/2011\/12\/estadio_pe\u00f1arol.jpg","width":"726","height":"399"},{"@type":"BreadcrumbList","@id":"https:\/\/www.padreydecano.com\/cms\/noticias\/financiacion-del-estadio-de-penarol\/#breadcrumb","itemListElement":[{"@type":"ListItem","position":1,"name":"Portada","item":"https:\/\/www.padreydecano.com\/cms\/"},{"@type":"ListItem","position":2,"name":"Financiaci\u00f3n del Estadio de Pe\u00f1arol"}]},{"@type":"WebSite","@id":"https:\/\/www.padreydecano.com\/cms\/#website","url":"https:\/\/www.padreydecano.com\/cms\/","name":"Padre y Decano - El Sitio del Pueblo","description":"Club Atl\u00e9tico Pe\u00f1arol","publisher":{"@id":"https:\/\/www.padreydecano.com\/cms\/#organization"},"potentialAction":[{"@type":"SearchAction","target":{"@type":"EntryPoint","urlTemplate":"https:\/\/www.padreydecano.com\/cms\/?s={search_term_string}"},"query-input":"required name=search_term_string"}],"inLanguage":"es"},{"@type":"Organization","@id":"https:\/\/www.padreydecano.com\/cms\/#organization","name":"Padre y Decano","url":"https:\/\/www.padreydecano.com\/cms\/","logo":{"@type":"ImageObject","inLanguage":"es","@id":"https:\/\/www.padreydecano.com\/cms\/#\/schema\/logo\/image\/","url":"https:\/\/www.padreydecano.com\/cms\/wp-content\/uploads\/2022\/01\/avatar-square.png","contentUrl":"https:\/\/www.padreydecano.com\/cms\/wp-content\/uploads\/2022\/01\/avatar-square.png","width":1500,"height":1500,"caption":"Padre y Decano"},"image":{"@id":"https:\/\/www.padreydecano.com\/cms\/#\/schema\/logo\/image\/"}},{"@type":"Person","@id":"https:\/\/www.padreydecano.com\/cms\/#\/schema\/person\/7fe41e3e335700ebd387196df2f9a8d4","name":"Gonzalo16","image":{"@type":"ImageObject","inLanguage":"es","@id":"https:\/\/www.padreydecano.com\/cms\/#\/schema\/person\/image\/","url":"https:\/\/secure.gravatar.com\/avatar\/4d5cdd49803a2313c01f77e3dfc05d81?s=96&d=https%3A%2F%2Fpadreydecano.com%2Fcms%2Fwp-content%2Fthemes%2Fpyd-theme%2Fimg%2Fdefault-avatar.png&r=g","contentUrl":"https:\/\/secure.gravatar.com\/avatar\/4d5cdd49803a2313c01f77e3dfc05d81?s=96&d=https%3A%2F%2Fpadreydecano.com%2Fcms%2Fwp-content%2Fthemes%2Fpyd-theme%2Fimg%2Fdefault-avatar.png&r=g","caption":"Gonzalo16"}}]}},"_links":{"self":[{"href":"https:\/\/www.padreydecano.com\/cms\/wp-json\/wp\/v2\/posts\/30312"}],"collection":[{"href":"https:\/\/www.padreydecano.com\/cms\/wp-json\/wp\/v2\/posts"}],"about":[{"href":"https:\/\/www.padreydecano.com\/cms\/wp-json\/wp\/v2\/types\/post"}],"author":[{"embeddable":true,"href":"https:\/\/www.padreydecano.com\/cms\/wp-json\/wp\/v2\/users\/2"}],"replies":[{"embeddable":true,"href":"https:\/\/www.padreydecano.com\/cms\/wp-json\/wp\/v2\/comments?post=30312"}],"version-history":[{"count":0,"href":"https:\/\/www.padreydecano.com\/cms\/wp-json\/wp\/v2\/posts\/30312\/revisions"}],"wp:featuredmedia":[{"embeddable":true,"href":"https:\/\/www.padreydecano.com\/cms\/wp-json\/wp\/v2\/media\/11597"}],"wp:attachment":[{"href":"https:\/\/www.padreydecano.com\/cms\/wp-json\/wp\/v2\/media?parent=30312"}],"wp:term":[{"taxonomy":"category","embeddable":true,"href":"https:\/\/www.padreydecano.com\/cms\/wp-json\/wp\/v2\/categories?post=30312"},{"taxonomy":"post_tag","embeddable":true,"href":"https:\/\/www.padreydecano.com\/cms\/wp-json\/wp\/v2\/tags?post=30312"}],"curies":[{"name":"wp","href":"https:\/\/api.w.org\/{rel}","templated":true}]}}