{"id":30311,"date":"2012-09-21T19:56:06","date_gmt":"2012-09-21T22:56:06","guid":{"rendered":"http:\/\/www.padreydecano.com\/cms\/?p=30311"},"modified":"2012-09-24T19:00:44","modified_gmt":"2012-09-24T22:00:44","slug":"lo-mas-leido-de-la-semana-8","status":"publish","type":"post","link":"https:\/\/www.padreydecano.com\/cms\/noticias\/lo-mas-leido-de-la-semana-8\/","title":{"rendered":"Lo m\u00e1s le\u00eddo de la semana (8)"},"content":{"rendered":"<p style=\"text-align: justify;\"><strong>Lo m\u00e1s relevante de la semana en Padre y Decano. <\/strong>Art\u00edculos desde el viernes 14 de setiembre hasta el jueves 20.<\/p>\n<table class=\"comun\">\n<tbody>\n<tr>\n<td><a href=\"https:\/\/www.padreydecano.com\/cms\/noticias\/el-equipo-de-la-gente-fecha-3\/\" target=\"_blank\"><img loading=\"lazy\" decoding=\"async\" class=\"alignleft size-thumbnail wp-image-30288\" src=\"https:\/\/www.padreydecano.com\/cms\/wp-content\/uploads\/2012\/09\/modelo-2-fecha-3-380f732-150x150.jpg\" alt=\"\" width=\"150\" height=\"150\" srcset=\"https:\/\/www.padreydecano.com\/cms\/wp-content\/uploads\/2012\/09\/modelo-2-fecha-3-380f732-150x150.jpg 150w, https:\/\/www.padreydecano.com\/cms\/wp-content\/uploads\/2012\/09\/modelo-2-fecha-3-380f732-36x36.jpg 36w, https:\/\/www.padreydecano.com\/cms\/wp-content\/uploads\/2012\/09\/modelo-2-fecha-3-380f732-115x115.jpg 115w\" sizes=\"(max-width: 150px) 100vw, 150px\" \/><\/a><\/td>\n<td style=\"text-align: justify;\"><span style=\"color: #ffcc02;\"><strong>[Foro] El equipo de la gente (Fecha 3)<\/strong><br \/>\n<\/span><br \/>\n<span>Te presentamos los resultados de la tercera fecha del Equipo de la Gente, donde los usuarios del foro Esto es Pe\u00f1arol califican el rendimiento de los jugadores en cada partido otorg\u00e1ndole un puntaje del 1 al 10 a cada uno.<\/span><a href=\"https:\/\/www.padreydecano.com\/cms\/noticias\/rachetti-le-retiro-la-confianza-a-osvaldo-gimenez\/\" target=\"_blank\"><br style=\"text-align: justify;\" \/> <strong><\/strong><\/a><strong><a href=\"https:\/\/www.padreydecano.com\/cms\/noticias\/el-equipo-de-la-gente-fecha-3\/\" target=\"_blank\">Leer nota completa \u00bb<\/a><\/strong><\/td>\n<\/tr>\n<\/tbody>\n<\/table>\n<table class=\"comun\">\n<tbody>\n<tr>\n<td style=\"text-align: justify; padding-right: 10px;\"><span style=\"color: #ffcc02;\"><strong>[Curiosidades] Diario AS de Espa\u00f1a homenajea al Decano<\/strong><br \/>\n<\/span><br \/>\n<span>El diario AS de Espa\u00f1a lanz\u00f3 una revista conmemorativa que incluye un informe especial sobre los 121 a\u00f1os de vida de Pe\u00f1arol. El prestigioso peri\u00f3dico deportivo es uno de los m\u00e1s importantes de Espa\u00f1a. En la tapa reza la frase: \u201cPe\u00f1arol es eterno como el tiempo y florece cada a\u00f1o en primavera\u201d. Adem\u00e1s, se afirma que Pe\u00f1arol es \u201cuna de las instituciones m\u00e1s gigantes que ha brotado en el f\u00fatbol mundial\u201d.<\/span><a href=\"https:\/\/www.padreydecano.com\/cms\/noticias\/rachetti-le-retiro-la-confianza-a-osvaldo-gimenez\/\" target=\"_blank\"><br \/>\n<\/a><a href=\"https:\/\/www.padreydecano.com\/cms\/noticias\/diario-as-de-espana-homenajea-al-decano\/\" target=\"_blank\"> <strong><\/strong><strong>Leer articulo completo \u00bb<\/strong><\/a><\/td>\n<td><a href=\"https:\/\/www.padreydecano.com\/cms\/noticias\/diario-as-de-espana-homenajea-al-decano\/\" rel=\"attachment wp-att-30234\" target=\"_blank\"><img loading=\"lazy\" decoding=\"async\" class=\"alignleft size-thumbnail wp-image-30234\" src=\"https:\/\/www.padreydecano.com\/cms\/wp-content\/uploads\/2012\/09\/Dibujo-Copiar-150x150.jpg\" alt=\"\" width=\"150\" height=\"150\" srcset=\"https:\/\/www.padreydecano.com\/cms\/wp-content\/uploads\/2012\/09\/Dibujo-Copiar-150x150.jpg 150w, https:\/\/www.padreydecano.com\/cms\/wp-content\/uploads\/2012\/09\/Dibujo-Copiar-36x36.jpg 36w, https:\/\/www.padreydecano.com\/cms\/wp-content\/uploads\/2012\/09\/Dibujo-Copiar-115x115.jpg 115w\" sizes=\"(max-width: 150px) 100vw, 150px\" \/><\/a><\/td>\n<\/tr>\n<\/tbody>\n<\/table>\n<table class=\"comun\">\n<tbody>\n<tr>\n<td><a href=\"https:\/\/www.padreydecano.com\/cms\/partidos\/levantando-cabeza\/\" rel=\"attachment wp-att-30153\" target=\"_blank\"><img loading=\"lazy\" decoding=\"async\" class=\"alignleft size-thumbnail wp-image-30153\" src=\"https:\/\/www.padreydecano.com\/cms\/wp-content\/uploads\/2012\/09\/DSC_03381-150x150.jpg\" alt=\"\" width=\"150\" height=\"150\" srcset=\"https:\/\/www.padreydecano.com\/cms\/wp-content\/uploads\/2012\/09\/DSC_03381-150x150.jpg 150w, https:\/\/www.padreydecano.com\/cms\/wp-content\/uploads\/2012\/09\/DSC_03381-36x36.jpg 36w, https:\/\/www.padreydecano.com\/cms\/wp-content\/uploads\/2012\/09\/DSC_03381-115x115.jpg 115w\" sizes=\"(max-width: 150px) 100vw, 150px\" \/><\/a><\/td>\n<td style=\"text-align: justify;\"><span style=\"color: #ffcc02;\"><strong>[Partidos] Levantando Cabeza &#8211; vs. Bella Vista (Fecha 3)<\/strong><br \/>\n<\/span><br \/>\n<span>El campe\u00f3n del siglo logr\u00f3 su primera victoria de la temporada jugando un buen primer tiempo con puntos muy positivos, sobre todo en los juveniles que todos salvaron con buena nota su participaci\u00f3n en el primer equipo.<\/span><a href=\"https:\/\/www.padreydecano.com\/cms\/noticias\/rachetti-le-retiro-la-confianza-a-osvaldo-gimenez\/\" target=\"_blank\"><br style=\"text-align: justify;\" \/><\/a><a href=\"https:\/\/www.padreydecano.com\/cms\/partidos\/levantando-cabeza\/\" target=\"_blank\"><strong>Cr\u00f3nica del partido \u00bb<\/strong><\/a><br \/>\n<a href=\"https:\/\/www.padreydecano.com\/cms\/partido-a-partido\/fotos-vs-bella-vista-apertura-2012\/\" target=\"_blank\"><strong>Galer\u00eda de fotos \u00bb<\/strong><\/a><br \/>\n<a href=\"https:\/\/www.padreydecano.com\/cms\/buscate\/buscate-vs-bella-vista-apertura-2012\/\" target=\"_blank\"><strong>Buscate en la Tribuna \u00bb<\/strong><\/a><br \/>\n<a href=\"https:\/\/www.padreydecano.com\/cms\/noticias\/ya-no-tenemos-margen\/\" target=\"_blank\"><strong>Voces del vestuario \u00bb<\/strong><\/a><\/td>\n<\/tr>\n<\/tbody>\n<\/table>\n<table class=\"comun\">\n<tbody>\n<tr>\n<td style=\"text-align: justify; padding-right: 10px;\"><span style=\"color: #ffcc02;\"><strong>[Noticias] Se viene la Navidad Carbonera \u00a1Explota el cielo!<\/strong><br \/>\n<\/span><br \/>\n<span>A las 00:00 de este 28 de setiembre, el cielo de Montevideo, Uruguay y el mundo tiene que explotar como siempre. El Club Atl\u00e9tico Pe\u00f1arol, Decano del F\u00fatbol Uruguayo y Campe\u00f3n del Siglo XX, festeja sus 121 a\u00f1os y los hinchas tenemos que recibir un nuevo aniversario como la historia y gloria del club merecen.<\/span><br \/>\n<span>Es reiterativo pero, por eso, no deja de ser cierto. Editores responsables, periodistas y comunicadores, un gran n\u00facleo de formadores de opini\u00f3n&#8230;<\/span><a href=\"https:\/\/www.padreydecano.com\/cms\/noticias\/rachetti-le-retiro-la-confianza-a-osvaldo-gimenez\/\" target=\"_blank\"><br style=\"text-align: justify;\" \/> <strong><\/strong><\/a><strong><a href=\"https:\/\/www.padreydecano.com\/cms\/noticias\/se-viene-la-navidad-carbonera-explota-el-cielo\/\" target=\"_blank\">Leer nota completa \u00bb<\/a><\/strong><\/td>\n<td><a href=\"https:\/\/www.padreydecano.com\/cms\/noticias\/se-viene-la-navidad-carbonera-explota-el-cielo\/\" rel=\"attachment wp-att-30258\" target=\"_blank\"><img loading=\"lazy\" decoding=\"async\" class=\"alignleft size-thumbnail wp-image-30258\" src=\"https:\/\/www.padreydecano.com\/cms\/wp-content\/uploads\/2012\/09\/fuegos-artificiales-150x150.jpg\" alt=\"\" width=\"150\" height=\"150\" srcset=\"https:\/\/www.padreydecano.com\/cms\/wp-content\/uploads\/2012\/09\/fuegos-artificiales-150x150.jpg 150w, https:\/\/www.padreydecano.com\/cms\/wp-content\/uploads\/2012\/09\/fuegos-artificiales-36x36.jpg 36w, https:\/\/www.padreydecano.com\/cms\/wp-content\/uploads\/2012\/09\/fuegos-artificiales-115x115.jpg 115w\" sizes=\"(max-width: 150px) 100vw, 150px\" \/><\/a><\/td>\n<\/tr>\n<\/tbody>\n<\/table>\n<table class=\"comun\">\n<tbody>\n<tr>\n<td><a href=\"https:\/\/www.padreydecano.com\/cms\/noticias\/estadio-la-preventa-empezaria-el-28\/\" rel=\"attachment wp-att-11950\" target=\"_blank\"><img loading=\"lazy\" decoding=\"async\" class=\"alignleft size-thumbnail wp-image-11950\" src=\"https:\/\/www.padreydecano.com\/cms\/wp-content\/uploads\/2011\/12\/estadio-pe\u00f1arol-150x150.jpg\" alt=\"\" width=\"150\" height=\"150\" srcset=\"https:\/\/www.padreydecano.com\/cms\/wp-content\/uploads\/2011\/12\/estadio-pe\u00f1arol-150x150.jpg 150w, https:\/\/www.padreydecano.com\/cms\/wp-content\/uploads\/2011\/12\/estadio-pe\u00f1arol-36x36.jpg 36w, https:\/\/www.padreydecano.com\/cms\/wp-content\/uploads\/2011\/12\/estadio-pe\u00f1arol-115x115.jpg 115w\" sizes=\"(max-width: 150px) 100vw, 150px\" \/><\/a><\/td>\n<td style=\"text-align: justify;\"><span style=\"color: #ffcc02;\"><strong>[Noticia] Estadio: La preventa empezar\u00eda el 28<\/strong><br \/>\n<\/span><br \/>\n<span>El presidente de Pe\u00f1arol, Juan Pedro Damiani dijo en Las Voces del F\u00fatbol (programa de Julio R\u00edos emitido por 1410 am) que se espera lanzar la preventa de palcos y butacas el 28 de setiembre y que \u201cel estadio ya depende de la preventa\u201d. Adem\u00e1s confirm\u00f3 que \u201cla autorizaci\u00f3n para que se construya el estadio est\u00e1\u201d.<\/span><a href=\"https:\/\/www.padreydecano.com\/cms\/noticias\/rachetti-le-retiro-la-confianza-a-osvaldo-gimenez\/\" target=\"_blank\"><br style=\"text-align: justify;\" \/> <strong><\/strong><\/a><a href=\"https:\/\/www.padreydecano.com\/cms\/noticias\/estadio-la-preventa-empezaria-el-28\/\" target=\"_blank\"><strong>Leer nota completa \u00bb<\/strong><\/a><a href=\"https:\/\/www.padreydecano.com\/cms\/noticias\/rachetti-le-retiro-la-confianza-a-osvaldo-gimenez\/\" target=\"_blank\"><br style=\"text-align: justify;\" \/> <strong><\/strong><\/a><\/td>\n<\/tr>\n<\/tbody>\n<\/table>\n<table class=\"comun\">\n<tbody>\n<tr>\n<td style=\"text-align: justify; padding-right: 10px;\"><span style=\"color: #ffcc02;\"><strong>[Columnas &#8211; Dr. Curcc] Semilla sin plantar<\/strong><br \/>\n<\/span><br \/>\n<span>En los \u00faltimos a\u00f1os desde la interna del club se han jactado de llevar adelante un proyecto de juveniles exitoso, afirmaci\u00f3n que podr\u00eda llegar a ser verdadera si comparamos lo que son las juveniles de Pe\u00f1arol hoy en d\u00eda con lo que eran hace unos a\u00f1os atr\u00e1s. Sin embargo, la larga lista de juveniles que han surgido en los \u00faltimos campeonatos han sido desperdiciados en su gran mayor\u00eda o los han utilizado con poca regularidad.<\/span><a href=\"https:\/\/www.padreydecano.com\/cms\/noticias\/rachetti-le-retiro-la-confianza-a-osvaldo-gimenez\/\" target=\"_blank\"><br style=\"text-align: justify;\" \/> <strong><\/strong><\/a><strong><a href=\"https:\/\/www.padreydecano.com\/cms\/columnas\/semillas-sin-plantar\/\" target=\"_blank\">Leer columna completa \u00bb<\/a><\/strong><\/td>\n<td><a href=\"https:\/\/www.padreydecano.com\/cms\/columnas\/semillas-sin-plantar\/\" rel=\"attachment wp-att-30005\" target=\"_blank\"><img loading=\"lazy\" decoding=\"async\" class=\"alignleft size-thumbnail wp-image-30005\" src=\"https:\/\/www.padreydecano.com\/cms\/wp-content\/uploads\/2012\/09\/semillas-150x150.jpg\" alt=\"\" width=\"150\" height=\"150\" srcset=\"https:\/\/www.padreydecano.com\/cms\/wp-content\/uploads\/2012\/09\/semillas-150x150.jpg 150w, https:\/\/www.padreydecano.com\/cms\/wp-content\/uploads\/2012\/09\/semillas-36x36.jpg 36w, https:\/\/www.padreydecano.com\/cms\/wp-content\/uploads\/2012\/09\/semillas-115x115.jpg 115w\" sizes=\"(max-width: 150px) 100vw, 150px\" \/><\/a><\/td>\n<\/tr>\n<\/tbody>\n<\/table>\n","protected":false},"excerpt":{"rendered":"<p>Lo m\u00e1s relevante de la semana en Padre y Decano. Art\u00edculos desde el viernes 14 de setiembre hasta el jueves 20.<\/p>\n","protected":false},"author":16,"featured_media":30321,"comment_status":"open","ping_status":"closed","sticky":false,"template":"","format":"standard","meta":{"footnotes":""},"categories":[1],"tags":[],"yoast_head":"<!-- This site is optimized with the Yoast SEO plugin v23.2 - https:\/\/yoast.com\/wordpress\/plugins\/seo\/ -->\n<title>Lo m\u00e1s le\u00eddo de la semana (8) - Padre y Decano - El Sitio del Pueblo<\/title>\n<meta name=\"robots\" content=\"index, follow, max-snippet:-1, max-image-preview:large, max-video-preview:-1\" \/>\n<link rel=\"canonical\" href=\"https:\/\/www.padreydecano.com\/cms\/noticias\/lo-mas-leido-de-la-semana-8\/\" \/>\n<meta property=\"og:locale\" content=\"es_ES\" \/>\n<meta property=\"og:type\" content=\"article\" \/>\n<meta property=\"og:title\" content=\"Lo m\u00e1s le\u00eddo de la semana (8) - Padre y Decano - El Sitio del Pueblo\" \/>\n<meta property=\"og:description\" content=\"Lo m\u00e1s relevante de la semana en Padre y Decano. Art\u00edculos desde el viernes 14 de setiembre hasta el jueves 20.\" \/>\n<meta property=\"og:url\" content=\"https:\/\/www.padreydecano.com\/cms\/noticias\/lo-mas-leido-de-la-semana-8\/\" \/>\n<meta property=\"og:site_name\" content=\"Padre y Decano - El Sitio del Pueblo\" \/>\n<meta property=\"article:published_time\" content=\"2012-09-21T22:56:06+00:00\" \/>\n<meta property=\"article:modified_time\" content=\"2012-09-24T22:00:44+00:00\" \/>\n<meta property=\"og:image\" content=\"https:\/\/www.padreydecano.com\/cms\/wp-content\/uploads\/2012\/09\/semana.jpg\" \/>\n\t<meta property=\"og:image:width\" content=\"640\" \/>\n\t<meta property=\"og:image:height\" content=\"250\" \/>\n\t<meta property=\"og:image:type\" content=\"image\/jpeg\" \/>\n<meta name=\"author\" content=\"mariano\" \/>\n<meta name=\"twitter:card\" content=\"summary_large_image\" \/>\n<meta name=\"twitter:label1\" content=\"Escrito por\" \/>\n\t<meta name=\"twitter:data1\" content=\"mariano\" \/>\n\t<meta name=\"twitter:label2\" content=\"Tiempo de lectura\" \/>\n\t<meta name=\"twitter:data2\" content=\"2 minutos\" \/>\n<script type=\"application\/ld+json\" class=\"yoast-schema-graph\">{\"@context\":\"https:\/\/schema.org\",\"@graph\":[{\"@type\":\"Article\",\"@id\":\"https:\/\/www.padreydecano.com\/cms\/noticias\/lo-mas-leido-de-la-semana-8\/#article\",\"isPartOf\":{\"@id\":\"https:\/\/www.padreydecano.com\/cms\/noticias\/lo-mas-leido-de-la-semana-8\/\"},\"author\":{\"name\":\"mariano\",\"@id\":\"https:\/\/www.padreydecano.com\/cms\/#\/schema\/person\/da0f0e72c91242bc7c270c61c9798d01\"},\"headline\":\"Lo m\u00e1s le\u00eddo de la semana (8)\",\"datePublished\":\"2012-09-21T22:56:06+00:00\",\"dateModified\":\"2012-09-24T22:00:44+00:00\",\"mainEntityOfPage\":{\"@id\":\"https:\/\/www.padreydecano.com\/cms\/noticias\/lo-mas-leido-de-la-semana-8\/\"},\"wordCount\":490,\"commentCount\":1,\"publisher\":{\"@id\":\"https:\/\/www.padreydecano.com\/cms\/#organization\"},\"image\":{\"@id\":\"https:\/\/www.padreydecano.com\/cms\/noticias\/lo-mas-leido-de-la-semana-8\/#primaryimage\"},\"thumbnailUrl\":\"https:\/\/www.padreydecano.com\/cms\/wp-content\/uploads\/2012\/09\/semana.jpg\",\"articleSection\":[\"Noticias\"],\"inLanguage\":\"es\",\"potentialAction\":[{\"@type\":\"CommentAction\",\"name\":\"Comment\",\"target\":[\"https:\/\/www.padreydecano.com\/cms\/noticias\/lo-mas-leido-de-la-semana-8\/#respond\"]}]},{\"@type\":\"WebPage\",\"@id\":\"https:\/\/www.padreydecano.com\/cms\/noticias\/lo-mas-leido-de-la-semana-8\/\",\"url\":\"https:\/\/www.padreydecano.com\/cms\/noticias\/lo-mas-leido-de-la-semana-8\/\",\"name\":\"Lo m\u00e1s le\u00eddo de la semana (8) - Padre y Decano - El Sitio del Pueblo\",\"isPartOf\":{\"@id\":\"https:\/\/www.padreydecano.com\/cms\/#website\"},\"primaryImageOfPage\":{\"@id\":\"https:\/\/www.padreydecano.com\/cms\/noticias\/lo-mas-leido-de-la-semana-8\/#primaryimage\"},\"image\":{\"@id\":\"https:\/\/www.padreydecano.com\/cms\/noticias\/lo-mas-leido-de-la-semana-8\/#primaryimage\"},\"thumbnailUrl\":\"https:\/\/www.padreydecano.com\/cms\/wp-content\/uploads\/2012\/09\/semana.jpg\",\"datePublished\":\"2012-09-21T22:56:06+00:00\",\"dateModified\":\"2012-09-24T22:00:44+00:00\",\"breadcrumb\":{\"@id\":\"https:\/\/www.padreydecano.com\/cms\/noticias\/lo-mas-leido-de-la-semana-8\/#breadcrumb\"},\"inLanguage\":\"es\",\"potentialAction\":[{\"@type\":\"ReadAction\",\"target\":[\"https:\/\/www.padreydecano.com\/cms\/noticias\/lo-mas-leido-de-la-semana-8\/\"]}]},{\"@type\":\"ImageObject\",\"inLanguage\":\"es\",\"@id\":\"https:\/\/www.padreydecano.com\/cms\/noticias\/lo-mas-leido-de-la-semana-8\/#primaryimage\",\"url\":\"https:\/\/www.padreydecano.com\/cms\/wp-content\/uploads\/2012\/09\/semana.jpg\",\"contentUrl\":\"https:\/\/www.padreydecano.com\/cms\/wp-content\/uploads\/2012\/09\/semana.jpg\",\"width\":\"640\",\"height\":\"250\"},{\"@type\":\"BreadcrumbList\",\"@id\":\"https:\/\/www.padreydecano.com\/cms\/noticias\/lo-mas-leido-de-la-semana-8\/#breadcrumb\",\"itemListElement\":[{\"@type\":\"ListItem\",\"position\":1,\"name\":\"Portada\",\"item\":\"https:\/\/www.padreydecano.com\/cms\/\"},{\"@type\":\"ListItem\",\"position\":2,\"name\":\"Lo m\u00e1s le\u00eddo de la semana (8)\"}]},{\"@type\":\"WebSite\",\"@id\":\"https:\/\/www.padreydecano.com\/cms\/#website\",\"url\":\"https:\/\/www.padreydecano.com\/cms\/\",\"name\":\"Padre y Decano - El Sitio del Pueblo\",\"description\":\"Club Atl\u00e9tico Pe\u00f1arol\",\"publisher\":{\"@id\":\"https:\/\/www.padreydecano.com\/cms\/#organization\"},\"potentialAction\":[{\"@type\":\"SearchAction\",\"target\":{\"@type\":\"EntryPoint\",\"urlTemplate\":\"https:\/\/www.padreydecano.com\/cms\/?s={search_term_string}\"},\"query-input\":\"required name=search_term_string\"}],\"inLanguage\":\"es\"},{\"@type\":\"Organization\",\"@id\":\"https:\/\/www.padreydecano.com\/cms\/#organization\",\"name\":\"Padre y Decano\",\"url\":\"https:\/\/www.padreydecano.com\/cms\/\",\"logo\":{\"@type\":\"ImageObject\",\"inLanguage\":\"es\",\"@id\":\"https:\/\/www.padreydecano.com\/cms\/#\/schema\/logo\/image\/\",\"url\":\"https:\/\/www.padreydecano.com\/cms\/wp-content\/uploads\/2022\/01\/avatar-square.png\",\"contentUrl\":\"https:\/\/www.padreydecano.com\/cms\/wp-content\/uploads\/2022\/01\/avatar-square.png\",\"width\":1500,\"height\":1500,\"caption\":\"Padre y Decano\"},\"image\":{\"@id\":\"https:\/\/www.padreydecano.com\/cms\/#\/schema\/logo\/image\/\"}},{\"@type\":\"Person\",\"@id\":\"https:\/\/www.padreydecano.com\/cms\/#\/schema\/person\/da0f0e72c91242bc7c270c61c9798d01\",\"name\":\"mariano\",\"image\":{\"@type\":\"ImageObject\",\"inLanguage\":\"es\",\"@id\":\"https:\/\/www.padreydecano.com\/cms\/#\/schema\/person\/image\/\",\"url\":\"https:\/\/secure.gravatar.com\/avatar\/771335714915d00ec253a5e994c2f830?s=96&d=https%3A%2F%2Fpadreydecano.com%2Fcms%2Fwp-content%2Fthemes%2Fpyd-theme%2Fimg%2Fdefault-avatar.png&r=g\",\"contentUrl\":\"https:\/\/secure.gravatar.com\/avatar\/771335714915d00ec253a5e994c2f830?s=96&d=https%3A%2F%2Fpadreydecano.com%2Fcms%2Fwp-content%2Fthemes%2Fpyd-theme%2Fimg%2Fdefault-avatar.png&r=g\",\"caption\":\"mariano\"}}]}<\/script>\n<!-- \/ Yoast SEO plugin. -->","yoast_head_json":{"title":"Lo m\u00e1s le\u00eddo de la semana (8) - Padre y Decano - El Sitio del Pueblo","robots":{"index":"index","follow":"follow","max-snippet":"max-snippet:-1","max-image-preview":"max-image-preview:large","max-video-preview":"max-video-preview:-1"},"canonical":"https:\/\/www.padreydecano.com\/cms\/noticias\/lo-mas-leido-de-la-semana-8\/","og_locale":"es_ES","og_type":"article","og_title":"Lo m\u00e1s le\u00eddo de la semana (8) - Padre y Decano - El Sitio del Pueblo","og_description":"Lo m\u00e1s relevante de la semana en Padre y Decano. Art\u00edculos desde el viernes 14 de setiembre hasta el jueves 20.","og_url":"https:\/\/www.padreydecano.com\/cms\/noticias\/lo-mas-leido-de-la-semana-8\/","og_site_name":"Padre y Decano - El Sitio del Pueblo","article_published_time":"2012-09-21T22:56:06+00:00","article_modified_time":"2012-09-24T22:00:44+00:00","og_image":[{"width":640,"height":250,"url":"https:\/\/www.padreydecano.com\/cms\/wp-content\/uploads\/2012\/09\/semana.jpg","type":"image\/jpeg"}],"author":"mariano","twitter_card":"summary_large_image","twitter_misc":{"Escrito por":"mariano","Tiempo de lectura":"2 minutos"},"schema":{"@context":"https:\/\/schema.org","@graph":[{"@type":"Article","@id":"https:\/\/www.padreydecano.com\/cms\/noticias\/lo-mas-leido-de-la-semana-8\/#article","isPartOf":{"@id":"https:\/\/www.padreydecano.com\/cms\/noticias\/lo-mas-leido-de-la-semana-8\/"},"author":{"name":"mariano","@id":"https:\/\/www.padreydecano.com\/cms\/#\/schema\/person\/da0f0e72c91242bc7c270c61c9798d01"},"headline":"Lo m\u00e1s le\u00eddo de la semana (8)","datePublished":"2012-09-21T22:56:06+00:00","dateModified":"2012-09-24T22:00:44+00:00","mainEntityOfPage":{"@id":"https:\/\/www.padreydecano.com\/cms\/noticias\/lo-mas-leido-de-la-semana-8\/"},"wordCount":490,"commentCount":1,"publisher":{"@id":"https:\/\/www.padreydecano.com\/cms\/#organization"},"image":{"@id":"https:\/\/www.padreydecano.com\/cms\/noticias\/lo-mas-leido-de-la-semana-8\/#primaryimage"},"thumbnailUrl":"https:\/\/www.padreydecano.com\/cms\/wp-content\/uploads\/2012\/09\/semana.jpg","articleSection":["Noticias"],"inLanguage":"es","potentialAction":[{"@type":"CommentAction","name":"Comment","target":["https:\/\/www.padreydecano.com\/cms\/noticias\/lo-mas-leido-de-la-semana-8\/#respond"]}]},{"@type":"WebPage","@id":"https:\/\/www.padreydecano.com\/cms\/noticias\/lo-mas-leido-de-la-semana-8\/","url":"https:\/\/www.padreydecano.com\/cms\/noticias\/lo-mas-leido-de-la-semana-8\/","name":"Lo m\u00e1s le\u00eddo de la semana (8) - Padre y Decano - El Sitio del Pueblo","isPartOf":{"@id":"https:\/\/www.padreydecano.com\/cms\/#website"},"primaryImageOfPage":{"@id":"https:\/\/www.padreydecano.com\/cms\/noticias\/lo-mas-leido-de-la-semana-8\/#primaryimage"},"image":{"@id":"https:\/\/www.padreydecano.com\/cms\/noticias\/lo-mas-leido-de-la-semana-8\/#primaryimage"},"thumbnailUrl":"https:\/\/www.padreydecano.com\/cms\/wp-content\/uploads\/2012\/09\/semana.jpg","datePublished":"2012-09-21T22:56:06+00:00","dateModified":"2012-09-24T22:00:44+00:00","breadcrumb":{"@id":"https:\/\/www.padreydecano.com\/cms\/noticias\/lo-mas-leido-de-la-semana-8\/#breadcrumb"},"inLanguage":"es","potentialAction":[{"@type":"ReadAction","target":["https:\/\/www.padreydecano.com\/cms\/noticias\/lo-mas-leido-de-la-semana-8\/"]}]},{"@type":"ImageObject","inLanguage":"es","@id":"https:\/\/www.padreydecano.com\/cms\/noticias\/lo-mas-leido-de-la-semana-8\/#primaryimage","url":"https:\/\/www.padreydecano.com\/cms\/wp-content\/uploads\/2012\/09\/semana.jpg","contentUrl":"https:\/\/www.padreydecano.com\/cms\/wp-content\/uploads\/2012\/09\/semana.jpg","width":"640","height":"250"},{"@type":"BreadcrumbList","@id":"https:\/\/www.padreydecano.com\/cms\/noticias\/lo-mas-leido-de-la-semana-8\/#breadcrumb","itemListElement":[{"@type":"ListItem","position":1,"name":"Portada","item":"https:\/\/www.padreydecano.com\/cms\/"},{"@type":"ListItem","position":2,"name":"Lo m\u00e1s le\u00eddo de la semana (8)"}]},{"@type":"WebSite","@id":"https:\/\/www.padreydecano.com\/cms\/#website","url":"https:\/\/www.padreydecano.com\/cms\/","name":"Padre y Decano - El Sitio del Pueblo","description":"Club Atl\u00e9tico Pe\u00f1arol","publisher":{"@id":"https:\/\/www.padreydecano.com\/cms\/#organization"},"potentialAction":[{"@type":"SearchAction","target":{"@type":"EntryPoint","urlTemplate":"https:\/\/www.padreydecano.com\/cms\/?s={search_term_string}"},"query-input":"required name=search_term_string"}],"inLanguage":"es"},{"@type":"Organization","@id":"https:\/\/www.padreydecano.com\/cms\/#organization","name":"Padre y Decano","url":"https:\/\/www.padreydecano.com\/cms\/","logo":{"@type":"ImageObject","inLanguage":"es","@id":"https:\/\/www.padreydecano.com\/cms\/#\/schema\/logo\/image\/","url":"https:\/\/www.padreydecano.com\/cms\/wp-content\/uploads\/2022\/01\/avatar-square.png","contentUrl":"https:\/\/www.padreydecano.com\/cms\/wp-content\/uploads\/2022\/01\/avatar-square.png","width":1500,"height":1500,"caption":"Padre y Decano"},"image":{"@id":"https:\/\/www.padreydecano.com\/cms\/#\/schema\/logo\/image\/"}},{"@type":"Person","@id":"https:\/\/www.padreydecano.com\/cms\/#\/schema\/person\/da0f0e72c91242bc7c270c61c9798d01","name":"mariano","image":{"@type":"ImageObject","inLanguage":"es","@id":"https:\/\/www.padreydecano.com\/cms\/#\/schema\/person\/image\/","url":"https:\/\/secure.gravatar.com\/avatar\/771335714915d00ec253a5e994c2f830?s=96&d=https%3A%2F%2Fpadreydecano.com%2Fcms%2Fwp-content%2Fthemes%2Fpyd-theme%2Fimg%2Fdefault-avatar.png&r=g","contentUrl":"https:\/\/secure.gravatar.com\/avatar\/771335714915d00ec253a5e994c2f830?s=96&d=https%3A%2F%2Fpadreydecano.com%2Fcms%2Fwp-content%2Fthemes%2Fpyd-theme%2Fimg%2Fdefault-avatar.png&r=g","caption":"mariano"}}]}},"_links":{"self":[{"href":"https:\/\/www.padreydecano.com\/cms\/wp-json\/wp\/v2\/posts\/30311"}],"collection":[{"href":"https:\/\/www.padreydecano.com\/cms\/wp-json\/wp\/v2\/posts"}],"about":[{"href":"https:\/\/www.padreydecano.com\/cms\/wp-json\/wp\/v2\/types\/post"}],"author":[{"embeddable":true,"href":"https:\/\/www.padreydecano.com\/cms\/wp-json\/wp\/v2\/users\/16"}],"replies":[{"embeddable":true,"href":"https:\/\/www.padreydecano.com\/cms\/wp-json\/wp\/v2\/comments?post=30311"}],"version-history":[{"count":0,"href":"https:\/\/www.padreydecano.com\/cms\/wp-json\/wp\/v2\/posts\/30311\/revisions"}],"wp:featuredmedia":[{"embeddable":true,"href":"https:\/\/www.padreydecano.com\/cms\/wp-json\/wp\/v2\/media\/30321"}],"wp:attachment":[{"href":"https:\/\/www.padreydecano.com\/cms\/wp-json\/wp\/v2\/media?parent=30311"}],"wp:term":[{"taxonomy":"category","embeddable":true,"href":"https:\/\/www.padreydecano.com\/cms\/wp-json\/wp\/v2\/categories?post=30311"},{"taxonomy":"post_tag","embeddable":true,"href":"https:\/\/www.padreydecano.com\/cms\/wp-json\/wp\/v2\/tags?post=30311"}],"curies":[{"name":"wp","href":"https:\/\/api.w.org\/{rel}","templated":true}]}}