{"id":30303,"date":"2012-09-20T11:00:17","date_gmt":"2012-09-20T14:00:17","guid":{"rendered":"http:\/\/www.padreydecano.com\/cms\/?p=30303"},"modified":"2012-09-20T10:47:01","modified_gmt":"2012-09-20T13:47:01","slug":"miercoles-en-el-gimnasio","status":"publish","type":"post","link":"https:\/\/www.padreydecano.com\/cms\/noticias\/miercoles-en-el-gimnasio\/","title":{"rendered":"Mi\u00e9rcoles en el gimnasio; hoy t\u00e1ctico"},"content":{"rendered":"<p style=\"text-align: justify;\"><a href=\"https:\/\/www.padreydecano.com\/cms\/wp-content\/uploads\/2011\/11\/389105_305415326135161_126612594015436_1289974_1102626890_n.jpg\" rel=\"shadowbox[sbpost-30303];player=img;\"><img loading=\"lazy\" decoding=\"async\" class=\"alignright  wp-image-8193\" src=\"https:\/\/www.padreydecano.com\/cms\/wp-content\/uploads\/2011\/11\/389105_305415326135161_126612594015436_1289974_1102626890_n-300x208.jpg\" alt=\"\" width=\"240\" height=\"166\" srcset=\"https:\/\/www.padreydecano.com\/cms\/wp-content\/uploads\/2011\/11\/389105_305415326135161_126612594015436_1289974_1102626890_n-300x208.jpg 300w, https:\/\/www.padreydecano.com\/cms\/wp-content\/uploads\/2011\/11\/389105_305415326135161_126612594015436_1289974_1102626890_n.jpg 677w\" sizes=\"(max-width: 240px) 100vw, 240px\" \/><\/a><a title=\"El temporal no tuvo consecuencias en el club\" href=\"https:\/\/www.padreydecano.com\/cms\/noticias\/el-temporal-no-tuvo-consecuencias-en-el-club\/\" target=\"_blank\">El temporal<\/a> s\u00ed afect\u00f3 la planificaci\u00f3n del Polilla y los entrenamientos estipulados para el mi\u00e9rcoles. El doble horario se transform\u00f3 en trabajos en el gimnasio bajo las \u00f3rdenes del Prof. Pablo Placeres, mientras que el trabajo t\u00e1ctico qued\u00f3 para hoy.<\/p>\n<p style=\"text-align: justify;\">Lo que se puede especular es con el regreso de Marcelo Zalayeta a la oncena titular, mientras que Jim Morrison Varela y Nicol\u00e1s Raguso tendr\u00edan altas chances de permanecer en el equipo. Los jugadores Dami\u00e1n Macaluso, Aureliano Torres y Jorge Zambrana entrenaron con precauci\u00f3n. Por su parte, Marcel Novick contin\u00faa con el tratamiento por pubalgia.<\/p>\n<p style=\"text-align: justify;\">Macaluso y Zalayeta cumplieron la suspensi\u00f3n y vuelven a estar a las \u00f3rdenes. <strong>\u00bfC\u00f3mo deber\u00e1 armar el equipo el Polilla para enfrentar a Cerro?<\/strong><\/p>\n","protected":false},"excerpt":{"rendered":"<p>El temporal s\u00ed afect\u00f3 la planificaci\u00f3n del Polilla y los entrenamientos estipulados para el mi\u00e9rcoles. El doble horario se transform\u00f3 en trabajos en el gimnasio bajo las \u00f3rdenes del Prof. Pablo Placeres, mientras que el trabajo t\u00e1ctico qued\u00f3 para hoy. Lo que se puede especular es con el regreso de Marcelo Zalayeta a la oncena [&hellip;]<\/p>\n","protected":false},"author":13,"featured_media":8191,"comment_status":"open","ping_status":"closed","sticky":false,"template":"","format":"standard","meta":{"footnotes":""},"categories":[1],"tags":[],"yoast_head":"<!-- This site is optimized with the Yoast SEO plugin v23.2 - https:\/\/yoast.com\/wordpress\/plugins\/seo\/ -->\n<title>Mi\u00e9rcoles en el gimnasio; hoy t\u00e1ctico - Padre y Decano - El Sitio del Pueblo<\/title>\n<meta name=\"robots\" content=\"index, follow, max-snippet:-1, max-image-preview:large, max-video-preview:-1\" \/>\n<link rel=\"canonical\" href=\"https:\/\/www.padreydecano.com\/cms\/noticias\/miercoles-en-el-gimnasio\/\" \/>\n<meta property=\"og:locale\" content=\"es_ES\" \/>\n<meta property=\"og:type\" content=\"article\" \/>\n<meta property=\"og:title\" content=\"Mi\u00e9rcoles en el gimnasio; hoy t\u00e1ctico - Padre y Decano - El Sitio del Pueblo\" \/>\n<meta property=\"og:description\" content=\"El temporal s\u00ed afect\u00f3 la planificaci\u00f3n del Polilla y los entrenamientos estipulados para el mi\u00e9rcoles. El doble horario se transform\u00f3 en trabajos en el gimnasio bajo las \u00f3rdenes del Prof. Pablo Placeres, mientras que el trabajo t\u00e1ctico qued\u00f3 para hoy. Lo que se puede especular es con el regreso de Marcelo Zalayeta a la oncena [&hellip;]\" \/>\n<meta property=\"og:url\" content=\"https:\/\/www.padreydecano.com\/cms\/noticias\/miercoles-en-el-gimnasio\/\" \/>\n<meta property=\"og:site_name\" content=\"Padre y Decano - El Sitio del Pueblo\" \/>\n<meta property=\"article:published_time\" content=\"2012-09-20T14:00:17+00:00\" \/>\n<meta property=\"article:modified_time\" content=\"2012-09-20T13:47:01+00:00\" \/>\n<meta property=\"og:image\" content=\"https:\/\/www.padreydecano.com\/cms\/wp-content\/uploads\/2011\/11\/388831_305415262801834_126612594015436_1289973_777508901_n.jpg\" \/>\n\t<meta property=\"og:image:width\" content=\"677\" \/>\n\t<meta property=\"og:image:height\" content=\"472\" \/>\n\t<meta property=\"og:image:type\" content=\"image\/jpeg\" \/>\n<meta name=\"author\" content=\"Moderador\" \/>\n<meta name=\"twitter:card\" content=\"summary_large_image\" \/>\n<meta name=\"twitter:label1\" content=\"Escrito por\" \/>\n\t<meta name=\"twitter:data1\" content=\"Moderador\" \/>\n\t<meta name=\"twitter:label2\" content=\"Tiempo de lectura\" \/>\n\t<meta name=\"twitter:data2\" content=\"1 minuto\" \/>\n<script type=\"application\/ld+json\" class=\"yoast-schema-graph\">{\"@context\":\"https:\/\/schema.org\",\"@graph\":[{\"@type\":\"Article\",\"@id\":\"https:\/\/www.padreydecano.com\/cms\/noticias\/miercoles-en-el-gimnasio\/#article\",\"isPartOf\":{\"@id\":\"https:\/\/www.padreydecano.com\/cms\/noticias\/miercoles-en-el-gimnasio\/\"},\"author\":{\"name\":\"Moderador\",\"@id\":\"https:\/\/www.padreydecano.com\/cms\/#\/schema\/person\/d93e9e537230ae052c194251d9a1def2\"},\"headline\":\"Mi\u00e9rcoles en el gimnasio; hoy t\u00e1ctico\",\"datePublished\":\"2012-09-20T14:00:17+00:00\",\"dateModified\":\"2012-09-20T13:47:01+00:00\",\"mainEntityOfPage\":{\"@id\":\"https:\/\/www.padreydecano.com\/cms\/noticias\/miercoles-en-el-gimnasio\/\"},\"wordCount\":137,\"commentCount\":6,\"publisher\":{\"@id\":\"https:\/\/www.padreydecano.com\/cms\/#organization\"},\"image\":{\"@id\":\"https:\/\/www.padreydecano.com\/cms\/noticias\/miercoles-en-el-gimnasio\/#primaryimage\"},\"thumbnailUrl\":\"https:\/\/www.padreydecano.com\/cms\/wp-content\/uploads\/2011\/11\/388831_305415262801834_126612594015436_1289973_777508901_n.jpg\",\"articleSection\":[\"Noticias\"],\"inLanguage\":\"es\",\"potentialAction\":[{\"@type\":\"CommentAction\",\"name\":\"Comment\",\"target\":[\"https:\/\/www.padreydecano.com\/cms\/noticias\/miercoles-en-el-gimnasio\/#respond\"]}]},{\"@type\":\"WebPage\",\"@id\":\"https:\/\/www.padreydecano.com\/cms\/noticias\/miercoles-en-el-gimnasio\/\",\"url\":\"https:\/\/www.padreydecano.com\/cms\/noticias\/miercoles-en-el-gimnasio\/\",\"name\":\"Mi\u00e9rcoles en el gimnasio; hoy t\u00e1ctico - Padre y Decano - El Sitio del Pueblo\",\"isPartOf\":{\"@id\":\"https:\/\/www.padreydecano.com\/cms\/#website\"},\"primaryImageOfPage\":{\"@id\":\"https:\/\/www.padreydecano.com\/cms\/noticias\/miercoles-en-el-gimnasio\/#primaryimage\"},\"image\":{\"@id\":\"https:\/\/www.padreydecano.com\/cms\/noticias\/miercoles-en-el-gimnasio\/#primaryimage\"},\"thumbnailUrl\":\"https:\/\/www.padreydecano.com\/cms\/wp-content\/uploads\/2011\/11\/388831_305415262801834_126612594015436_1289973_777508901_n.jpg\",\"datePublished\":\"2012-09-20T14:00:17+00:00\",\"dateModified\":\"2012-09-20T13:47:01+00:00\",\"breadcrumb\":{\"@id\":\"https:\/\/www.padreydecano.com\/cms\/noticias\/miercoles-en-el-gimnasio\/#breadcrumb\"},\"inLanguage\":\"es\",\"potentialAction\":[{\"@type\":\"ReadAction\",\"target\":[\"https:\/\/www.padreydecano.com\/cms\/noticias\/miercoles-en-el-gimnasio\/\"]}]},{\"@type\":\"ImageObject\",\"inLanguage\":\"es\",\"@id\":\"https:\/\/www.padreydecano.com\/cms\/noticias\/miercoles-en-el-gimnasio\/#primaryimage\",\"url\":\"https:\/\/www.padreydecano.com\/cms\/wp-content\/uploads\/2011\/11\/388831_305415262801834_126612594015436_1289973_777508901_n.jpg\",\"contentUrl\":\"https:\/\/www.padreydecano.com\/cms\/wp-content\/uploads\/2011\/11\/388831_305415262801834_126612594015436_1289973_777508901_n.jpg\",\"width\":\"677\",\"height\":\"472\"},{\"@type\":\"BreadcrumbList\",\"@id\":\"https:\/\/www.padreydecano.com\/cms\/noticias\/miercoles-en-el-gimnasio\/#breadcrumb\",\"itemListElement\":[{\"@type\":\"ListItem\",\"position\":1,\"name\":\"Portada\",\"item\":\"https:\/\/www.padreydecano.com\/cms\/\"},{\"@type\":\"ListItem\",\"position\":2,\"name\":\"Mi\u00e9rcoles en el gimnasio; hoy t\u00e1ctico\"}]},{\"@type\":\"WebSite\",\"@id\":\"https:\/\/www.padreydecano.com\/cms\/#website\",\"url\":\"https:\/\/www.padreydecano.com\/cms\/\",\"name\":\"Padre y Decano - El Sitio del Pueblo\",\"description\":\"Club Atl\u00e9tico Pe\u00f1arol\",\"publisher\":{\"@id\":\"https:\/\/www.padreydecano.com\/cms\/#organization\"},\"potentialAction\":[{\"@type\":\"SearchAction\",\"target\":{\"@type\":\"EntryPoint\",\"urlTemplate\":\"https:\/\/www.padreydecano.com\/cms\/?s={search_term_string}\"},\"query-input\":\"required name=search_term_string\"}],\"inLanguage\":\"es\"},{\"@type\":\"Organization\",\"@id\":\"https:\/\/www.padreydecano.com\/cms\/#organization\",\"name\":\"Padre y Decano\",\"url\":\"https:\/\/www.padreydecano.com\/cms\/\",\"logo\":{\"@type\":\"ImageObject\",\"inLanguage\":\"es\",\"@id\":\"https:\/\/www.padreydecano.com\/cms\/#\/schema\/logo\/image\/\",\"url\":\"https:\/\/www.padreydecano.com\/cms\/wp-content\/uploads\/2022\/01\/avatar-square.png\",\"contentUrl\":\"https:\/\/www.padreydecano.com\/cms\/wp-content\/uploads\/2022\/01\/avatar-square.png\",\"width\":1500,\"height\":1500,\"caption\":\"Padre y Decano\"},\"image\":{\"@id\":\"https:\/\/www.padreydecano.com\/cms\/#\/schema\/logo\/image\/\"}},{\"@type\":\"Person\",\"@id\":\"https:\/\/www.padreydecano.com\/cms\/#\/schema\/person\/d93e9e537230ae052c194251d9a1def2\",\"name\":\"Moderador\",\"image\":{\"@type\":\"ImageObject\",\"inLanguage\":\"es\",\"@id\":\"https:\/\/www.padreydecano.com\/cms\/#\/schema\/person\/image\/\",\"url\":\"https:\/\/secure.gravatar.com\/avatar\/2587727bf8a53bd3da4ec49f01bea66e?s=96&d=https%3A%2F%2Fpadreydecano.com%2Fcms%2Fwp-content%2Fthemes%2Fpyd-theme%2Fimg%2Fdefault-avatar.png&r=g\",\"contentUrl\":\"https:\/\/secure.gravatar.com\/avatar\/2587727bf8a53bd3da4ec49f01bea66e?s=96&d=https%3A%2F%2Fpadreydecano.com%2Fcms%2Fwp-content%2Fthemes%2Fpyd-theme%2Fimg%2Fdefault-avatar.png&r=g\",\"caption\":\"Moderador\"}}]}<\/script>\n<!-- \/ Yoast SEO plugin. -->","yoast_head_json":{"title":"Mi\u00e9rcoles en el gimnasio; hoy t\u00e1ctico - Padre y Decano - El Sitio del Pueblo","robots":{"index":"index","follow":"follow","max-snippet":"max-snippet:-1","max-image-preview":"max-image-preview:large","max-video-preview":"max-video-preview:-1"},"canonical":"https:\/\/www.padreydecano.com\/cms\/noticias\/miercoles-en-el-gimnasio\/","og_locale":"es_ES","og_type":"article","og_title":"Mi\u00e9rcoles en el gimnasio; hoy t\u00e1ctico - Padre y Decano - El Sitio del Pueblo","og_description":"El temporal s\u00ed afect\u00f3 la planificaci\u00f3n del Polilla y los entrenamientos estipulados para el mi\u00e9rcoles. El doble horario se transform\u00f3 en trabajos en el gimnasio bajo las \u00f3rdenes del Prof. Pablo Placeres, mientras que el trabajo t\u00e1ctico qued\u00f3 para hoy. Lo que se puede especular es con el regreso de Marcelo Zalayeta a la oncena [&hellip;]","og_url":"https:\/\/www.padreydecano.com\/cms\/noticias\/miercoles-en-el-gimnasio\/","og_site_name":"Padre y Decano - El Sitio del Pueblo","article_published_time":"2012-09-20T14:00:17+00:00","article_modified_time":"2012-09-20T13:47:01+00:00","og_image":[{"width":677,"height":472,"url":"https:\/\/www.padreydecano.com\/cms\/wp-content\/uploads\/2011\/11\/388831_305415262801834_126612594015436_1289973_777508901_n.jpg","type":"image\/jpeg"}],"author":"Moderador","twitter_card":"summary_large_image","twitter_misc":{"Escrito por":"Moderador","Tiempo de lectura":"1 minuto"},"schema":{"@context":"https:\/\/schema.org","@graph":[{"@type":"Article","@id":"https:\/\/www.padreydecano.com\/cms\/noticias\/miercoles-en-el-gimnasio\/#article","isPartOf":{"@id":"https:\/\/www.padreydecano.com\/cms\/noticias\/miercoles-en-el-gimnasio\/"},"author":{"name":"Moderador","@id":"https:\/\/www.padreydecano.com\/cms\/#\/schema\/person\/d93e9e537230ae052c194251d9a1def2"},"headline":"Mi\u00e9rcoles en el gimnasio; hoy t\u00e1ctico","datePublished":"2012-09-20T14:00:17+00:00","dateModified":"2012-09-20T13:47:01+00:00","mainEntityOfPage":{"@id":"https:\/\/www.padreydecano.com\/cms\/noticias\/miercoles-en-el-gimnasio\/"},"wordCount":137,"commentCount":6,"publisher":{"@id":"https:\/\/www.padreydecano.com\/cms\/#organization"},"image":{"@id":"https:\/\/www.padreydecano.com\/cms\/noticias\/miercoles-en-el-gimnasio\/#primaryimage"},"thumbnailUrl":"https:\/\/www.padreydecano.com\/cms\/wp-content\/uploads\/2011\/11\/388831_305415262801834_126612594015436_1289973_777508901_n.jpg","articleSection":["Noticias"],"inLanguage":"es","potentialAction":[{"@type":"CommentAction","name":"Comment","target":["https:\/\/www.padreydecano.com\/cms\/noticias\/miercoles-en-el-gimnasio\/#respond"]}]},{"@type":"WebPage","@id":"https:\/\/www.padreydecano.com\/cms\/noticias\/miercoles-en-el-gimnasio\/","url":"https:\/\/www.padreydecano.com\/cms\/noticias\/miercoles-en-el-gimnasio\/","name":"Mi\u00e9rcoles en el gimnasio; hoy t\u00e1ctico - Padre y Decano - El Sitio del Pueblo","isPartOf":{"@id":"https:\/\/www.padreydecano.com\/cms\/#website"},"primaryImageOfPage":{"@id":"https:\/\/www.padreydecano.com\/cms\/noticias\/miercoles-en-el-gimnasio\/#primaryimage"},"image":{"@id":"https:\/\/www.padreydecano.com\/cms\/noticias\/miercoles-en-el-gimnasio\/#primaryimage"},"thumbnailUrl":"https:\/\/www.padreydecano.com\/cms\/wp-content\/uploads\/2011\/11\/388831_305415262801834_126612594015436_1289973_777508901_n.jpg","datePublished":"2012-09-20T14:00:17+00:00","dateModified":"2012-09-20T13:47:01+00:00","breadcrumb":{"@id":"https:\/\/www.padreydecano.com\/cms\/noticias\/miercoles-en-el-gimnasio\/#breadcrumb"},"inLanguage":"es","potentialAction":[{"@type":"ReadAction","target":["https:\/\/www.padreydecano.com\/cms\/noticias\/miercoles-en-el-gimnasio\/"]}]},{"@type":"ImageObject","inLanguage":"es","@id":"https:\/\/www.padreydecano.com\/cms\/noticias\/miercoles-en-el-gimnasio\/#primaryimage","url":"https:\/\/www.padreydecano.com\/cms\/wp-content\/uploads\/2011\/11\/388831_305415262801834_126612594015436_1289973_777508901_n.jpg","contentUrl":"https:\/\/www.padreydecano.com\/cms\/wp-content\/uploads\/2011\/11\/388831_305415262801834_126612594015436_1289973_777508901_n.jpg","width":"677","height":"472"},{"@type":"BreadcrumbList","@id":"https:\/\/www.padreydecano.com\/cms\/noticias\/miercoles-en-el-gimnasio\/#breadcrumb","itemListElement":[{"@type":"ListItem","position":1,"name":"Portada","item":"https:\/\/www.padreydecano.com\/cms\/"},{"@type":"ListItem","position":2,"name":"Mi\u00e9rcoles en el gimnasio; hoy t\u00e1ctico"}]},{"@type":"WebSite","@id":"https:\/\/www.padreydecano.com\/cms\/#website","url":"https:\/\/www.padreydecano.com\/cms\/","name":"Padre y Decano - El Sitio del Pueblo","description":"Club Atl\u00e9tico Pe\u00f1arol","publisher":{"@id":"https:\/\/www.padreydecano.com\/cms\/#organization"},"potentialAction":[{"@type":"SearchAction","target":{"@type":"EntryPoint","urlTemplate":"https:\/\/www.padreydecano.com\/cms\/?s={search_term_string}"},"query-input":"required name=search_term_string"}],"inLanguage":"es"},{"@type":"Organization","@id":"https:\/\/www.padreydecano.com\/cms\/#organization","name":"Padre y Decano","url":"https:\/\/www.padreydecano.com\/cms\/","logo":{"@type":"ImageObject","inLanguage":"es","@id":"https:\/\/www.padreydecano.com\/cms\/#\/schema\/logo\/image\/","url":"https:\/\/www.padreydecano.com\/cms\/wp-content\/uploads\/2022\/01\/avatar-square.png","contentUrl":"https:\/\/www.padreydecano.com\/cms\/wp-content\/uploads\/2022\/01\/avatar-square.png","width":1500,"height":1500,"caption":"Padre y Decano"},"image":{"@id":"https:\/\/www.padreydecano.com\/cms\/#\/schema\/logo\/image\/"}},{"@type":"Person","@id":"https:\/\/www.padreydecano.com\/cms\/#\/schema\/person\/d93e9e537230ae052c194251d9a1def2","name":"Moderador","image":{"@type":"ImageObject","inLanguage":"es","@id":"https:\/\/www.padreydecano.com\/cms\/#\/schema\/person\/image\/","url":"https:\/\/secure.gravatar.com\/avatar\/2587727bf8a53bd3da4ec49f01bea66e?s=96&d=https%3A%2F%2Fpadreydecano.com%2Fcms%2Fwp-content%2Fthemes%2Fpyd-theme%2Fimg%2Fdefault-avatar.png&r=g","contentUrl":"https:\/\/secure.gravatar.com\/avatar\/2587727bf8a53bd3da4ec49f01bea66e?s=96&d=https%3A%2F%2Fpadreydecano.com%2Fcms%2Fwp-content%2Fthemes%2Fpyd-theme%2Fimg%2Fdefault-avatar.png&r=g","caption":"Moderador"}}]}},"_links":{"self":[{"href":"https:\/\/www.padreydecano.com\/cms\/wp-json\/wp\/v2\/posts\/30303"}],"collection":[{"href":"https:\/\/www.padreydecano.com\/cms\/wp-json\/wp\/v2\/posts"}],"about":[{"href":"https:\/\/www.padreydecano.com\/cms\/wp-json\/wp\/v2\/types\/post"}],"author":[{"embeddable":true,"href":"https:\/\/www.padreydecano.com\/cms\/wp-json\/wp\/v2\/users\/13"}],"replies":[{"embeddable":true,"href":"https:\/\/www.padreydecano.com\/cms\/wp-json\/wp\/v2\/comments?post=30303"}],"version-history":[{"count":0,"href":"https:\/\/www.padreydecano.com\/cms\/wp-json\/wp\/v2\/posts\/30303\/revisions"}],"wp:featuredmedia":[{"embeddable":true,"href":"https:\/\/www.padreydecano.com\/cms\/wp-json\/wp\/v2\/media\/8191"}],"wp:attachment":[{"href":"https:\/\/www.padreydecano.com\/cms\/wp-json\/wp\/v2\/media?parent=30303"}],"wp:term":[{"taxonomy":"category","embeddable":true,"href":"https:\/\/www.padreydecano.com\/cms\/wp-json\/wp\/v2\/categories?post=30303"},{"taxonomy":"post_tag","embeddable":true,"href":"https:\/\/www.padreydecano.com\/cms\/wp-json\/wp\/v2\/tags?post=30303"}],"curies":[{"name":"wp","href":"https:\/\/api.w.org\/{rel}","templated":true}]}}