{"id":30012,"date":"2012-09-14T15:40:53","date_gmt":"2012-09-14T18:40:53","guid":{"rendered":"http:\/\/www.padreydecano.com\/cms\/?p=30012"},"modified":"2012-09-14T15:45:30","modified_gmt":"2012-09-14T18:45:30","slug":"estadio-la-preventa-empezaria-el-28","status":"publish","type":"post","link":"https:\/\/www.padreydecano.com\/cms\/noticias\/estadio-la-preventa-empezaria-el-28\/","title":{"rendered":"Estadio: La preventa empezar\u00eda el 28"},"content":{"rendered":"<p style=\"text-align: justify;\"><a href=\"https:\/\/www.padreydecano.com\/cms\/wp-content\/uploads\/2011\/12\/vga-estadio-pe\u00f1arol_interior_2011-07-27.jpg\" rel=\"shadowbox[sbpost-30012];player=img;\"><img loading=\"lazy\" decoding=\"async\" class=\"alignright size-medium wp-image-11603\" src=\"https:\/\/www.padreydecano.com\/cms\/wp-content\/uploads\/2011\/12\/vga-estadio-pe\u00f1arol_interior_2011-07-27-300x150.jpg\" alt=\"\" width=\"300\" height=\"150\" srcset=\"https:\/\/www.padreydecano.com\/cms\/wp-content\/uploads\/2011\/12\/vga-estadio-pe\u00f1arol_interior_2011-07-27-300x150.jpg 300w, https:\/\/www.padreydecano.com\/cms\/wp-content\/uploads\/2011\/12\/vga-estadio-pe\u00f1arol_interior_2011-07-27-1024x512.jpg 1024w\" sizes=\"(max-width: 300px) 100vw, 300px\" \/><\/a>El presidente de Pe\u00f1arol, Juan Pedro Damiani dijo en Las Voces del F\u00fatbol (programa de Julio R\u00edos emitido por 1410 am) que se espera lanzar la preventa de palcos y butacas el 28 de setiembre y que <strong><em>\u00abel estadio ya depende de la preventa\u00bb<\/em><\/strong>. Adem\u00e1s confirm\u00f3 que <em><strong>\u00abla autorizaci\u00f3n para que se construya el estadio est\u00e1\u00bb<\/strong><\/em>.<\/p>\n<p style=\"text-align: justify;\">Uno de los elementos m\u00e1s importantes es c\u00f3mo se llamar\u00e1, y por primera vez se dio un indicio de este tema. <strong><em>\u00abEl nombre del estadio lo deciden los socios, son los due\u00f1os y los que\u00a0hacen posible el estadio\u00bb<\/em><\/strong>.<\/p>\n<p style=\"text-align: justify;\">Dentro de los detalles sobre el escenario, dijo que tendr\u00e1 <strong><em>\u00abnovedosas plateas con butacas perpetuas y hereditarias alrededor de 5 mil d\u00f3lares, se podr\u00eda ampliar hasta 60 mil personas y tendr\u00e1 al p\u00fablico cerca de la cancha\u00bb<\/em><\/strong>. En cuanto a precios, dijo que habr\u00e1 115 palcos entre de 50 y 60 mil d\u00f3lares por 10 a\u00f1os con 3 garages cada uno, y los catalog\u00f3 como <strong><em>\u201cun apartamento con vista a la pasi\u00f3n\u00bb<\/em><\/strong>. Tambi\u00e9n dijo que habr\u00e1 1150 estacionamientos.<\/p>\n<p style=\"text-align: justify;\">Con respecto a la est\u00e9tica, dijo que ser\u00eda parecido a la Bombonera pero<strong><em> \u201cm\u00e1s lindo que ella\u201d<\/em> <\/strong>y que adem\u00e1s, por su infraestructura <strong><em>\u00abse podr\u00e1n jugar partidos internacionales, cl\u00e1sicos y tambi\u00e9n hasta\u00a0una final de Libertadores\u00bb<\/em><\/strong>.<\/p>\n<p style=\"text-align: justify;\">Por \u00faltimo, se refiri\u00f3 a una futura salida del f\u00fatbol. <strong><em>\u00abEl d\u00eda que me vaya del futbol, ojala despu\u00e9s de hacer el estadio, voy a escribir un libro\u00bb<\/em><\/strong>. El palo al tradicional rival no estuvo ausente. <strong><em>\u00abHay muchas instituciones que hacen lobby en contra del estadio\u00bb (\u2026) \u00abHicieron asados a nivel pol\u00edtico en la sede de Nacional para impedir lo del Parque Roosevelt, nosotros no hacemos esos acontecimientos, por eso somos distintos\u00bb<\/em><\/strong>.<\/p>\n","protected":false},"excerpt":{"rendered":"<p>El presidente de Pe\u00f1arol, Juan Pedro Damiani dijo en Las Voces del F\u00fatbol (programa de Julio R\u00edos emitido por 1410 am) que se espera lanzar la preventa de palcos y butacas el 28 de setiembre y que \u00abel estadio ya depende de la preventa\u00bb. Adem\u00e1s confirm\u00f3 que \u00abla autorizaci\u00f3n para que se construya el estadio [&hellip;]<\/p>\n","protected":false},"author":13,"featured_media":11597,"comment_status":"open","ping_status":"closed","sticky":false,"template":"","format":"standard","meta":{"footnotes":""},"categories":[1],"tags":[115],"yoast_head":"<!-- This site is optimized with the Yoast SEO plugin v23.2 - https:\/\/yoast.com\/wordpress\/plugins\/seo\/ -->\n<title>Estadio: La preventa empezar\u00eda el 28  - Padre y Decano - El Sitio del Pueblo<\/title>\n<meta name=\"robots\" content=\"index, follow, max-snippet:-1, max-image-preview:large, max-video-preview:-1\" \/>\n<link rel=\"canonical\" href=\"https:\/\/www.padreydecano.com\/cms\/noticias\/estadio-la-preventa-empezaria-el-28\/\" \/>\n<meta property=\"og:locale\" content=\"es_ES\" \/>\n<meta property=\"og:type\" content=\"article\" \/>\n<meta property=\"og:title\" content=\"Estadio: La preventa empezar\u00eda el 28  - Padre y Decano - El Sitio del Pueblo\" \/>\n<meta property=\"og:description\" content=\"El presidente de Pe\u00f1arol, Juan Pedro Damiani dijo en Las Voces del F\u00fatbol (programa de Julio R\u00edos emitido por 1410 am) que se espera lanzar la preventa de palcos y butacas el 28 de setiembre y que \u00abel estadio ya depende de la preventa\u00bb. Adem\u00e1s confirm\u00f3 que \u00abla autorizaci\u00f3n para que se construya el estadio [&hellip;]\" \/>\n<meta property=\"og:url\" content=\"https:\/\/www.padreydecano.com\/cms\/noticias\/estadio-la-preventa-empezaria-el-28\/\" \/>\n<meta property=\"og:site_name\" content=\"Padre y Decano - El Sitio del Pueblo\" \/>\n<meta property=\"article:published_time\" content=\"2012-09-14T18:40:53+00:00\" \/>\n<meta property=\"article:modified_time\" content=\"2012-09-14T18:45:30+00:00\" \/>\n<meta property=\"og:image\" content=\"https:\/\/www.padreydecano.com\/cms\/wp-content\/uploads\/2011\/12\/estadio_pe\u00f1arol.jpg\" \/>\n\t<meta property=\"og:image:width\" content=\"726\" \/>\n\t<meta property=\"og:image:height\" content=\"399\" \/>\n\t<meta property=\"og:image:type\" content=\"image\/jpeg\" \/>\n<meta name=\"author\" content=\"Moderador\" \/>\n<meta name=\"twitter:card\" content=\"summary_large_image\" \/>\n<meta name=\"twitter:label1\" content=\"Escrito por\" \/>\n\t<meta name=\"twitter:data1\" content=\"Moderador\" \/>\n\t<meta name=\"twitter:label2\" content=\"Tiempo de lectura\" \/>\n\t<meta name=\"twitter:data2\" content=\"1 minuto\" \/>\n<script type=\"application\/ld+json\" class=\"yoast-schema-graph\">{\"@context\":\"https:\/\/schema.org\",\"@graph\":[{\"@type\":\"Article\",\"@id\":\"https:\/\/www.padreydecano.com\/cms\/noticias\/estadio-la-preventa-empezaria-el-28\/#article\",\"isPartOf\":{\"@id\":\"https:\/\/www.padreydecano.com\/cms\/noticias\/estadio-la-preventa-empezaria-el-28\/\"},\"author\":{\"name\":\"Moderador\",\"@id\":\"https:\/\/www.padreydecano.com\/cms\/#\/schema\/person\/d93e9e537230ae052c194251d9a1def2\"},\"headline\":\"Estadio: La preventa empezar\u00eda el 28\",\"datePublished\":\"2012-09-14T18:40:53+00:00\",\"dateModified\":\"2012-09-14T18:45:30+00:00\",\"mainEntityOfPage\":{\"@id\":\"https:\/\/www.padreydecano.com\/cms\/noticias\/estadio-la-preventa-empezaria-el-28\/\"},\"wordCount\":302,\"commentCount\":61,\"publisher\":{\"@id\":\"https:\/\/www.padreydecano.com\/cms\/#organization\"},\"image\":{\"@id\":\"https:\/\/www.padreydecano.com\/cms\/noticias\/estadio-la-preventa-empezaria-el-28\/#primaryimage\"},\"thumbnailUrl\":\"https:\/\/www.padreydecano.com\/cms\/wp-content\/uploads\/2011\/12\/estadio_pe\u00f1arol.jpg\",\"keywords\":[\"Estadio\"],\"articleSection\":[\"Noticias\"],\"inLanguage\":\"es\",\"potentialAction\":[{\"@type\":\"CommentAction\",\"name\":\"Comment\",\"target\":[\"https:\/\/www.padreydecano.com\/cms\/noticias\/estadio-la-preventa-empezaria-el-28\/#respond\"]}]},{\"@type\":\"WebPage\",\"@id\":\"https:\/\/www.padreydecano.com\/cms\/noticias\/estadio-la-preventa-empezaria-el-28\/\",\"url\":\"https:\/\/www.padreydecano.com\/cms\/noticias\/estadio-la-preventa-empezaria-el-28\/\",\"name\":\"Estadio: La preventa empezar\u00eda el 28 - Padre y Decano - El Sitio del Pueblo\",\"isPartOf\":{\"@id\":\"https:\/\/www.padreydecano.com\/cms\/#website\"},\"primaryImageOfPage\":{\"@id\":\"https:\/\/www.padreydecano.com\/cms\/noticias\/estadio-la-preventa-empezaria-el-28\/#primaryimage\"},\"image\":{\"@id\":\"https:\/\/www.padreydecano.com\/cms\/noticias\/estadio-la-preventa-empezaria-el-28\/#primaryimage\"},\"thumbnailUrl\":\"https:\/\/www.padreydecano.com\/cms\/wp-content\/uploads\/2011\/12\/estadio_pe\u00f1arol.jpg\",\"datePublished\":\"2012-09-14T18:40:53+00:00\",\"dateModified\":\"2012-09-14T18:45:30+00:00\",\"breadcrumb\":{\"@id\":\"https:\/\/www.padreydecano.com\/cms\/noticias\/estadio-la-preventa-empezaria-el-28\/#breadcrumb\"},\"inLanguage\":\"es\",\"potentialAction\":[{\"@type\":\"ReadAction\",\"target\":[\"https:\/\/www.padreydecano.com\/cms\/noticias\/estadio-la-preventa-empezaria-el-28\/\"]}]},{\"@type\":\"ImageObject\",\"inLanguage\":\"es\",\"@id\":\"https:\/\/www.padreydecano.com\/cms\/noticias\/estadio-la-preventa-empezaria-el-28\/#primaryimage\",\"url\":\"https:\/\/www.padreydecano.com\/cms\/wp-content\/uploads\/2011\/12\/estadio_pe\u00f1arol.jpg\",\"contentUrl\":\"https:\/\/www.padreydecano.com\/cms\/wp-content\/uploads\/2011\/12\/estadio_pe\u00f1arol.jpg\",\"width\":\"726\",\"height\":\"399\"},{\"@type\":\"BreadcrumbList\",\"@id\":\"https:\/\/www.padreydecano.com\/cms\/noticias\/estadio-la-preventa-empezaria-el-28\/#breadcrumb\",\"itemListElement\":[{\"@type\":\"ListItem\",\"position\":1,\"name\":\"Portada\",\"item\":\"https:\/\/www.padreydecano.com\/cms\/\"},{\"@type\":\"ListItem\",\"position\":2,\"name\":\"Estadio: La preventa empezar\u00eda el 28\"}]},{\"@type\":\"WebSite\",\"@id\":\"https:\/\/www.padreydecano.com\/cms\/#website\",\"url\":\"https:\/\/www.padreydecano.com\/cms\/\",\"name\":\"Padre y Decano - El Sitio del Pueblo\",\"description\":\"Club Atl\u00e9tico Pe\u00f1arol\",\"publisher\":{\"@id\":\"https:\/\/www.padreydecano.com\/cms\/#organization\"},\"potentialAction\":[{\"@type\":\"SearchAction\",\"target\":{\"@type\":\"EntryPoint\",\"urlTemplate\":\"https:\/\/www.padreydecano.com\/cms\/?s={search_term_string}\"},\"query-input\":\"required name=search_term_string\"}],\"inLanguage\":\"es\"},{\"@type\":\"Organization\",\"@id\":\"https:\/\/www.padreydecano.com\/cms\/#organization\",\"name\":\"Padre y Decano\",\"url\":\"https:\/\/www.padreydecano.com\/cms\/\",\"logo\":{\"@type\":\"ImageObject\",\"inLanguage\":\"es\",\"@id\":\"https:\/\/www.padreydecano.com\/cms\/#\/schema\/logo\/image\/\",\"url\":\"https:\/\/www.padreydecano.com\/cms\/wp-content\/uploads\/2022\/01\/avatar-square.png\",\"contentUrl\":\"https:\/\/www.padreydecano.com\/cms\/wp-content\/uploads\/2022\/01\/avatar-square.png\",\"width\":1500,\"height\":1500,\"caption\":\"Padre y Decano\"},\"image\":{\"@id\":\"https:\/\/www.padreydecano.com\/cms\/#\/schema\/logo\/image\/\"}},{\"@type\":\"Person\",\"@id\":\"https:\/\/www.padreydecano.com\/cms\/#\/schema\/person\/d93e9e537230ae052c194251d9a1def2\",\"name\":\"Moderador\",\"image\":{\"@type\":\"ImageObject\",\"inLanguage\":\"es\",\"@id\":\"https:\/\/www.padreydecano.com\/cms\/#\/schema\/person\/image\/\",\"url\":\"https:\/\/secure.gravatar.com\/avatar\/2587727bf8a53bd3da4ec49f01bea66e?s=96&d=https%3A%2F%2Fpadreydecano.com%2Fcms%2Fwp-content%2Fthemes%2Fpyd-theme%2Fimg%2Fdefault-avatar.png&r=g\",\"contentUrl\":\"https:\/\/secure.gravatar.com\/avatar\/2587727bf8a53bd3da4ec49f01bea66e?s=96&d=https%3A%2F%2Fpadreydecano.com%2Fcms%2Fwp-content%2Fthemes%2Fpyd-theme%2Fimg%2Fdefault-avatar.png&r=g\",\"caption\":\"Moderador\"}}]}<\/script>\n<!-- \/ Yoast SEO plugin. -->","yoast_head_json":{"title":"Estadio: La preventa empezar\u00eda el 28  - Padre y Decano - El Sitio del Pueblo","robots":{"index":"index","follow":"follow","max-snippet":"max-snippet:-1","max-image-preview":"max-image-preview:large","max-video-preview":"max-video-preview:-1"},"canonical":"https:\/\/www.padreydecano.com\/cms\/noticias\/estadio-la-preventa-empezaria-el-28\/","og_locale":"es_ES","og_type":"article","og_title":"Estadio: La preventa empezar\u00eda el 28  - Padre y Decano - El Sitio del Pueblo","og_description":"El presidente de Pe\u00f1arol, Juan Pedro Damiani dijo en Las Voces del F\u00fatbol (programa de Julio R\u00edos emitido por 1410 am) que se espera lanzar la preventa de palcos y butacas el 28 de setiembre y que \u00abel estadio ya depende de la preventa\u00bb. Adem\u00e1s confirm\u00f3 que \u00abla autorizaci\u00f3n para que se construya el estadio [&hellip;]","og_url":"https:\/\/www.padreydecano.com\/cms\/noticias\/estadio-la-preventa-empezaria-el-28\/","og_site_name":"Padre y Decano - El Sitio del Pueblo","article_published_time":"2012-09-14T18:40:53+00:00","article_modified_time":"2012-09-14T18:45:30+00:00","og_image":[{"width":726,"height":399,"url":"https:\/\/www.padreydecano.com\/cms\/wp-content\/uploads\/2011\/12\/estadio_pe\u00f1arol.jpg","type":"image\/jpeg"}],"author":"Moderador","twitter_card":"summary_large_image","twitter_misc":{"Escrito por":"Moderador","Tiempo de lectura":"1 minuto"},"schema":{"@context":"https:\/\/schema.org","@graph":[{"@type":"Article","@id":"https:\/\/www.padreydecano.com\/cms\/noticias\/estadio-la-preventa-empezaria-el-28\/#article","isPartOf":{"@id":"https:\/\/www.padreydecano.com\/cms\/noticias\/estadio-la-preventa-empezaria-el-28\/"},"author":{"name":"Moderador","@id":"https:\/\/www.padreydecano.com\/cms\/#\/schema\/person\/d93e9e537230ae052c194251d9a1def2"},"headline":"Estadio: La preventa empezar\u00eda el 28","datePublished":"2012-09-14T18:40:53+00:00","dateModified":"2012-09-14T18:45:30+00:00","mainEntityOfPage":{"@id":"https:\/\/www.padreydecano.com\/cms\/noticias\/estadio-la-preventa-empezaria-el-28\/"},"wordCount":302,"commentCount":61,"publisher":{"@id":"https:\/\/www.padreydecano.com\/cms\/#organization"},"image":{"@id":"https:\/\/www.padreydecano.com\/cms\/noticias\/estadio-la-preventa-empezaria-el-28\/#primaryimage"},"thumbnailUrl":"https:\/\/www.padreydecano.com\/cms\/wp-content\/uploads\/2011\/12\/estadio_pe\u00f1arol.jpg","keywords":["Estadio"],"articleSection":["Noticias"],"inLanguage":"es","potentialAction":[{"@type":"CommentAction","name":"Comment","target":["https:\/\/www.padreydecano.com\/cms\/noticias\/estadio-la-preventa-empezaria-el-28\/#respond"]}]},{"@type":"WebPage","@id":"https:\/\/www.padreydecano.com\/cms\/noticias\/estadio-la-preventa-empezaria-el-28\/","url":"https:\/\/www.padreydecano.com\/cms\/noticias\/estadio-la-preventa-empezaria-el-28\/","name":"Estadio: La preventa empezar\u00eda el 28 - Padre y Decano - El Sitio del Pueblo","isPartOf":{"@id":"https:\/\/www.padreydecano.com\/cms\/#website"},"primaryImageOfPage":{"@id":"https:\/\/www.padreydecano.com\/cms\/noticias\/estadio-la-preventa-empezaria-el-28\/#primaryimage"},"image":{"@id":"https:\/\/www.padreydecano.com\/cms\/noticias\/estadio-la-preventa-empezaria-el-28\/#primaryimage"},"thumbnailUrl":"https:\/\/www.padreydecano.com\/cms\/wp-content\/uploads\/2011\/12\/estadio_pe\u00f1arol.jpg","datePublished":"2012-09-14T18:40:53+00:00","dateModified":"2012-09-14T18:45:30+00:00","breadcrumb":{"@id":"https:\/\/www.padreydecano.com\/cms\/noticias\/estadio-la-preventa-empezaria-el-28\/#breadcrumb"},"inLanguage":"es","potentialAction":[{"@type":"ReadAction","target":["https:\/\/www.padreydecano.com\/cms\/noticias\/estadio-la-preventa-empezaria-el-28\/"]}]},{"@type":"ImageObject","inLanguage":"es","@id":"https:\/\/www.padreydecano.com\/cms\/noticias\/estadio-la-preventa-empezaria-el-28\/#primaryimage","url":"https:\/\/www.padreydecano.com\/cms\/wp-content\/uploads\/2011\/12\/estadio_pe\u00f1arol.jpg","contentUrl":"https:\/\/www.padreydecano.com\/cms\/wp-content\/uploads\/2011\/12\/estadio_pe\u00f1arol.jpg","width":"726","height":"399"},{"@type":"BreadcrumbList","@id":"https:\/\/www.padreydecano.com\/cms\/noticias\/estadio-la-preventa-empezaria-el-28\/#breadcrumb","itemListElement":[{"@type":"ListItem","position":1,"name":"Portada","item":"https:\/\/www.padreydecano.com\/cms\/"},{"@type":"ListItem","position":2,"name":"Estadio: La preventa empezar\u00eda el 28"}]},{"@type":"WebSite","@id":"https:\/\/www.padreydecano.com\/cms\/#website","url":"https:\/\/www.padreydecano.com\/cms\/","name":"Padre y Decano - El Sitio del Pueblo","description":"Club Atl\u00e9tico Pe\u00f1arol","publisher":{"@id":"https:\/\/www.padreydecano.com\/cms\/#organization"},"potentialAction":[{"@type":"SearchAction","target":{"@type":"EntryPoint","urlTemplate":"https:\/\/www.padreydecano.com\/cms\/?s={search_term_string}"},"query-input":"required name=search_term_string"}],"inLanguage":"es"},{"@type":"Organization","@id":"https:\/\/www.padreydecano.com\/cms\/#organization","name":"Padre y Decano","url":"https:\/\/www.padreydecano.com\/cms\/","logo":{"@type":"ImageObject","inLanguage":"es","@id":"https:\/\/www.padreydecano.com\/cms\/#\/schema\/logo\/image\/","url":"https:\/\/www.padreydecano.com\/cms\/wp-content\/uploads\/2022\/01\/avatar-square.png","contentUrl":"https:\/\/www.padreydecano.com\/cms\/wp-content\/uploads\/2022\/01\/avatar-square.png","width":1500,"height":1500,"caption":"Padre y Decano"},"image":{"@id":"https:\/\/www.padreydecano.com\/cms\/#\/schema\/logo\/image\/"}},{"@type":"Person","@id":"https:\/\/www.padreydecano.com\/cms\/#\/schema\/person\/d93e9e537230ae052c194251d9a1def2","name":"Moderador","image":{"@type":"ImageObject","inLanguage":"es","@id":"https:\/\/www.padreydecano.com\/cms\/#\/schema\/person\/image\/","url":"https:\/\/secure.gravatar.com\/avatar\/2587727bf8a53bd3da4ec49f01bea66e?s=96&d=https%3A%2F%2Fpadreydecano.com%2Fcms%2Fwp-content%2Fthemes%2Fpyd-theme%2Fimg%2Fdefault-avatar.png&r=g","contentUrl":"https:\/\/secure.gravatar.com\/avatar\/2587727bf8a53bd3da4ec49f01bea66e?s=96&d=https%3A%2F%2Fpadreydecano.com%2Fcms%2Fwp-content%2Fthemes%2Fpyd-theme%2Fimg%2Fdefault-avatar.png&r=g","caption":"Moderador"}}]}},"_links":{"self":[{"href":"https:\/\/www.padreydecano.com\/cms\/wp-json\/wp\/v2\/posts\/30012"}],"collection":[{"href":"https:\/\/www.padreydecano.com\/cms\/wp-json\/wp\/v2\/posts"}],"about":[{"href":"https:\/\/www.padreydecano.com\/cms\/wp-json\/wp\/v2\/types\/post"}],"author":[{"embeddable":true,"href":"https:\/\/www.padreydecano.com\/cms\/wp-json\/wp\/v2\/users\/13"}],"replies":[{"embeddable":true,"href":"https:\/\/www.padreydecano.com\/cms\/wp-json\/wp\/v2\/comments?post=30012"}],"version-history":[{"count":0,"href":"https:\/\/www.padreydecano.com\/cms\/wp-json\/wp\/v2\/posts\/30012\/revisions"}],"wp:featuredmedia":[{"embeddable":true,"href":"https:\/\/www.padreydecano.com\/cms\/wp-json\/wp\/v2\/media\/11597"}],"wp:attachment":[{"href":"https:\/\/www.padreydecano.com\/cms\/wp-json\/wp\/v2\/media?parent=30012"}],"wp:term":[{"taxonomy":"category","embeddable":true,"href":"https:\/\/www.padreydecano.com\/cms\/wp-json\/wp\/v2\/categories?post=30012"},{"taxonomy":"post_tag","embeddable":true,"href":"https:\/\/www.padreydecano.com\/cms\/wp-json\/wp\/v2\/tags?post=30012"}],"curies":[{"name":"wp","href":"https:\/\/api.w.org\/{rel}","templated":true}]}}