{"id":30010,"date":"2012-09-14T17:00:57","date_gmt":"2012-09-14T20:00:57","guid":{"rendered":"http:\/\/www.padreydecano.com\/cms\/?p=30010"},"modified":"2012-09-16T18:45:51","modified_gmt":"2012-09-16T21:45:51","slug":"cinco-cambios-para-enfrentar-al-papal","status":"publish","type":"post","link":"https:\/\/www.padreydecano.com\/cms\/los-aromos\/cinco-cambios-para-enfrentar-al-papal\/","title":{"rendered":"Cinco cambios para enfrentar al Papal"},"content":{"rendered":"<p style=\"text-align: justify;\"><img loading=\"lazy\" decoding=\"async\" class=\"alignleft  wp-image-18065\" src=\"https:\/\/www.padreydecano.com\/cms\/wp-content\/uploads\/2012\/03\/IMG_6307-Copiar-300x199.jpg\" alt=\"\" width=\"240\" height=\"159\" srcset=\"https:\/\/www.padreydecano.com\/cms\/wp-content\/uploads\/2012\/03\/IMG_6307-Copiar-300x199.jpg 300w, https:\/\/www.padreydecano.com\/cms\/wp-content\/uploads\/2012\/03\/IMG_6307-Copiar.jpg 800w\" sizes=\"(max-width: 240px) 100vw, 240px\" \/>Por la tercera fecha del Torneo Apertura enfrentaremos a Bella Vista el pr\u00f3ximo domingo a las 15:30 horas en el Estadio Centenario.<\/p>\n<p style=\"text-align: justify;\">Tendremos varias bajas para este encuentro: <strong>Dami\u00e1n Macaluso y Marcelo Zalayeta<\/strong> expulsados as\u00ed como tambi\u00e9n <strong>Fabi\u00e1n Estoyanoff, Marcel Novick y Sebasti\u00e1n Crist\u00f3foro<\/strong> lesionados. Cinco ser\u00e1n los cambios que presentar\u00e1 Pe\u00f1arol el domingo; Enrique Bologna por Leandro Gelpi, Nicol\u00e1s Raguso por Dami\u00e1n Macaluso, Ignacio Nicolini por Marcel Novick, Jim Morrison Varela por Sebasti\u00e1n Crist\u00f3foro y Jorge Zambrana por Marcelo Zalayeta. Tanto el resto del equipo como el sistema t\u00e1ctico ser\u00e1n el mismo que <a title=\"Empate \u00bfagridulce?\" href=\"https:\/\/www.padreydecano.com\/cms\/partidos\/empate-agridulce\/\">empat\u00f3 1 a 1 con River Plate<\/a>.<\/p>\n<p><span style=\"color: #ffcc02;\"><strong>El equipo<\/strong><\/span><\/p>\n<p style=\"text-align: justify;\">Jorge El Polilla Da Silva, de no ocurrir ning\u00fan percance de \u00faltima hora, pondr\u00e1 en cancha a <strong>Enrique Bologna<\/strong> en el arco, <strong>Alejandro Gonz\u00e1lez<\/strong> en el lateral derecho, <strong>Carlos Valdez<\/strong> junto a <strong>Dar\u00edo Rodr\u00edguez<\/strong> en la zaga y <strong>Nicol\u00e1s Raguso<\/strong> en el lateral izquierdo. En la mitad de la cancha jugar\u00e1n <strong>Jim Morrison Varela<\/strong> junto a <strong>Ignacio Nicolini<\/strong>, <strong>Carlos Grosm\u00fcller<\/strong> por derecha y <strong>Aureliano Torres<\/strong> por izquierda. En el ataque estar\u00e1n <strong>Juan Manuel Olivera<\/strong> y <strong>Jorge Zambrana<\/strong>.<\/p>\n<p><span style=\"color: #ffcc02;\"><strong>El plantel<\/strong><\/span><\/p>\n<p style=\"text-align: justify;\">El resto de los concentrados son <strong>Leandro Gelpi<\/strong>, <strong>Joaqu\u00edn Aguirre<\/strong>, <strong>Sebasti\u00e1n Crist\u00f3foro<\/strong>, <strong>Rodrigo Sebasti\u00e1n V\u00e1zquez<\/strong>, <strong>Sebasti\u00e1n Gallegos<\/strong>, <strong>Agust\u00edn Bar\u00e1n<\/strong>, <strong>Alejandro Siles<\/strong>, <strong>Nicol\u00e1s Ram\u00edrez<\/strong> y <strong>Rodrigo Pastorini<\/strong>.<\/p>\n<p style=\"text-align: justify;\">Un Pe\u00f1arol renovado ser\u00e1 el que saldr\u00e1 a la cancha el domingo. Con m\u00e1s din\u00e1mica y velocidad, el plantel aurinegro intentar\u00e1 cambiar la pisada y conseguir la primera victoria en lo que va del campeonato.<\/p>\n<p><span style=\"color: #ffcc02;\"><strong>El \u00e1rbitro<\/strong><\/span><\/p>\n<p style=\"text-align: justify;\">El \u00e1rbitro del partido ser\u00e1 Dar\u00edo Ubr\u00edaco. <a title=\"Ubr\u00edaco nos dirigir\u00e1 el domingo\" href=\"https:\/\/www.padreydecano.com\/cms\/noticias\/ubriaco-nos-dirigira-el-domingo\/\">Finalmente el inconveniente con los \u00e1rbitros se solucion\u00f3<\/a>.<\/p>\n<p style=\"text-align: center;\"><span style=\"color: #ffcc02;\"><strong>La estad\u00edstica<\/strong><\/span><\/p>\n<div style=\"margin-bottom: 10px;\" align=\"center\">\n<table class=\"comun\" width=\"608\">\n<tbody>\n<tr>\n<td colspan=\"6\">\n<div align=\"center\"><span style=\"color: #ffcc02;\"><strong>\u00daltimos 10 enfrentamientos de Pe\u00f1arol vs Bella Vista<\/strong><\/span><\/div>\n<\/td>\n<\/tr>\n<tr>\n<td width=\"90\"><strong>Fecha<\/strong><\/td>\n<td width=\"60\"><strong>Local<\/strong><\/td>\n<td width=\"30\"><\/td>\n<td width=\"50\"><\/td>\n<td width=\"80\"><strong>Visita<\/strong><\/td>\n<td><strong>Goles<\/strong><\/td>\n<\/tr>\n<tr>\n<td><strong>29\/02\/2012<\/strong><\/td>\n<td><span style=\"color: #ffcc02;\"><strong>Pe\u00f1arol<\/strong><\/span><\/td>\n<td style=\"text-align: center;\">4<\/td>\n<td style=\"text-align: center;\">1<\/td>\n<td>Bella Vista<\/td>\n<td><strong>Santiago Silva 38\u00b4, Rodrigo Mora 43\u00b4, Marcelo Silva 74\u00b4 Sebasti\u00e1n Crist\u00f3foro 78\u00b4<\/strong><\/td>\n<\/tr>\n<tr>\n<td><strong>25\/08\/2011<\/strong><\/td>\n<td>Bella Vista<\/td>\n<td style=\"text-align: center;\"><strong>0<\/strong><\/td>\n<td style=\"text-align: center;\">3<\/td>\n<td><span style=\"color: #ffcc02;\"><strong>Pe\u00f1arol<\/strong><\/span><\/td>\n<td><strong>Marcelo Zalayeta (2) 35\u00b4 66\u00b4, Emiliano Alb\u00edn 60\u00b4<\/strong><\/td>\n<\/tr>\n<tr>\n<td><strong>05\/03\/2011<\/strong><\/td>\n<td><span style=\"color: #ffcc02;\"><strong>Pe\u00f1arol<\/strong><\/span><\/td>\n<td style=\"text-align: center;\">2<\/td>\n<td style=\"text-align: center;\">1<\/td>\n<td>Bella Vista<\/td>\n<td><strong>Antonio Pacheco 18\u00b4, Guillermo Rodr\u00edguez 87\u00b4 <\/strong><\/td>\n<\/tr>\n<tr>\n<td><strong>26\/09\/2010<\/strong><\/td>\n<td>Bella Vista<\/td>\n<td style=\"text-align: center;\">1<\/td>\n<td style=\"text-align: center;\">2<\/td>\n<td><span style=\"color: #ffcc02;\"><strong>Pe\u00f1arol<\/strong><\/span><\/td>\n<td><strong>Fabi\u00e1n Estoyanoff 41\u00b4, Gerardo Alcoba 50\u00b4<\/strong><\/td>\n<\/tr>\n<tr>\n<td><strong>25\/04\/2009<\/strong><\/td>\n<td>Bella Vista<\/td>\n<td style=\"text-align: center;\">2<\/td>\n<td style=\"text-align: center;\"><strong>1<\/strong><\/td>\n<td><span style=\"color: #ffcc02;\"><strong>Pe\u00f1arol<\/strong><\/span><\/td>\n<td><strong>Antonio Pacheco 67\u00b4<\/strong><\/td>\n<\/tr>\n<tr>\n<td><strong>01\/11\/2008<\/strong><\/td>\n<td><span style=\"color: #ffcc02;\"><strong>Pe\u00f1arol<\/strong><\/span><\/td>\n<td style=\"text-align: center;\"><strong>3<\/strong><\/td>\n<td style=\"text-align: center;\">1<\/td>\n<td>Bella Vista<\/td>\n<td><strong>Antonio Pacheco 4\u00b4, Maximiliano Lombardi 71\u00b4, Carlos Bueno 79\u00b4<\/strong><\/td>\n<\/tr>\n<tr>\n<td><strong>16\/03\/2008<\/strong><\/td>\n<td><span style=\"color: #ffcc02;\"><strong>Pe\u00f1arol<\/strong><\/span><\/td>\n<td style=\"text-align: center;\"><strong>6<\/strong><\/td>\n<td style=\"text-align: center;\">0<\/td>\n<td>Bella Vista<\/td>\n<td><strong>Gerardo Alcoba 8\u00b4, Carlos Bueno (3) 32\u00b4(p) 45\u00b4, 50\u00b4, Fernando Correa 59\u00b4(p), Abascal (e\/c) 86\u00b4<\/strong><\/td>\n<\/tr>\n<tr>\n<td><strong>19\/09\/2007<\/strong><\/td>\n<td>Bella Vista<\/td>\n<td style=\"text-align: center;\">2<\/td>\n<td style=\"text-align: center;\"><strong>3<\/strong><\/td>\n<td><span style=\"color: #ffcc02;\"><strong>Pe\u00f1arol<\/strong><\/span><\/td>\n<td><strong>Mat\u00edas Manrique 32\u00b4, Antonio Pacheco 62\u00b4, Nicol\u00e1s Vigneri 90\u00b4<\/strong><\/td>\n<\/tr>\n<tr>\n<td><strong>07\/04\/2007<\/strong><\/td>\n<td>Bella Vista<\/td>\n<td style=\"text-align: center;\">2<\/td>\n<td style=\"text-align: center;\"><strong>5<\/strong><\/td>\n<td><span style=\"color: #ffcc02;\"><strong>Pe\u00f1arol<\/strong><\/span><\/td>\n<td><strong>Silvio Mendes (2) 17\u00b4 49\u00b4, Julio Mozzo (2) 25\u00b4(p) 44\u00b4, Nicol\u00e1s Vigneri<\/strong><\/td>\n<\/tr>\n<tr>\n<td><strong>21\/10\/2006<\/strong><\/td>\n<td><span style=\"color: #ffcc02;\"><strong>Pe\u00f1arol<\/strong><\/span><\/td>\n<td style=\"text-align: center;\"><strong>2<\/strong><\/td>\n<td style=\"text-align: center;\">1<\/td>\n<td>Bella Vista<\/td>\n<td><strong>Alejandro Delorte 11\u00b4, Alberto Acosta 70\u00b4<\/strong><\/td>\n<\/tr>\n<\/tbody>\n<\/table>\n<\/div>\n<p style=\"text-align: justify;\">De los \u00faltimos 10 encuentros entre Pe\u00f1arol y Bella Vista,\u00a0<strong>ganamos 9 y perdimos 1<\/strong>. Convertimos 31 goles y recibimos 11.<\/p>\n<p style=\"text-align: justify;\">Pe\u00f1arol lleva 3 victorias consecutivas frente al conjunto papal. En los \u00faltimos 22 encuentros Pe\u00f1arol le convirti\u00f3 a Bella Vista, registr\u00e1ndose el 12\/04\/1998 el \u00faltimo partido entre Pe\u00f1arol y Bella Vista donde no pudimos convertirles.<\/p>\n<p style=\"text-align: justify;\">Nicol\u00e1s Raguso jug\u00f3 un partido oficial de titular contra Rentistas, ganamos 4 a 1. Adem\u00e1s fue dos veces al banco en el Clausuara pasado, ganamos ambos partidos.<\/p>\n<div style=\"text-align: justify;\">Jim Morrison Varela por su parte estuvo en el banco un \u00fanico partido, el 25\/08\/2011 frente a Bella Vista; ganamos 3 a 0.Estad\u00edsticas: <a href=\"https:\/\/twitter.com\/#!\/Futbol_UY\" target=\"_blank\">@futbol_uy<\/a><\/p>\n<\/div>\n<p style=\"text-align: justify;\"><strong><span style=\"color: #ffcc02;\">Las entradas<\/span><\/strong><\/p>\n<p style=\"text-align: justify;\">Ya est\u00e1n a la <a title=\"Venta de entradas vs Bella Vista (Apertura 2012)\" href=\"https:\/\/www.padreydecano.com\/cms\/tribuna\/venta-de-entradas-vs-bella-vista-apertura-2012\/\">venta las entradas<\/a>. Pe\u00f1arol auspicia como visitante en este encuentro pero los socios tendremos descuentos.<\/p>\n<p style=\"text-align: center;\"><img loading=\"lazy\" decoding=\"async\" class=\"aligncenter  wp-image-30017\" src=\"https:\/\/www.padreydecano.com\/cms\/wp-content\/uploads\/2012\/09\/tercera_fecha.jpg\" alt=\"\" width=\"610\" height=\"481\" srcset=\"https:\/\/www.padreydecano.com\/cms\/wp-content\/uploads\/2012\/09\/tercera_fecha.jpg 610w, https:\/\/www.padreydecano.com\/cms\/wp-content\/uploads\/2012\/09\/tercera_fecha-300x236.jpg 300w\" sizes=\"(max-width: 610px) 100vw, 610px\" \/><\/p>\n","protected":false},"excerpt":{"rendered":"<p>Por la tercera fecha del Torneo Apertura enfrentaremos a Bella Vista el pr\u00f3ximo domingo a las 15:30 horas en el Estadio Centenario. Tendremos varias bajas para este encuentro: Dami\u00e1n Macaluso y Marcelo Zalayeta expulsados as\u00ed como tambi\u00e9n Fabi\u00e1n Estoyanoff, Marcel Novick y Sebasti\u00e1n Crist\u00f3foro lesionados. Cinco ser\u00e1n los cambios que presentar\u00e1 Pe\u00f1arol el domingo; Enrique [&hellip;]<\/p>\n","protected":false},"author":5,"featured_media":18065,"comment_status":"open","ping_status":"closed","sticky":false,"template":"","format":"standard","meta":{"footnotes":""},"categories":[7],"tags":[],"yoast_head":"<!-- This site is optimized with the Yoast SEO plugin v23.2 - https:\/\/yoast.com\/wordpress\/plugins\/seo\/ -->\n<title>Cinco cambios para enfrentar al Papal - Padre y Decano - El Sitio del Pueblo<\/title>\n<meta name=\"robots\" content=\"index, follow, max-snippet:-1, max-image-preview:large, max-video-preview:-1\" \/>\n<link rel=\"canonical\" href=\"https:\/\/www.padreydecano.com\/cms\/los-aromos\/cinco-cambios-para-enfrentar-al-papal\/\" \/>\n<meta property=\"og:locale\" content=\"es_ES\" \/>\n<meta property=\"og:type\" content=\"article\" \/>\n<meta property=\"og:title\" content=\"Cinco cambios para enfrentar al Papal - Padre y Decano - El Sitio del Pueblo\" \/>\n<meta property=\"og:description\" content=\"Por la tercera fecha del Torneo Apertura enfrentaremos a Bella Vista el pr\u00f3ximo domingo a las 15:30 horas en el Estadio Centenario. Tendremos varias bajas para este encuentro: Dami\u00e1n Macaluso y Marcelo Zalayeta expulsados as\u00ed como tambi\u00e9n Fabi\u00e1n Estoyanoff, Marcel Novick y Sebasti\u00e1n Crist\u00f3foro lesionados. Cinco ser\u00e1n los cambios que presentar\u00e1 Pe\u00f1arol el domingo; Enrique [&hellip;]\" \/>\n<meta property=\"og:url\" content=\"https:\/\/www.padreydecano.com\/cms\/los-aromos\/cinco-cambios-para-enfrentar-al-papal\/\" \/>\n<meta property=\"og:site_name\" content=\"Padre y Decano - El Sitio del Pueblo\" \/>\n<meta property=\"article:published_time\" content=\"2012-09-14T20:00:57+00:00\" \/>\n<meta property=\"article:modified_time\" content=\"2012-09-16T21:45:51+00:00\" \/>\n<meta property=\"og:image\" content=\"https:\/\/www.padreydecano.com\/cms\/wp-content\/uploads\/2012\/03\/IMG_6307-Copiar.jpg\" \/>\n\t<meta property=\"og:image:width\" content=\"800\" \/>\n\t<meta property=\"og:image:height\" content=\"533\" \/>\n\t<meta property=\"og:image:type\" content=\"image\/jpeg\" \/>\n<meta name=\"author\" content=\"Emirona07\" \/>\n<meta name=\"twitter:card\" content=\"summary_large_image\" \/>\n<meta name=\"twitter:label1\" content=\"Escrito por\" \/>\n\t<meta name=\"twitter:data1\" content=\"Emirona07\" \/>\n\t<meta name=\"twitter:label2\" content=\"Tiempo de lectura\" \/>\n\t<meta name=\"twitter:data2\" content=\"3 minutos\" \/>\n<script type=\"application\/ld+json\" class=\"yoast-schema-graph\">{\"@context\":\"https:\/\/schema.org\",\"@graph\":[{\"@type\":\"Article\",\"@id\":\"https:\/\/www.padreydecano.com\/cms\/los-aromos\/cinco-cambios-para-enfrentar-al-papal\/#article\",\"isPartOf\":{\"@id\":\"https:\/\/www.padreydecano.com\/cms\/los-aromos\/cinco-cambios-para-enfrentar-al-papal\/\"},\"author\":{\"name\":\"Emirona07\",\"@id\":\"https:\/\/www.padreydecano.com\/cms\/#\/schema\/person\/51e0214db654d9624824b37c2838bb65\"},\"headline\":\"Cinco cambios para enfrentar al Papal\",\"datePublished\":\"2012-09-14T20:00:57+00:00\",\"dateModified\":\"2012-09-16T21:45:51+00:00\",\"mainEntityOfPage\":{\"@id\":\"https:\/\/www.padreydecano.com\/cms\/los-aromos\/cinco-cambios-para-enfrentar-al-papal\/\"},\"wordCount\":546,\"commentCount\":16,\"publisher\":{\"@id\":\"https:\/\/www.padreydecano.com\/cms\/#organization\"},\"image\":{\"@id\":\"https:\/\/www.padreydecano.com\/cms\/los-aromos\/cinco-cambios-para-enfrentar-al-papal\/#primaryimage\"},\"thumbnailUrl\":\"https:\/\/www.padreydecano.com\/cms\/wp-content\/uploads\/2012\/03\/IMG_6307-Copiar.jpg\",\"articleSection\":[\"Los Aromos\"],\"inLanguage\":\"es\",\"potentialAction\":[{\"@type\":\"CommentAction\",\"name\":\"Comment\",\"target\":[\"https:\/\/www.padreydecano.com\/cms\/los-aromos\/cinco-cambios-para-enfrentar-al-papal\/#respond\"]}]},{\"@type\":\"WebPage\",\"@id\":\"https:\/\/www.padreydecano.com\/cms\/los-aromos\/cinco-cambios-para-enfrentar-al-papal\/\",\"url\":\"https:\/\/www.padreydecano.com\/cms\/los-aromos\/cinco-cambios-para-enfrentar-al-papal\/\",\"name\":\"Cinco cambios para enfrentar al Papal - Padre y Decano - El Sitio del Pueblo\",\"isPartOf\":{\"@id\":\"https:\/\/www.padreydecano.com\/cms\/#website\"},\"primaryImageOfPage\":{\"@id\":\"https:\/\/www.padreydecano.com\/cms\/los-aromos\/cinco-cambios-para-enfrentar-al-papal\/#primaryimage\"},\"image\":{\"@id\":\"https:\/\/www.padreydecano.com\/cms\/los-aromos\/cinco-cambios-para-enfrentar-al-papal\/#primaryimage\"},\"thumbnailUrl\":\"https:\/\/www.padreydecano.com\/cms\/wp-content\/uploads\/2012\/03\/IMG_6307-Copiar.jpg\",\"datePublished\":\"2012-09-14T20:00:57+00:00\",\"dateModified\":\"2012-09-16T21:45:51+00:00\",\"breadcrumb\":{\"@id\":\"https:\/\/www.padreydecano.com\/cms\/los-aromos\/cinco-cambios-para-enfrentar-al-papal\/#breadcrumb\"},\"inLanguage\":\"es\",\"potentialAction\":[{\"@type\":\"ReadAction\",\"target\":[\"https:\/\/www.padreydecano.com\/cms\/los-aromos\/cinco-cambios-para-enfrentar-al-papal\/\"]}]},{\"@type\":\"ImageObject\",\"inLanguage\":\"es\",\"@id\":\"https:\/\/www.padreydecano.com\/cms\/los-aromos\/cinco-cambios-para-enfrentar-al-papal\/#primaryimage\",\"url\":\"https:\/\/www.padreydecano.com\/cms\/wp-content\/uploads\/2012\/03\/IMG_6307-Copiar.jpg\",\"contentUrl\":\"https:\/\/www.padreydecano.com\/cms\/wp-content\/uploads\/2012\/03\/IMG_6307-Copiar.jpg\",\"width\":\"800\",\"height\":\"533\"},{\"@type\":\"BreadcrumbList\",\"@id\":\"https:\/\/www.padreydecano.com\/cms\/los-aromos\/cinco-cambios-para-enfrentar-al-papal\/#breadcrumb\",\"itemListElement\":[{\"@type\":\"ListItem\",\"position\":1,\"name\":\"Portada\",\"item\":\"https:\/\/www.padreydecano.com\/cms\/\"},{\"@type\":\"ListItem\",\"position\":2,\"name\":\"Cinco cambios para enfrentar al Papal\"}]},{\"@type\":\"WebSite\",\"@id\":\"https:\/\/www.padreydecano.com\/cms\/#website\",\"url\":\"https:\/\/www.padreydecano.com\/cms\/\",\"name\":\"Padre y Decano - El Sitio del Pueblo\",\"description\":\"Club Atl\u00e9tico Pe\u00f1arol\",\"publisher\":{\"@id\":\"https:\/\/www.padreydecano.com\/cms\/#organization\"},\"potentialAction\":[{\"@type\":\"SearchAction\",\"target\":{\"@type\":\"EntryPoint\",\"urlTemplate\":\"https:\/\/www.padreydecano.com\/cms\/?s={search_term_string}\"},\"query-input\":\"required name=search_term_string\"}],\"inLanguage\":\"es\"},{\"@type\":\"Organization\",\"@id\":\"https:\/\/www.padreydecano.com\/cms\/#organization\",\"name\":\"Padre y Decano\",\"url\":\"https:\/\/www.padreydecano.com\/cms\/\",\"logo\":{\"@type\":\"ImageObject\",\"inLanguage\":\"es\",\"@id\":\"https:\/\/www.padreydecano.com\/cms\/#\/schema\/logo\/image\/\",\"url\":\"https:\/\/www.padreydecano.com\/cms\/wp-content\/uploads\/2022\/01\/avatar-square.png\",\"contentUrl\":\"https:\/\/www.padreydecano.com\/cms\/wp-content\/uploads\/2022\/01\/avatar-square.png\",\"width\":1500,\"height\":1500,\"caption\":\"Padre y Decano\"},\"image\":{\"@id\":\"https:\/\/www.padreydecano.com\/cms\/#\/schema\/logo\/image\/\"}},{\"@type\":\"Person\",\"@id\":\"https:\/\/www.padreydecano.com\/cms\/#\/schema\/person\/51e0214db654d9624824b37c2838bb65\",\"name\":\"Emirona07\",\"image\":{\"@type\":\"ImageObject\",\"inLanguage\":\"es\",\"@id\":\"https:\/\/www.padreydecano.com\/cms\/#\/schema\/person\/image\/\",\"url\":\"https:\/\/secure.gravatar.com\/avatar\/93c9118dbd5373a8a065bb5cdddde6bf?s=96&d=https%3A%2F%2Fpadreydecano.com%2Fcms%2Fwp-content%2Fthemes%2Fpyd-theme%2Fimg%2Fdefault-avatar.png&r=g\",\"contentUrl\":\"https:\/\/secure.gravatar.com\/avatar\/93c9118dbd5373a8a065bb5cdddde6bf?s=96&d=https%3A%2F%2Fpadreydecano.com%2Fcms%2Fwp-content%2Fthemes%2Fpyd-theme%2Fimg%2Fdefault-avatar.png&r=g\",\"caption\":\"Emirona07\"}}]}<\/script>\n<!-- \/ Yoast SEO plugin. -->","yoast_head_json":{"title":"Cinco cambios para enfrentar al Papal - Padre y Decano - El Sitio del Pueblo","robots":{"index":"index","follow":"follow","max-snippet":"max-snippet:-1","max-image-preview":"max-image-preview:large","max-video-preview":"max-video-preview:-1"},"canonical":"https:\/\/www.padreydecano.com\/cms\/los-aromos\/cinco-cambios-para-enfrentar-al-papal\/","og_locale":"es_ES","og_type":"article","og_title":"Cinco cambios para enfrentar al Papal - Padre y Decano - El Sitio del Pueblo","og_description":"Por la tercera fecha del Torneo Apertura enfrentaremos a Bella Vista el pr\u00f3ximo domingo a las 15:30 horas en el Estadio Centenario. Tendremos varias bajas para este encuentro: Dami\u00e1n Macaluso y Marcelo Zalayeta expulsados as\u00ed como tambi\u00e9n Fabi\u00e1n Estoyanoff, Marcel Novick y Sebasti\u00e1n Crist\u00f3foro lesionados. Cinco ser\u00e1n los cambios que presentar\u00e1 Pe\u00f1arol el domingo; Enrique [&hellip;]","og_url":"https:\/\/www.padreydecano.com\/cms\/los-aromos\/cinco-cambios-para-enfrentar-al-papal\/","og_site_name":"Padre y Decano - El Sitio del Pueblo","article_published_time":"2012-09-14T20:00:57+00:00","article_modified_time":"2012-09-16T21:45:51+00:00","og_image":[{"width":800,"height":533,"url":"https:\/\/www.padreydecano.com\/cms\/wp-content\/uploads\/2012\/03\/IMG_6307-Copiar.jpg","type":"image\/jpeg"}],"author":"Emirona07","twitter_card":"summary_large_image","twitter_misc":{"Escrito por":"Emirona07","Tiempo de lectura":"3 minutos"},"schema":{"@context":"https:\/\/schema.org","@graph":[{"@type":"Article","@id":"https:\/\/www.padreydecano.com\/cms\/los-aromos\/cinco-cambios-para-enfrentar-al-papal\/#article","isPartOf":{"@id":"https:\/\/www.padreydecano.com\/cms\/los-aromos\/cinco-cambios-para-enfrentar-al-papal\/"},"author":{"name":"Emirona07","@id":"https:\/\/www.padreydecano.com\/cms\/#\/schema\/person\/51e0214db654d9624824b37c2838bb65"},"headline":"Cinco cambios para enfrentar al Papal","datePublished":"2012-09-14T20:00:57+00:00","dateModified":"2012-09-16T21:45:51+00:00","mainEntityOfPage":{"@id":"https:\/\/www.padreydecano.com\/cms\/los-aromos\/cinco-cambios-para-enfrentar-al-papal\/"},"wordCount":546,"commentCount":16,"publisher":{"@id":"https:\/\/www.padreydecano.com\/cms\/#organization"},"image":{"@id":"https:\/\/www.padreydecano.com\/cms\/los-aromos\/cinco-cambios-para-enfrentar-al-papal\/#primaryimage"},"thumbnailUrl":"https:\/\/www.padreydecano.com\/cms\/wp-content\/uploads\/2012\/03\/IMG_6307-Copiar.jpg","articleSection":["Los Aromos"],"inLanguage":"es","potentialAction":[{"@type":"CommentAction","name":"Comment","target":["https:\/\/www.padreydecano.com\/cms\/los-aromos\/cinco-cambios-para-enfrentar-al-papal\/#respond"]}]},{"@type":"WebPage","@id":"https:\/\/www.padreydecano.com\/cms\/los-aromos\/cinco-cambios-para-enfrentar-al-papal\/","url":"https:\/\/www.padreydecano.com\/cms\/los-aromos\/cinco-cambios-para-enfrentar-al-papal\/","name":"Cinco cambios para enfrentar al Papal - Padre y Decano - El Sitio del Pueblo","isPartOf":{"@id":"https:\/\/www.padreydecano.com\/cms\/#website"},"primaryImageOfPage":{"@id":"https:\/\/www.padreydecano.com\/cms\/los-aromos\/cinco-cambios-para-enfrentar-al-papal\/#primaryimage"},"image":{"@id":"https:\/\/www.padreydecano.com\/cms\/los-aromos\/cinco-cambios-para-enfrentar-al-papal\/#primaryimage"},"thumbnailUrl":"https:\/\/www.padreydecano.com\/cms\/wp-content\/uploads\/2012\/03\/IMG_6307-Copiar.jpg","datePublished":"2012-09-14T20:00:57+00:00","dateModified":"2012-09-16T21:45:51+00:00","breadcrumb":{"@id":"https:\/\/www.padreydecano.com\/cms\/los-aromos\/cinco-cambios-para-enfrentar-al-papal\/#breadcrumb"},"inLanguage":"es","potentialAction":[{"@type":"ReadAction","target":["https:\/\/www.padreydecano.com\/cms\/los-aromos\/cinco-cambios-para-enfrentar-al-papal\/"]}]},{"@type":"ImageObject","inLanguage":"es","@id":"https:\/\/www.padreydecano.com\/cms\/los-aromos\/cinco-cambios-para-enfrentar-al-papal\/#primaryimage","url":"https:\/\/www.padreydecano.com\/cms\/wp-content\/uploads\/2012\/03\/IMG_6307-Copiar.jpg","contentUrl":"https:\/\/www.padreydecano.com\/cms\/wp-content\/uploads\/2012\/03\/IMG_6307-Copiar.jpg","width":"800","height":"533"},{"@type":"BreadcrumbList","@id":"https:\/\/www.padreydecano.com\/cms\/los-aromos\/cinco-cambios-para-enfrentar-al-papal\/#breadcrumb","itemListElement":[{"@type":"ListItem","position":1,"name":"Portada","item":"https:\/\/www.padreydecano.com\/cms\/"},{"@type":"ListItem","position":2,"name":"Cinco cambios para enfrentar al Papal"}]},{"@type":"WebSite","@id":"https:\/\/www.padreydecano.com\/cms\/#website","url":"https:\/\/www.padreydecano.com\/cms\/","name":"Padre y Decano - El Sitio del Pueblo","description":"Club Atl\u00e9tico Pe\u00f1arol","publisher":{"@id":"https:\/\/www.padreydecano.com\/cms\/#organization"},"potentialAction":[{"@type":"SearchAction","target":{"@type":"EntryPoint","urlTemplate":"https:\/\/www.padreydecano.com\/cms\/?s={search_term_string}"},"query-input":"required name=search_term_string"}],"inLanguage":"es"},{"@type":"Organization","@id":"https:\/\/www.padreydecano.com\/cms\/#organization","name":"Padre y Decano","url":"https:\/\/www.padreydecano.com\/cms\/","logo":{"@type":"ImageObject","inLanguage":"es","@id":"https:\/\/www.padreydecano.com\/cms\/#\/schema\/logo\/image\/","url":"https:\/\/www.padreydecano.com\/cms\/wp-content\/uploads\/2022\/01\/avatar-square.png","contentUrl":"https:\/\/www.padreydecano.com\/cms\/wp-content\/uploads\/2022\/01\/avatar-square.png","width":1500,"height":1500,"caption":"Padre y Decano"},"image":{"@id":"https:\/\/www.padreydecano.com\/cms\/#\/schema\/logo\/image\/"}},{"@type":"Person","@id":"https:\/\/www.padreydecano.com\/cms\/#\/schema\/person\/51e0214db654d9624824b37c2838bb65","name":"Emirona07","image":{"@type":"ImageObject","inLanguage":"es","@id":"https:\/\/www.padreydecano.com\/cms\/#\/schema\/person\/image\/","url":"https:\/\/secure.gravatar.com\/avatar\/93c9118dbd5373a8a065bb5cdddde6bf?s=96&d=https%3A%2F%2Fpadreydecano.com%2Fcms%2Fwp-content%2Fthemes%2Fpyd-theme%2Fimg%2Fdefault-avatar.png&r=g","contentUrl":"https:\/\/secure.gravatar.com\/avatar\/93c9118dbd5373a8a065bb5cdddde6bf?s=96&d=https%3A%2F%2Fpadreydecano.com%2Fcms%2Fwp-content%2Fthemes%2Fpyd-theme%2Fimg%2Fdefault-avatar.png&r=g","caption":"Emirona07"}}]}},"_links":{"self":[{"href":"https:\/\/www.padreydecano.com\/cms\/wp-json\/wp\/v2\/posts\/30010"}],"collection":[{"href":"https:\/\/www.padreydecano.com\/cms\/wp-json\/wp\/v2\/posts"}],"about":[{"href":"https:\/\/www.padreydecano.com\/cms\/wp-json\/wp\/v2\/types\/post"}],"author":[{"embeddable":true,"href":"https:\/\/www.padreydecano.com\/cms\/wp-json\/wp\/v2\/users\/5"}],"replies":[{"embeddable":true,"href":"https:\/\/www.padreydecano.com\/cms\/wp-json\/wp\/v2\/comments?post=30010"}],"version-history":[{"count":0,"href":"https:\/\/www.padreydecano.com\/cms\/wp-json\/wp\/v2\/posts\/30010\/revisions"}],"wp:featuredmedia":[{"embeddable":true,"href":"https:\/\/www.padreydecano.com\/cms\/wp-json\/wp\/v2\/media\/18065"}],"wp:attachment":[{"href":"https:\/\/www.padreydecano.com\/cms\/wp-json\/wp\/v2\/media?parent=30010"}],"wp:term":[{"taxonomy":"category","embeddable":true,"href":"https:\/\/www.padreydecano.com\/cms\/wp-json\/wp\/v2\/categories?post=30010"},{"taxonomy":"post_tag","embeddable":true,"href":"https:\/\/www.padreydecano.com\/cms\/wp-json\/wp\/v2\/tags?post=30010"}],"curies":[{"name":"wp","href":"https:\/\/api.w.org\/{rel}","templated":true}]}}