{"id":30008,"date":"2012-09-14T17:00:23","date_gmt":"2012-09-14T20:00:23","guid":{"rendered":"http:\/\/www.padreydecano.com\/cms\/?p=30008"},"modified":"2012-09-21T20:00:47","modified_gmt":"2012-09-21T23:00:47","slug":"lo-mas-leido-de-la-semana-7","status":"publish","type":"post","link":"https:\/\/www.padreydecano.com\/cms\/noticias\/lo-mas-leido-de-la-semana-7\/","title":{"rendered":"Lo m\u00e1s le\u00eddo de la semana (7)"},"content":{"rendered":"<p style=\"text-align: justify;\"><strong>Lo m\u00e1s relevante de la semana en Padre y Decano. <\/strong>Art\u00edculos desde el viernes 7 de setiembre hasta el jueves 13.<\/p>\n<table class=\"comun\">\n<tbody>\n<tr>\n<td><a href=\"https:\/\/www.padreydecano.com\/cms\/columnas\/culpan-a-un-nino-hasta-cuando\/\" rel=\"attachment wp-att-29880\" target=\"_blank\"><img loading=\"lazy\" decoding=\"async\" class=\"alignleft size-thumbnail wp-image-29880\" src=\"https:\/\/www.padreydecano.com\/cms\/wp-content\/uploads\/2012\/09\/nino-pelea-150x150.jpg\" alt=\"\" width=\"150\" height=\"150\" srcset=\"https:\/\/www.padreydecano.com\/cms\/wp-content\/uploads\/2012\/09\/nino-pelea-150x150.jpg 150w, https:\/\/www.padreydecano.com\/cms\/wp-content\/uploads\/2012\/09\/nino-pelea-36x36.jpg 36w, https:\/\/www.padreydecano.com\/cms\/wp-content\/uploads\/2012\/09\/nino-pelea-115x115.jpg 115w\" sizes=\"(max-width: 150px) 100vw, 150px\" \/><\/a><\/td>\n<td style=\"text-align: justify;\"><span style=\"color: #ffcc02;\"><strong>[Columnas &#8211; Al\u00e9rgico a las plumas] Culpan a un ni\u00f1o: \u00bfHasta cuando?<\/strong><br \/>\n<\/span><br \/>\n<span>Otra vez dirigentes y allegados al tradicional rival ofenden a un \u00eddolo de la instituci\u00f3n, por ende est\u00e1n ofendiendo a la gente de Pe\u00f1arol y al club. Lo peor es que no tienen los huevos para hacerse cargo y culpan a un ni\u00f1o, otra demostraci\u00f3n de por qu\u00e9 son gallinas.<\/span><br \/>\n<span>Hay periodistas de esos que siempre defienden al tradicional rival y a su cultura que comparan y asemejan la situaci\u00f3n con La Gallina Inflable &#8230;<\/span><a href=\"https:\/\/www.padreydecano.com\/cms\/noticias\/rachetti-le-retiro-la-confianza-a-osvaldo-gimenez\/\" target=\"_blank\"><br style=\"text-align: justify;\" \/> <strong><\/strong><\/a><strong><a href=\"https:\/\/www.padreydecano.com\/cms\/columnas\/culpan-a-un-nino-hasta-cuando\/\" target=\"_blank\">Leer columna completa \u00bb<\/a><\/strong><\/td>\n<\/tr>\n<\/tbody>\n<\/table>\n<table class=\"comun\">\n<tbody>\n<tr>\n<td style=\"text-align: justify; padding-right: 10px;\"><span style=\"color: #ffcc02;\"><strong>[Raza Aurinegra] La bandera de Pe\u00f1arol a 6088 mts de altura<\/strong><br \/>\n<\/span><br \/>\n<span>Soy manya y socio de nacimiento. Mi viejo me anot\u00f3 en Pe\u00f1arol antes que en el Registro y el d\u00eda que tenga un hijo voy a hacer lo mismo.<\/span><br \/>\n<span>Hace cuatro meses me surgi\u00f3 por trabajo un viaje a Bolivia. Eran tres meses de un proyecto en Santa Cruz relacionados a mi profesi\u00f3n. La propuesta era buena y si bien Bolivia no parec\u00eda ser un pa\u00eds atractivo para trabajar, el proyecto en s\u00ed lo era.<\/span><a href=\"https:\/\/www.padreydecano.com\/cms\/noticias\/rachetti-le-retiro-la-confianza-a-osvaldo-gimenez\/\" target=\"_blank\"><br style=\"text-align: justify;\" \/> <strong><\/strong><\/a><strong><a href=\"https:\/\/www.padreydecano.com\/cms\/noticias\/la-bandera-de-penarol-a-6088-mts-de-altura\/\" target=\"_blank\">Leer articulo completo \u00bb<\/a><\/strong><\/td>\n<td><a href=\"https:\/\/www.padreydecano.com\/cms\/noticias\/la-bandera-de-penarol-a-6088-mts-de-altura\/\" target=\"_blank\"><img loading=\"lazy\" decoding=\"async\" class=\"size-thumbnail wp-image-29956 alignleft\" src=\"https:\/\/www.padreydecano.com\/cms\/wp-content\/uploads\/2012\/09\/BOLIVIA_pedro-a-6088-m-de-altura1-150x150.jpg\" alt=\"\" width=\"150\" height=\"150\" \/><\/a><\/td>\n<\/tr>\n<\/tbody>\n<\/table>\n<table class=\"comun\">\n<tbody>\n<tr>\n<td><a href=\"https:\/\/www.padreydecano.com\/cms\/columnas\/raza-aurinegra\/\" rel=\"attachment wp-att-29839\" target=\"_blank\"><img loading=\"lazy\" decoding=\"async\" class=\"alignleft size-thumbnail wp-image-29839\" src=\"https:\/\/www.padreydecano.com\/cms\/wp-content\/uploads\/2012\/09\/RazaAurinegra2-Copiar-150x150.jpg\" alt=\"\" width=\"150\" height=\"150\" srcset=\"https:\/\/www.padreydecano.com\/cms\/wp-content\/uploads\/2012\/09\/RazaAurinegra2-Copiar-150x150.jpg 150w, https:\/\/www.padreydecano.com\/cms\/wp-content\/uploads\/2012\/09\/RazaAurinegra2-Copiar-36x36.jpg 36w, https:\/\/www.padreydecano.com\/cms\/wp-content\/uploads\/2012\/09\/RazaAurinegra2-Copiar-115x115.jpg 115w\" sizes=\"(max-width: 150px) 100vw, 150px\" \/><\/a><\/td>\n<td style=\"text-align: justify;\"><span style=\"color: #ffcc02;\"><strong>[Columnas &#8211; Raza Aurinegra] Nueva Secci\u00f3n<\/strong><br \/>\n<\/span><br \/>\n<span>El hecho de ser hincha de Pe\u00f1arol ya es algo que escapa de una posible realidad. Es una pasi\u00f3n que trasciende fronteras, muchas veces puede dejar amistades personales de lado, as\u00ed como tambi\u00e9n provocar rupturas amorosas o desocupaciones laborales. El hincha de Pe\u00f1arol es un hincha diferente en cualquier sentido; es un hincha de verdad. Est\u00e1 enfermo por los colores de la camiseta y jam\u00e1s dejar\u00e1 de lado a su querido Pe\u00f1arol.<\/span><a href=\"https:\/\/www.padreydecano.com\/cms\/noticias\/rachetti-le-retiro-la-confianza-a-osvaldo-gimenez\/\" target=\"_blank\"><br style=\"text-align: justify;\" \/><\/a><a href=\"https:\/\/www.padreydecano.com\/cms\/columnas\/raza-aurinegra\/\" target=\"_blank\"> <strong><\/strong><strong>Leer columna completa \u00bb<\/strong><\/a><\/td>\n<\/tr>\n<\/tbody>\n<\/table>\n<table class=\"comun\">\n<tbody>\n<tr>\n<td style=\"text-align: justify; padding-right: 10px;\"><span style=\"color: #ffcc02;\"><strong>[Columnas &#8211; Fatiga] La mentira indefendible<\/strong><br \/>\n<\/span><br \/>\n<span>Muchas veces me pregunto si periodistas y medios de comunicaci\u00f3n -supuestamente serios, objetivos e independientes- omiten determinados acontecimientos voluntariamente o la no cobertura de \u00e9stos es producto de alg\u00fan factor que nos puedan explicar a los hinchas de Pe\u00f1arol.<\/span><br \/>\n<span>Es reiterativo pero, por eso, no deja de ser cierto. Editores responsables, periodistas y comunicadores, un gran n\u00facleo de formadores de opini\u00f3n&#8230;<\/span><a href=\"https:\/\/www.padreydecano.com\/cms\/noticias\/rachetti-le-retiro-la-confianza-a-osvaldo-gimenez\/\" target=\"_blank\"><br style=\"text-align: justify;\" \/> <strong><\/strong><\/a><strong><a href=\"https:\/\/www.padreydecano.com\/cms\/columnas\/la-mentira-indefendible\/\" target=\"_blank\">Leer columna completa \u00bb<\/a><\/strong><\/td>\n<td><a href=\"https:\/\/www.padreydecano.com\/cms\/columnas\/la-mentira-indefendible\/\" rel=\"attachment wp-att-29848\" target=\"_blank\"><img loading=\"lazy\" decoding=\"async\" class=\"alignleft size-thumbnail wp-image-29848\" title=\"nomemientas\" src=\"https:\/\/www.padreydecano.com\/cms\/wp-content\/uploads\/2012\/09\/nomemientas-150x150.jpg\" alt=\"\" width=\"150\" height=\"150\" srcset=\"https:\/\/www.padreydecano.com\/cms\/wp-content\/uploads\/2012\/09\/nomemientas-150x150.jpg 150w, https:\/\/www.padreydecano.com\/cms\/wp-content\/uploads\/2012\/09\/nomemientas-36x36.jpg 36w, https:\/\/www.padreydecano.com\/cms\/wp-content\/uploads\/2012\/09\/nomemientas-115x115.jpg 115w\" sizes=\"(max-width: 150px) 100vw, 150px\" \/><\/a><\/td>\n<\/tr>\n<\/tbody>\n<\/table>\n<table class=\"comun\">\n<tbody>\n<tr>\n<td><a href=\"https:\/\/www.padreydecano.com\/cms\/noticias\/jornada-de-pintura-en-las-acacias\/\" rel=\"attachment wp-att-29781\" target=\"_blank\"><img loading=\"lazy\" decoding=\"async\" class=\"alignleft  wp-image-29781\" src=\"https:\/\/www.padreydecano.com\/cms\/wp-content\/uploads\/2012\/09\/DSC09192-Copiar-150x150.jpg\" alt=\"\" width=\"150\" height=\"150\" srcset=\"https:\/\/www.padreydecano.com\/cms\/wp-content\/uploads\/2012\/09\/DSC09192-Copiar-150x150.jpg 150w, https:\/\/www.padreydecano.com\/cms\/wp-content\/uploads\/2012\/09\/DSC09192-Copiar-36x36.jpg 36w, https:\/\/www.padreydecano.com\/cms\/wp-content\/uploads\/2012\/09\/DSC09192-Copiar-115x115.jpg 115w\" sizes=\"(max-width: 150px) 100vw, 150px\" \/><\/a><\/td>\n<td style=\"text-align: justify;\"><span style=\"color: #ffcc02;\"><strong>[Noticias] Jornada de pintura en Las Acacias<\/strong><br \/>\n<\/span><br \/>\n<span>El domingo sin Pe\u00f1arol a nivel de primera divisi\u00f3n pero con los juveniles represent\u00e1ndonos fue la excusa perfecta para que unos 40 hinchas, allegados a las formativas del club, estuvieran pintando las tribunas de Las Acacias. Bajo la iniciativa de la Comisi\u00f3n de Juveniles encabezada por Rodolfo Catino y Fabi\u00e1n Lomiento&#8230;<\/span><a href=\"https:\/\/www.padreydecano.com\/cms\/noticias\/rachetti-le-retiro-la-confianza-a-osvaldo-gimenez\/\" target=\"_blank\"><br style=\"text-align: justify;\" \/> <strong><\/strong><\/a><a href=\"https:\/\/www.padreydecano.com\/cms\/noticias\/jornada-de-pintura-en-las-acacias\/\" target=\"_blank\"><strong>Leer nota completa \u00bb<\/strong><\/a><a href=\"https:\/\/www.padreydecano.com\/cms\/noticias\/rachetti-le-retiro-la-confianza-a-osvaldo-gimenez\/\" target=\"_blank\"><br style=\"text-align: justify;\" \/> <strong><\/strong><\/a><strong><a href=\"https:\/\/www.padreydecano.com\/cms\/noticias\/fotos-jornada-de-pintura-en-las-acacias-09-09-2012\/\" target=\"_blank\">Galer\u00eda de Fotos \u00bb<\/a><\/strong><\/td>\n<\/tr>\n<\/tbody>\n<\/table>\n<table class=\"comun\">\n<tbody>\n<tr>\n<td style=\"text-align: justify; padding-right: 10px;\"><span style=\"color: #ffcc02;\"><strong>[Noticias] Camiseta con nombres de los hinchas para los 121<\/strong><br \/>\n<\/span><br \/>\n<span>Seg\u00fan informa el periodista Diego P\u00e9rez desde su Twitter, el club implementar\u00e1 una nueva movida de marketing pensando en el aniversario N\u00b0 121 de la instituci\u00f3n, para el que quedan pocas semanas. Esta movida consistir\u00eda en crear una camiseta con los nombres de m\u00e1s de mil hinchas, inscriptos sobre la tela, la cual vestir\u00e1n los jugadores en el partido siguiente al 28 de setiembre.<\/span><a href=\"https:\/\/www.padreydecano.com\/cms\/noticias\/rachetti-le-retiro-la-confianza-a-osvaldo-gimenez\/\" target=\"_blank\"><br style=\"text-align: justify;\" \/> <strong><\/strong><\/a><strong><a href=\"https:\/\/www.padreydecano.com\/cms\/noticias\/camiseta-con-nombres-de-los-hinchas-para-los-121-anos\/\" target=\"_blank\">Leer nota completa \u00bb<\/a><\/strong><\/td>\n<td><a href=\"https:\/\/www.padreydecano.com\/cms\/noticias\/camiseta-con-nombres-de-los-hinchas-para-los-121-anos\/\" rel=\"attachment wp-att-29669\" target=\"_blank\"><img loading=\"lazy\" decoding=\"async\" class=\"alignleft size-thumbnail wp-image-29669\" src=\"https:\/\/www.padreydecano.com\/cms\/wp-content\/uploads\/2012\/09\/CAMISETA121-150x150.jpg\" alt=\"\" width=\"150\" height=\"150\" srcset=\"https:\/\/www.padreydecano.com\/cms\/wp-content\/uploads\/2012\/09\/CAMISETA121-150x150.jpg 150w, https:\/\/www.padreydecano.com\/cms\/wp-content\/uploads\/2012\/09\/CAMISETA121-36x36.jpg 36w, https:\/\/www.padreydecano.com\/cms\/wp-content\/uploads\/2012\/09\/CAMISETA121-115x115.jpg 115w\" sizes=\"(max-width: 150px) 100vw, 150px\" \/><\/a><\/td>\n<\/tr>\n<\/tbody>\n<\/table>\n","protected":false},"excerpt":{"rendered":"<p>Lo m\u00e1s relevante de la semana en Padre y Decano. Art\u00edculos desde el viernes 7 de setiembre hasta el jueves 13. [Columnas &#8211; Al\u00e9rgico a las plumas] Culpan a un ni\u00f1o: \u00bfHasta cuando? Otra vez dirigentes y allegados al tradicional rival ofenden a un \u00eddolo de la instituci\u00f3n, por ende est\u00e1n ofendiendo a la gente [&hellip;]<\/p>\n","protected":false},"author":16,"featured_media":30011,"comment_status":"open","ping_status":"closed","sticky":false,"template":"","format":"standard","meta":{"footnotes":""},"categories":[1],"tags":[],"yoast_head":"<!-- This site is optimized with the Yoast SEO plugin v23.2 - https:\/\/yoast.com\/wordpress\/plugins\/seo\/ -->\n<title>Lo m\u00e1s le\u00eddo de la semana (7) - Padre y Decano - El Sitio del Pueblo<\/title>\n<meta name=\"robots\" content=\"index, follow, max-snippet:-1, max-image-preview:large, max-video-preview:-1\" \/>\n<link rel=\"canonical\" href=\"https:\/\/www.padreydecano.com\/cms\/noticias\/lo-mas-leido-de-la-semana-7\/\" \/>\n<meta property=\"og:locale\" content=\"es_ES\" \/>\n<meta property=\"og:type\" content=\"article\" \/>\n<meta property=\"og:title\" content=\"Lo m\u00e1s le\u00eddo de la semana (7) - Padre y Decano - El Sitio del Pueblo\" \/>\n<meta property=\"og:description\" content=\"Lo m\u00e1s relevante de la semana en Padre y Decano. Art\u00edculos desde el viernes 7 de setiembre hasta el jueves 13. [Columnas &#8211; Al\u00e9rgico a las plumas] Culpan a un ni\u00f1o: \u00bfHasta cuando? Otra vez dirigentes y allegados al tradicional rival ofenden a un \u00eddolo de la instituci\u00f3n, por ende est\u00e1n ofendiendo a la gente [&hellip;]\" \/>\n<meta property=\"og:url\" content=\"https:\/\/www.padreydecano.com\/cms\/noticias\/lo-mas-leido-de-la-semana-7\/\" \/>\n<meta property=\"og:site_name\" content=\"Padre y Decano - El Sitio del Pueblo\" \/>\n<meta property=\"article:published_time\" content=\"2012-09-14T20:00:23+00:00\" \/>\n<meta property=\"article:modified_time\" content=\"2012-09-21T23:00:47+00:00\" \/>\n<meta property=\"og:image\" content=\"https:\/\/www.padreydecano.com\/cms\/wp-content\/uploads\/2012\/09\/lomasleido.jpg\" \/>\n\t<meta property=\"og:image:width\" content=\"640\" \/>\n\t<meta property=\"og:image:height\" content=\"250\" \/>\n\t<meta property=\"og:image:type\" content=\"image\/jpeg\" \/>\n<meta name=\"author\" content=\"mariano\" \/>\n<meta name=\"twitter:card\" content=\"summary_large_image\" \/>\n<meta name=\"twitter:label1\" content=\"Escrito por\" \/>\n\t<meta name=\"twitter:data1\" content=\"mariano\" \/>\n\t<meta name=\"twitter:label2\" content=\"Tiempo de lectura\" \/>\n\t<meta name=\"twitter:data2\" content=\"3 minutos\" \/>\n<script type=\"application\/ld+json\" class=\"yoast-schema-graph\">{\"@context\":\"https:\/\/schema.org\",\"@graph\":[{\"@type\":\"Article\",\"@id\":\"https:\/\/www.padreydecano.com\/cms\/noticias\/lo-mas-leido-de-la-semana-7\/#article\",\"isPartOf\":{\"@id\":\"https:\/\/www.padreydecano.com\/cms\/noticias\/lo-mas-leido-de-la-semana-7\/\"},\"author\":{\"name\":\"mariano\",\"@id\":\"https:\/\/www.padreydecano.com\/cms\/#\/schema\/person\/da0f0e72c91242bc7c270c61c9798d01\"},\"headline\":\"Lo m\u00e1s le\u00eddo de la semana (7)\",\"datePublished\":\"2012-09-14T20:00:23+00:00\",\"dateModified\":\"2012-09-21T23:00:47+00:00\",\"mainEntityOfPage\":{\"@id\":\"https:\/\/www.padreydecano.com\/cms\/noticias\/lo-mas-leido-de-la-semana-7\/\"},\"wordCount\":532,\"commentCount\":0,\"publisher\":{\"@id\":\"https:\/\/www.padreydecano.com\/cms\/#organization\"},\"image\":{\"@id\":\"https:\/\/www.padreydecano.com\/cms\/noticias\/lo-mas-leido-de-la-semana-7\/#primaryimage\"},\"thumbnailUrl\":\"https:\/\/www.padreydecano.com\/cms\/wp-content\/uploads\/2012\/09\/lomasleido.jpg\",\"articleSection\":[\"Noticias\"],\"inLanguage\":\"es\",\"potentialAction\":[{\"@type\":\"CommentAction\",\"name\":\"Comment\",\"target\":[\"https:\/\/www.padreydecano.com\/cms\/noticias\/lo-mas-leido-de-la-semana-7\/#respond\"]}]},{\"@type\":\"WebPage\",\"@id\":\"https:\/\/www.padreydecano.com\/cms\/noticias\/lo-mas-leido-de-la-semana-7\/\",\"url\":\"https:\/\/www.padreydecano.com\/cms\/noticias\/lo-mas-leido-de-la-semana-7\/\",\"name\":\"Lo m\u00e1s le\u00eddo de la semana (7) - Padre y Decano - El Sitio del Pueblo\",\"isPartOf\":{\"@id\":\"https:\/\/www.padreydecano.com\/cms\/#website\"},\"primaryImageOfPage\":{\"@id\":\"https:\/\/www.padreydecano.com\/cms\/noticias\/lo-mas-leido-de-la-semana-7\/#primaryimage\"},\"image\":{\"@id\":\"https:\/\/www.padreydecano.com\/cms\/noticias\/lo-mas-leido-de-la-semana-7\/#primaryimage\"},\"thumbnailUrl\":\"https:\/\/www.padreydecano.com\/cms\/wp-content\/uploads\/2012\/09\/lomasleido.jpg\",\"datePublished\":\"2012-09-14T20:00:23+00:00\",\"dateModified\":\"2012-09-21T23:00:47+00:00\",\"breadcrumb\":{\"@id\":\"https:\/\/www.padreydecano.com\/cms\/noticias\/lo-mas-leido-de-la-semana-7\/#breadcrumb\"},\"inLanguage\":\"es\",\"potentialAction\":[{\"@type\":\"ReadAction\",\"target\":[\"https:\/\/www.padreydecano.com\/cms\/noticias\/lo-mas-leido-de-la-semana-7\/\"]}]},{\"@type\":\"ImageObject\",\"inLanguage\":\"es\",\"@id\":\"https:\/\/www.padreydecano.com\/cms\/noticias\/lo-mas-leido-de-la-semana-7\/#primaryimage\",\"url\":\"https:\/\/www.padreydecano.com\/cms\/wp-content\/uploads\/2012\/09\/lomasleido.jpg\",\"contentUrl\":\"https:\/\/www.padreydecano.com\/cms\/wp-content\/uploads\/2012\/09\/lomasleido.jpg\",\"width\":\"640\",\"height\":\"250\"},{\"@type\":\"BreadcrumbList\",\"@id\":\"https:\/\/www.padreydecano.com\/cms\/noticias\/lo-mas-leido-de-la-semana-7\/#breadcrumb\",\"itemListElement\":[{\"@type\":\"ListItem\",\"position\":1,\"name\":\"Portada\",\"item\":\"https:\/\/www.padreydecano.com\/cms\/\"},{\"@type\":\"ListItem\",\"position\":2,\"name\":\"Lo m\u00e1s le\u00eddo de la semana (7)\"}]},{\"@type\":\"WebSite\",\"@id\":\"https:\/\/www.padreydecano.com\/cms\/#website\",\"url\":\"https:\/\/www.padreydecano.com\/cms\/\",\"name\":\"Padre y Decano - El Sitio del Pueblo\",\"description\":\"Club Atl\u00e9tico Pe\u00f1arol\",\"publisher\":{\"@id\":\"https:\/\/www.padreydecano.com\/cms\/#organization\"},\"potentialAction\":[{\"@type\":\"SearchAction\",\"target\":{\"@type\":\"EntryPoint\",\"urlTemplate\":\"https:\/\/www.padreydecano.com\/cms\/?s={search_term_string}\"},\"query-input\":\"required name=search_term_string\"}],\"inLanguage\":\"es\"},{\"@type\":\"Organization\",\"@id\":\"https:\/\/www.padreydecano.com\/cms\/#organization\",\"name\":\"Padre y Decano\",\"url\":\"https:\/\/www.padreydecano.com\/cms\/\",\"logo\":{\"@type\":\"ImageObject\",\"inLanguage\":\"es\",\"@id\":\"https:\/\/www.padreydecano.com\/cms\/#\/schema\/logo\/image\/\",\"url\":\"https:\/\/www.padreydecano.com\/cms\/wp-content\/uploads\/2022\/01\/avatar-square.png\",\"contentUrl\":\"https:\/\/www.padreydecano.com\/cms\/wp-content\/uploads\/2022\/01\/avatar-square.png\",\"width\":1500,\"height\":1500,\"caption\":\"Padre y Decano\"},\"image\":{\"@id\":\"https:\/\/www.padreydecano.com\/cms\/#\/schema\/logo\/image\/\"}},{\"@type\":\"Person\",\"@id\":\"https:\/\/www.padreydecano.com\/cms\/#\/schema\/person\/da0f0e72c91242bc7c270c61c9798d01\",\"name\":\"mariano\",\"image\":{\"@type\":\"ImageObject\",\"inLanguage\":\"es\",\"@id\":\"https:\/\/www.padreydecano.com\/cms\/#\/schema\/person\/image\/\",\"url\":\"https:\/\/secure.gravatar.com\/avatar\/771335714915d00ec253a5e994c2f830?s=96&d=https%3A%2F%2Fpadreydecano.com%2Fcms%2Fwp-content%2Fthemes%2Fpyd-theme%2Fimg%2Fdefault-avatar.png&r=g\",\"contentUrl\":\"https:\/\/secure.gravatar.com\/avatar\/771335714915d00ec253a5e994c2f830?s=96&d=https%3A%2F%2Fpadreydecano.com%2Fcms%2Fwp-content%2Fthemes%2Fpyd-theme%2Fimg%2Fdefault-avatar.png&r=g\",\"caption\":\"mariano\"}}]}<\/script>\n<!-- \/ Yoast SEO plugin. -->","yoast_head_json":{"title":"Lo m\u00e1s le\u00eddo de la semana (7) - Padre y Decano - El Sitio del Pueblo","robots":{"index":"index","follow":"follow","max-snippet":"max-snippet:-1","max-image-preview":"max-image-preview:large","max-video-preview":"max-video-preview:-1"},"canonical":"https:\/\/www.padreydecano.com\/cms\/noticias\/lo-mas-leido-de-la-semana-7\/","og_locale":"es_ES","og_type":"article","og_title":"Lo m\u00e1s le\u00eddo de la semana (7) - Padre y Decano - El Sitio del Pueblo","og_description":"Lo m\u00e1s relevante de la semana en Padre y Decano. Art\u00edculos desde el viernes 7 de setiembre hasta el jueves 13. [Columnas &#8211; Al\u00e9rgico a las plumas] Culpan a un ni\u00f1o: \u00bfHasta cuando? Otra vez dirigentes y allegados al tradicional rival ofenden a un \u00eddolo de la instituci\u00f3n, por ende est\u00e1n ofendiendo a la gente [&hellip;]","og_url":"https:\/\/www.padreydecano.com\/cms\/noticias\/lo-mas-leido-de-la-semana-7\/","og_site_name":"Padre y Decano - El Sitio del Pueblo","article_published_time":"2012-09-14T20:00:23+00:00","article_modified_time":"2012-09-21T23:00:47+00:00","og_image":[{"width":640,"height":250,"url":"https:\/\/www.padreydecano.com\/cms\/wp-content\/uploads\/2012\/09\/lomasleido.jpg","type":"image\/jpeg"}],"author":"mariano","twitter_card":"summary_large_image","twitter_misc":{"Escrito por":"mariano","Tiempo de lectura":"3 minutos"},"schema":{"@context":"https:\/\/schema.org","@graph":[{"@type":"Article","@id":"https:\/\/www.padreydecano.com\/cms\/noticias\/lo-mas-leido-de-la-semana-7\/#article","isPartOf":{"@id":"https:\/\/www.padreydecano.com\/cms\/noticias\/lo-mas-leido-de-la-semana-7\/"},"author":{"name":"mariano","@id":"https:\/\/www.padreydecano.com\/cms\/#\/schema\/person\/da0f0e72c91242bc7c270c61c9798d01"},"headline":"Lo m\u00e1s le\u00eddo de la semana (7)","datePublished":"2012-09-14T20:00:23+00:00","dateModified":"2012-09-21T23:00:47+00:00","mainEntityOfPage":{"@id":"https:\/\/www.padreydecano.com\/cms\/noticias\/lo-mas-leido-de-la-semana-7\/"},"wordCount":532,"commentCount":0,"publisher":{"@id":"https:\/\/www.padreydecano.com\/cms\/#organization"},"image":{"@id":"https:\/\/www.padreydecano.com\/cms\/noticias\/lo-mas-leido-de-la-semana-7\/#primaryimage"},"thumbnailUrl":"https:\/\/www.padreydecano.com\/cms\/wp-content\/uploads\/2012\/09\/lomasleido.jpg","articleSection":["Noticias"],"inLanguage":"es","potentialAction":[{"@type":"CommentAction","name":"Comment","target":["https:\/\/www.padreydecano.com\/cms\/noticias\/lo-mas-leido-de-la-semana-7\/#respond"]}]},{"@type":"WebPage","@id":"https:\/\/www.padreydecano.com\/cms\/noticias\/lo-mas-leido-de-la-semana-7\/","url":"https:\/\/www.padreydecano.com\/cms\/noticias\/lo-mas-leido-de-la-semana-7\/","name":"Lo m\u00e1s le\u00eddo de la semana (7) - Padre y Decano - El Sitio del Pueblo","isPartOf":{"@id":"https:\/\/www.padreydecano.com\/cms\/#website"},"primaryImageOfPage":{"@id":"https:\/\/www.padreydecano.com\/cms\/noticias\/lo-mas-leido-de-la-semana-7\/#primaryimage"},"image":{"@id":"https:\/\/www.padreydecano.com\/cms\/noticias\/lo-mas-leido-de-la-semana-7\/#primaryimage"},"thumbnailUrl":"https:\/\/www.padreydecano.com\/cms\/wp-content\/uploads\/2012\/09\/lomasleido.jpg","datePublished":"2012-09-14T20:00:23+00:00","dateModified":"2012-09-21T23:00:47+00:00","breadcrumb":{"@id":"https:\/\/www.padreydecano.com\/cms\/noticias\/lo-mas-leido-de-la-semana-7\/#breadcrumb"},"inLanguage":"es","potentialAction":[{"@type":"ReadAction","target":["https:\/\/www.padreydecano.com\/cms\/noticias\/lo-mas-leido-de-la-semana-7\/"]}]},{"@type":"ImageObject","inLanguage":"es","@id":"https:\/\/www.padreydecano.com\/cms\/noticias\/lo-mas-leido-de-la-semana-7\/#primaryimage","url":"https:\/\/www.padreydecano.com\/cms\/wp-content\/uploads\/2012\/09\/lomasleido.jpg","contentUrl":"https:\/\/www.padreydecano.com\/cms\/wp-content\/uploads\/2012\/09\/lomasleido.jpg","width":"640","height":"250"},{"@type":"BreadcrumbList","@id":"https:\/\/www.padreydecano.com\/cms\/noticias\/lo-mas-leido-de-la-semana-7\/#breadcrumb","itemListElement":[{"@type":"ListItem","position":1,"name":"Portada","item":"https:\/\/www.padreydecano.com\/cms\/"},{"@type":"ListItem","position":2,"name":"Lo m\u00e1s le\u00eddo de la semana (7)"}]},{"@type":"WebSite","@id":"https:\/\/www.padreydecano.com\/cms\/#website","url":"https:\/\/www.padreydecano.com\/cms\/","name":"Padre y Decano - El Sitio del Pueblo","description":"Club Atl\u00e9tico Pe\u00f1arol","publisher":{"@id":"https:\/\/www.padreydecano.com\/cms\/#organization"},"potentialAction":[{"@type":"SearchAction","target":{"@type":"EntryPoint","urlTemplate":"https:\/\/www.padreydecano.com\/cms\/?s={search_term_string}"},"query-input":"required name=search_term_string"}],"inLanguage":"es"},{"@type":"Organization","@id":"https:\/\/www.padreydecano.com\/cms\/#organization","name":"Padre y Decano","url":"https:\/\/www.padreydecano.com\/cms\/","logo":{"@type":"ImageObject","inLanguage":"es","@id":"https:\/\/www.padreydecano.com\/cms\/#\/schema\/logo\/image\/","url":"https:\/\/www.padreydecano.com\/cms\/wp-content\/uploads\/2022\/01\/avatar-square.png","contentUrl":"https:\/\/www.padreydecano.com\/cms\/wp-content\/uploads\/2022\/01\/avatar-square.png","width":1500,"height":1500,"caption":"Padre y Decano"},"image":{"@id":"https:\/\/www.padreydecano.com\/cms\/#\/schema\/logo\/image\/"}},{"@type":"Person","@id":"https:\/\/www.padreydecano.com\/cms\/#\/schema\/person\/da0f0e72c91242bc7c270c61c9798d01","name":"mariano","image":{"@type":"ImageObject","inLanguage":"es","@id":"https:\/\/www.padreydecano.com\/cms\/#\/schema\/person\/image\/","url":"https:\/\/secure.gravatar.com\/avatar\/771335714915d00ec253a5e994c2f830?s=96&d=https%3A%2F%2Fpadreydecano.com%2Fcms%2Fwp-content%2Fthemes%2Fpyd-theme%2Fimg%2Fdefault-avatar.png&r=g","contentUrl":"https:\/\/secure.gravatar.com\/avatar\/771335714915d00ec253a5e994c2f830?s=96&d=https%3A%2F%2Fpadreydecano.com%2Fcms%2Fwp-content%2Fthemes%2Fpyd-theme%2Fimg%2Fdefault-avatar.png&r=g","caption":"mariano"}}]}},"_links":{"self":[{"href":"https:\/\/www.padreydecano.com\/cms\/wp-json\/wp\/v2\/posts\/30008"}],"collection":[{"href":"https:\/\/www.padreydecano.com\/cms\/wp-json\/wp\/v2\/posts"}],"about":[{"href":"https:\/\/www.padreydecano.com\/cms\/wp-json\/wp\/v2\/types\/post"}],"author":[{"embeddable":true,"href":"https:\/\/www.padreydecano.com\/cms\/wp-json\/wp\/v2\/users\/16"}],"replies":[{"embeddable":true,"href":"https:\/\/www.padreydecano.com\/cms\/wp-json\/wp\/v2\/comments?post=30008"}],"version-history":[{"count":0,"href":"https:\/\/www.padreydecano.com\/cms\/wp-json\/wp\/v2\/posts\/30008\/revisions"}],"wp:featuredmedia":[{"embeddable":true,"href":"https:\/\/www.padreydecano.com\/cms\/wp-json\/wp\/v2\/media\/30011"}],"wp:attachment":[{"href":"https:\/\/www.padreydecano.com\/cms\/wp-json\/wp\/v2\/media?parent=30008"}],"wp:term":[{"taxonomy":"category","embeddable":true,"href":"https:\/\/www.padreydecano.com\/cms\/wp-json\/wp\/v2\/categories?post=30008"},{"taxonomy":"post_tag","embeddable":true,"href":"https:\/\/www.padreydecano.com\/cms\/wp-json\/wp\/v2\/tags?post=30008"}],"curies":[{"name":"wp","href":"https:\/\/api.w.org\/{rel}","templated":true}]}}