{"id":29942,"date":"2012-09-14T12:00:45","date_gmt":"2012-09-14T15:00:45","guid":{"rendered":"http:\/\/www.padreydecano.com\/cms\/?p=29942"},"modified":"2012-09-14T14:17:42","modified_gmt":"2012-09-14T17:17:42","slug":"semillas-sin-plantar","status":"publish","type":"post","link":"https:\/\/www.padreydecano.com\/cms\/columnas\/semillas-sin-plantar\/","title":{"rendered":"Semillas sin plantar"},"content":{"rendered":"<p style=\"text-align: justify;\"><a href=\"https:\/\/www.padreydecano.com\/cms\/wp-content\/uploads\/2012\/09\/semillas.jpg\" rel=\"shadowbox[sbpost-29942];player=img;\"><img loading=\"lazy\" decoding=\"async\" class=\"alignright size-medium wp-image-30005\" src=\"https:\/\/www.padreydecano.com\/cms\/wp-content\/uploads\/2012\/09\/semillas-300x225.jpg\" alt=\"\" width=\"300\" height=\"225\" srcset=\"https:\/\/www.padreydecano.com\/cms\/wp-content\/uploads\/2012\/09\/semillas-300x225.jpg 300w, https:\/\/www.padreydecano.com\/cms\/wp-content\/uploads\/2012\/09\/semillas.jpg 1000w\" sizes=\"(max-width: 300px) 100vw, 300px\" \/><\/a>En los \u00faltimos a\u00f1os desde la interna del club se han jactado de llevar adelante un proyecto de juveniles exitoso, afirmaci\u00f3n que podr\u00eda llegar a ser verdadera si comparamos lo que son las juveniles de Pe\u00f1arol hoy en d\u00eda con lo que eran hace unos a\u00f1os atr\u00e1s. Sin embargo, la larga lista de juveniles que han surgido en los \u00faltimos campeonatos han sido desperdiciados en su gran mayor\u00eda o los han utilizado con poca regularidad.<\/p>\n<p style=\"text-align: justify;\">Sacando las excepciones de Gast\u00f3n Ram\u00edrez y de Mat\u00edas Aguirregaray, no se le ha dado la continuidad necesaria a ning\u00fan jugador surgido de la cantera del club en el proyecto P\u00faa (incluso Ram\u00edrez viene de la era Moller). Emiliano Alb\u00edn y Sebasti\u00e1n Crist\u00f3foro se podr\u00edan sumar a la lista pero se los utiliz\u00f3 fuera de puesto, lo que gener\u00f3 que muchas veces se ganaran incluso la recriminaci\u00f3n de la tribuna y no explotaran al m\u00e1ximo en Pe\u00f1arol.<\/p>\n<p style=\"text-align: justify;\">Para este domingo <a title=\"Jim Morrison ser\u00eda titular\" href=\"https:\/\/www.padreydecano.com\/cms\/los-aromos\/jim-morrison-seria-titular\/\" target=\"_blank\">Da Silva incluir\u00eda en el once titular a Nicol\u00e1s Raguso y Jim Morrison Varela<\/a>, lo que evidentemente es una mejora en ese aspecto luego de que el promedio de edad del primer partido frente a F\u00e9nix superara los 30 a\u00f1os. Con los jugadores j\u00f3venes con los que cuenta Pe\u00f1arol hoy en d\u00eda en el plantel (ya sea del club o incorporados de otros clubes)\u00a0y a pr\u00e9stamo en otros equipos, se podr\u00eda formar un equipo bastante interesante. Sin embargo a la mayor\u00eda se los desprecia. <strong>Leandro Gelpi; Guillermo Varela, Alejandro Gonz\u00e1lez, Joaqu\u00edn Aguirre, Nicol\u00e1s Raguso; J. M. Varela, Sebasti\u00e1n Crist\u00f3foro, Emiliano Alb\u00edn, Facundo Guich\u00f3n, Jonathan Siles y Rodrigo Pastorini<\/strong> ser\u00eda un ejemplo de oncena titular que evidencia los valores que posee el club hoy en d\u00eda. Obviamente se precisan referentes y gente con experiencia, pero en este momento la situaci\u00f3n es totalmente al rev\u00e9s y eso evidentemente ha pesado en el rendimiento del equipo, que se ha mostrado lento, cansado y sin sorpresa.<\/p>\n<p style=\"text-align: justify;\">\u00bfTu opini\u00f3n cu\u00e1l es? \u00bfHabr\u00eda que mechar alg\u00fan juvenil en el equipo titular o mantener a los experientes? \u00bfA qu\u00e9 jugador del club te gustar\u00eda ver desde el arranque?<\/p>\n<p><a href=\"https:\/\/www.padreydecano.com\/cms\/tag\/dr-curcc\/\"><img decoding=\"async\" class=\"alignright foto-sin-formato\" src=\"https:\/\/www.padreydecano.com\/cms\/wp-users-files\/autor-columna\/drcurcc.jpg\" alt=\"\" \/><\/a><\/p>\n","protected":false},"excerpt":{"rendered":"<p>En los \u00faltimos a\u00f1os desde la interna del club se han jactado de llevar adelante un proyecto de juveniles exitoso, afirmaci\u00f3n que podr\u00eda llegar a ser verdadera si comparamos lo que son las juveniles de Pe\u00f1arol hoy en d\u00eda con lo que eran hace unos a\u00f1os atr\u00e1s. Sin embargo, la larga lista de juveniles que [&hellip;]<\/p>\n","protected":false},"author":3,"featured_media":0,"comment_status":"open","ping_status":"closed","sticky":false,"template":"","format":"standard","meta":{"footnotes":""},"categories":[28],"tags":[78],"yoast_head":"<!-- This site is optimized with the Yoast SEO plugin v23.2 - https:\/\/yoast.com\/wordpress\/plugins\/seo\/ -->\n<title>Semillas sin plantar - Padre y Decano - El Sitio del Pueblo<\/title>\n<meta name=\"robots\" content=\"index, follow, max-snippet:-1, max-image-preview:large, max-video-preview:-1\" \/>\n<link rel=\"canonical\" href=\"https:\/\/www.padreydecano.com\/cms\/columnas\/semillas-sin-plantar\/\" \/>\n<meta property=\"og:locale\" content=\"es_ES\" \/>\n<meta property=\"og:type\" content=\"article\" \/>\n<meta property=\"og:title\" content=\"Semillas sin plantar - Padre y Decano - El Sitio del Pueblo\" \/>\n<meta property=\"og:description\" content=\"En los \u00faltimos a\u00f1os desde la interna del club se han jactado de llevar adelante un proyecto de juveniles exitoso, afirmaci\u00f3n que podr\u00eda llegar a ser verdadera si comparamos lo que son las juveniles de Pe\u00f1arol hoy en d\u00eda con lo que eran hace unos a\u00f1os atr\u00e1s. Sin embargo, la larga lista de juveniles que [&hellip;]\" \/>\n<meta property=\"og:url\" content=\"https:\/\/www.padreydecano.com\/cms\/columnas\/semillas-sin-plantar\/\" \/>\n<meta property=\"og:site_name\" content=\"Padre y Decano - El Sitio del Pueblo\" \/>\n<meta property=\"article:published_time\" content=\"2012-09-14T15:00:45+00:00\" \/>\n<meta property=\"article:modified_time\" content=\"2012-09-14T17:17:42+00:00\" \/>\n<meta property=\"og:image\" content=\"http:\/\/www.padreydecano.com\/cms\/wp-content\/uploads\/2012\/09\/semillas-300x225.jpg\" \/>\n<meta name=\"author\" content=\"1891\" \/>\n<meta name=\"twitter:card\" content=\"summary_large_image\" \/>\n<meta name=\"twitter:label1\" content=\"Escrito por\" \/>\n\t<meta name=\"twitter:data1\" content=\"1891\" \/>\n\t<meta name=\"twitter:label2\" content=\"Tiempo de lectura\" \/>\n\t<meta name=\"twitter:data2\" content=\"2 minutos\" \/>\n<script type=\"application\/ld+json\" class=\"yoast-schema-graph\">{\"@context\":\"https:\/\/schema.org\",\"@graph\":[{\"@type\":\"Article\",\"@id\":\"https:\/\/www.padreydecano.com\/cms\/columnas\/semillas-sin-plantar\/#article\",\"isPartOf\":{\"@id\":\"https:\/\/www.padreydecano.com\/cms\/columnas\/semillas-sin-plantar\/\"},\"author\":{\"name\":\"1891\",\"@id\":\"https:\/\/www.padreydecano.com\/cms\/#\/schema\/person\/5607c72c38a1537a151b24d1e67535e0\"},\"headline\":\"Semillas sin plantar\",\"datePublished\":\"2012-09-14T15:00:45+00:00\",\"dateModified\":\"2012-09-14T17:17:42+00:00\",\"mainEntityOfPage\":{\"@id\":\"https:\/\/www.padreydecano.com\/cms\/columnas\/semillas-sin-plantar\/\"},\"wordCount\":396,\"commentCount\":15,\"publisher\":{\"@id\":\"https:\/\/www.padreydecano.com\/cms\/#organization\"},\"image\":{\"@id\":\"https:\/\/www.padreydecano.com\/cms\/columnas\/semillas-sin-plantar\/#primaryimage\"},\"thumbnailUrl\":\"http:\/\/www.padreydecano.com\/cms\/wp-content\/uploads\/2012\/09\/semillas-300x225.jpg\",\"keywords\":[\"Dr. CURCC\"],\"articleSection\":[\"Columnas\"],\"inLanguage\":\"es\",\"potentialAction\":[{\"@type\":\"CommentAction\",\"name\":\"Comment\",\"target\":[\"https:\/\/www.padreydecano.com\/cms\/columnas\/semillas-sin-plantar\/#respond\"]}]},{\"@type\":\"WebPage\",\"@id\":\"https:\/\/www.padreydecano.com\/cms\/columnas\/semillas-sin-plantar\/\",\"url\":\"https:\/\/www.padreydecano.com\/cms\/columnas\/semillas-sin-plantar\/\",\"name\":\"Semillas sin plantar - Padre y Decano - El Sitio del Pueblo\",\"isPartOf\":{\"@id\":\"https:\/\/www.padreydecano.com\/cms\/#website\"},\"primaryImageOfPage\":{\"@id\":\"https:\/\/www.padreydecano.com\/cms\/columnas\/semillas-sin-plantar\/#primaryimage\"},\"image\":{\"@id\":\"https:\/\/www.padreydecano.com\/cms\/columnas\/semillas-sin-plantar\/#primaryimage\"},\"thumbnailUrl\":\"http:\/\/www.padreydecano.com\/cms\/wp-content\/uploads\/2012\/09\/semillas-300x225.jpg\",\"datePublished\":\"2012-09-14T15:00:45+00:00\",\"dateModified\":\"2012-09-14T17:17:42+00:00\",\"breadcrumb\":{\"@id\":\"https:\/\/www.padreydecano.com\/cms\/columnas\/semillas-sin-plantar\/#breadcrumb\"},\"inLanguage\":\"es\",\"potentialAction\":[{\"@type\":\"ReadAction\",\"target\":[\"https:\/\/www.padreydecano.com\/cms\/columnas\/semillas-sin-plantar\/\"]}]},{\"@type\":\"ImageObject\",\"inLanguage\":\"es\",\"@id\":\"https:\/\/www.padreydecano.com\/cms\/columnas\/semillas-sin-plantar\/#primaryimage\",\"url\":\"http:\/\/www.padreydecano.com\/cms\/wp-content\/uploads\/2012\/09\/semillas-300x225.jpg\",\"contentUrl\":\"http:\/\/www.padreydecano.com\/cms\/wp-content\/uploads\/2012\/09\/semillas-300x225.jpg\"},{\"@type\":\"BreadcrumbList\",\"@id\":\"https:\/\/www.padreydecano.com\/cms\/columnas\/semillas-sin-plantar\/#breadcrumb\",\"itemListElement\":[{\"@type\":\"ListItem\",\"position\":1,\"name\":\"Portada\",\"item\":\"https:\/\/www.padreydecano.com\/cms\/\"},{\"@type\":\"ListItem\",\"position\":2,\"name\":\"Semillas sin plantar\"}]},{\"@type\":\"WebSite\",\"@id\":\"https:\/\/www.padreydecano.com\/cms\/#website\",\"url\":\"https:\/\/www.padreydecano.com\/cms\/\",\"name\":\"Padre y Decano - El Sitio del Pueblo\",\"description\":\"Club Atl\u00e9tico Pe\u00f1arol\",\"publisher\":{\"@id\":\"https:\/\/www.padreydecano.com\/cms\/#organization\"},\"potentialAction\":[{\"@type\":\"SearchAction\",\"target\":{\"@type\":\"EntryPoint\",\"urlTemplate\":\"https:\/\/www.padreydecano.com\/cms\/?s={search_term_string}\"},\"query-input\":\"required name=search_term_string\"}],\"inLanguage\":\"es\"},{\"@type\":\"Organization\",\"@id\":\"https:\/\/www.padreydecano.com\/cms\/#organization\",\"name\":\"Padre y Decano\",\"url\":\"https:\/\/www.padreydecano.com\/cms\/\",\"logo\":{\"@type\":\"ImageObject\",\"inLanguage\":\"es\",\"@id\":\"https:\/\/www.padreydecano.com\/cms\/#\/schema\/logo\/image\/\",\"url\":\"https:\/\/www.padreydecano.com\/cms\/wp-content\/uploads\/2022\/01\/avatar-square.png\",\"contentUrl\":\"https:\/\/www.padreydecano.com\/cms\/wp-content\/uploads\/2022\/01\/avatar-square.png\",\"width\":1500,\"height\":1500,\"caption\":\"Padre y Decano\"},\"image\":{\"@id\":\"https:\/\/www.padreydecano.com\/cms\/#\/schema\/logo\/image\/\"}},{\"@type\":\"Person\",\"@id\":\"https:\/\/www.padreydecano.com\/cms\/#\/schema\/person\/5607c72c38a1537a151b24d1e67535e0\",\"name\":\"1891\",\"image\":{\"@type\":\"ImageObject\",\"inLanguage\":\"es\",\"@id\":\"https:\/\/www.padreydecano.com\/cms\/#\/schema\/person\/image\/\",\"url\":\"https:\/\/secure.gravatar.com\/avatar\/29d4d1b0d523a21898e8cf9585d259d3?s=96&d=https%3A%2F%2Fpadreydecano.com%2Fcms%2Fwp-content%2Fthemes%2Fpyd-theme%2Fimg%2Fdefault-avatar.png&r=g\",\"contentUrl\":\"https:\/\/secure.gravatar.com\/avatar\/29d4d1b0d523a21898e8cf9585d259d3?s=96&d=https%3A%2F%2Fpadreydecano.com%2Fcms%2Fwp-content%2Fthemes%2Fpyd-theme%2Fimg%2Fdefault-avatar.png&r=g\",\"caption\":\"1891\"}}]}<\/script>\n<!-- \/ Yoast SEO plugin. -->","yoast_head_json":{"title":"Semillas sin plantar - Padre y Decano - El Sitio del Pueblo","robots":{"index":"index","follow":"follow","max-snippet":"max-snippet:-1","max-image-preview":"max-image-preview:large","max-video-preview":"max-video-preview:-1"},"canonical":"https:\/\/www.padreydecano.com\/cms\/columnas\/semillas-sin-plantar\/","og_locale":"es_ES","og_type":"article","og_title":"Semillas sin plantar - Padre y Decano - El Sitio del Pueblo","og_description":"En los \u00faltimos a\u00f1os desde la interna del club se han jactado de llevar adelante un proyecto de juveniles exitoso, afirmaci\u00f3n que podr\u00eda llegar a ser verdadera si comparamos lo que son las juveniles de Pe\u00f1arol hoy en d\u00eda con lo que eran hace unos a\u00f1os atr\u00e1s. Sin embargo, la larga lista de juveniles que [&hellip;]","og_url":"https:\/\/www.padreydecano.com\/cms\/columnas\/semillas-sin-plantar\/","og_site_name":"Padre y Decano - El Sitio del Pueblo","article_published_time":"2012-09-14T15:00:45+00:00","article_modified_time":"2012-09-14T17:17:42+00:00","og_image":[{"url":"http:\/\/www.padreydecano.com\/cms\/wp-content\/uploads\/2012\/09\/semillas-300x225.jpg"}],"author":"1891","twitter_card":"summary_large_image","twitter_misc":{"Escrito por":"1891","Tiempo de lectura":"2 minutos"},"schema":{"@context":"https:\/\/schema.org","@graph":[{"@type":"Article","@id":"https:\/\/www.padreydecano.com\/cms\/columnas\/semillas-sin-plantar\/#article","isPartOf":{"@id":"https:\/\/www.padreydecano.com\/cms\/columnas\/semillas-sin-plantar\/"},"author":{"name":"1891","@id":"https:\/\/www.padreydecano.com\/cms\/#\/schema\/person\/5607c72c38a1537a151b24d1e67535e0"},"headline":"Semillas sin plantar","datePublished":"2012-09-14T15:00:45+00:00","dateModified":"2012-09-14T17:17:42+00:00","mainEntityOfPage":{"@id":"https:\/\/www.padreydecano.com\/cms\/columnas\/semillas-sin-plantar\/"},"wordCount":396,"commentCount":15,"publisher":{"@id":"https:\/\/www.padreydecano.com\/cms\/#organization"},"image":{"@id":"https:\/\/www.padreydecano.com\/cms\/columnas\/semillas-sin-plantar\/#primaryimage"},"thumbnailUrl":"http:\/\/www.padreydecano.com\/cms\/wp-content\/uploads\/2012\/09\/semillas-300x225.jpg","keywords":["Dr. CURCC"],"articleSection":["Columnas"],"inLanguage":"es","potentialAction":[{"@type":"CommentAction","name":"Comment","target":["https:\/\/www.padreydecano.com\/cms\/columnas\/semillas-sin-plantar\/#respond"]}]},{"@type":"WebPage","@id":"https:\/\/www.padreydecano.com\/cms\/columnas\/semillas-sin-plantar\/","url":"https:\/\/www.padreydecano.com\/cms\/columnas\/semillas-sin-plantar\/","name":"Semillas sin plantar - Padre y Decano - El Sitio del Pueblo","isPartOf":{"@id":"https:\/\/www.padreydecano.com\/cms\/#website"},"primaryImageOfPage":{"@id":"https:\/\/www.padreydecano.com\/cms\/columnas\/semillas-sin-plantar\/#primaryimage"},"image":{"@id":"https:\/\/www.padreydecano.com\/cms\/columnas\/semillas-sin-plantar\/#primaryimage"},"thumbnailUrl":"http:\/\/www.padreydecano.com\/cms\/wp-content\/uploads\/2012\/09\/semillas-300x225.jpg","datePublished":"2012-09-14T15:00:45+00:00","dateModified":"2012-09-14T17:17:42+00:00","breadcrumb":{"@id":"https:\/\/www.padreydecano.com\/cms\/columnas\/semillas-sin-plantar\/#breadcrumb"},"inLanguage":"es","potentialAction":[{"@type":"ReadAction","target":["https:\/\/www.padreydecano.com\/cms\/columnas\/semillas-sin-plantar\/"]}]},{"@type":"ImageObject","inLanguage":"es","@id":"https:\/\/www.padreydecano.com\/cms\/columnas\/semillas-sin-plantar\/#primaryimage","url":"http:\/\/www.padreydecano.com\/cms\/wp-content\/uploads\/2012\/09\/semillas-300x225.jpg","contentUrl":"http:\/\/www.padreydecano.com\/cms\/wp-content\/uploads\/2012\/09\/semillas-300x225.jpg"},{"@type":"BreadcrumbList","@id":"https:\/\/www.padreydecano.com\/cms\/columnas\/semillas-sin-plantar\/#breadcrumb","itemListElement":[{"@type":"ListItem","position":1,"name":"Portada","item":"https:\/\/www.padreydecano.com\/cms\/"},{"@type":"ListItem","position":2,"name":"Semillas sin plantar"}]},{"@type":"WebSite","@id":"https:\/\/www.padreydecano.com\/cms\/#website","url":"https:\/\/www.padreydecano.com\/cms\/","name":"Padre y Decano - El Sitio del Pueblo","description":"Club Atl\u00e9tico Pe\u00f1arol","publisher":{"@id":"https:\/\/www.padreydecano.com\/cms\/#organization"},"potentialAction":[{"@type":"SearchAction","target":{"@type":"EntryPoint","urlTemplate":"https:\/\/www.padreydecano.com\/cms\/?s={search_term_string}"},"query-input":"required name=search_term_string"}],"inLanguage":"es"},{"@type":"Organization","@id":"https:\/\/www.padreydecano.com\/cms\/#organization","name":"Padre y Decano","url":"https:\/\/www.padreydecano.com\/cms\/","logo":{"@type":"ImageObject","inLanguage":"es","@id":"https:\/\/www.padreydecano.com\/cms\/#\/schema\/logo\/image\/","url":"https:\/\/www.padreydecano.com\/cms\/wp-content\/uploads\/2022\/01\/avatar-square.png","contentUrl":"https:\/\/www.padreydecano.com\/cms\/wp-content\/uploads\/2022\/01\/avatar-square.png","width":1500,"height":1500,"caption":"Padre y Decano"},"image":{"@id":"https:\/\/www.padreydecano.com\/cms\/#\/schema\/logo\/image\/"}},{"@type":"Person","@id":"https:\/\/www.padreydecano.com\/cms\/#\/schema\/person\/5607c72c38a1537a151b24d1e67535e0","name":"1891","image":{"@type":"ImageObject","inLanguage":"es","@id":"https:\/\/www.padreydecano.com\/cms\/#\/schema\/person\/image\/","url":"https:\/\/secure.gravatar.com\/avatar\/29d4d1b0d523a21898e8cf9585d259d3?s=96&d=https%3A%2F%2Fpadreydecano.com%2Fcms%2Fwp-content%2Fthemes%2Fpyd-theme%2Fimg%2Fdefault-avatar.png&r=g","contentUrl":"https:\/\/secure.gravatar.com\/avatar\/29d4d1b0d523a21898e8cf9585d259d3?s=96&d=https%3A%2F%2Fpadreydecano.com%2Fcms%2Fwp-content%2Fthemes%2Fpyd-theme%2Fimg%2Fdefault-avatar.png&r=g","caption":"1891"}}]}},"_links":{"self":[{"href":"https:\/\/www.padreydecano.com\/cms\/wp-json\/wp\/v2\/posts\/29942"}],"collection":[{"href":"https:\/\/www.padreydecano.com\/cms\/wp-json\/wp\/v2\/posts"}],"about":[{"href":"https:\/\/www.padreydecano.com\/cms\/wp-json\/wp\/v2\/types\/post"}],"author":[{"embeddable":true,"href":"https:\/\/www.padreydecano.com\/cms\/wp-json\/wp\/v2\/users\/3"}],"replies":[{"embeddable":true,"href":"https:\/\/www.padreydecano.com\/cms\/wp-json\/wp\/v2\/comments?post=29942"}],"version-history":[{"count":0,"href":"https:\/\/www.padreydecano.com\/cms\/wp-json\/wp\/v2\/posts\/29942\/revisions"}],"wp:attachment":[{"href":"https:\/\/www.padreydecano.com\/cms\/wp-json\/wp\/v2\/media?parent=29942"}],"wp:term":[{"taxonomy":"category","embeddable":true,"href":"https:\/\/www.padreydecano.com\/cms\/wp-json\/wp\/v2\/categories?post=29942"},{"taxonomy":"post_tag","embeddable":true,"href":"https:\/\/www.padreydecano.com\/cms\/wp-json\/wp\/v2\/tags?post=29942"}],"curies":[{"name":"wp","href":"https:\/\/api.w.org\/{rel}","templated":true}]}}