{"id":29879,"date":"2012-09-13T10:12:26","date_gmt":"2012-09-13T13:12:26","guid":{"rendered":"http:\/\/www.padreydecano.com\/cms\/?p=29879"},"modified":"2013-08-23T12:43:07","modified_gmt":"2013-08-23T15:43:07","slug":"culpan-a-un-nino-hasta-cuando","status":"publish","type":"post","link":"https:\/\/www.padreydecano.com\/cms\/columnas\/culpan-a-un-nino-hasta-cuando\/","title":{"rendered":"Culpan a un ni\u00f1o: \u00bfHasta cuando?"},"content":{"rendered":"<div id=\"attachment_29880\" style=\"width: 250px\" class=\"wp-caption alignright\"><a href=\"https:\/\/www.padreydecano.com\/cms\/wp-content\/uploads\/2012\/09\/nino-pelea.jpg\" rel=\"shadowbox[sbpost-29879];player=img;\"><img loading=\"lazy\" decoding=\"async\" aria-describedby=\"caption-attachment-29880\" class=\"wp-image-29880 \" alt=\"\" src=\"https:\/\/www.padreydecano.com\/cms\/wp-content\/uploads\/2012\/09\/nino-pelea-300x227.jpg\" width=\"240\" height=\"182\" srcset=\"https:\/\/www.padreydecano.com\/cms\/wp-content\/uploads\/2012\/09\/nino-pelea-300x227.jpg 300w, https:\/\/www.padreydecano.com\/cms\/wp-content\/uploads\/2012\/09\/nino-pelea.jpg 445w\" sizes=\"(max-width: 240px) 100vw, 240px\" \/><\/a><p id=\"caption-attachment-29880\" class=\"wp-caption-text\">Los dirigentes del tradicional rival culparon a un ni\u00f1o.<\/p><\/div>\n<p style=\"text-align: justify;\">Otra vez dirigentes y allegados al tradicional rival ofenden a un \u00eddolo de la instituci\u00f3n, por ende est\u00e1n ofendiendo a la gente de Pe\u00f1arol y al club. Lo peor es que no tienen los huevos para hacerse cargo y culpan a un ni\u00f1o, otra demostraci\u00f3n de por qu\u00e9 son gallinas.<\/p>\n<p style=\"text-align: justify;\">Hay periodistas de esos que siempre defienden al tradicional rival y a su cultura que comparan y asemejan la situaci\u00f3n con <a href=\"https:\/\/www.padreydecano.com\/cms\/clasicos-y-algo-mas\/el-clasico-de-la-gallina-inflable\/\" target=\"_blank\">La Gallina Inflable<\/a> que le mostramos nosotros. Son dos situaciones muy diferentes,<strong> la gallina que pusimos nosotros fue hecha por la hinchada<\/strong> y en un hecho general, parte del folclore de los hinchas, mientras que lo que pas\u00f3 el domingo en el gallinero es <strong>hecho por los directivos y para mufarse de un hecho particular (una desgracia).<\/strong><\/p>\n<p style=\"text-align: justify;\">Uno se pone a pensar y ve que esto no es de ahora; es muy grave lo que hicieron porque <strong>vino desde los dirigentes que son los que representan a ese club<\/strong>. Del otro lado de la vereda, <strong>los dirigentes de Pe\u00f1arol casi que en equipo salieron al cruce todos juntos<\/strong>, lo cual nos parece perfecto y reconforta porque es lo que queremos los socios: <strong>que nos representen y defiendan el club en nombre de todos.<\/strong><\/p>\n<p style=\"text-align: justify;\">Pero uno que es enfermo de Pe\u00f1arol ve que hay cosas muy graves que tambi\u00e9n se deber\u00edan de salir a pelear como este caso. Cuando el tradicional rival nos trata de mentirosos y nos discute la edad y las copas ganadas; \u00bfno es un hecho grave?.<\/p>\n<p style=\"text-align: justify;\">Es el \u00fanico club en el mundo que nos cuestiona nuestra fecha de nacimiento, cuando ellos no tienen ni acta de fundaci\u00f3n, sin embargo Pe\u00f1arol nunca se mete en ese tema porque Pe\u00f1arol es muy grande para entrar a discutirles su fecha de nacimiento.<\/p>\n<p style=\"text-align: justify;\">El tradicional rival hasta sac\u00f3 un reclame de televisi\u00f3n con sus mentiras y ning\u00fan dirigente salt\u00f3. En su camiseta pusieron la palabra Decano\u00a0<a href=\"https:\/\/www.padreydecano.com\/cms\/columnas\/homenaje-del-cndef-al-club-atletico-penarol\/\" target=\"_blank\">luego que lo hici\u00e9ramos nosotros en los festejos de los 120 a\u00f1os<\/a>. Llevaron muy lejos esa mentira del decanato y nadie dijo nada. A veces me pregunto si yo soy un hincha muy radical y estoy equivocado o simplemente estoy reclamando el respeto que se merece un gigante mundial como el Club Atl\u00e9tico Pe\u00f1arol.<\/p>\n<p style=\"text-align: justify;\">Volviendo a la burla contra el capit\u00e1n e \u00eddolo de Pe\u00f1arol, en un programa partidario del tradicional rival entrevistaron a su presidente Ricardo\u00a0Alarc\u00f3n, el cual se mostr\u00f3 sorprendido con el \u00abcirco medi\u00e1tico\u00bb que se arm\u00f3\u00a0con respecto a la burla contra Pacheco y expres\u00f3: \u00abCon esto quieren tapar otras cosas\u00bb. La respuesta de Nacional es que <a href=\"http:\/\/www.elobservador.com.uy\/noticia\/232356\/nacional-no-se-disculpa\/\" target=\"_blank\">no se tienen que disculpar<\/a>.<\/p>\n<p><strong><span style=\"color: #ffcc02;\">\u00bfEstoy mal si pido que se rompan relaciones con el Club Nacional de Football hasta que este club respete al Club Atl\u00e9tico Pe\u00f1arol Decano del F\u00fatbol Uruguayo?<\/span><\/strong><br \/>\n<a href=\"https:\/\/www.padreydecano.com\/cms\/tag\/alergico-a-las-plumas\/\"><img decoding=\"async\" class=\"alignright foto-sin-formato\" alt=\"\" src=\"https:\/\/www.padreydecano.com\/cms\/wp-users-files\/autor-columna\/alergico.jpg\" \/><\/a><\/p>\n<div align=\"center\"><div id=\"polls-20\" class=\"wp-polls\">\n\t\t<p style=\"text-align: center; margin-bottom:10px;\"><strong>\u00bfQu\u00e9 tiene que hacer Pe\u00f1arol ante estos ataques de los dirigentes de Nacional?<\/strong><\/p><div id=\"polls-20-ans\" class=\"wp-polls-ans\"><ul class=\"wp-polls-ul\">\n\t\t<li>Romper relaciones <small>(75%, 545 votos)<\/small><div class=\"pollbar\" style=\"width: 75%;\" title=\"Romper relaciones (75% | 545 votos)\"><\/div><\/li>\n\t\t<li>Exigir que no se repita <small>(14%, 102 votos)<\/small><div class=\"pollbar\" style=\"width: 14%;\" title=\"Exigir que no se repita (14% | 102 votos)\"><\/div><\/li>\n\t\t<li>Esperar a que se disculpen <small>(11%, 78 votos)<\/small><div class=\"pollbar\" style=\"width: 11%;\" title=\"Esperar a que se disculpen (11% | 78 votos)\"><\/div><\/li>\n\t\t<\/ul><p style=\"text-align: center;\">Total de votantes: <strong>723<\/strong><\/p><\/div>\n\t\t<input type=\"hidden\" id=\"poll_20_nonce\" name=\"wp-polls-nonce\" value=\"a9d0b01f45\" \/>\n<\/div>\n<\/div>\n","protected":false},"excerpt":{"rendered":"<p>Otra vez dirigentes y allegados al tradicional rival ofenden a un \u00eddolo de la instituci\u00f3n, por ende est\u00e1n ofendiendo a la gente de Pe\u00f1arol y al club. Lo peor es que no tienen los huevos para hacerse cargo y culpan a un ni\u00f1o, otra demostraci\u00f3n de por qu\u00e9 son gallinas. Hay periodistas de esos que [&hellip;]<\/p>\n","protected":false},"author":2,"featured_media":29880,"comment_status":"open","ping_status":"closed","sticky":false,"template":"","format":"standard","meta":{"footnotes":""},"categories":[28],"tags":[61],"yoast_head":"<!-- This site is optimized with the Yoast SEO plugin v23.2 - https:\/\/yoast.com\/wordpress\/plugins\/seo\/ -->\n<title>Culpan a un ni\u00f1o: \u00bfHasta cuando? - Padre y Decano - El Sitio del Pueblo<\/title>\n<meta name=\"robots\" content=\"index, follow, max-snippet:-1, max-image-preview:large, max-video-preview:-1\" \/>\n<link rel=\"canonical\" href=\"https:\/\/www.padreydecano.com\/cms\/columnas\/culpan-a-un-nino-hasta-cuando\/\" \/>\n<meta property=\"og:locale\" content=\"es_ES\" \/>\n<meta property=\"og:type\" content=\"article\" \/>\n<meta property=\"og:title\" content=\"Culpan a un ni\u00f1o: \u00bfHasta cuando? - Padre y Decano - El Sitio del Pueblo\" \/>\n<meta property=\"og:description\" content=\"Otra vez dirigentes y allegados al tradicional rival ofenden a un \u00eddolo de la instituci\u00f3n, por ende est\u00e1n ofendiendo a la gente de Pe\u00f1arol y al club. Lo peor es que no tienen los huevos para hacerse cargo y culpan a un ni\u00f1o, otra demostraci\u00f3n de por qu\u00e9 son gallinas. Hay periodistas de esos que [&hellip;]\" \/>\n<meta property=\"og:url\" content=\"https:\/\/www.padreydecano.com\/cms\/columnas\/culpan-a-un-nino-hasta-cuando\/\" \/>\n<meta property=\"og:site_name\" content=\"Padre y Decano - El Sitio del Pueblo\" \/>\n<meta property=\"article:published_time\" content=\"2012-09-13T13:12:26+00:00\" \/>\n<meta property=\"article:modified_time\" content=\"2013-08-23T15:43:07+00:00\" \/>\n<meta property=\"og:image\" content=\"https:\/\/www.padreydecano.com\/cms\/wp-content\/uploads\/2012\/09\/nino-pelea.jpg\" \/>\n\t<meta property=\"og:image:width\" content=\"445\" \/>\n\t<meta property=\"og:image:height\" content=\"338\" \/>\n\t<meta property=\"og:image:type\" content=\"image\/jpeg\" \/>\n<meta name=\"author\" content=\"Gonzalo16\" \/>\n<meta name=\"twitter:card\" content=\"summary_large_image\" \/>\n<meta name=\"twitter:label1\" content=\"Escrito por\" \/>\n\t<meta name=\"twitter:data1\" content=\"Gonzalo16\" \/>\n\t<meta name=\"twitter:label2\" content=\"Tiempo de lectura\" \/>\n\t<meta name=\"twitter:data2\" content=\"3 minutos\" \/>\n<script type=\"application\/ld+json\" class=\"yoast-schema-graph\">{\"@context\":\"https:\/\/schema.org\",\"@graph\":[{\"@type\":\"Article\",\"@id\":\"https:\/\/www.padreydecano.com\/cms\/columnas\/culpan-a-un-nino-hasta-cuando\/#article\",\"isPartOf\":{\"@id\":\"https:\/\/www.padreydecano.com\/cms\/columnas\/culpan-a-un-nino-hasta-cuando\/\"},\"author\":{\"name\":\"Gonzalo16\",\"@id\":\"https:\/\/www.padreydecano.com\/cms\/#\/schema\/person\/7fe41e3e335700ebd387196df2f9a8d4\"},\"headline\":\"Culpan a un ni\u00f1o: \u00bfHasta cuando?\",\"datePublished\":\"2012-09-13T13:12:26+00:00\",\"dateModified\":\"2013-08-23T15:43:07+00:00\",\"mainEntityOfPage\":{\"@id\":\"https:\/\/www.padreydecano.com\/cms\/columnas\/culpan-a-un-nino-hasta-cuando\/\"},\"wordCount\":511,\"commentCount\":39,\"publisher\":{\"@id\":\"https:\/\/www.padreydecano.com\/cms\/#organization\"},\"image\":{\"@id\":\"https:\/\/www.padreydecano.com\/cms\/columnas\/culpan-a-un-nino-hasta-cuando\/#primaryimage\"},\"thumbnailUrl\":\"https:\/\/www.padreydecano.com\/cms\/wp-content\/uploads\/2012\/09\/nino-pelea.jpg\",\"keywords\":[\"Al\u00e9rgico a las plumas\"],\"articleSection\":[\"Columnas\"],\"inLanguage\":\"es\",\"potentialAction\":[{\"@type\":\"CommentAction\",\"name\":\"Comment\",\"target\":[\"https:\/\/www.padreydecano.com\/cms\/columnas\/culpan-a-un-nino-hasta-cuando\/#respond\"]}]},{\"@type\":\"WebPage\",\"@id\":\"https:\/\/www.padreydecano.com\/cms\/columnas\/culpan-a-un-nino-hasta-cuando\/\",\"url\":\"https:\/\/www.padreydecano.com\/cms\/columnas\/culpan-a-un-nino-hasta-cuando\/\",\"name\":\"Culpan a un ni\u00f1o: \u00bfHasta cuando? - Padre y Decano - El Sitio del Pueblo\",\"isPartOf\":{\"@id\":\"https:\/\/www.padreydecano.com\/cms\/#website\"},\"primaryImageOfPage\":{\"@id\":\"https:\/\/www.padreydecano.com\/cms\/columnas\/culpan-a-un-nino-hasta-cuando\/#primaryimage\"},\"image\":{\"@id\":\"https:\/\/www.padreydecano.com\/cms\/columnas\/culpan-a-un-nino-hasta-cuando\/#primaryimage\"},\"thumbnailUrl\":\"https:\/\/www.padreydecano.com\/cms\/wp-content\/uploads\/2012\/09\/nino-pelea.jpg\",\"datePublished\":\"2012-09-13T13:12:26+00:00\",\"dateModified\":\"2013-08-23T15:43:07+00:00\",\"breadcrumb\":{\"@id\":\"https:\/\/www.padreydecano.com\/cms\/columnas\/culpan-a-un-nino-hasta-cuando\/#breadcrumb\"},\"inLanguage\":\"es\",\"potentialAction\":[{\"@type\":\"ReadAction\",\"target\":[\"https:\/\/www.padreydecano.com\/cms\/columnas\/culpan-a-un-nino-hasta-cuando\/\"]}]},{\"@type\":\"ImageObject\",\"inLanguage\":\"es\",\"@id\":\"https:\/\/www.padreydecano.com\/cms\/columnas\/culpan-a-un-nino-hasta-cuando\/#primaryimage\",\"url\":\"https:\/\/www.padreydecano.com\/cms\/wp-content\/uploads\/2012\/09\/nino-pelea.jpg\",\"contentUrl\":\"https:\/\/www.padreydecano.com\/cms\/wp-content\/uploads\/2012\/09\/nino-pelea.jpg\",\"width\":\"445\",\"height\":\"338\"},{\"@type\":\"BreadcrumbList\",\"@id\":\"https:\/\/www.padreydecano.com\/cms\/columnas\/culpan-a-un-nino-hasta-cuando\/#breadcrumb\",\"itemListElement\":[{\"@type\":\"ListItem\",\"position\":1,\"name\":\"Portada\",\"item\":\"https:\/\/www.padreydecano.com\/cms\/\"},{\"@type\":\"ListItem\",\"position\":2,\"name\":\"Culpan a un ni\u00f1o: \u00bfHasta cuando?\"}]},{\"@type\":\"WebSite\",\"@id\":\"https:\/\/www.padreydecano.com\/cms\/#website\",\"url\":\"https:\/\/www.padreydecano.com\/cms\/\",\"name\":\"Padre y Decano - El Sitio del Pueblo\",\"description\":\"Club Atl\u00e9tico Pe\u00f1arol\",\"publisher\":{\"@id\":\"https:\/\/www.padreydecano.com\/cms\/#organization\"},\"potentialAction\":[{\"@type\":\"SearchAction\",\"target\":{\"@type\":\"EntryPoint\",\"urlTemplate\":\"https:\/\/www.padreydecano.com\/cms\/?s={search_term_string}\"},\"query-input\":\"required name=search_term_string\"}],\"inLanguage\":\"es\"},{\"@type\":\"Organization\",\"@id\":\"https:\/\/www.padreydecano.com\/cms\/#organization\",\"name\":\"Padre y Decano\",\"url\":\"https:\/\/www.padreydecano.com\/cms\/\",\"logo\":{\"@type\":\"ImageObject\",\"inLanguage\":\"es\",\"@id\":\"https:\/\/www.padreydecano.com\/cms\/#\/schema\/logo\/image\/\",\"url\":\"https:\/\/www.padreydecano.com\/cms\/wp-content\/uploads\/2022\/01\/avatar-square.png\",\"contentUrl\":\"https:\/\/www.padreydecano.com\/cms\/wp-content\/uploads\/2022\/01\/avatar-square.png\",\"width\":1500,\"height\":1500,\"caption\":\"Padre y Decano\"},\"image\":{\"@id\":\"https:\/\/www.padreydecano.com\/cms\/#\/schema\/logo\/image\/\"}},{\"@type\":\"Person\",\"@id\":\"https:\/\/www.padreydecano.com\/cms\/#\/schema\/person\/7fe41e3e335700ebd387196df2f9a8d4\",\"name\":\"Gonzalo16\",\"image\":{\"@type\":\"ImageObject\",\"inLanguage\":\"es\",\"@id\":\"https:\/\/www.padreydecano.com\/cms\/#\/schema\/person\/image\/\",\"url\":\"https:\/\/secure.gravatar.com\/avatar\/4d5cdd49803a2313c01f77e3dfc05d81?s=96&d=https%3A%2F%2Fpadreydecano.com%2Fcms%2Fwp-content%2Fthemes%2Fpyd-theme%2Fimg%2Fdefault-avatar.png&r=g\",\"contentUrl\":\"https:\/\/secure.gravatar.com\/avatar\/4d5cdd49803a2313c01f77e3dfc05d81?s=96&d=https%3A%2F%2Fpadreydecano.com%2Fcms%2Fwp-content%2Fthemes%2Fpyd-theme%2Fimg%2Fdefault-avatar.png&r=g\",\"caption\":\"Gonzalo16\"}}]}<\/script>\n<!-- \/ Yoast SEO plugin. -->","yoast_head_json":{"title":"Culpan a un ni\u00f1o: \u00bfHasta cuando? - Padre y Decano - El Sitio del Pueblo","robots":{"index":"index","follow":"follow","max-snippet":"max-snippet:-1","max-image-preview":"max-image-preview:large","max-video-preview":"max-video-preview:-1"},"canonical":"https:\/\/www.padreydecano.com\/cms\/columnas\/culpan-a-un-nino-hasta-cuando\/","og_locale":"es_ES","og_type":"article","og_title":"Culpan a un ni\u00f1o: \u00bfHasta cuando? - Padre y Decano - El Sitio del Pueblo","og_description":"Otra vez dirigentes y allegados al tradicional rival ofenden a un \u00eddolo de la instituci\u00f3n, por ende est\u00e1n ofendiendo a la gente de Pe\u00f1arol y al club. Lo peor es que no tienen los huevos para hacerse cargo y culpan a un ni\u00f1o, otra demostraci\u00f3n de por qu\u00e9 son gallinas. Hay periodistas de esos que [&hellip;]","og_url":"https:\/\/www.padreydecano.com\/cms\/columnas\/culpan-a-un-nino-hasta-cuando\/","og_site_name":"Padre y Decano - El Sitio del Pueblo","article_published_time":"2012-09-13T13:12:26+00:00","article_modified_time":"2013-08-23T15:43:07+00:00","og_image":[{"width":445,"height":338,"url":"https:\/\/www.padreydecano.com\/cms\/wp-content\/uploads\/2012\/09\/nino-pelea.jpg","type":"image\/jpeg"}],"author":"Gonzalo16","twitter_card":"summary_large_image","twitter_misc":{"Escrito por":"Gonzalo16","Tiempo de lectura":"3 minutos"},"schema":{"@context":"https:\/\/schema.org","@graph":[{"@type":"Article","@id":"https:\/\/www.padreydecano.com\/cms\/columnas\/culpan-a-un-nino-hasta-cuando\/#article","isPartOf":{"@id":"https:\/\/www.padreydecano.com\/cms\/columnas\/culpan-a-un-nino-hasta-cuando\/"},"author":{"name":"Gonzalo16","@id":"https:\/\/www.padreydecano.com\/cms\/#\/schema\/person\/7fe41e3e335700ebd387196df2f9a8d4"},"headline":"Culpan a un ni\u00f1o: \u00bfHasta cuando?","datePublished":"2012-09-13T13:12:26+00:00","dateModified":"2013-08-23T15:43:07+00:00","mainEntityOfPage":{"@id":"https:\/\/www.padreydecano.com\/cms\/columnas\/culpan-a-un-nino-hasta-cuando\/"},"wordCount":511,"commentCount":39,"publisher":{"@id":"https:\/\/www.padreydecano.com\/cms\/#organization"},"image":{"@id":"https:\/\/www.padreydecano.com\/cms\/columnas\/culpan-a-un-nino-hasta-cuando\/#primaryimage"},"thumbnailUrl":"https:\/\/www.padreydecano.com\/cms\/wp-content\/uploads\/2012\/09\/nino-pelea.jpg","keywords":["Al\u00e9rgico a las plumas"],"articleSection":["Columnas"],"inLanguage":"es","potentialAction":[{"@type":"CommentAction","name":"Comment","target":["https:\/\/www.padreydecano.com\/cms\/columnas\/culpan-a-un-nino-hasta-cuando\/#respond"]}]},{"@type":"WebPage","@id":"https:\/\/www.padreydecano.com\/cms\/columnas\/culpan-a-un-nino-hasta-cuando\/","url":"https:\/\/www.padreydecano.com\/cms\/columnas\/culpan-a-un-nino-hasta-cuando\/","name":"Culpan a un ni\u00f1o: \u00bfHasta cuando? - Padre y Decano - El Sitio del Pueblo","isPartOf":{"@id":"https:\/\/www.padreydecano.com\/cms\/#website"},"primaryImageOfPage":{"@id":"https:\/\/www.padreydecano.com\/cms\/columnas\/culpan-a-un-nino-hasta-cuando\/#primaryimage"},"image":{"@id":"https:\/\/www.padreydecano.com\/cms\/columnas\/culpan-a-un-nino-hasta-cuando\/#primaryimage"},"thumbnailUrl":"https:\/\/www.padreydecano.com\/cms\/wp-content\/uploads\/2012\/09\/nino-pelea.jpg","datePublished":"2012-09-13T13:12:26+00:00","dateModified":"2013-08-23T15:43:07+00:00","breadcrumb":{"@id":"https:\/\/www.padreydecano.com\/cms\/columnas\/culpan-a-un-nino-hasta-cuando\/#breadcrumb"},"inLanguage":"es","potentialAction":[{"@type":"ReadAction","target":["https:\/\/www.padreydecano.com\/cms\/columnas\/culpan-a-un-nino-hasta-cuando\/"]}]},{"@type":"ImageObject","inLanguage":"es","@id":"https:\/\/www.padreydecano.com\/cms\/columnas\/culpan-a-un-nino-hasta-cuando\/#primaryimage","url":"https:\/\/www.padreydecano.com\/cms\/wp-content\/uploads\/2012\/09\/nino-pelea.jpg","contentUrl":"https:\/\/www.padreydecano.com\/cms\/wp-content\/uploads\/2012\/09\/nino-pelea.jpg","width":"445","height":"338"},{"@type":"BreadcrumbList","@id":"https:\/\/www.padreydecano.com\/cms\/columnas\/culpan-a-un-nino-hasta-cuando\/#breadcrumb","itemListElement":[{"@type":"ListItem","position":1,"name":"Portada","item":"https:\/\/www.padreydecano.com\/cms\/"},{"@type":"ListItem","position":2,"name":"Culpan a un ni\u00f1o: \u00bfHasta cuando?"}]},{"@type":"WebSite","@id":"https:\/\/www.padreydecano.com\/cms\/#website","url":"https:\/\/www.padreydecano.com\/cms\/","name":"Padre y Decano - El Sitio del Pueblo","description":"Club Atl\u00e9tico Pe\u00f1arol","publisher":{"@id":"https:\/\/www.padreydecano.com\/cms\/#organization"},"potentialAction":[{"@type":"SearchAction","target":{"@type":"EntryPoint","urlTemplate":"https:\/\/www.padreydecano.com\/cms\/?s={search_term_string}"},"query-input":"required name=search_term_string"}],"inLanguage":"es"},{"@type":"Organization","@id":"https:\/\/www.padreydecano.com\/cms\/#organization","name":"Padre y Decano","url":"https:\/\/www.padreydecano.com\/cms\/","logo":{"@type":"ImageObject","inLanguage":"es","@id":"https:\/\/www.padreydecano.com\/cms\/#\/schema\/logo\/image\/","url":"https:\/\/www.padreydecano.com\/cms\/wp-content\/uploads\/2022\/01\/avatar-square.png","contentUrl":"https:\/\/www.padreydecano.com\/cms\/wp-content\/uploads\/2022\/01\/avatar-square.png","width":1500,"height":1500,"caption":"Padre y Decano"},"image":{"@id":"https:\/\/www.padreydecano.com\/cms\/#\/schema\/logo\/image\/"}},{"@type":"Person","@id":"https:\/\/www.padreydecano.com\/cms\/#\/schema\/person\/7fe41e3e335700ebd387196df2f9a8d4","name":"Gonzalo16","image":{"@type":"ImageObject","inLanguage":"es","@id":"https:\/\/www.padreydecano.com\/cms\/#\/schema\/person\/image\/","url":"https:\/\/secure.gravatar.com\/avatar\/4d5cdd49803a2313c01f77e3dfc05d81?s=96&d=https%3A%2F%2Fpadreydecano.com%2Fcms%2Fwp-content%2Fthemes%2Fpyd-theme%2Fimg%2Fdefault-avatar.png&r=g","contentUrl":"https:\/\/secure.gravatar.com\/avatar\/4d5cdd49803a2313c01f77e3dfc05d81?s=96&d=https%3A%2F%2Fpadreydecano.com%2Fcms%2Fwp-content%2Fthemes%2Fpyd-theme%2Fimg%2Fdefault-avatar.png&r=g","caption":"Gonzalo16"}}]}},"_links":{"self":[{"href":"https:\/\/www.padreydecano.com\/cms\/wp-json\/wp\/v2\/posts\/29879"}],"collection":[{"href":"https:\/\/www.padreydecano.com\/cms\/wp-json\/wp\/v2\/posts"}],"about":[{"href":"https:\/\/www.padreydecano.com\/cms\/wp-json\/wp\/v2\/types\/post"}],"author":[{"embeddable":true,"href":"https:\/\/www.padreydecano.com\/cms\/wp-json\/wp\/v2\/users\/2"}],"replies":[{"embeddable":true,"href":"https:\/\/www.padreydecano.com\/cms\/wp-json\/wp\/v2\/comments?post=29879"}],"version-history":[{"count":0,"href":"https:\/\/www.padreydecano.com\/cms\/wp-json\/wp\/v2\/posts\/29879\/revisions"}],"wp:featuredmedia":[{"embeddable":true,"href":"https:\/\/www.padreydecano.com\/cms\/wp-json\/wp\/v2\/media\/29880"}],"wp:attachment":[{"href":"https:\/\/www.padreydecano.com\/cms\/wp-json\/wp\/v2\/media?parent=29879"}],"wp:term":[{"taxonomy":"category","embeddable":true,"href":"https:\/\/www.padreydecano.com\/cms\/wp-json\/wp\/v2\/categories?post=29879"},{"taxonomy":"post_tag","embeddable":true,"href":"https:\/\/www.padreydecano.com\/cms\/wp-json\/wp\/v2\/tags?post=29879"}],"curies":[{"name":"wp","href":"https:\/\/api.w.org\/{rel}","templated":true}]}}