{"id":29858,"date":"2012-09-11T12:37:33","date_gmt":"2012-09-11T15:37:33","guid":{"rendered":"http:\/\/www.padreydecano.com\/cms\/?p=29858"},"modified":"2012-09-11T20:51:28","modified_gmt":"2012-09-11T23:51:28","slug":"la-bandera-de-penarol-a-6088-mts-de-altura","status":"publish","type":"post","link":"https:\/\/www.padreydecano.com\/cms\/noticias\/la-bandera-de-penarol-a-6088-mts-de-altura\/","title":{"rendered":"La bandera de Pe\u00f1arol a 6088 mts de altura"},"content":{"rendered":"<p style=\"text-align: justify;\"><a href=\"https:\/\/www.padreydecano.com\/cms\/wp-content\/uploads\/2012\/09\/2-Copiar.jpg\" rel=\"shadowbox[sbpost-29858];player=img;\"><img loading=\"lazy\" decoding=\"async\" class=\"alignright  wp-image-29859\" src=\"https:\/\/www.padreydecano.com\/cms\/wp-content\/uploads\/2012\/09\/2-Copiar-300x198.jpg\" alt=\"\" width=\"240\" height=\"158\" srcset=\"https:\/\/www.padreydecano.com\/cms\/wp-content\/uploads\/2012\/09\/2-Copiar-300x198.jpg 300w, https:\/\/www.padreydecano.com\/cms\/wp-content\/uploads\/2012\/09\/2-Copiar.jpg 720w\" sizes=\"(max-width: 240px) 100vw, 240px\" \/><\/a>Soy manya y socio de nacimiento. Mi viejo me anot\u00f3 en Pe\u00f1arol antes que en el Registro y el d\u00eda que tenga un hijo voy a hacer lo mismo.<\/p>\n<p style=\"text-align: justify;\">Hace cuatro meses me surgi\u00f3 por trabajo un viaje a Bolivia. Eran tres meses de un proyecto en Santa Cruz relacionados a mi profesi\u00f3n. La propuesta era buena y si bien Bolivia no parec\u00eda ser un pa\u00eds atractivo para trabajar, el proyecto en s\u00ed lo era. Luego de pensarlo un poco acept\u00e9 y part\u00ed hacia dicho lugar con las cosas b\u00e1sicas: ropa, computadora, documentos, una camiseta de Pe\u00f1arol y la bandera.<\/p>\n<p style=\"text-align: justify;\">A medida que pasaron los d\u00edas, en parte por contactos que me referenciaron desde Uruguay y por otro lado por practicar deporte, fui conociendo varios bolivianos que me fueron recomendando lugares para visitar y conocer.<\/p>\n<p style=\"text-align: justify;\">Dentro de los lugares que me contaron val\u00eda la pena visitar la Monta\u00f1a Huayna Potos\u00ed. \u00c9sta es una monta\u00f1a de 6088 metros de altura que supon\u00eda no tener grandes dificultades t\u00e9cnicas para escalarla, pero que su altura en s\u00ed mismo (y por lo tanto la falta de oxigeno) era un rival fiero para desafiar. Incluso las personas que conoc\u00ed en Bolivia me hab\u00edan contado que hab\u00edan fallado en el intento de subirla, que hab\u00eda que hacerlo en al menos dos noches e intentar tener una aclimataci\u00f3n a la altura de al menos diez d\u00edas.<\/p>\n<p style=\"text-align: justify;\">Pasaban las semanas y mientras recorr\u00eda el pa\u00eds y lugares como Samaipata y el salar de Uyuni (el salar m\u00e1s alto y m\u00e1s grande del mundo), la idea de la monta\u00f1a no se me iba de la cabeza.\u00a0Pasaron los 3 meses del contrato, termin\u00e9 el proyecto y me fui a La Paz con la idea fija de subir la monta\u00f1a como sea y una vez arriba sacarme una foto que fuera \u00fanica: la bandera del manya a 6088 metros de altura. A\u00fan no tengo idea si alguien lo hizo antes, en esa monta\u00f1a o en alguna m\u00e1s alta, pero me parec\u00eda algo original y una peque\u00f1a muestra de este sentimiento irracional por estos colores.<\/p>\n<p style=\"text-align: justify;\">Llegu\u00e9 a la capital y comenc\u00e9 a averiguar c\u00f3mo hacer para escalarla. Ten\u00eda poco tiempo y la contra de que todas las agencias me hablaban de las recomendaciones de aclimataci\u00f3n antes mencionadas. Hice otros paseos en la ciudad y alrededores para esperar mientras me adaptaba a la altura. Fui al Lago Titicaca e hice \u00abla ruta de la muerte\u00bb en bicicleta; dos experiencias impresionantes y con los mejores colores encima, como no pod\u00eda ser de otra forma.<\/p>\n<p style=\"text-align: justify;\">Pasaban los d\u00edas y me ten\u00eda que volver a Uruguay. Ante el riesgo de no poder escalar opt\u00e9 por ir por otra agencia y el jueves 24 de agosto a las 9 de la ma\u00f1ana part\u00ed desde La Paz al campamento Base del Huayna Potos\u00ed a 4700 metros de altura. Como no pod\u00eda ser de otra forma, llevaba los elementos b\u00e1sicos para todo viaje: una camiseta y la bandera del Campe\u00f3n del Siglo.<\/p>\n<p style=\"text-align: justify;\"><a href=\"https:\/\/www.padreydecano.com\/cms\/wp-content\/uploads\/2012\/09\/4-Copiar.jpg\" rel=\"shadowbox[sbpost-29858];player=img;\"><img loading=\"lazy\" decoding=\"async\" class=\"alignleft  wp-image-29861\" src=\"https:\/\/www.padreydecano.com\/cms\/wp-content\/uploads\/2012\/09\/4-Copiar-300x225.jpg\" alt=\"\" width=\"240\" height=\"180\" srcset=\"https:\/\/www.padreydecano.com\/cms\/wp-content\/uploads\/2012\/09\/4-Copiar-300x225.jpg 300w, https:\/\/www.padreydecano.com\/cms\/wp-content\/uploads\/2012\/09\/4-Copiar.jpg 720w\" sizes=\"(max-width: 240px) 100vw, 240px\" \/><\/a>Nos salteamos las recomendaciones y en vez de pasar una noche ah\u00ed para aclimatarnos y tener un corto entrenamiento sobre escalada, comenzamos directamente el camino hacia la monta\u00f1a. Fueron alrededor de 5 horas caminando con un tramo final con un poco de escalada para llegar al refugio donde pasar\u00edamos la noche: a 5300 metros de altura y ya totalmente rodeados por la nieve. \u201cCenamos\u201d una sopa a las 6 de la tarde y si bien a\u00fan hab\u00eda luz, el cansancio y lo que nos esperaba al otro d\u00eda nos hizo irnos a dormir. En realidad no pudimos pegar un ojo por la altitud y la maldita sopa hecha con hielo hervido de la monta\u00f1a, que queda muy folcl\u00f3rico pero que tiene muchos minerales y es una bomba para el est\u00f3mago.<\/p>\n<p style=\"text-align: justify;\">Me levant\u00e9 de la cama con un malestar impresionante y no pude ni llegar a salir del refugio antes de vomitar absolutamente todo lo que hab\u00eda comido. A esa altura parec\u00eda que me iba a tener que quedar, pero ten\u00eda la obsesi\u00f3n de sacarme la foto con la bandera en el pico de la monta\u00f1a y lo iba a intentar como fuera.<\/p>\n<p style=\"text-align: justify;\">A la medianoche todos nos preparamos: un \u00faltimo alimento, el abrigo, el equipamiento de escalada y a trepar. A la una de la ma\u00f1ana ya estabamos cruzando la puerta del refugio para intentar llegar a lo m\u00e1s alto.<\/p>\n<p style=\"text-align: justify;\">El camino fue duro. Plena noche comenzando a 5300 metros de altura, mucha nieve y varios grados bajo cero con extremos de hasta menos veinte fueron los condimentos de la noche. Comenc\u00e9 a sentir el cansancio y el mareo por la falta de oxigeno. Era como caminar borracho. Cada paso costaba mucho, much\u00edsimo. En el camino habl\u00e9 con otro de los masoquistas que lo iba a intentar: un griego de paseo por latinoamerica se hab\u00eda mostrado interesado en mi capricho porque conoc\u00eda a Pe\u00f1arol por sus finales contra los grandes de Europa. Obviamente me infl\u00e9 el pecho y m\u00e1s ganas me dieron de poder llegar al destino.<\/p>\n<p style=\"text-align: justify;\">Fueron 6 horas de caminar y escalar en la nieve para llegar a la cumbre. En los \u00faltimos metros hay que atravesar lugares realmente peligrosos donde un paso en falso te pueden llevar a una caida mortal.<\/p>\n<p style=\"text-align: justify;\">Finalmente llegamos a la cumbre. El pico no tiene m\u00e1s de 30 metros cuadrados y ahi, a las siete de la ma\u00f1ana, hab\u00eda varios escaladores recuperando el aire. Tom\u00e9 un poco conciencia de lo que hab\u00eda logrado cuando al llegar al pico cada uno de los escaladores que ya estaban ahi se acercaban a felicitarte por haberlo logrado. No es para cualquiera que no est\u00e9 en buen estado f\u00edsico y mentalmente preparado para pasarla mal por unas cuantas horas. No pasaron ni 30 segundos y le empec\u00e9 a pedir a los escaladores que estaban en la cumbre que me sacaran la foto. Varios se prendieron a la foto; de distintos pa\u00edses me preguntaban el por qu\u00e9 de la bandera y yo enloquedico explicando que era la bandera del m\u00e1s grande. \u00abAhh Pe\u00f1arol\u00bb, respond\u00edan algunos (en ingles obvio porque el \u00fanico sudamericano era yo). Ahora solo quedaban dos cosas para hacer: cuidar la c\u00e1mara m\u00e1s que a la vida y lograr volver al campamento base.<\/p>\n<p style=\"text-align: justify;\">Llegu\u00e9 al campamento cerca de la una del mediod\u00eda. Fueron 24 horas distribuidas entre cinco horas iniciales de escalada, unas casi siete de \u201cdescanso\u201d en el refugio y luego doce horas continuas entre alcanzar el pico y hacer todo el descenso. Todo el esfuerzo vali\u00f3 la pena. Hab\u00eda llevado la bandera del manya lo m\u00e1s alto que pude y quiz\u00e1s m\u00e1s alto que cualquier otro.<\/p>\n<p style=\"text-align: right;\">Pedro<br \/>\nSocio N\u00ba111.995<\/p>\n\n\t\t<style type=\"text\/css\">\n\t\t\t#gallery-1 {\n\t\t\t\tmargin: auto;\n\t\t\t}\n\t\t\t#gallery-1 .gallery-item {\n\t\t\t\tfloat: left;\n\t\t\t\tmargin-top: 10px;\n\t\t\t\ttext-align: center;\n\t\t\t\twidth: 33%;\n\t\t\t}\n\t\t\t#gallery-1 img {\n\t\t\t\tborder: 2px solid #cfcfcf;\n\t\t\t}\n\t\t\t#gallery-1 .gallery-caption {\n\t\t\t\tmargin-left: 0;\n\t\t\t}\n\t\t\t\/* see gallery_shortcode() in wp-includes\/media.php *\/\n\t\t<\/style>\n\t\t<div id='gallery-1' class='gallery galleryid-29858 gallery-columns-3 gallery-size-thumbnail'><dl class='gallery-item'>\n\t\t\t<dt class='gallery-icon landscape'>\n\t\t\t\t<a href='https:\/\/www.padreydecano.com\/cms\/wp-content\/uploads\/2012\/09\/2-Copiar.jpg' rel='shadowbox[sbalbum-29858];player=img;'><img loading=\"lazy\" decoding=\"async\" width=\"150\" height=\"150\" src=\"https:\/\/www.padreydecano.com\/cms\/wp-content\/uploads\/2012\/09\/2-Copiar-150x150.jpg\" class=\"attachment-thumbnail size-thumbnail\" alt=\"\" srcset=\"https:\/\/www.padreydecano.com\/cms\/wp-content\/uploads\/2012\/09\/2-Copiar-150x150.jpg 150w, https:\/\/www.padreydecano.com\/cms\/wp-content\/uploads\/2012\/09\/2-Copiar-36x36.jpg 36w, https:\/\/www.padreydecano.com\/cms\/wp-content\/uploads\/2012\/09\/2-Copiar-115x115.jpg 115w\" sizes=\"(max-width: 150px) 100vw, 150px\" \/><\/a>\n\t\t\t<\/dt><\/dl><dl class='gallery-item'>\n\t\t\t<dt class='gallery-icon landscape'>\n\t\t\t\t<a href='https:\/\/www.padreydecano.com\/cms\/wp-content\/uploads\/2012\/09\/3-Copiar.jpg' rel='shadowbox[sbalbum-29858];player=img;'><img loading=\"lazy\" decoding=\"async\" width=\"150\" height=\"150\" src=\"https:\/\/www.padreydecano.com\/cms\/wp-content\/uploads\/2012\/09\/3-Copiar-150x150.jpg\" class=\"attachment-thumbnail size-thumbnail\" alt=\"\" srcset=\"https:\/\/www.padreydecano.com\/cms\/wp-content\/uploads\/2012\/09\/3-Copiar-150x150.jpg 150w, https:\/\/www.padreydecano.com\/cms\/wp-content\/uploads\/2012\/09\/3-Copiar-36x36.jpg 36w, https:\/\/www.padreydecano.com\/cms\/wp-content\/uploads\/2012\/09\/3-Copiar-115x115.jpg 115w\" sizes=\"(max-width: 150px) 100vw, 150px\" \/><\/a>\n\t\t\t<\/dt><\/dl><dl class='gallery-item'>\n\t\t\t<dt class='gallery-icon landscape'>\n\t\t\t\t<a href='https:\/\/www.padreydecano.com\/cms\/wp-content\/uploads\/2012\/09\/4-Copiar.jpg' rel='shadowbox[sbalbum-29858];player=img;'><img loading=\"lazy\" decoding=\"async\" width=\"150\" height=\"150\" src=\"https:\/\/www.padreydecano.com\/cms\/wp-content\/uploads\/2012\/09\/4-Copiar-150x150.jpg\" class=\"attachment-thumbnail size-thumbnail\" alt=\"\" srcset=\"https:\/\/www.padreydecano.com\/cms\/wp-content\/uploads\/2012\/09\/4-Copiar-150x150.jpg 150w, https:\/\/www.padreydecano.com\/cms\/wp-content\/uploads\/2012\/09\/4-Copiar-36x36.jpg 36w, https:\/\/www.padreydecano.com\/cms\/wp-content\/uploads\/2012\/09\/4-Copiar-115x115.jpg 115w\" sizes=\"(max-width: 150px) 100vw, 150px\" \/><\/a>\n\t\t\t<\/dt><\/dl><br style=\"clear: both\" \/><dl class='gallery-item'>\n\t\t\t<dt class='gallery-icon landscape'>\n\t\t\t\t<a href='https:\/\/www.padreydecano.com\/cms\/wp-content\/uploads\/2012\/09\/5-Copiar.jpg' rel='shadowbox[sbalbum-29858];player=img;'><img loading=\"lazy\" decoding=\"async\" width=\"150\" height=\"150\" src=\"https:\/\/www.padreydecano.com\/cms\/wp-content\/uploads\/2012\/09\/5-Copiar-150x150.jpg\" class=\"attachment-thumbnail size-thumbnail\" alt=\"\" srcset=\"https:\/\/www.padreydecano.com\/cms\/wp-content\/uploads\/2012\/09\/5-Copiar-150x150.jpg 150w, https:\/\/www.padreydecano.com\/cms\/wp-content\/uploads\/2012\/09\/5-Copiar-36x36.jpg 36w, https:\/\/www.padreydecano.com\/cms\/wp-content\/uploads\/2012\/09\/5-Copiar-115x115.jpg 115w\" sizes=\"(max-width: 150px) 100vw, 150px\" \/><\/a>\n\t\t\t<\/dt><\/dl><dl class='gallery-item'>\n\t\t\t<dt class='gallery-icon landscape'>\n\t\t\t\t<a href='https:\/\/www.padreydecano.com\/cms\/wp-content\/uploads\/2012\/09\/6-Copiar.jpg' rel='shadowbox[sbalbum-29858];player=img;'><img loading=\"lazy\" decoding=\"async\" width=\"150\" height=\"150\" src=\"https:\/\/www.padreydecano.com\/cms\/wp-content\/uploads\/2012\/09\/6-Copiar-150x150.jpg\" class=\"attachment-thumbnail size-thumbnail\" alt=\"\" srcset=\"https:\/\/www.padreydecano.com\/cms\/wp-content\/uploads\/2012\/09\/6-Copiar-150x150.jpg 150w, https:\/\/www.padreydecano.com\/cms\/wp-content\/uploads\/2012\/09\/6-Copiar-36x36.jpg 36w, https:\/\/www.padreydecano.com\/cms\/wp-content\/uploads\/2012\/09\/6-Copiar-115x115.jpg 115w\" sizes=\"(max-width: 150px) 100vw, 150px\" \/><\/a>\n\t\t\t<\/dt><\/dl><dl class='gallery-item'>\n\t\t\t<dt class='gallery-icon landscape'>\n\t\t\t\t<a href='https:\/\/www.padreydecano.com\/cms\/wp-content\/uploads\/2012\/09\/7-Copiar.jpg' rel='shadowbox[sbalbum-29858];player=img;'><img loading=\"lazy\" decoding=\"async\" width=\"150\" height=\"150\" src=\"https:\/\/www.padreydecano.com\/cms\/wp-content\/uploads\/2012\/09\/7-Copiar-150x150.jpg\" class=\"attachment-thumbnail size-thumbnail\" alt=\"\" srcset=\"https:\/\/www.padreydecano.com\/cms\/wp-content\/uploads\/2012\/09\/7-Copiar-150x150.jpg 150w, https:\/\/www.padreydecano.com\/cms\/wp-content\/uploads\/2012\/09\/7-Copiar-36x36.jpg 36w, https:\/\/www.padreydecano.com\/cms\/wp-content\/uploads\/2012\/09\/7-Copiar-115x115.jpg 115w\" sizes=\"(max-width: 150px) 100vw, 150px\" \/><\/a>\n\t\t\t<\/dt><\/dl><br style=\"clear: both\" \/><dl class='gallery-item'>\n\t\t\t<dt class='gallery-icon landscape'>\n\t\t\t\t<a href='https:\/\/www.padreydecano.com\/cms\/wp-content\/uploads\/2012\/09\/La-bandera-de-Pe\u00f1arol-a-6088-mts-de-altura.jpg' rel='shadowbox[sbalbum-29858];player=img;'><img loading=\"lazy\" decoding=\"async\" width=\"150\" height=\"150\" src=\"https:\/\/www.padreydecano.com\/cms\/wp-content\/uploads\/2012\/09\/La-bandera-de-Pe\u00f1arol-a-6088-mts-de-altura-150x150.jpg\" class=\"attachment-thumbnail size-thumbnail\" alt=\"\" srcset=\"https:\/\/www.padreydecano.com\/cms\/wp-content\/uploads\/2012\/09\/La-bandera-de-Pe\u00f1arol-a-6088-mts-de-altura-150x150.jpg 150w, https:\/\/www.padreydecano.com\/cms\/wp-content\/uploads\/2012\/09\/La-bandera-de-Pe\u00f1arol-a-6088-mts-de-altura-36x36.jpg 36w, https:\/\/www.padreydecano.com\/cms\/wp-content\/uploads\/2012\/09\/La-bandera-de-Pe\u00f1arol-a-6088-mts-de-altura-115x115.jpg 115w\" sizes=\"(max-width: 150px) 100vw, 150px\" \/><\/a>\n\t\t\t<\/dt><\/dl>\n\t\t\t<br style='clear: both' \/>\n\t\t<\/div>\n\n","protected":false},"excerpt":{"rendered":"<p>Soy manya y socio de nacimiento. Mi viejo me anot\u00f3 en Pe\u00f1arol antes que en el Registro y el d\u00eda que tenga un hijo voy a hacer lo mismo. Hace cuatro meses me surgi\u00f3 por trabajo un viaje a Bolivia. Eran tres meses de un proyecto en Santa Cruz relacionados a mi profesi\u00f3n. La propuesta [&hellip;]<\/p>\n","protected":false},"author":2,"featured_media":29861,"comment_status":"open","ping_status":"closed","sticky":false,"template":"","format":"standard","meta":{"footnotes":""},"categories":[1],"tags":[],"yoast_head":"<!-- This site is optimized with the Yoast SEO plugin v23.2 - https:\/\/yoast.com\/wordpress\/plugins\/seo\/ -->\n<title>La bandera de Pe\u00f1arol a 6088 mts de altura - Padre y Decano - El Sitio del Pueblo<\/title>\n<meta name=\"robots\" content=\"index, follow, max-snippet:-1, max-image-preview:large, max-video-preview:-1\" \/>\n<link rel=\"canonical\" href=\"https:\/\/www.padreydecano.com\/cms\/noticias\/la-bandera-de-penarol-a-6088-mts-de-altura\/\" \/>\n<meta property=\"og:locale\" content=\"es_ES\" \/>\n<meta property=\"og:type\" content=\"article\" \/>\n<meta property=\"og:title\" content=\"La bandera de Pe\u00f1arol a 6088 mts de altura - Padre y Decano - El Sitio del Pueblo\" \/>\n<meta property=\"og:description\" content=\"Soy manya y socio de nacimiento. Mi viejo me anot\u00f3 en Pe\u00f1arol antes que en el Registro y el d\u00eda que tenga un hijo voy a hacer lo mismo. Hace cuatro meses me surgi\u00f3 por trabajo un viaje a Bolivia. Eran tres meses de un proyecto en Santa Cruz relacionados a mi profesi\u00f3n. La propuesta [&hellip;]\" \/>\n<meta property=\"og:url\" content=\"https:\/\/www.padreydecano.com\/cms\/noticias\/la-bandera-de-penarol-a-6088-mts-de-altura\/\" \/>\n<meta property=\"og:site_name\" content=\"Padre y Decano - El Sitio del Pueblo\" \/>\n<meta property=\"article:published_time\" content=\"2012-09-11T15:37:33+00:00\" \/>\n<meta property=\"article:modified_time\" content=\"2012-09-11T23:51:28+00:00\" \/>\n<meta property=\"og:image\" content=\"https:\/\/www.padreydecano.com\/cms\/wp-content\/uploads\/2012\/09\/4-Copiar.jpg\" \/>\n\t<meta property=\"og:image:width\" content=\"720\" \/>\n\t<meta property=\"og:image:height\" content=\"540\" \/>\n\t<meta property=\"og:image:type\" content=\"image\/jpeg\" \/>\n<meta name=\"author\" content=\"Gonzalo16\" \/>\n<meta name=\"twitter:card\" content=\"summary_large_image\" \/>\n<meta name=\"twitter:label1\" content=\"Escrito por\" \/>\n\t<meta name=\"twitter:data1\" content=\"Gonzalo16\" \/>\n\t<meta name=\"twitter:label2\" content=\"Tiempo de lectura\" \/>\n\t<meta name=\"twitter:data2\" content=\"6 minutos\" \/>\n<script type=\"application\/ld+json\" class=\"yoast-schema-graph\">{\"@context\":\"https:\/\/schema.org\",\"@graph\":[{\"@type\":\"Article\",\"@id\":\"https:\/\/www.padreydecano.com\/cms\/noticias\/la-bandera-de-penarol-a-6088-mts-de-altura\/#article\",\"isPartOf\":{\"@id\":\"https:\/\/www.padreydecano.com\/cms\/noticias\/la-bandera-de-penarol-a-6088-mts-de-altura\/\"},\"author\":{\"name\":\"Gonzalo16\",\"@id\":\"https:\/\/www.padreydecano.com\/cms\/#\/schema\/person\/7fe41e3e335700ebd387196df2f9a8d4\"},\"headline\":\"La bandera de Pe\u00f1arol a 6088 mts de altura\",\"datePublished\":\"2012-09-11T15:37:33+00:00\",\"dateModified\":\"2012-09-11T23:51:28+00:00\",\"mainEntityOfPage\":{\"@id\":\"https:\/\/www.padreydecano.com\/cms\/noticias\/la-bandera-de-penarol-a-6088-mts-de-altura\/\"},\"wordCount\":1177,\"commentCount\":36,\"publisher\":{\"@id\":\"https:\/\/www.padreydecano.com\/cms\/#organization\"},\"image\":{\"@id\":\"https:\/\/www.padreydecano.com\/cms\/noticias\/la-bandera-de-penarol-a-6088-mts-de-altura\/#primaryimage\"},\"thumbnailUrl\":\"https:\/\/www.padreydecano.com\/cms\/wp-content\/uploads\/2012\/09\/4-Copiar.jpg\",\"articleSection\":[\"Noticias\"],\"inLanguage\":\"es\",\"potentialAction\":[{\"@type\":\"CommentAction\",\"name\":\"Comment\",\"target\":[\"https:\/\/www.padreydecano.com\/cms\/noticias\/la-bandera-de-penarol-a-6088-mts-de-altura\/#respond\"]}]},{\"@type\":\"WebPage\",\"@id\":\"https:\/\/www.padreydecano.com\/cms\/noticias\/la-bandera-de-penarol-a-6088-mts-de-altura\/\",\"url\":\"https:\/\/www.padreydecano.com\/cms\/noticias\/la-bandera-de-penarol-a-6088-mts-de-altura\/\",\"name\":\"La bandera de Pe\u00f1arol a 6088 mts de altura - Padre y Decano - El Sitio del Pueblo\",\"isPartOf\":{\"@id\":\"https:\/\/www.padreydecano.com\/cms\/#website\"},\"primaryImageOfPage\":{\"@id\":\"https:\/\/www.padreydecano.com\/cms\/noticias\/la-bandera-de-penarol-a-6088-mts-de-altura\/#primaryimage\"},\"image\":{\"@id\":\"https:\/\/www.padreydecano.com\/cms\/noticias\/la-bandera-de-penarol-a-6088-mts-de-altura\/#primaryimage\"},\"thumbnailUrl\":\"https:\/\/www.padreydecano.com\/cms\/wp-content\/uploads\/2012\/09\/4-Copiar.jpg\",\"datePublished\":\"2012-09-11T15:37:33+00:00\",\"dateModified\":\"2012-09-11T23:51:28+00:00\",\"breadcrumb\":{\"@id\":\"https:\/\/www.padreydecano.com\/cms\/noticias\/la-bandera-de-penarol-a-6088-mts-de-altura\/#breadcrumb\"},\"inLanguage\":\"es\",\"potentialAction\":[{\"@type\":\"ReadAction\",\"target\":[\"https:\/\/www.padreydecano.com\/cms\/noticias\/la-bandera-de-penarol-a-6088-mts-de-altura\/\"]}]},{\"@type\":\"ImageObject\",\"inLanguage\":\"es\",\"@id\":\"https:\/\/www.padreydecano.com\/cms\/noticias\/la-bandera-de-penarol-a-6088-mts-de-altura\/#primaryimage\",\"url\":\"https:\/\/www.padreydecano.com\/cms\/wp-content\/uploads\/2012\/09\/4-Copiar.jpg\",\"contentUrl\":\"https:\/\/www.padreydecano.com\/cms\/wp-content\/uploads\/2012\/09\/4-Copiar.jpg\",\"width\":\"720\",\"height\":\"540\"},{\"@type\":\"BreadcrumbList\",\"@id\":\"https:\/\/www.padreydecano.com\/cms\/noticias\/la-bandera-de-penarol-a-6088-mts-de-altura\/#breadcrumb\",\"itemListElement\":[{\"@type\":\"ListItem\",\"position\":1,\"name\":\"Portada\",\"item\":\"https:\/\/www.padreydecano.com\/cms\/\"},{\"@type\":\"ListItem\",\"position\":2,\"name\":\"La bandera de Pe\u00f1arol a 6088 mts de altura\"}]},{\"@type\":\"WebSite\",\"@id\":\"https:\/\/www.padreydecano.com\/cms\/#website\",\"url\":\"https:\/\/www.padreydecano.com\/cms\/\",\"name\":\"Padre y Decano - El Sitio del Pueblo\",\"description\":\"Club Atl\u00e9tico Pe\u00f1arol\",\"publisher\":{\"@id\":\"https:\/\/www.padreydecano.com\/cms\/#organization\"},\"potentialAction\":[{\"@type\":\"SearchAction\",\"target\":{\"@type\":\"EntryPoint\",\"urlTemplate\":\"https:\/\/www.padreydecano.com\/cms\/?s={search_term_string}\"},\"query-input\":\"required name=search_term_string\"}],\"inLanguage\":\"es\"},{\"@type\":\"Organization\",\"@id\":\"https:\/\/www.padreydecano.com\/cms\/#organization\",\"name\":\"Padre y Decano\",\"url\":\"https:\/\/www.padreydecano.com\/cms\/\",\"logo\":{\"@type\":\"ImageObject\",\"inLanguage\":\"es\",\"@id\":\"https:\/\/www.padreydecano.com\/cms\/#\/schema\/logo\/image\/\",\"url\":\"https:\/\/www.padreydecano.com\/cms\/wp-content\/uploads\/2022\/01\/avatar-square.png\",\"contentUrl\":\"https:\/\/www.padreydecano.com\/cms\/wp-content\/uploads\/2022\/01\/avatar-square.png\",\"width\":1500,\"height\":1500,\"caption\":\"Padre y Decano\"},\"image\":{\"@id\":\"https:\/\/www.padreydecano.com\/cms\/#\/schema\/logo\/image\/\"}},{\"@type\":\"Person\",\"@id\":\"https:\/\/www.padreydecano.com\/cms\/#\/schema\/person\/7fe41e3e335700ebd387196df2f9a8d4\",\"name\":\"Gonzalo16\",\"image\":{\"@type\":\"ImageObject\",\"inLanguage\":\"es\",\"@id\":\"https:\/\/www.padreydecano.com\/cms\/#\/schema\/person\/image\/\",\"url\":\"https:\/\/secure.gravatar.com\/avatar\/4d5cdd49803a2313c01f77e3dfc05d81?s=96&d=https%3A%2F%2Fpadreydecano.com%2Fcms%2Fwp-content%2Fthemes%2Fpyd-theme%2Fimg%2Fdefault-avatar.png&r=g\",\"contentUrl\":\"https:\/\/secure.gravatar.com\/avatar\/4d5cdd49803a2313c01f77e3dfc05d81?s=96&d=https%3A%2F%2Fpadreydecano.com%2Fcms%2Fwp-content%2Fthemes%2Fpyd-theme%2Fimg%2Fdefault-avatar.png&r=g\",\"caption\":\"Gonzalo16\"}}]}<\/script>\n<!-- \/ Yoast SEO plugin. -->","yoast_head_json":{"title":"La bandera de Pe\u00f1arol a 6088 mts de altura - Padre y Decano - El Sitio del Pueblo","robots":{"index":"index","follow":"follow","max-snippet":"max-snippet:-1","max-image-preview":"max-image-preview:large","max-video-preview":"max-video-preview:-1"},"canonical":"https:\/\/www.padreydecano.com\/cms\/noticias\/la-bandera-de-penarol-a-6088-mts-de-altura\/","og_locale":"es_ES","og_type":"article","og_title":"La bandera de Pe\u00f1arol a 6088 mts de altura - Padre y Decano - El Sitio del Pueblo","og_description":"Soy manya y socio de nacimiento. Mi viejo me anot\u00f3 en Pe\u00f1arol antes que en el Registro y el d\u00eda que tenga un hijo voy a hacer lo mismo. Hace cuatro meses me surgi\u00f3 por trabajo un viaje a Bolivia. Eran tres meses de un proyecto en Santa Cruz relacionados a mi profesi\u00f3n. La propuesta [&hellip;]","og_url":"https:\/\/www.padreydecano.com\/cms\/noticias\/la-bandera-de-penarol-a-6088-mts-de-altura\/","og_site_name":"Padre y Decano - El Sitio del Pueblo","article_published_time":"2012-09-11T15:37:33+00:00","article_modified_time":"2012-09-11T23:51:28+00:00","og_image":[{"width":720,"height":540,"url":"https:\/\/www.padreydecano.com\/cms\/wp-content\/uploads\/2012\/09\/4-Copiar.jpg","type":"image\/jpeg"}],"author":"Gonzalo16","twitter_card":"summary_large_image","twitter_misc":{"Escrito por":"Gonzalo16","Tiempo de lectura":"6 minutos"},"schema":{"@context":"https:\/\/schema.org","@graph":[{"@type":"Article","@id":"https:\/\/www.padreydecano.com\/cms\/noticias\/la-bandera-de-penarol-a-6088-mts-de-altura\/#article","isPartOf":{"@id":"https:\/\/www.padreydecano.com\/cms\/noticias\/la-bandera-de-penarol-a-6088-mts-de-altura\/"},"author":{"name":"Gonzalo16","@id":"https:\/\/www.padreydecano.com\/cms\/#\/schema\/person\/7fe41e3e335700ebd387196df2f9a8d4"},"headline":"La bandera de Pe\u00f1arol a 6088 mts de altura","datePublished":"2012-09-11T15:37:33+00:00","dateModified":"2012-09-11T23:51:28+00:00","mainEntityOfPage":{"@id":"https:\/\/www.padreydecano.com\/cms\/noticias\/la-bandera-de-penarol-a-6088-mts-de-altura\/"},"wordCount":1177,"commentCount":36,"publisher":{"@id":"https:\/\/www.padreydecano.com\/cms\/#organization"},"image":{"@id":"https:\/\/www.padreydecano.com\/cms\/noticias\/la-bandera-de-penarol-a-6088-mts-de-altura\/#primaryimage"},"thumbnailUrl":"https:\/\/www.padreydecano.com\/cms\/wp-content\/uploads\/2012\/09\/4-Copiar.jpg","articleSection":["Noticias"],"inLanguage":"es","potentialAction":[{"@type":"CommentAction","name":"Comment","target":["https:\/\/www.padreydecano.com\/cms\/noticias\/la-bandera-de-penarol-a-6088-mts-de-altura\/#respond"]}]},{"@type":"WebPage","@id":"https:\/\/www.padreydecano.com\/cms\/noticias\/la-bandera-de-penarol-a-6088-mts-de-altura\/","url":"https:\/\/www.padreydecano.com\/cms\/noticias\/la-bandera-de-penarol-a-6088-mts-de-altura\/","name":"La bandera de Pe\u00f1arol a 6088 mts de altura - Padre y Decano - El Sitio del Pueblo","isPartOf":{"@id":"https:\/\/www.padreydecano.com\/cms\/#website"},"primaryImageOfPage":{"@id":"https:\/\/www.padreydecano.com\/cms\/noticias\/la-bandera-de-penarol-a-6088-mts-de-altura\/#primaryimage"},"image":{"@id":"https:\/\/www.padreydecano.com\/cms\/noticias\/la-bandera-de-penarol-a-6088-mts-de-altura\/#primaryimage"},"thumbnailUrl":"https:\/\/www.padreydecano.com\/cms\/wp-content\/uploads\/2012\/09\/4-Copiar.jpg","datePublished":"2012-09-11T15:37:33+00:00","dateModified":"2012-09-11T23:51:28+00:00","breadcrumb":{"@id":"https:\/\/www.padreydecano.com\/cms\/noticias\/la-bandera-de-penarol-a-6088-mts-de-altura\/#breadcrumb"},"inLanguage":"es","potentialAction":[{"@type":"ReadAction","target":["https:\/\/www.padreydecano.com\/cms\/noticias\/la-bandera-de-penarol-a-6088-mts-de-altura\/"]}]},{"@type":"ImageObject","inLanguage":"es","@id":"https:\/\/www.padreydecano.com\/cms\/noticias\/la-bandera-de-penarol-a-6088-mts-de-altura\/#primaryimage","url":"https:\/\/www.padreydecano.com\/cms\/wp-content\/uploads\/2012\/09\/4-Copiar.jpg","contentUrl":"https:\/\/www.padreydecano.com\/cms\/wp-content\/uploads\/2012\/09\/4-Copiar.jpg","width":"720","height":"540"},{"@type":"BreadcrumbList","@id":"https:\/\/www.padreydecano.com\/cms\/noticias\/la-bandera-de-penarol-a-6088-mts-de-altura\/#breadcrumb","itemListElement":[{"@type":"ListItem","position":1,"name":"Portada","item":"https:\/\/www.padreydecano.com\/cms\/"},{"@type":"ListItem","position":2,"name":"La bandera de Pe\u00f1arol a 6088 mts de altura"}]},{"@type":"WebSite","@id":"https:\/\/www.padreydecano.com\/cms\/#website","url":"https:\/\/www.padreydecano.com\/cms\/","name":"Padre y Decano - El Sitio del Pueblo","description":"Club Atl\u00e9tico Pe\u00f1arol","publisher":{"@id":"https:\/\/www.padreydecano.com\/cms\/#organization"},"potentialAction":[{"@type":"SearchAction","target":{"@type":"EntryPoint","urlTemplate":"https:\/\/www.padreydecano.com\/cms\/?s={search_term_string}"},"query-input":"required name=search_term_string"}],"inLanguage":"es"},{"@type":"Organization","@id":"https:\/\/www.padreydecano.com\/cms\/#organization","name":"Padre y Decano","url":"https:\/\/www.padreydecano.com\/cms\/","logo":{"@type":"ImageObject","inLanguage":"es","@id":"https:\/\/www.padreydecano.com\/cms\/#\/schema\/logo\/image\/","url":"https:\/\/www.padreydecano.com\/cms\/wp-content\/uploads\/2022\/01\/avatar-square.png","contentUrl":"https:\/\/www.padreydecano.com\/cms\/wp-content\/uploads\/2022\/01\/avatar-square.png","width":1500,"height":1500,"caption":"Padre y Decano"},"image":{"@id":"https:\/\/www.padreydecano.com\/cms\/#\/schema\/logo\/image\/"}},{"@type":"Person","@id":"https:\/\/www.padreydecano.com\/cms\/#\/schema\/person\/7fe41e3e335700ebd387196df2f9a8d4","name":"Gonzalo16","image":{"@type":"ImageObject","inLanguage":"es","@id":"https:\/\/www.padreydecano.com\/cms\/#\/schema\/person\/image\/","url":"https:\/\/secure.gravatar.com\/avatar\/4d5cdd49803a2313c01f77e3dfc05d81?s=96&d=https%3A%2F%2Fpadreydecano.com%2Fcms%2Fwp-content%2Fthemes%2Fpyd-theme%2Fimg%2Fdefault-avatar.png&r=g","contentUrl":"https:\/\/secure.gravatar.com\/avatar\/4d5cdd49803a2313c01f77e3dfc05d81?s=96&d=https%3A%2F%2Fpadreydecano.com%2Fcms%2Fwp-content%2Fthemes%2Fpyd-theme%2Fimg%2Fdefault-avatar.png&r=g","caption":"Gonzalo16"}}]}},"_links":{"self":[{"href":"https:\/\/www.padreydecano.com\/cms\/wp-json\/wp\/v2\/posts\/29858"}],"collection":[{"href":"https:\/\/www.padreydecano.com\/cms\/wp-json\/wp\/v2\/posts"}],"about":[{"href":"https:\/\/www.padreydecano.com\/cms\/wp-json\/wp\/v2\/types\/post"}],"author":[{"embeddable":true,"href":"https:\/\/www.padreydecano.com\/cms\/wp-json\/wp\/v2\/users\/2"}],"replies":[{"embeddable":true,"href":"https:\/\/www.padreydecano.com\/cms\/wp-json\/wp\/v2\/comments?post=29858"}],"version-history":[{"count":0,"href":"https:\/\/www.padreydecano.com\/cms\/wp-json\/wp\/v2\/posts\/29858\/revisions"}],"wp:featuredmedia":[{"embeddable":true,"href":"https:\/\/www.padreydecano.com\/cms\/wp-json\/wp\/v2\/media\/29861"}],"wp:attachment":[{"href":"https:\/\/www.padreydecano.com\/cms\/wp-json\/wp\/v2\/media?parent=29858"}],"wp:term":[{"taxonomy":"category","embeddable":true,"href":"https:\/\/www.padreydecano.com\/cms\/wp-json\/wp\/v2\/categories?post=29858"},{"taxonomy":"post_tag","embeddable":true,"href":"https:\/\/www.padreydecano.com\/cms\/wp-json\/wp\/v2\/tags?post=29858"}],"curies":[{"name":"wp","href":"https:\/\/api.w.org\/{rel}","templated":true}]}}