{"id":29680,"date":"2012-09-07T13:58:30","date_gmt":"2012-09-07T16:58:30","guid":{"rendered":"http:\/\/www.padreydecano.com\/cms\/?p=29680"},"modified":"2012-09-07T15:43:32","modified_gmt":"2012-09-07T18:43:32","slug":"solidaridad-ayudemos-a-walter-y-su-familia","status":"publish","type":"post","link":"https:\/\/www.padreydecano.com\/cms\/noticias\/solidaridad-ayudemos-a-walter-y-su-familia\/","title":{"rendered":"Solidaridad: Ayudemos a Walter y su familia"},"content":{"rendered":"<p style=\"text-align: justify;\">Hace algunos d\u00edas en el informativo de Telenoche en Canal 4 conocimos la historia de Walter, que junto a toda su familia, est\u00e1n solicitando ayuda.<\/p>\n<div style=\"float: left; margin: 0 5px 5px 0;\">[youtubegallery]<br \/>\n1HVnd3E_N5w<br \/>\n[\/youtubegallery]<\/div>\n<p style=\"text-align: justify;\">Walter tiene 39 a\u00f1os, 4 hijos a cargo y gana $56 la hora como guardia de seguridad. En el 2010 tuvieron que amputarle su pierna derecha debido a una infecci\u00f3n que contrajo en un laboratorio mientras hac\u00eda su trabajo. Ahora, la vida le dio otro golpe. Su esposa, quien naci\u00f3 con una malformaci\u00f3n que con el tiempo se fue agudizando, se encuentra actualmente en un CTI a ra\u00edz de una hemorragia cerebral. S\u00ed o s\u00ed, la esposa tiene que operarse para salir adelante. Para eso, se necesitan 5000 d\u00f3lares.<\/p>\n<p style=\"text-align: justify;\">Una vez m\u00e1s, los hinchas de Pe\u00f1arol tenemos que demostrar lo grande que somos y ayudar a Walter y su familia. Es una obligaci\u00f3n que esta familia salga adelante, con el apoyo de todos nosotros, con ese apoyo tan grande como lo es el PUEBLO DE PE\u00d1AROL.<\/p>\n<p style=\"text-align: justify;\">En RED PAGOS, en la cuenta n\u00famero 33518 podemos colaborar con dinero. Pero tambi\u00e9n invitamos a todos los pe\u00f1arolenses a juntar ropa y alimentos no perecederos para entreg\u00e1rselos.<\/p>\n<p style=\"text-align: justify;\">Por donaciones de ropa y alimentos, comunicarse con los siguientes n\u00fameros: 098 821 008 \u2013 091 469 340<\/p>\n<p style=\"text-align: justify;\">Ayudanos a difundir esta noticia. Estaremos muy agradecidos.<\/p>\n<p style=\"text-align: center;\"><img loading=\"lazy\" decoding=\"async\" class=\"aligncenter  wp-image-29681\" src=\"https:\/\/www.padreydecano.com\/cms\/wp-content\/uploads\/2012\/09\/walter2.jpg\" alt=\"\" width=\"567\" height=\"378\" srcset=\"https:\/\/www.padreydecano.com\/cms\/wp-content\/uploads\/2012\/09\/walter2.jpg 900w, https:\/\/www.padreydecano.com\/cms\/wp-content\/uploads\/2012\/09\/walter2-300x200.jpg 300w\" sizes=\"(max-width: 567px) 100vw, 567px\" \/><\/p>\n","protected":false},"excerpt":{"rendered":"<p>Hace algunos d\u00edas en el informativo de Telenoche en Canal 4 conocimos la historia de Walter, que junto a toda su familia, est\u00e1n solicitando ayuda. [youtubegallery] 1HVnd3E_N5w [\/youtubegallery] Walter tiene 39 a\u00f1os, 4 hijos a cargo y gana $56 la hora como guardia de seguridad. En el 2010 tuvieron que amputarle su pierna derecha debido [&hellip;]<\/p>\n","protected":false},"author":10,"featured_media":0,"comment_status":"open","ping_status":"closed","sticky":false,"template":"","format":"standard","meta":{"footnotes":""},"categories":[1],"tags":[101],"yoast_head":"<!-- This site is optimized with the Yoast SEO plugin v23.2 - https:\/\/yoast.com\/wordpress\/plugins\/seo\/ -->\n<title>Solidaridad: Ayudemos a Walter y su familia - Padre y Decano - El Sitio del Pueblo<\/title>\n<meta name=\"robots\" content=\"index, follow, max-snippet:-1, max-image-preview:large, max-video-preview:-1\" \/>\n<link rel=\"canonical\" href=\"https:\/\/www.padreydecano.com\/cms\/noticias\/solidaridad-ayudemos-a-walter-y-su-familia\/\" \/>\n<meta property=\"og:locale\" content=\"es_ES\" \/>\n<meta property=\"og:type\" content=\"article\" \/>\n<meta property=\"og:title\" content=\"Solidaridad: Ayudemos a Walter y su familia - Padre y Decano - El Sitio del Pueblo\" \/>\n<meta property=\"og:description\" content=\"Hace algunos d\u00edas en el informativo de Telenoche en Canal 4 conocimos la historia de Walter, que junto a toda su familia, est\u00e1n solicitando ayuda. [youtubegallery] 1HVnd3E_N5w [\/youtubegallery] Walter tiene 39 a\u00f1os, 4 hijos a cargo y gana $56 la hora como guardia de seguridad. En el 2010 tuvieron que amputarle su pierna derecha debido [&hellip;]\" \/>\n<meta property=\"og:url\" content=\"https:\/\/www.padreydecano.com\/cms\/noticias\/solidaridad-ayudemos-a-walter-y-su-familia\/\" \/>\n<meta property=\"og:site_name\" content=\"Padre y Decano - El Sitio del Pueblo\" \/>\n<meta property=\"article:published_time\" content=\"2012-09-07T16:58:30+00:00\" \/>\n<meta property=\"article:modified_time\" content=\"2012-09-07T18:43:32+00:00\" \/>\n<meta property=\"og:image\" content=\"http:\/\/www.padreydecano.com\/cms\/wp-content\/uploads\/2012\/09\/walter2.jpg\" \/>\n<meta name=\"author\" content=\"fishoapyd\" \/>\n<meta name=\"twitter:card\" content=\"summary_large_image\" \/>\n<meta name=\"twitter:label1\" content=\"Escrito por\" \/>\n\t<meta name=\"twitter:data1\" content=\"fishoapyd\" \/>\n\t<meta name=\"twitter:label2\" content=\"Tiempo de lectura\" \/>\n\t<meta name=\"twitter:data2\" content=\"1 minuto\" \/>\n<script type=\"application\/ld+json\" class=\"yoast-schema-graph\">{\"@context\":\"https:\/\/schema.org\",\"@graph\":[{\"@type\":\"Article\",\"@id\":\"https:\/\/www.padreydecano.com\/cms\/noticias\/solidaridad-ayudemos-a-walter-y-su-familia\/#article\",\"isPartOf\":{\"@id\":\"https:\/\/www.padreydecano.com\/cms\/noticias\/solidaridad-ayudemos-a-walter-y-su-familia\/\"},\"author\":{\"name\":\"fishoapyd\",\"@id\":\"https:\/\/www.padreydecano.com\/cms\/#\/schema\/person\/1376f1ec91158cca7aeef6d2109f929d\"},\"headline\":\"Solidaridad: Ayudemos a Walter y su familia\",\"datePublished\":\"2012-09-07T16:58:30+00:00\",\"dateModified\":\"2012-09-07T18:43:32+00:00\",\"mainEntityOfPage\":{\"@id\":\"https:\/\/www.padreydecano.com\/cms\/noticias\/solidaridad-ayudemos-a-walter-y-su-familia\/\"},\"wordCount\":231,\"commentCount\":7,\"publisher\":{\"@id\":\"https:\/\/www.padreydecano.com\/cms\/#organization\"},\"image\":{\"@id\":\"https:\/\/www.padreydecano.com\/cms\/noticias\/solidaridad-ayudemos-a-walter-y-su-familia\/#primaryimage\"},\"thumbnailUrl\":\"http:\/\/www.padreydecano.com\/cms\/wp-content\/uploads\/2012\/09\/walter2.jpg\",\"keywords\":[\"Movidas Solidarias\"],\"articleSection\":[\"Noticias\"],\"inLanguage\":\"es\",\"potentialAction\":[{\"@type\":\"CommentAction\",\"name\":\"Comment\",\"target\":[\"https:\/\/www.padreydecano.com\/cms\/noticias\/solidaridad-ayudemos-a-walter-y-su-familia\/#respond\"]}]},{\"@type\":\"WebPage\",\"@id\":\"https:\/\/www.padreydecano.com\/cms\/noticias\/solidaridad-ayudemos-a-walter-y-su-familia\/\",\"url\":\"https:\/\/www.padreydecano.com\/cms\/noticias\/solidaridad-ayudemos-a-walter-y-su-familia\/\",\"name\":\"Solidaridad: Ayudemos a Walter y su familia - Padre y Decano - El Sitio del Pueblo\",\"isPartOf\":{\"@id\":\"https:\/\/www.padreydecano.com\/cms\/#website\"},\"primaryImageOfPage\":{\"@id\":\"https:\/\/www.padreydecano.com\/cms\/noticias\/solidaridad-ayudemos-a-walter-y-su-familia\/#primaryimage\"},\"image\":{\"@id\":\"https:\/\/www.padreydecano.com\/cms\/noticias\/solidaridad-ayudemos-a-walter-y-su-familia\/#primaryimage\"},\"thumbnailUrl\":\"http:\/\/www.padreydecano.com\/cms\/wp-content\/uploads\/2012\/09\/walter2.jpg\",\"datePublished\":\"2012-09-07T16:58:30+00:00\",\"dateModified\":\"2012-09-07T18:43:32+00:00\",\"breadcrumb\":{\"@id\":\"https:\/\/www.padreydecano.com\/cms\/noticias\/solidaridad-ayudemos-a-walter-y-su-familia\/#breadcrumb\"},\"inLanguage\":\"es\",\"potentialAction\":[{\"@type\":\"ReadAction\",\"target\":[\"https:\/\/www.padreydecano.com\/cms\/noticias\/solidaridad-ayudemos-a-walter-y-su-familia\/\"]}]},{\"@type\":\"ImageObject\",\"inLanguage\":\"es\",\"@id\":\"https:\/\/www.padreydecano.com\/cms\/noticias\/solidaridad-ayudemos-a-walter-y-su-familia\/#primaryimage\",\"url\":\"http:\/\/www.padreydecano.com\/cms\/wp-content\/uploads\/2012\/09\/walter2.jpg\",\"contentUrl\":\"http:\/\/www.padreydecano.com\/cms\/wp-content\/uploads\/2012\/09\/walter2.jpg\"},{\"@type\":\"BreadcrumbList\",\"@id\":\"https:\/\/www.padreydecano.com\/cms\/noticias\/solidaridad-ayudemos-a-walter-y-su-familia\/#breadcrumb\",\"itemListElement\":[{\"@type\":\"ListItem\",\"position\":1,\"name\":\"Portada\",\"item\":\"https:\/\/www.padreydecano.com\/cms\/\"},{\"@type\":\"ListItem\",\"position\":2,\"name\":\"Solidaridad: Ayudemos a Walter y su familia\"}]},{\"@type\":\"WebSite\",\"@id\":\"https:\/\/www.padreydecano.com\/cms\/#website\",\"url\":\"https:\/\/www.padreydecano.com\/cms\/\",\"name\":\"Padre y Decano - El Sitio del Pueblo\",\"description\":\"Club Atl\u00e9tico Pe\u00f1arol\",\"publisher\":{\"@id\":\"https:\/\/www.padreydecano.com\/cms\/#organization\"},\"potentialAction\":[{\"@type\":\"SearchAction\",\"target\":{\"@type\":\"EntryPoint\",\"urlTemplate\":\"https:\/\/www.padreydecano.com\/cms\/?s={search_term_string}\"},\"query-input\":\"required name=search_term_string\"}],\"inLanguage\":\"es\"},{\"@type\":\"Organization\",\"@id\":\"https:\/\/www.padreydecano.com\/cms\/#organization\",\"name\":\"Padre y Decano\",\"url\":\"https:\/\/www.padreydecano.com\/cms\/\",\"logo\":{\"@type\":\"ImageObject\",\"inLanguage\":\"es\",\"@id\":\"https:\/\/www.padreydecano.com\/cms\/#\/schema\/logo\/image\/\",\"url\":\"https:\/\/www.padreydecano.com\/cms\/wp-content\/uploads\/2022\/01\/avatar-square.png\",\"contentUrl\":\"https:\/\/www.padreydecano.com\/cms\/wp-content\/uploads\/2022\/01\/avatar-square.png\",\"width\":1500,\"height\":1500,\"caption\":\"Padre y Decano\"},\"image\":{\"@id\":\"https:\/\/www.padreydecano.com\/cms\/#\/schema\/logo\/image\/\"}},{\"@type\":\"Person\",\"@id\":\"https:\/\/www.padreydecano.com\/cms\/#\/schema\/person\/1376f1ec91158cca7aeef6d2109f929d\",\"name\":\"fishoapyd\",\"image\":{\"@type\":\"ImageObject\",\"inLanguage\":\"es\",\"@id\":\"https:\/\/www.padreydecano.com\/cms\/#\/schema\/person\/image\/\",\"url\":\"https:\/\/www.padreydecano.com\/cms\/wp-content\/uploads\/2022\/12\/avatar-square-1.png\",\"contentUrl\":\"https:\/\/www.padreydecano.com\/cms\/wp-content\/uploads\/2022\/12\/avatar-square-1.png\",\"caption\":\"fishoapyd\"},\"sameAs\":[\"http:\/\/www.padreydecano.com\"]}]}<\/script>\n<!-- \/ Yoast SEO plugin. -->","yoast_head_json":{"title":"Solidaridad: Ayudemos a Walter y su familia - Padre y Decano - El Sitio del Pueblo","robots":{"index":"index","follow":"follow","max-snippet":"max-snippet:-1","max-image-preview":"max-image-preview:large","max-video-preview":"max-video-preview:-1"},"canonical":"https:\/\/www.padreydecano.com\/cms\/noticias\/solidaridad-ayudemos-a-walter-y-su-familia\/","og_locale":"es_ES","og_type":"article","og_title":"Solidaridad: Ayudemos a Walter y su familia - Padre y Decano - El Sitio del Pueblo","og_description":"Hace algunos d\u00edas en el informativo de Telenoche en Canal 4 conocimos la historia de Walter, que junto a toda su familia, est\u00e1n solicitando ayuda. [youtubegallery] 1HVnd3E_N5w [\/youtubegallery] Walter tiene 39 a\u00f1os, 4 hijos a cargo y gana $56 la hora como guardia de seguridad. En el 2010 tuvieron que amputarle su pierna derecha debido [&hellip;]","og_url":"https:\/\/www.padreydecano.com\/cms\/noticias\/solidaridad-ayudemos-a-walter-y-su-familia\/","og_site_name":"Padre y Decano - El Sitio del Pueblo","article_published_time":"2012-09-07T16:58:30+00:00","article_modified_time":"2012-09-07T18:43:32+00:00","og_image":[{"url":"http:\/\/www.padreydecano.com\/cms\/wp-content\/uploads\/2012\/09\/walter2.jpg"}],"author":"fishoapyd","twitter_card":"summary_large_image","twitter_misc":{"Escrito por":"fishoapyd","Tiempo de lectura":"1 minuto"},"schema":{"@context":"https:\/\/schema.org","@graph":[{"@type":"Article","@id":"https:\/\/www.padreydecano.com\/cms\/noticias\/solidaridad-ayudemos-a-walter-y-su-familia\/#article","isPartOf":{"@id":"https:\/\/www.padreydecano.com\/cms\/noticias\/solidaridad-ayudemos-a-walter-y-su-familia\/"},"author":{"name":"fishoapyd","@id":"https:\/\/www.padreydecano.com\/cms\/#\/schema\/person\/1376f1ec91158cca7aeef6d2109f929d"},"headline":"Solidaridad: Ayudemos a Walter y su familia","datePublished":"2012-09-07T16:58:30+00:00","dateModified":"2012-09-07T18:43:32+00:00","mainEntityOfPage":{"@id":"https:\/\/www.padreydecano.com\/cms\/noticias\/solidaridad-ayudemos-a-walter-y-su-familia\/"},"wordCount":231,"commentCount":7,"publisher":{"@id":"https:\/\/www.padreydecano.com\/cms\/#organization"},"image":{"@id":"https:\/\/www.padreydecano.com\/cms\/noticias\/solidaridad-ayudemos-a-walter-y-su-familia\/#primaryimage"},"thumbnailUrl":"http:\/\/www.padreydecano.com\/cms\/wp-content\/uploads\/2012\/09\/walter2.jpg","keywords":["Movidas Solidarias"],"articleSection":["Noticias"],"inLanguage":"es","potentialAction":[{"@type":"CommentAction","name":"Comment","target":["https:\/\/www.padreydecano.com\/cms\/noticias\/solidaridad-ayudemos-a-walter-y-su-familia\/#respond"]}]},{"@type":"WebPage","@id":"https:\/\/www.padreydecano.com\/cms\/noticias\/solidaridad-ayudemos-a-walter-y-su-familia\/","url":"https:\/\/www.padreydecano.com\/cms\/noticias\/solidaridad-ayudemos-a-walter-y-su-familia\/","name":"Solidaridad: Ayudemos a Walter y su familia - Padre y Decano - El Sitio del Pueblo","isPartOf":{"@id":"https:\/\/www.padreydecano.com\/cms\/#website"},"primaryImageOfPage":{"@id":"https:\/\/www.padreydecano.com\/cms\/noticias\/solidaridad-ayudemos-a-walter-y-su-familia\/#primaryimage"},"image":{"@id":"https:\/\/www.padreydecano.com\/cms\/noticias\/solidaridad-ayudemos-a-walter-y-su-familia\/#primaryimage"},"thumbnailUrl":"http:\/\/www.padreydecano.com\/cms\/wp-content\/uploads\/2012\/09\/walter2.jpg","datePublished":"2012-09-07T16:58:30+00:00","dateModified":"2012-09-07T18:43:32+00:00","breadcrumb":{"@id":"https:\/\/www.padreydecano.com\/cms\/noticias\/solidaridad-ayudemos-a-walter-y-su-familia\/#breadcrumb"},"inLanguage":"es","potentialAction":[{"@type":"ReadAction","target":["https:\/\/www.padreydecano.com\/cms\/noticias\/solidaridad-ayudemos-a-walter-y-su-familia\/"]}]},{"@type":"ImageObject","inLanguage":"es","@id":"https:\/\/www.padreydecano.com\/cms\/noticias\/solidaridad-ayudemos-a-walter-y-su-familia\/#primaryimage","url":"http:\/\/www.padreydecano.com\/cms\/wp-content\/uploads\/2012\/09\/walter2.jpg","contentUrl":"http:\/\/www.padreydecano.com\/cms\/wp-content\/uploads\/2012\/09\/walter2.jpg"},{"@type":"BreadcrumbList","@id":"https:\/\/www.padreydecano.com\/cms\/noticias\/solidaridad-ayudemos-a-walter-y-su-familia\/#breadcrumb","itemListElement":[{"@type":"ListItem","position":1,"name":"Portada","item":"https:\/\/www.padreydecano.com\/cms\/"},{"@type":"ListItem","position":2,"name":"Solidaridad: Ayudemos a Walter y su familia"}]},{"@type":"WebSite","@id":"https:\/\/www.padreydecano.com\/cms\/#website","url":"https:\/\/www.padreydecano.com\/cms\/","name":"Padre y Decano - El Sitio del Pueblo","description":"Club Atl\u00e9tico Pe\u00f1arol","publisher":{"@id":"https:\/\/www.padreydecano.com\/cms\/#organization"},"potentialAction":[{"@type":"SearchAction","target":{"@type":"EntryPoint","urlTemplate":"https:\/\/www.padreydecano.com\/cms\/?s={search_term_string}"},"query-input":"required name=search_term_string"}],"inLanguage":"es"},{"@type":"Organization","@id":"https:\/\/www.padreydecano.com\/cms\/#organization","name":"Padre y Decano","url":"https:\/\/www.padreydecano.com\/cms\/","logo":{"@type":"ImageObject","inLanguage":"es","@id":"https:\/\/www.padreydecano.com\/cms\/#\/schema\/logo\/image\/","url":"https:\/\/www.padreydecano.com\/cms\/wp-content\/uploads\/2022\/01\/avatar-square.png","contentUrl":"https:\/\/www.padreydecano.com\/cms\/wp-content\/uploads\/2022\/01\/avatar-square.png","width":1500,"height":1500,"caption":"Padre y Decano"},"image":{"@id":"https:\/\/www.padreydecano.com\/cms\/#\/schema\/logo\/image\/"}},{"@type":"Person","@id":"https:\/\/www.padreydecano.com\/cms\/#\/schema\/person\/1376f1ec91158cca7aeef6d2109f929d","name":"fishoapyd","image":{"@type":"ImageObject","inLanguage":"es","@id":"https:\/\/www.padreydecano.com\/cms\/#\/schema\/person\/image\/","url":"https:\/\/www.padreydecano.com\/cms\/wp-content\/uploads\/2022\/12\/avatar-square-1.png","contentUrl":"https:\/\/www.padreydecano.com\/cms\/wp-content\/uploads\/2022\/12\/avatar-square-1.png","caption":"fishoapyd"},"sameAs":["http:\/\/www.padreydecano.com"]}]}},"_links":{"self":[{"href":"https:\/\/www.padreydecano.com\/cms\/wp-json\/wp\/v2\/posts\/29680"}],"collection":[{"href":"https:\/\/www.padreydecano.com\/cms\/wp-json\/wp\/v2\/posts"}],"about":[{"href":"https:\/\/www.padreydecano.com\/cms\/wp-json\/wp\/v2\/types\/post"}],"author":[{"embeddable":true,"href":"https:\/\/www.padreydecano.com\/cms\/wp-json\/wp\/v2\/users\/10"}],"replies":[{"embeddable":true,"href":"https:\/\/www.padreydecano.com\/cms\/wp-json\/wp\/v2\/comments?post=29680"}],"version-history":[{"count":0,"href":"https:\/\/www.padreydecano.com\/cms\/wp-json\/wp\/v2\/posts\/29680\/revisions"}],"wp:attachment":[{"href":"https:\/\/www.padreydecano.com\/cms\/wp-json\/wp\/v2\/media?parent=29680"}],"wp:term":[{"taxonomy":"category","embeddable":true,"href":"https:\/\/www.padreydecano.com\/cms\/wp-json\/wp\/v2\/categories?post=29680"},{"taxonomy":"post_tag","embeddable":true,"href":"https:\/\/www.padreydecano.com\/cms\/wp-json\/wp\/v2\/tags?post=29680"}],"curies":[{"name":"wp","href":"https:\/\/api.w.org\/{rel}","templated":true}]}}