{"id":29668,"date":"2012-09-07T10:24:43","date_gmt":"2012-09-07T13:24:43","guid":{"rendered":"http:\/\/www.padreydecano.com\/cms\/?p=29668"},"modified":"2012-09-07T12:35:32","modified_gmt":"2012-09-07T15:35:32","slug":"camiseta-con-nombres-de-los-hinchas-para-los-121-anos","status":"publish","type":"post","link":"https:\/\/www.padreydecano.com\/cms\/noticias\/camiseta-con-nombres-de-los-hinchas-para-los-121-anos\/","title":{"rendered":"Camiseta con nombres de los hinchas para los 121"},"content":{"rendered":"<p style=\"text-align: justify;\"><a href=\"https:\/\/www.padreydecano.com\/cms\/wp-content\/uploads\/2012\/09\/CAMISETA121.jpg\" rel=\"shadowbox[sbpost-29668];player=img;\"><img loading=\"lazy\" decoding=\"async\" class=\"alignright  wp-image-29669\" src=\"https:\/\/www.padreydecano.com\/cms\/wp-content\/uploads\/2012\/09\/CAMISETA121-290x300.jpg\" alt=\"\" width=\"188\" height=\"194\" srcset=\"https:\/\/www.padreydecano.com\/cms\/wp-content\/uploads\/2012\/09\/CAMISETA121-290x300.jpg 290w, https:\/\/www.padreydecano.com\/cms\/wp-content\/uploads\/2012\/09\/CAMISETA121-36x36.jpg 36w, https:\/\/www.padreydecano.com\/cms\/wp-content\/uploads\/2012\/09\/CAMISETA121.jpg 336w\" sizes=\"(max-width: 188px) 100vw, 188px\" \/><\/a>Seg\u00fan informa el periodista Diego P\u00e9rez desde su <a href=\"https:\/\/twitter.com\/dperez_elpais\" target=\"_blank\">Twitter<\/a>, el club implementar\u00e1 una nueva movida de marketing pensando en el aniversario N\u00b0 121 de la instituci\u00f3n, para el que quedan pocas semanas. Esta movida consistir\u00eda en <strong>crear una camiseta con los nombres de m\u00e1s de mil hinchas,<\/strong> inscriptos sobre la tela, la cual vestir\u00e1n los jugadores en el partido siguiente al <a href=\"https:\/\/www.padreydecano.com\/cms\/penarol-decano-futbol-uruguayo\/\" target=\"_blank\">28 de setiembre.<\/a><\/p>\n<p style=\"text-align: justify;\"><span style=\"color: #ffcc02;\"><strong>\u00bfC\u00f3mo hacer para que tu nombre est\u00e9 en la camiseta?<\/strong><\/span><\/p>\n<p style=\"text-align: justify;\">Diego P\u00e9rez informa que la movida tiene cupos limitados y podr\u00e1n participar todos aquellos hinchas que pasen por las tiendas oficiales del club y abonen lo que cuesta actualmente una camiseta oficial de Pe\u00f1arol. Al hacerlo, te dar\u00e1n un c\u00f3digo con el que podr\u00e1s ingresar en la Comunidad Oficial del club y anotarte para poner tu nombre en la camiseta. D\u00edas despues del partido en el que se usar\u00e1 esta camiseta conmemorativa, podr\u00e1s pasar a retirar la tuya.<\/p>\n<div align=\"center\"><div id=\"polls-19\" class=\"wp-polls\">\n\t\t<p style=\"text-align: center; margin-bottom:10px;\"><strong>\u00bfQu\u00e9 te parece la idea de la camiseta conmemorativa con nombres de los hinchas?<\/strong><\/p><div id=\"polls-19-ans\" class=\"wp-polls-ans\"><ul class=\"wp-polls-ul\">\n\t\t<li>Estoy de acuerdo <small>(63%, 479 votos)<\/small><div class=\"pollbar\" style=\"width: 63%;\" title=\"Estoy de acuerdo (63% | 479 votos)\"><\/div><\/li>\n\t\t<li>No estoy de acuerdo <small>(38%, 284 votos)<\/small><div class=\"pollbar\" style=\"width: 38%;\" title=\"No estoy de acuerdo (38% | 284 votos)\"><\/div><\/li>\n\t\t<\/ul><p style=\"text-align: center;\">Total de votantes: <strong>756<\/strong><\/p><\/div>\n\t\t<input type=\"hidden\" id=\"poll_19_nonce\" name=\"wp-polls-nonce\" value=\"4f4810e0f7\" \/>\n<\/div>\n<\/div>\n","protected":false},"excerpt":{"rendered":"<p>Seg\u00fan informa el periodista Diego P\u00e9rez desde su Twitter, el club implementar\u00e1 una nueva movida de marketing pensando en el aniversario N\u00b0 121 de la instituci\u00f3n, para el que quedan pocas semanas. Esta movida consistir\u00eda en crear una camiseta con los nombres de m\u00e1s de mil hinchas, inscriptos sobre la tela, la cual vestir\u00e1n los [&hellip;]<\/p>\n","protected":false},"author":3,"featured_media":29669,"comment_status":"open","ping_status":"closed","sticky":false,"template":"","format":"standard","meta":{"footnotes":""},"categories":[74,1],"tags":[],"yoast_head":"<!-- This site is optimized with the Yoast SEO plugin v23.2 - https:\/\/yoast.com\/wordpress\/plugins\/seo\/ -->\n<title>Camiseta con nombres de los hinchas para los 121 - Padre y Decano - El Sitio del Pueblo<\/title>\n<meta name=\"robots\" content=\"index, follow, max-snippet:-1, max-image-preview:large, max-video-preview:-1\" \/>\n<link rel=\"canonical\" href=\"https:\/\/www.padreydecano.com\/cms\/noticias\/camiseta-con-nombres-de-los-hinchas-para-los-121-anos\/\" \/>\n<meta property=\"og:locale\" content=\"es_ES\" \/>\n<meta property=\"og:type\" content=\"article\" \/>\n<meta property=\"og:title\" content=\"Camiseta con nombres de los hinchas para los 121 - Padre y Decano - El Sitio del Pueblo\" \/>\n<meta property=\"og:description\" content=\"Seg\u00fan informa el periodista Diego P\u00e9rez desde su Twitter, el club implementar\u00e1 una nueva movida de marketing pensando en el aniversario N\u00b0 121 de la instituci\u00f3n, para el que quedan pocas semanas. Esta movida consistir\u00eda en crear una camiseta con los nombres de m\u00e1s de mil hinchas, inscriptos sobre la tela, la cual vestir\u00e1n los [&hellip;]\" \/>\n<meta property=\"og:url\" content=\"https:\/\/www.padreydecano.com\/cms\/noticias\/camiseta-con-nombres-de-los-hinchas-para-los-121-anos\/\" \/>\n<meta property=\"og:site_name\" content=\"Padre y Decano - El Sitio del Pueblo\" \/>\n<meta property=\"article:published_time\" content=\"2012-09-07T13:24:43+00:00\" \/>\n<meta property=\"article:modified_time\" content=\"2012-09-07T15:35:32+00:00\" \/>\n<meta property=\"og:image\" content=\"https:\/\/www.padreydecano.com\/cms\/wp-content\/uploads\/2012\/09\/CAMISETA121.jpg\" \/>\n\t<meta property=\"og:image:width\" content=\"336\" \/>\n\t<meta property=\"og:image:height\" content=\"347\" \/>\n\t<meta property=\"og:image:type\" content=\"image\/jpeg\" \/>\n<meta name=\"author\" content=\"1891\" \/>\n<meta name=\"twitter:card\" content=\"summary_large_image\" \/>\n<meta name=\"twitter:label1\" content=\"Escrito por\" \/>\n\t<meta name=\"twitter:data1\" content=\"1891\" \/>\n\t<meta name=\"twitter:label2\" content=\"Tiempo de lectura\" \/>\n\t<meta name=\"twitter:data2\" content=\"1 minuto\" \/>\n<script type=\"application\/ld+json\" class=\"yoast-schema-graph\">{\"@context\":\"https:\/\/schema.org\",\"@graph\":[{\"@type\":\"Article\",\"@id\":\"https:\/\/www.padreydecano.com\/cms\/noticias\/camiseta-con-nombres-de-los-hinchas-para-los-121-anos\/#article\",\"isPartOf\":{\"@id\":\"https:\/\/www.padreydecano.com\/cms\/noticias\/camiseta-con-nombres-de-los-hinchas-para-los-121-anos\/\"},\"author\":{\"name\":\"1891\",\"@id\":\"https:\/\/www.padreydecano.com\/cms\/#\/schema\/person\/5607c72c38a1537a151b24d1e67535e0\"},\"headline\":\"Camiseta con nombres de los hinchas para los 121\",\"datePublished\":\"2012-09-07T13:24:43+00:00\",\"dateModified\":\"2012-09-07T15:35:32+00:00\",\"mainEntityOfPage\":{\"@id\":\"https:\/\/www.padreydecano.com\/cms\/noticias\/camiseta-con-nombres-de-los-hinchas-para-los-121-anos\/\"},\"wordCount\":175,\"commentCount\":59,\"publisher\":{\"@id\":\"https:\/\/www.padreydecano.com\/cms\/#organization\"},\"image\":{\"@id\":\"https:\/\/www.padreydecano.com\/cms\/noticias\/camiseta-con-nombres-de-los-hinchas-para-los-121-anos\/#primaryimage\"},\"thumbnailUrl\":\"https:\/\/www.padreydecano.com\/cms\/wp-content\/uploads\/2012\/09\/CAMISETA121.jpg\",\"articleSection\":[\"Encuestas\",\"Noticias\"],\"inLanguage\":\"es\",\"potentialAction\":[{\"@type\":\"CommentAction\",\"name\":\"Comment\",\"target\":[\"https:\/\/www.padreydecano.com\/cms\/noticias\/camiseta-con-nombres-de-los-hinchas-para-los-121-anos\/#respond\"]}]},{\"@type\":\"WebPage\",\"@id\":\"https:\/\/www.padreydecano.com\/cms\/noticias\/camiseta-con-nombres-de-los-hinchas-para-los-121-anos\/\",\"url\":\"https:\/\/www.padreydecano.com\/cms\/noticias\/camiseta-con-nombres-de-los-hinchas-para-los-121-anos\/\",\"name\":\"Camiseta con nombres de los hinchas para los 121 - Padre y Decano - El Sitio del Pueblo\",\"isPartOf\":{\"@id\":\"https:\/\/www.padreydecano.com\/cms\/#website\"},\"primaryImageOfPage\":{\"@id\":\"https:\/\/www.padreydecano.com\/cms\/noticias\/camiseta-con-nombres-de-los-hinchas-para-los-121-anos\/#primaryimage\"},\"image\":{\"@id\":\"https:\/\/www.padreydecano.com\/cms\/noticias\/camiseta-con-nombres-de-los-hinchas-para-los-121-anos\/#primaryimage\"},\"thumbnailUrl\":\"https:\/\/www.padreydecano.com\/cms\/wp-content\/uploads\/2012\/09\/CAMISETA121.jpg\",\"datePublished\":\"2012-09-07T13:24:43+00:00\",\"dateModified\":\"2012-09-07T15:35:32+00:00\",\"breadcrumb\":{\"@id\":\"https:\/\/www.padreydecano.com\/cms\/noticias\/camiseta-con-nombres-de-los-hinchas-para-los-121-anos\/#breadcrumb\"},\"inLanguage\":\"es\",\"potentialAction\":[{\"@type\":\"ReadAction\",\"target\":[\"https:\/\/www.padreydecano.com\/cms\/noticias\/camiseta-con-nombres-de-los-hinchas-para-los-121-anos\/\"]}]},{\"@type\":\"ImageObject\",\"inLanguage\":\"es\",\"@id\":\"https:\/\/www.padreydecano.com\/cms\/noticias\/camiseta-con-nombres-de-los-hinchas-para-los-121-anos\/#primaryimage\",\"url\":\"https:\/\/www.padreydecano.com\/cms\/wp-content\/uploads\/2012\/09\/CAMISETA121.jpg\",\"contentUrl\":\"https:\/\/www.padreydecano.com\/cms\/wp-content\/uploads\/2012\/09\/CAMISETA121.jpg\",\"width\":\"336\",\"height\":\"347\"},{\"@type\":\"BreadcrumbList\",\"@id\":\"https:\/\/www.padreydecano.com\/cms\/noticias\/camiseta-con-nombres-de-los-hinchas-para-los-121-anos\/#breadcrumb\",\"itemListElement\":[{\"@type\":\"ListItem\",\"position\":1,\"name\":\"Portada\",\"item\":\"https:\/\/www.padreydecano.com\/cms\/\"},{\"@type\":\"ListItem\",\"position\":2,\"name\":\"Camiseta con nombres de los hinchas para los 121\"}]},{\"@type\":\"WebSite\",\"@id\":\"https:\/\/www.padreydecano.com\/cms\/#website\",\"url\":\"https:\/\/www.padreydecano.com\/cms\/\",\"name\":\"Padre y Decano - El Sitio del Pueblo\",\"description\":\"Club Atl\u00e9tico Pe\u00f1arol\",\"publisher\":{\"@id\":\"https:\/\/www.padreydecano.com\/cms\/#organization\"},\"potentialAction\":[{\"@type\":\"SearchAction\",\"target\":{\"@type\":\"EntryPoint\",\"urlTemplate\":\"https:\/\/www.padreydecano.com\/cms\/?s={search_term_string}\"},\"query-input\":\"required name=search_term_string\"}],\"inLanguage\":\"es\"},{\"@type\":\"Organization\",\"@id\":\"https:\/\/www.padreydecano.com\/cms\/#organization\",\"name\":\"Padre y Decano\",\"url\":\"https:\/\/www.padreydecano.com\/cms\/\",\"logo\":{\"@type\":\"ImageObject\",\"inLanguage\":\"es\",\"@id\":\"https:\/\/www.padreydecano.com\/cms\/#\/schema\/logo\/image\/\",\"url\":\"https:\/\/www.padreydecano.com\/cms\/wp-content\/uploads\/2022\/01\/avatar-square.png\",\"contentUrl\":\"https:\/\/www.padreydecano.com\/cms\/wp-content\/uploads\/2022\/01\/avatar-square.png\",\"width\":1500,\"height\":1500,\"caption\":\"Padre y Decano\"},\"image\":{\"@id\":\"https:\/\/www.padreydecano.com\/cms\/#\/schema\/logo\/image\/\"}},{\"@type\":\"Person\",\"@id\":\"https:\/\/www.padreydecano.com\/cms\/#\/schema\/person\/5607c72c38a1537a151b24d1e67535e0\",\"name\":\"1891\",\"image\":{\"@type\":\"ImageObject\",\"inLanguage\":\"es\",\"@id\":\"https:\/\/www.padreydecano.com\/cms\/#\/schema\/person\/image\/\",\"url\":\"https:\/\/secure.gravatar.com\/avatar\/29d4d1b0d523a21898e8cf9585d259d3?s=96&d=https%3A%2F%2Fpadreydecano.com%2Fcms%2Fwp-content%2Fthemes%2Fpyd-theme%2Fimg%2Fdefault-avatar.png&r=g\",\"contentUrl\":\"https:\/\/secure.gravatar.com\/avatar\/29d4d1b0d523a21898e8cf9585d259d3?s=96&d=https%3A%2F%2Fpadreydecano.com%2Fcms%2Fwp-content%2Fthemes%2Fpyd-theme%2Fimg%2Fdefault-avatar.png&r=g\",\"caption\":\"1891\"}}]}<\/script>\n<!-- \/ Yoast SEO plugin. -->","yoast_head_json":{"title":"Camiseta con nombres de los hinchas para los 121 - Padre y Decano - El Sitio del Pueblo","robots":{"index":"index","follow":"follow","max-snippet":"max-snippet:-1","max-image-preview":"max-image-preview:large","max-video-preview":"max-video-preview:-1"},"canonical":"https:\/\/www.padreydecano.com\/cms\/noticias\/camiseta-con-nombres-de-los-hinchas-para-los-121-anos\/","og_locale":"es_ES","og_type":"article","og_title":"Camiseta con nombres de los hinchas para los 121 - Padre y Decano - El Sitio del Pueblo","og_description":"Seg\u00fan informa el periodista Diego P\u00e9rez desde su Twitter, el club implementar\u00e1 una nueva movida de marketing pensando en el aniversario N\u00b0 121 de la instituci\u00f3n, para el que quedan pocas semanas. Esta movida consistir\u00eda en crear una camiseta con los nombres de m\u00e1s de mil hinchas, inscriptos sobre la tela, la cual vestir\u00e1n los [&hellip;]","og_url":"https:\/\/www.padreydecano.com\/cms\/noticias\/camiseta-con-nombres-de-los-hinchas-para-los-121-anos\/","og_site_name":"Padre y Decano - El Sitio del Pueblo","article_published_time":"2012-09-07T13:24:43+00:00","article_modified_time":"2012-09-07T15:35:32+00:00","og_image":[{"width":336,"height":347,"url":"https:\/\/www.padreydecano.com\/cms\/wp-content\/uploads\/2012\/09\/CAMISETA121.jpg","type":"image\/jpeg"}],"author":"1891","twitter_card":"summary_large_image","twitter_misc":{"Escrito por":"1891","Tiempo de lectura":"1 minuto"},"schema":{"@context":"https:\/\/schema.org","@graph":[{"@type":"Article","@id":"https:\/\/www.padreydecano.com\/cms\/noticias\/camiseta-con-nombres-de-los-hinchas-para-los-121-anos\/#article","isPartOf":{"@id":"https:\/\/www.padreydecano.com\/cms\/noticias\/camiseta-con-nombres-de-los-hinchas-para-los-121-anos\/"},"author":{"name":"1891","@id":"https:\/\/www.padreydecano.com\/cms\/#\/schema\/person\/5607c72c38a1537a151b24d1e67535e0"},"headline":"Camiseta con nombres de los hinchas para los 121","datePublished":"2012-09-07T13:24:43+00:00","dateModified":"2012-09-07T15:35:32+00:00","mainEntityOfPage":{"@id":"https:\/\/www.padreydecano.com\/cms\/noticias\/camiseta-con-nombres-de-los-hinchas-para-los-121-anos\/"},"wordCount":175,"commentCount":59,"publisher":{"@id":"https:\/\/www.padreydecano.com\/cms\/#organization"},"image":{"@id":"https:\/\/www.padreydecano.com\/cms\/noticias\/camiseta-con-nombres-de-los-hinchas-para-los-121-anos\/#primaryimage"},"thumbnailUrl":"https:\/\/www.padreydecano.com\/cms\/wp-content\/uploads\/2012\/09\/CAMISETA121.jpg","articleSection":["Encuestas","Noticias"],"inLanguage":"es","potentialAction":[{"@type":"CommentAction","name":"Comment","target":["https:\/\/www.padreydecano.com\/cms\/noticias\/camiseta-con-nombres-de-los-hinchas-para-los-121-anos\/#respond"]}]},{"@type":"WebPage","@id":"https:\/\/www.padreydecano.com\/cms\/noticias\/camiseta-con-nombres-de-los-hinchas-para-los-121-anos\/","url":"https:\/\/www.padreydecano.com\/cms\/noticias\/camiseta-con-nombres-de-los-hinchas-para-los-121-anos\/","name":"Camiseta con nombres de los hinchas para los 121 - Padre y Decano - El Sitio del Pueblo","isPartOf":{"@id":"https:\/\/www.padreydecano.com\/cms\/#website"},"primaryImageOfPage":{"@id":"https:\/\/www.padreydecano.com\/cms\/noticias\/camiseta-con-nombres-de-los-hinchas-para-los-121-anos\/#primaryimage"},"image":{"@id":"https:\/\/www.padreydecano.com\/cms\/noticias\/camiseta-con-nombres-de-los-hinchas-para-los-121-anos\/#primaryimage"},"thumbnailUrl":"https:\/\/www.padreydecano.com\/cms\/wp-content\/uploads\/2012\/09\/CAMISETA121.jpg","datePublished":"2012-09-07T13:24:43+00:00","dateModified":"2012-09-07T15:35:32+00:00","breadcrumb":{"@id":"https:\/\/www.padreydecano.com\/cms\/noticias\/camiseta-con-nombres-de-los-hinchas-para-los-121-anos\/#breadcrumb"},"inLanguage":"es","potentialAction":[{"@type":"ReadAction","target":["https:\/\/www.padreydecano.com\/cms\/noticias\/camiseta-con-nombres-de-los-hinchas-para-los-121-anos\/"]}]},{"@type":"ImageObject","inLanguage":"es","@id":"https:\/\/www.padreydecano.com\/cms\/noticias\/camiseta-con-nombres-de-los-hinchas-para-los-121-anos\/#primaryimage","url":"https:\/\/www.padreydecano.com\/cms\/wp-content\/uploads\/2012\/09\/CAMISETA121.jpg","contentUrl":"https:\/\/www.padreydecano.com\/cms\/wp-content\/uploads\/2012\/09\/CAMISETA121.jpg","width":"336","height":"347"},{"@type":"BreadcrumbList","@id":"https:\/\/www.padreydecano.com\/cms\/noticias\/camiseta-con-nombres-de-los-hinchas-para-los-121-anos\/#breadcrumb","itemListElement":[{"@type":"ListItem","position":1,"name":"Portada","item":"https:\/\/www.padreydecano.com\/cms\/"},{"@type":"ListItem","position":2,"name":"Camiseta con nombres de los hinchas para los 121"}]},{"@type":"WebSite","@id":"https:\/\/www.padreydecano.com\/cms\/#website","url":"https:\/\/www.padreydecano.com\/cms\/","name":"Padre y Decano - El Sitio del Pueblo","description":"Club Atl\u00e9tico Pe\u00f1arol","publisher":{"@id":"https:\/\/www.padreydecano.com\/cms\/#organization"},"potentialAction":[{"@type":"SearchAction","target":{"@type":"EntryPoint","urlTemplate":"https:\/\/www.padreydecano.com\/cms\/?s={search_term_string}"},"query-input":"required name=search_term_string"}],"inLanguage":"es"},{"@type":"Organization","@id":"https:\/\/www.padreydecano.com\/cms\/#organization","name":"Padre y Decano","url":"https:\/\/www.padreydecano.com\/cms\/","logo":{"@type":"ImageObject","inLanguage":"es","@id":"https:\/\/www.padreydecano.com\/cms\/#\/schema\/logo\/image\/","url":"https:\/\/www.padreydecano.com\/cms\/wp-content\/uploads\/2022\/01\/avatar-square.png","contentUrl":"https:\/\/www.padreydecano.com\/cms\/wp-content\/uploads\/2022\/01\/avatar-square.png","width":1500,"height":1500,"caption":"Padre y Decano"},"image":{"@id":"https:\/\/www.padreydecano.com\/cms\/#\/schema\/logo\/image\/"}},{"@type":"Person","@id":"https:\/\/www.padreydecano.com\/cms\/#\/schema\/person\/5607c72c38a1537a151b24d1e67535e0","name":"1891","image":{"@type":"ImageObject","inLanguage":"es","@id":"https:\/\/www.padreydecano.com\/cms\/#\/schema\/person\/image\/","url":"https:\/\/secure.gravatar.com\/avatar\/29d4d1b0d523a21898e8cf9585d259d3?s=96&d=https%3A%2F%2Fpadreydecano.com%2Fcms%2Fwp-content%2Fthemes%2Fpyd-theme%2Fimg%2Fdefault-avatar.png&r=g","contentUrl":"https:\/\/secure.gravatar.com\/avatar\/29d4d1b0d523a21898e8cf9585d259d3?s=96&d=https%3A%2F%2Fpadreydecano.com%2Fcms%2Fwp-content%2Fthemes%2Fpyd-theme%2Fimg%2Fdefault-avatar.png&r=g","caption":"1891"}}]}},"_links":{"self":[{"href":"https:\/\/www.padreydecano.com\/cms\/wp-json\/wp\/v2\/posts\/29668"}],"collection":[{"href":"https:\/\/www.padreydecano.com\/cms\/wp-json\/wp\/v2\/posts"}],"about":[{"href":"https:\/\/www.padreydecano.com\/cms\/wp-json\/wp\/v2\/types\/post"}],"author":[{"embeddable":true,"href":"https:\/\/www.padreydecano.com\/cms\/wp-json\/wp\/v2\/users\/3"}],"replies":[{"embeddable":true,"href":"https:\/\/www.padreydecano.com\/cms\/wp-json\/wp\/v2\/comments?post=29668"}],"version-history":[{"count":0,"href":"https:\/\/www.padreydecano.com\/cms\/wp-json\/wp\/v2\/posts\/29668\/revisions"}],"wp:featuredmedia":[{"embeddable":true,"href":"https:\/\/www.padreydecano.com\/cms\/wp-json\/wp\/v2\/media\/29669"}],"wp:attachment":[{"href":"https:\/\/www.padreydecano.com\/cms\/wp-json\/wp\/v2\/media?parent=29668"}],"wp:term":[{"taxonomy":"category","embeddable":true,"href":"https:\/\/www.padreydecano.com\/cms\/wp-json\/wp\/v2\/categories?post=29668"},{"taxonomy":"post_tag","embeddable":true,"href":"https:\/\/www.padreydecano.com\/cms\/wp-json\/wp\/v2\/tags?post=29668"}],"curies":[{"name":"wp","href":"https:\/\/api.w.org\/{rel}","templated":true}]}}