{"id":29651,"date":"2012-09-05T19:39:27","date_gmt":"2012-09-05T22:39:27","guid":{"rendered":"http:\/\/www.padreydecano.com\/cms\/?p=29651"},"modified":"2012-09-05T19:47:14","modified_gmt":"2012-09-05T22:47:14","slug":"ultimos-dias-de-120-en-cartel","status":"publish","type":"post","link":"https:\/\/www.padreydecano.com\/cms\/noticias\/ultimos-dias-de-120-en-cartel\/","title":{"rendered":"\u00daltimos d\u00edas de \u00ab120\u00bb en cartel"},"content":{"rendered":"<div id=\"attachment_27722\" style=\"width: 250px\" class=\"wp-caption alignright\"><img loading=\"lazy\" decoding=\"async\" aria-describedby=\"caption-attachment-27722\" class=\"wp-image-27722 \" src=\"https:\/\/www.padreydecano.com\/cms\/wp-content\/uploads\/2012\/08\/DSC_0120-300x199.jpg\" alt=\"\" width=\"240\" height=\"159\" srcset=\"https:\/\/www.padreydecano.com\/cms\/wp-content\/uploads\/2012\/08\/DSC_0120-300x199.jpg 300w, https:\/\/www.padreydecano.com\/cms\/wp-content\/uploads\/2012\/08\/DSC_0120.jpg 800w\" sizes=\"(max-width: 240px) 100vw, 240px\" \/><p id=\"caption-attachment-27722\" class=\"wp-caption-text\">Gon\u00e7alves y \u00c1lvez en el <a href=\"https:\/\/www.padreydecano.com\/cms\/historias-clasicas\/el-clasico-sin-golero\/\" target=\"_blank\">cl\u00e1sico sin golero.<\/a><\/p><\/div>\n<p style=\"text-align: justify;\"><strong>Ya van m\u00e1s de 11 mil espectadores<\/strong>\u00a0que vivieron la emoci\u00f3n de repasar los mejores momentos de la historia del <a href=\"https:\/\/www.padreydecano.com\/cms\/el-club-del-siglo-xx-de-america-del-sur\/\" target=\"_blank\">campe\u00f3n del siglo<\/a> con la pel\u00edcula <a href=\"https:\/\/www.padreydecano.com\/cms\/tag\/pelicula-120\/\" target=\"_blank\">\u201c120. Ser\u00e1s eterno como el tiempo\u201d<\/a>. Un film que ning\u00fan manya puede dejar de ver, ya que repasa momentos inolvidables de las m\u00e1s grandes conquistas del club.<\/p>\n<p style=\"text-align: justify;\">Luego de 4 semanas en cartel, la segunda pel\u00edcula carbonera viene siendo un \u00e9xito dentro del cine nacional. Alentamos a todos los que todav\u00eda no fueron al cine que aprovechen los\u00a0<strong>\u00faltimos d\u00edas en los cuales estar\u00e1 disponible en salas.<\/strong><\/p>\n<p style=\"text-align: justify;\"><span style=\"color: #ffcc02;\"><strong>Beneficio:\u00a0<\/strong><\/span>Los socios de Pe\u00f1arol <strong>en la capital tendr\u00e1n 2\u00d71 en el cine<\/strong>. Es imprescindible presentar el carn\u00e9 de socio. <strong>Con que una de las dos personas est\u00e9 asociado al club ya alcanza.<\/strong><\/p>\n<p style=\"text-align: justify;\"><span style=\"color: #ffcc02;\"><strong>A continuaci\u00f3n compartimos los horarios de aqu\u00ed hasta el fin de semana:<\/strong><\/span><\/p>\n<ul>\n<li><strong>Mi\u00e9rcoles 5:<\/strong> 21.50 hs. Montevideo Shopping (MovieCenter)<\/li>\n<li><strong>Jueves 6:<\/strong> 21.50 hs. Montevideo Shopping (MovieCenter)<\/li>\n<li><strong>Viernes 7:<\/strong> 18.00 hs. Montevideo Shopping (MovieCenter)<\/li>\n<li><strong>S\u00e1bado 8:<\/strong> 18.00 hs. Montevideo Shopping (MovieCenter)<\/li>\n<li><strong>Domingo 9:<\/strong> 18.00 hs. Montevideo Shopping (MovieCenter)<\/li>\n<\/ul>\n<p style=\"text-align: justify;\"><span style=\"color: #ffcc02;\"><strong>Fechas en el interior:<\/strong><\/span><\/p>\n<ul>\n<li><strong>Melo:<\/strong> 07\/09\u00a0 al 09\/09.<\/li>\n<li><strong>Fray Bentos:<\/strong> 08\/09 al 09\/09 (2\u00aa exhibici\u00f3n).<\/li>\n<li><strong>Rocha:<\/strong> 12\/09 al 13\/09 (si es necesaria alguna funci\u00f3n adicional).<\/li>\n<li><strong>Young:<\/strong> 15\/09 al 16\/09.<\/li>\n<li><strong>Santa Luc\u00eda:<\/strong> 15\/09 al 16\/09.<\/li>\n<li><strong>Nueva Palmira:<\/strong> 27\/09.<\/li>\n<li><strong>Libertad (San Jos\u00e9):<\/strong> 28\/09.<\/li>\n<\/ul>\n<p><strong>Por consultas de horarios y precios dirigirse a su cine local.<\/strong><\/p>\n<p style=\"text-align: justify;\">Trailer oficial de <strong>\u00ab120. Ser\u00e1s eterno como el tiempo\u00bb.<\/strong><\/p>\n<div align=\"center\">\n<table class=\"video\" width=\"528\">\n<tbody>\n<tr>\n<td><iframe loading=\"lazy\" src=\"http:\/\/www.youtube.com\/embed\/x3e6fLLevkc\" frameborder=\"0\" width=\"560\" height=\"315\"><\/iframe><\/td>\n<\/tr>\n<\/tbody>\n<\/table>\n<\/div>\n","protected":false},"excerpt":{"rendered":"<p>Ya van m\u00e1s de 11 mil espectadores\u00a0que vivieron la emoci\u00f3n de repasar los mejores momentos de la historia del campe\u00f3n del siglo con la pel\u00edcula \u201c120. Ser\u00e1s eterno como el tiempo\u201d. Un film que ning\u00fan manya puede dejar de ver, ya que repasa momentos inolvidables de las m\u00e1s grandes conquistas del club. Luego de 4 [&hellip;]<\/p>\n","protected":false},"author":16,"featured_media":27700,"comment_status":"open","ping_status":"closed","sticky":false,"template":"","format":"standard","meta":{"footnotes":""},"categories":[1],"tags":[],"yoast_head":"<!-- This site is optimized with the Yoast SEO plugin v23.2 - https:\/\/yoast.com\/wordpress\/plugins\/seo\/ -->\n<title>\u00daltimos d\u00edas de &quot;120&quot; en cartel - Padre y Decano - El Sitio del Pueblo<\/title>\n<meta name=\"robots\" content=\"index, follow, max-snippet:-1, max-image-preview:large, max-video-preview:-1\" \/>\n<link rel=\"canonical\" href=\"https:\/\/www.padreydecano.com\/cms\/noticias\/ultimos-dias-de-120-en-cartel\/\" \/>\n<meta property=\"og:locale\" content=\"es_ES\" \/>\n<meta property=\"og:type\" content=\"article\" \/>\n<meta property=\"og:title\" content=\"\u00daltimos d\u00edas de &quot;120&quot; en cartel - Padre y Decano - El Sitio del Pueblo\" \/>\n<meta property=\"og:description\" content=\"Ya van m\u00e1s de 11 mil espectadores\u00a0que vivieron la emoci\u00f3n de repasar los mejores momentos de la historia del campe\u00f3n del siglo con la pel\u00edcula \u201c120. Ser\u00e1s eterno como el tiempo\u201d. Un film que ning\u00fan manya puede dejar de ver, ya que repasa momentos inolvidables de las m\u00e1s grandes conquistas del club. Luego de 4 [&hellip;]\" \/>\n<meta property=\"og:url\" content=\"https:\/\/www.padreydecano.com\/cms\/noticias\/ultimos-dias-de-120-en-cartel\/\" \/>\n<meta property=\"og:site_name\" content=\"Padre y Decano - El Sitio del Pueblo\" \/>\n<meta property=\"article:published_time\" content=\"2012-09-05T22:39:27+00:00\" \/>\n<meta property=\"article:modified_time\" content=\"2012-09-05T22:47:14+00:00\" \/>\n<meta property=\"og:image\" content=\"https:\/\/www.padreydecano.com\/cms\/wp-content\/uploads\/2012\/08\/DSC_0029.jpg\" \/>\n\t<meta property=\"og:image:width\" content=\"800\" \/>\n\t<meta property=\"og:image:height\" content=\"532\" \/>\n\t<meta property=\"og:image:type\" content=\"image\/jpeg\" \/>\n<meta name=\"author\" content=\"mariano\" \/>\n<meta name=\"twitter:card\" content=\"summary_large_image\" \/>\n<meta name=\"twitter:label1\" content=\"Escrito por\" \/>\n\t<meta name=\"twitter:data1\" content=\"mariano\" \/>\n\t<meta name=\"twitter:label2\" content=\"Tiempo de lectura\" \/>\n\t<meta name=\"twitter:data2\" content=\"1 minuto\" \/>\n<script type=\"application\/ld+json\" class=\"yoast-schema-graph\">{\"@context\":\"https:\/\/schema.org\",\"@graph\":[{\"@type\":\"Article\",\"@id\":\"https:\/\/www.padreydecano.com\/cms\/noticias\/ultimos-dias-de-120-en-cartel\/#article\",\"isPartOf\":{\"@id\":\"https:\/\/www.padreydecano.com\/cms\/noticias\/ultimos-dias-de-120-en-cartel\/\"},\"author\":{\"name\":\"mariano\",\"@id\":\"https:\/\/www.padreydecano.com\/cms\/#\/schema\/person\/da0f0e72c91242bc7c270c61c9798d01\"},\"headline\":\"\u00daltimos d\u00edas de \u00ab120\u00bb en cartel\",\"datePublished\":\"2012-09-05T22:39:27+00:00\",\"dateModified\":\"2012-09-05T22:47:14+00:00\",\"mainEntityOfPage\":{\"@id\":\"https:\/\/www.padreydecano.com\/cms\/noticias\/ultimos-dias-de-120-en-cartel\/\"},\"wordCount\":248,\"commentCount\":3,\"publisher\":{\"@id\":\"https:\/\/www.padreydecano.com\/cms\/#organization\"},\"image\":{\"@id\":\"https:\/\/www.padreydecano.com\/cms\/noticias\/ultimos-dias-de-120-en-cartel\/#primaryimage\"},\"thumbnailUrl\":\"https:\/\/www.padreydecano.com\/cms\/wp-content\/uploads\/2012\/08\/DSC_0029.jpg\",\"articleSection\":[\"Noticias\"],\"inLanguage\":\"es\",\"potentialAction\":[{\"@type\":\"CommentAction\",\"name\":\"Comment\",\"target\":[\"https:\/\/www.padreydecano.com\/cms\/noticias\/ultimos-dias-de-120-en-cartel\/#respond\"]}]},{\"@type\":\"WebPage\",\"@id\":\"https:\/\/www.padreydecano.com\/cms\/noticias\/ultimos-dias-de-120-en-cartel\/\",\"url\":\"https:\/\/www.padreydecano.com\/cms\/noticias\/ultimos-dias-de-120-en-cartel\/\",\"name\":\"\u00daltimos d\u00edas de \\\"120\\\" en cartel - Padre y Decano - El Sitio del Pueblo\",\"isPartOf\":{\"@id\":\"https:\/\/www.padreydecano.com\/cms\/#website\"},\"primaryImageOfPage\":{\"@id\":\"https:\/\/www.padreydecano.com\/cms\/noticias\/ultimos-dias-de-120-en-cartel\/#primaryimage\"},\"image\":{\"@id\":\"https:\/\/www.padreydecano.com\/cms\/noticias\/ultimos-dias-de-120-en-cartel\/#primaryimage\"},\"thumbnailUrl\":\"https:\/\/www.padreydecano.com\/cms\/wp-content\/uploads\/2012\/08\/DSC_0029.jpg\",\"datePublished\":\"2012-09-05T22:39:27+00:00\",\"dateModified\":\"2012-09-05T22:47:14+00:00\",\"breadcrumb\":{\"@id\":\"https:\/\/www.padreydecano.com\/cms\/noticias\/ultimos-dias-de-120-en-cartel\/#breadcrumb\"},\"inLanguage\":\"es\",\"potentialAction\":[{\"@type\":\"ReadAction\",\"target\":[\"https:\/\/www.padreydecano.com\/cms\/noticias\/ultimos-dias-de-120-en-cartel\/\"]}]},{\"@type\":\"ImageObject\",\"inLanguage\":\"es\",\"@id\":\"https:\/\/www.padreydecano.com\/cms\/noticias\/ultimos-dias-de-120-en-cartel\/#primaryimage\",\"url\":\"https:\/\/www.padreydecano.com\/cms\/wp-content\/uploads\/2012\/08\/DSC_0029.jpg\",\"contentUrl\":\"https:\/\/www.padreydecano.com\/cms\/wp-content\/uploads\/2012\/08\/DSC_0029.jpg\",\"width\":\"800\",\"height\":\"532\"},{\"@type\":\"BreadcrumbList\",\"@id\":\"https:\/\/www.padreydecano.com\/cms\/noticias\/ultimos-dias-de-120-en-cartel\/#breadcrumb\",\"itemListElement\":[{\"@type\":\"ListItem\",\"position\":1,\"name\":\"Portada\",\"item\":\"https:\/\/www.padreydecano.com\/cms\/\"},{\"@type\":\"ListItem\",\"position\":2,\"name\":\"\u00daltimos d\u00edas de \u00ab120\u00bb en cartel\"}]},{\"@type\":\"WebSite\",\"@id\":\"https:\/\/www.padreydecano.com\/cms\/#website\",\"url\":\"https:\/\/www.padreydecano.com\/cms\/\",\"name\":\"Padre y Decano - El Sitio del Pueblo\",\"description\":\"Club Atl\u00e9tico Pe\u00f1arol\",\"publisher\":{\"@id\":\"https:\/\/www.padreydecano.com\/cms\/#organization\"},\"potentialAction\":[{\"@type\":\"SearchAction\",\"target\":{\"@type\":\"EntryPoint\",\"urlTemplate\":\"https:\/\/www.padreydecano.com\/cms\/?s={search_term_string}\"},\"query-input\":\"required name=search_term_string\"}],\"inLanguage\":\"es\"},{\"@type\":\"Organization\",\"@id\":\"https:\/\/www.padreydecano.com\/cms\/#organization\",\"name\":\"Padre y Decano\",\"url\":\"https:\/\/www.padreydecano.com\/cms\/\",\"logo\":{\"@type\":\"ImageObject\",\"inLanguage\":\"es\",\"@id\":\"https:\/\/www.padreydecano.com\/cms\/#\/schema\/logo\/image\/\",\"url\":\"https:\/\/www.padreydecano.com\/cms\/wp-content\/uploads\/2022\/01\/avatar-square.png\",\"contentUrl\":\"https:\/\/www.padreydecano.com\/cms\/wp-content\/uploads\/2022\/01\/avatar-square.png\",\"width\":1500,\"height\":1500,\"caption\":\"Padre y Decano\"},\"image\":{\"@id\":\"https:\/\/www.padreydecano.com\/cms\/#\/schema\/logo\/image\/\"}},{\"@type\":\"Person\",\"@id\":\"https:\/\/www.padreydecano.com\/cms\/#\/schema\/person\/da0f0e72c91242bc7c270c61c9798d01\",\"name\":\"mariano\",\"image\":{\"@type\":\"ImageObject\",\"inLanguage\":\"es\",\"@id\":\"https:\/\/www.padreydecano.com\/cms\/#\/schema\/person\/image\/\",\"url\":\"https:\/\/secure.gravatar.com\/avatar\/771335714915d00ec253a5e994c2f830?s=96&d=https%3A%2F%2Fpadreydecano.com%2Fcms%2Fwp-content%2Fthemes%2Fpyd-theme%2Fimg%2Fdefault-avatar.png&r=g\",\"contentUrl\":\"https:\/\/secure.gravatar.com\/avatar\/771335714915d00ec253a5e994c2f830?s=96&d=https%3A%2F%2Fpadreydecano.com%2Fcms%2Fwp-content%2Fthemes%2Fpyd-theme%2Fimg%2Fdefault-avatar.png&r=g\",\"caption\":\"mariano\"}}]}<\/script>\n<!-- \/ Yoast SEO plugin. -->","yoast_head_json":{"title":"\u00daltimos d\u00edas de \"120\" en cartel - Padre y Decano - El Sitio del Pueblo","robots":{"index":"index","follow":"follow","max-snippet":"max-snippet:-1","max-image-preview":"max-image-preview:large","max-video-preview":"max-video-preview:-1"},"canonical":"https:\/\/www.padreydecano.com\/cms\/noticias\/ultimos-dias-de-120-en-cartel\/","og_locale":"es_ES","og_type":"article","og_title":"\u00daltimos d\u00edas de \"120\" en cartel - Padre y Decano - El Sitio del Pueblo","og_description":"Ya van m\u00e1s de 11 mil espectadores\u00a0que vivieron la emoci\u00f3n de repasar los mejores momentos de la historia del campe\u00f3n del siglo con la pel\u00edcula \u201c120. Ser\u00e1s eterno como el tiempo\u201d. Un film que ning\u00fan manya puede dejar de ver, ya que repasa momentos inolvidables de las m\u00e1s grandes conquistas del club. Luego de 4 [&hellip;]","og_url":"https:\/\/www.padreydecano.com\/cms\/noticias\/ultimos-dias-de-120-en-cartel\/","og_site_name":"Padre y Decano - El Sitio del Pueblo","article_published_time":"2012-09-05T22:39:27+00:00","article_modified_time":"2012-09-05T22:47:14+00:00","og_image":[{"width":800,"height":532,"url":"https:\/\/www.padreydecano.com\/cms\/wp-content\/uploads\/2012\/08\/DSC_0029.jpg","type":"image\/jpeg"}],"author":"mariano","twitter_card":"summary_large_image","twitter_misc":{"Escrito por":"mariano","Tiempo de lectura":"1 minuto"},"schema":{"@context":"https:\/\/schema.org","@graph":[{"@type":"Article","@id":"https:\/\/www.padreydecano.com\/cms\/noticias\/ultimos-dias-de-120-en-cartel\/#article","isPartOf":{"@id":"https:\/\/www.padreydecano.com\/cms\/noticias\/ultimos-dias-de-120-en-cartel\/"},"author":{"name":"mariano","@id":"https:\/\/www.padreydecano.com\/cms\/#\/schema\/person\/da0f0e72c91242bc7c270c61c9798d01"},"headline":"\u00daltimos d\u00edas de \u00ab120\u00bb en cartel","datePublished":"2012-09-05T22:39:27+00:00","dateModified":"2012-09-05T22:47:14+00:00","mainEntityOfPage":{"@id":"https:\/\/www.padreydecano.com\/cms\/noticias\/ultimos-dias-de-120-en-cartel\/"},"wordCount":248,"commentCount":3,"publisher":{"@id":"https:\/\/www.padreydecano.com\/cms\/#organization"},"image":{"@id":"https:\/\/www.padreydecano.com\/cms\/noticias\/ultimos-dias-de-120-en-cartel\/#primaryimage"},"thumbnailUrl":"https:\/\/www.padreydecano.com\/cms\/wp-content\/uploads\/2012\/08\/DSC_0029.jpg","articleSection":["Noticias"],"inLanguage":"es","potentialAction":[{"@type":"CommentAction","name":"Comment","target":["https:\/\/www.padreydecano.com\/cms\/noticias\/ultimos-dias-de-120-en-cartel\/#respond"]}]},{"@type":"WebPage","@id":"https:\/\/www.padreydecano.com\/cms\/noticias\/ultimos-dias-de-120-en-cartel\/","url":"https:\/\/www.padreydecano.com\/cms\/noticias\/ultimos-dias-de-120-en-cartel\/","name":"\u00daltimos d\u00edas de \"120\" en cartel - Padre y Decano - El Sitio del Pueblo","isPartOf":{"@id":"https:\/\/www.padreydecano.com\/cms\/#website"},"primaryImageOfPage":{"@id":"https:\/\/www.padreydecano.com\/cms\/noticias\/ultimos-dias-de-120-en-cartel\/#primaryimage"},"image":{"@id":"https:\/\/www.padreydecano.com\/cms\/noticias\/ultimos-dias-de-120-en-cartel\/#primaryimage"},"thumbnailUrl":"https:\/\/www.padreydecano.com\/cms\/wp-content\/uploads\/2012\/08\/DSC_0029.jpg","datePublished":"2012-09-05T22:39:27+00:00","dateModified":"2012-09-05T22:47:14+00:00","breadcrumb":{"@id":"https:\/\/www.padreydecano.com\/cms\/noticias\/ultimos-dias-de-120-en-cartel\/#breadcrumb"},"inLanguage":"es","potentialAction":[{"@type":"ReadAction","target":["https:\/\/www.padreydecano.com\/cms\/noticias\/ultimos-dias-de-120-en-cartel\/"]}]},{"@type":"ImageObject","inLanguage":"es","@id":"https:\/\/www.padreydecano.com\/cms\/noticias\/ultimos-dias-de-120-en-cartel\/#primaryimage","url":"https:\/\/www.padreydecano.com\/cms\/wp-content\/uploads\/2012\/08\/DSC_0029.jpg","contentUrl":"https:\/\/www.padreydecano.com\/cms\/wp-content\/uploads\/2012\/08\/DSC_0029.jpg","width":"800","height":"532"},{"@type":"BreadcrumbList","@id":"https:\/\/www.padreydecano.com\/cms\/noticias\/ultimos-dias-de-120-en-cartel\/#breadcrumb","itemListElement":[{"@type":"ListItem","position":1,"name":"Portada","item":"https:\/\/www.padreydecano.com\/cms\/"},{"@type":"ListItem","position":2,"name":"\u00daltimos d\u00edas de \u00ab120\u00bb en cartel"}]},{"@type":"WebSite","@id":"https:\/\/www.padreydecano.com\/cms\/#website","url":"https:\/\/www.padreydecano.com\/cms\/","name":"Padre y Decano - El Sitio del Pueblo","description":"Club Atl\u00e9tico Pe\u00f1arol","publisher":{"@id":"https:\/\/www.padreydecano.com\/cms\/#organization"},"potentialAction":[{"@type":"SearchAction","target":{"@type":"EntryPoint","urlTemplate":"https:\/\/www.padreydecano.com\/cms\/?s={search_term_string}"},"query-input":"required name=search_term_string"}],"inLanguage":"es"},{"@type":"Organization","@id":"https:\/\/www.padreydecano.com\/cms\/#organization","name":"Padre y Decano","url":"https:\/\/www.padreydecano.com\/cms\/","logo":{"@type":"ImageObject","inLanguage":"es","@id":"https:\/\/www.padreydecano.com\/cms\/#\/schema\/logo\/image\/","url":"https:\/\/www.padreydecano.com\/cms\/wp-content\/uploads\/2022\/01\/avatar-square.png","contentUrl":"https:\/\/www.padreydecano.com\/cms\/wp-content\/uploads\/2022\/01\/avatar-square.png","width":1500,"height":1500,"caption":"Padre y Decano"},"image":{"@id":"https:\/\/www.padreydecano.com\/cms\/#\/schema\/logo\/image\/"}},{"@type":"Person","@id":"https:\/\/www.padreydecano.com\/cms\/#\/schema\/person\/da0f0e72c91242bc7c270c61c9798d01","name":"mariano","image":{"@type":"ImageObject","inLanguage":"es","@id":"https:\/\/www.padreydecano.com\/cms\/#\/schema\/person\/image\/","url":"https:\/\/secure.gravatar.com\/avatar\/771335714915d00ec253a5e994c2f830?s=96&d=https%3A%2F%2Fpadreydecano.com%2Fcms%2Fwp-content%2Fthemes%2Fpyd-theme%2Fimg%2Fdefault-avatar.png&r=g","contentUrl":"https:\/\/secure.gravatar.com\/avatar\/771335714915d00ec253a5e994c2f830?s=96&d=https%3A%2F%2Fpadreydecano.com%2Fcms%2Fwp-content%2Fthemes%2Fpyd-theme%2Fimg%2Fdefault-avatar.png&r=g","caption":"mariano"}}]}},"_links":{"self":[{"href":"https:\/\/www.padreydecano.com\/cms\/wp-json\/wp\/v2\/posts\/29651"}],"collection":[{"href":"https:\/\/www.padreydecano.com\/cms\/wp-json\/wp\/v2\/posts"}],"about":[{"href":"https:\/\/www.padreydecano.com\/cms\/wp-json\/wp\/v2\/types\/post"}],"author":[{"embeddable":true,"href":"https:\/\/www.padreydecano.com\/cms\/wp-json\/wp\/v2\/users\/16"}],"replies":[{"embeddable":true,"href":"https:\/\/www.padreydecano.com\/cms\/wp-json\/wp\/v2\/comments?post=29651"}],"version-history":[{"count":0,"href":"https:\/\/www.padreydecano.com\/cms\/wp-json\/wp\/v2\/posts\/29651\/revisions"}],"wp:featuredmedia":[{"embeddable":true,"href":"https:\/\/www.padreydecano.com\/cms\/wp-json\/wp\/v2\/media\/27700"}],"wp:attachment":[{"href":"https:\/\/www.padreydecano.com\/cms\/wp-json\/wp\/v2\/media?parent=29651"}],"wp:term":[{"taxonomy":"category","embeddable":true,"href":"https:\/\/www.padreydecano.com\/cms\/wp-json\/wp\/v2\/categories?post=29651"},{"taxonomy":"post_tag","embeddable":true,"href":"https:\/\/www.padreydecano.com\/cms\/wp-json\/wp\/v2\/tags?post=29651"}],"curies":[{"name":"wp","href":"https:\/\/api.w.org\/{rel}","templated":true}]}}