{"id":29543,"date":"2012-09-05T13:54:34","date_gmt":"2012-09-05T16:54:34","guid":{"rendered":"http:\/\/www.padreydecano.com\/cms\/?p=29543"},"modified":"2012-09-06T14:56:08","modified_gmt":"2012-09-06T17:56:08","slug":"gaston-ramirez-sigue-siendo-de-penarol","status":"publish","type":"post","link":"https:\/\/www.padreydecano.com\/cms\/noticias\/gaston-ramirez-sigue-siendo-de-penarol\/","title":{"rendered":"Gast\u00f3n Ramirez sigue siendo de Pe\u00f1arol"},"content":{"rendered":"<p style=\"text-align: justify;\"><img loading=\"lazy\" decoding=\"async\" class=\"alignright  wp-image-29544\" src=\"https:\/\/www.padreydecano.com\/cms\/wp-content\/uploads\/2012\/09\/Gast\u00f3n-Ram\u00edrez2-300x228.jpg\" alt=\"\" width=\"240\" height=\"182\" srcset=\"https:\/\/www.padreydecano.com\/cms\/wp-content\/uploads\/2012\/09\/Gast\u00f3n-Ram\u00edrez2-300x228.jpg 300w, https:\/\/www.padreydecano.com\/cms\/wp-content\/uploads\/2012\/09\/Gast\u00f3n-Ram\u00edrez2.jpg 492w\" sizes=\"(max-width: 240px) 100vw, 240px\" \/>La transferencia de Gast\u00f3n Ramirez de Bologna a\u00a0Southampton se ha seguido muy de cerca por todos los hinchas de Pe\u00f1arol.\u00a0<strong>Los derechos formativos del jugador se cobrar\u00e1n en estos d\u00edas; lo que sigue manteniendo Pe\u00f1arol es la opci\u00f3n de \u201cfutura venta\u201d.<\/strong>\u00a0Esta cl\u00e1usula simplemente <strong>fue trasladada de una instituci\u00f3n a otra.\u00a0<\/strong>Pe\u00f1arol pasa a ser \u00absocio\u00bb de Southampton.<\/p>\n<p style=\"text-align: justify;\">Por lo tanto <strong>Pe\u00f1arol sigue teniendo una parte del jugador.<\/strong> Esta situaci\u00f3n es una apuesta a futuro; el jugador de 21 a\u00f1os es una de las promesas m\u00e1s importantes que tiene el f\u00fatbol uruguayo y su posibilidad de seguir subiendo escalones a nivel internacional parece inminente.<\/p>\n<p style=\"text-align: justify;\"><strong>En la pr\u00f3xima transferencia Pe\u00f1arol cobrar\u00e1 un porcentaje sobre el precio final<\/strong>.\u00a0El porcentaje de Gast\u00f3n Ram\u00edrez como <a href=\"https:\/\/www.padreydecano.com\/cms\/noticias\/el-porcentaje-de-ramirez\/\" target=\"_blank\">dijimos anteriormente es del 10%<\/a>.\u00a0La directiva aurinegra apoy\u00f3 de forma un\u00e1nime pasar a ser \u201csocios\u201d con el Southampton, una medida que parece acertada y que solamente el futuro lo definir\u00e1.<\/p>\n","protected":false},"excerpt":{"rendered":"<p>La transferencia de Gast\u00f3n Ramirez de Bologna a\u00a0Southampton se ha seguido muy de cerca por todos los hinchas de Pe\u00f1arol.\u00a0Los derechos formativos del jugador se cobrar\u00e1n en estos d\u00edas; lo que sigue manteniendo Pe\u00f1arol es la opci\u00f3n de \u201cfutura venta\u201d.\u00a0Esta cl\u00e1usula simplemente fue trasladada de una instituci\u00f3n a otra.\u00a0Pe\u00f1arol pasa a ser \u00absocio\u00bb de Southampton. [&hellip;]<\/p>\n","protected":false},"author":2,"featured_media":29544,"comment_status":"open","ping_status":"closed","sticky":false,"template":"","format":"standard","meta":{"footnotes":""},"categories":[1],"tags":[26],"yoast_head":"<!-- This site is optimized with the Yoast SEO plugin v23.2 - https:\/\/yoast.com\/wordpress\/plugins\/seo\/ -->\n<title>Gast\u00f3n Ramirez sigue siendo de Pe\u00f1arol - Padre y Decano - El Sitio del Pueblo<\/title>\n<meta name=\"robots\" content=\"index, follow, max-snippet:-1, max-image-preview:large, max-video-preview:-1\" \/>\n<link rel=\"canonical\" href=\"https:\/\/www.padreydecano.com\/cms\/noticias\/gaston-ramirez-sigue-siendo-de-penarol\/\" \/>\n<meta property=\"og:locale\" content=\"es_ES\" \/>\n<meta property=\"og:type\" content=\"article\" \/>\n<meta property=\"og:title\" content=\"Gast\u00f3n Ramirez sigue siendo de Pe\u00f1arol - Padre y Decano - El Sitio del Pueblo\" \/>\n<meta property=\"og:description\" content=\"La transferencia de Gast\u00f3n Ramirez de Bologna a\u00a0Southampton se ha seguido muy de cerca por todos los hinchas de Pe\u00f1arol.\u00a0Los derechos formativos del jugador se cobrar\u00e1n en estos d\u00edas; lo que sigue manteniendo Pe\u00f1arol es la opci\u00f3n de \u201cfutura venta\u201d.\u00a0Esta cl\u00e1usula simplemente fue trasladada de una instituci\u00f3n a otra.\u00a0Pe\u00f1arol pasa a ser \u00absocio\u00bb de Southampton. [&hellip;]\" \/>\n<meta property=\"og:url\" content=\"https:\/\/www.padreydecano.com\/cms\/noticias\/gaston-ramirez-sigue-siendo-de-penarol\/\" \/>\n<meta property=\"og:site_name\" content=\"Padre y Decano - El Sitio del Pueblo\" \/>\n<meta property=\"article:published_time\" content=\"2012-09-05T16:54:34+00:00\" \/>\n<meta property=\"article:modified_time\" content=\"2012-09-06T17:56:08+00:00\" \/>\n<meta property=\"og:image\" content=\"https:\/\/www.padreydecano.com\/cms\/wp-content\/uploads\/2012\/09\/Gast\u00f3n-Ram\u00edrez2.jpg\" \/>\n\t<meta property=\"og:image:width\" content=\"492\" \/>\n\t<meta property=\"og:image:height\" content=\"375\" \/>\n\t<meta property=\"og:image:type\" content=\"image\/jpeg\" \/>\n<meta name=\"author\" content=\"Gonzalo16\" \/>\n<meta name=\"twitter:card\" content=\"summary_large_image\" \/>\n<meta name=\"twitter:label1\" content=\"Escrito por\" \/>\n\t<meta name=\"twitter:data1\" content=\"Gonzalo16\" \/>\n\t<meta name=\"twitter:label2\" content=\"Tiempo de lectura\" \/>\n\t<meta name=\"twitter:data2\" content=\"1 minuto\" \/>\n<script type=\"application\/ld+json\" class=\"yoast-schema-graph\">{\"@context\":\"https:\/\/schema.org\",\"@graph\":[{\"@type\":\"Article\",\"@id\":\"https:\/\/www.padreydecano.com\/cms\/noticias\/gaston-ramirez-sigue-siendo-de-penarol\/#article\",\"isPartOf\":{\"@id\":\"https:\/\/www.padreydecano.com\/cms\/noticias\/gaston-ramirez-sigue-siendo-de-penarol\/\"},\"author\":{\"name\":\"Gonzalo16\",\"@id\":\"https:\/\/www.padreydecano.com\/cms\/#\/schema\/person\/7fe41e3e335700ebd387196df2f9a8d4\"},\"headline\":\"Gast\u00f3n Ramirez sigue siendo de Pe\u00f1arol\",\"datePublished\":\"2012-09-05T16:54:34+00:00\",\"dateModified\":\"2012-09-06T17:56:08+00:00\",\"mainEntityOfPage\":{\"@id\":\"https:\/\/www.padreydecano.com\/cms\/noticias\/gaston-ramirez-sigue-siendo-de-penarol\/\"},\"wordCount\":179,\"commentCount\":10,\"publisher\":{\"@id\":\"https:\/\/www.padreydecano.com\/cms\/#organization\"},\"image\":{\"@id\":\"https:\/\/www.padreydecano.com\/cms\/noticias\/gaston-ramirez-sigue-siendo-de-penarol\/#primaryimage\"},\"thumbnailUrl\":\"https:\/\/www.padreydecano.com\/cms\/wp-content\/uploads\/2012\/09\/Gast\u00f3n-Ram\u00edrez2.jpg\",\"keywords\":[\"Mercado de pases\"],\"articleSection\":[\"Noticias\"],\"inLanguage\":\"es\",\"potentialAction\":[{\"@type\":\"CommentAction\",\"name\":\"Comment\",\"target\":[\"https:\/\/www.padreydecano.com\/cms\/noticias\/gaston-ramirez-sigue-siendo-de-penarol\/#respond\"]}]},{\"@type\":\"WebPage\",\"@id\":\"https:\/\/www.padreydecano.com\/cms\/noticias\/gaston-ramirez-sigue-siendo-de-penarol\/\",\"url\":\"https:\/\/www.padreydecano.com\/cms\/noticias\/gaston-ramirez-sigue-siendo-de-penarol\/\",\"name\":\"Gast\u00f3n Ramirez sigue siendo de Pe\u00f1arol - Padre y Decano - El Sitio del Pueblo\",\"isPartOf\":{\"@id\":\"https:\/\/www.padreydecano.com\/cms\/#website\"},\"primaryImageOfPage\":{\"@id\":\"https:\/\/www.padreydecano.com\/cms\/noticias\/gaston-ramirez-sigue-siendo-de-penarol\/#primaryimage\"},\"image\":{\"@id\":\"https:\/\/www.padreydecano.com\/cms\/noticias\/gaston-ramirez-sigue-siendo-de-penarol\/#primaryimage\"},\"thumbnailUrl\":\"https:\/\/www.padreydecano.com\/cms\/wp-content\/uploads\/2012\/09\/Gast\u00f3n-Ram\u00edrez2.jpg\",\"datePublished\":\"2012-09-05T16:54:34+00:00\",\"dateModified\":\"2012-09-06T17:56:08+00:00\",\"breadcrumb\":{\"@id\":\"https:\/\/www.padreydecano.com\/cms\/noticias\/gaston-ramirez-sigue-siendo-de-penarol\/#breadcrumb\"},\"inLanguage\":\"es\",\"potentialAction\":[{\"@type\":\"ReadAction\",\"target\":[\"https:\/\/www.padreydecano.com\/cms\/noticias\/gaston-ramirez-sigue-siendo-de-penarol\/\"]}]},{\"@type\":\"ImageObject\",\"inLanguage\":\"es\",\"@id\":\"https:\/\/www.padreydecano.com\/cms\/noticias\/gaston-ramirez-sigue-siendo-de-penarol\/#primaryimage\",\"url\":\"https:\/\/www.padreydecano.com\/cms\/wp-content\/uploads\/2012\/09\/Gast\u00f3n-Ram\u00edrez2.jpg\",\"contentUrl\":\"https:\/\/www.padreydecano.com\/cms\/wp-content\/uploads\/2012\/09\/Gast\u00f3n-Ram\u00edrez2.jpg\",\"width\":\"492\",\"height\":\"375\"},{\"@type\":\"BreadcrumbList\",\"@id\":\"https:\/\/www.padreydecano.com\/cms\/noticias\/gaston-ramirez-sigue-siendo-de-penarol\/#breadcrumb\",\"itemListElement\":[{\"@type\":\"ListItem\",\"position\":1,\"name\":\"Portada\",\"item\":\"https:\/\/www.padreydecano.com\/cms\/\"},{\"@type\":\"ListItem\",\"position\":2,\"name\":\"Gast\u00f3n Ramirez sigue siendo de Pe\u00f1arol\"}]},{\"@type\":\"WebSite\",\"@id\":\"https:\/\/www.padreydecano.com\/cms\/#website\",\"url\":\"https:\/\/www.padreydecano.com\/cms\/\",\"name\":\"Padre y Decano - El Sitio del Pueblo\",\"description\":\"Club Atl\u00e9tico Pe\u00f1arol\",\"publisher\":{\"@id\":\"https:\/\/www.padreydecano.com\/cms\/#organization\"},\"potentialAction\":[{\"@type\":\"SearchAction\",\"target\":{\"@type\":\"EntryPoint\",\"urlTemplate\":\"https:\/\/www.padreydecano.com\/cms\/?s={search_term_string}\"},\"query-input\":\"required name=search_term_string\"}],\"inLanguage\":\"es\"},{\"@type\":\"Organization\",\"@id\":\"https:\/\/www.padreydecano.com\/cms\/#organization\",\"name\":\"Padre y Decano\",\"url\":\"https:\/\/www.padreydecano.com\/cms\/\",\"logo\":{\"@type\":\"ImageObject\",\"inLanguage\":\"es\",\"@id\":\"https:\/\/www.padreydecano.com\/cms\/#\/schema\/logo\/image\/\",\"url\":\"https:\/\/www.padreydecano.com\/cms\/wp-content\/uploads\/2022\/01\/avatar-square.png\",\"contentUrl\":\"https:\/\/www.padreydecano.com\/cms\/wp-content\/uploads\/2022\/01\/avatar-square.png\",\"width\":1500,\"height\":1500,\"caption\":\"Padre y Decano\"},\"image\":{\"@id\":\"https:\/\/www.padreydecano.com\/cms\/#\/schema\/logo\/image\/\"}},{\"@type\":\"Person\",\"@id\":\"https:\/\/www.padreydecano.com\/cms\/#\/schema\/person\/7fe41e3e335700ebd387196df2f9a8d4\",\"name\":\"Gonzalo16\",\"image\":{\"@type\":\"ImageObject\",\"inLanguage\":\"es\",\"@id\":\"https:\/\/www.padreydecano.com\/cms\/#\/schema\/person\/image\/\",\"url\":\"https:\/\/secure.gravatar.com\/avatar\/4d5cdd49803a2313c01f77e3dfc05d81?s=96&d=https%3A%2F%2Fpadreydecano.com%2Fcms%2Fwp-content%2Fthemes%2Fpyd-theme%2Fimg%2Fdefault-avatar.png&r=g\",\"contentUrl\":\"https:\/\/secure.gravatar.com\/avatar\/4d5cdd49803a2313c01f77e3dfc05d81?s=96&d=https%3A%2F%2Fpadreydecano.com%2Fcms%2Fwp-content%2Fthemes%2Fpyd-theme%2Fimg%2Fdefault-avatar.png&r=g\",\"caption\":\"Gonzalo16\"}}]}<\/script>\n<!-- \/ Yoast SEO plugin. -->","yoast_head_json":{"title":"Gast\u00f3n Ramirez sigue siendo de Pe\u00f1arol - Padre y Decano - El Sitio del Pueblo","robots":{"index":"index","follow":"follow","max-snippet":"max-snippet:-1","max-image-preview":"max-image-preview:large","max-video-preview":"max-video-preview:-1"},"canonical":"https:\/\/www.padreydecano.com\/cms\/noticias\/gaston-ramirez-sigue-siendo-de-penarol\/","og_locale":"es_ES","og_type":"article","og_title":"Gast\u00f3n Ramirez sigue siendo de Pe\u00f1arol - Padre y Decano - El Sitio del Pueblo","og_description":"La transferencia de Gast\u00f3n Ramirez de Bologna a\u00a0Southampton se ha seguido muy de cerca por todos los hinchas de Pe\u00f1arol.\u00a0Los derechos formativos del jugador se cobrar\u00e1n en estos d\u00edas; lo que sigue manteniendo Pe\u00f1arol es la opci\u00f3n de \u201cfutura venta\u201d.\u00a0Esta cl\u00e1usula simplemente fue trasladada de una instituci\u00f3n a otra.\u00a0Pe\u00f1arol pasa a ser \u00absocio\u00bb de Southampton. [&hellip;]","og_url":"https:\/\/www.padreydecano.com\/cms\/noticias\/gaston-ramirez-sigue-siendo-de-penarol\/","og_site_name":"Padre y Decano - El Sitio del Pueblo","article_published_time":"2012-09-05T16:54:34+00:00","article_modified_time":"2012-09-06T17:56:08+00:00","og_image":[{"width":492,"height":375,"url":"https:\/\/www.padreydecano.com\/cms\/wp-content\/uploads\/2012\/09\/Gast\u00f3n-Ram\u00edrez2.jpg","type":"image\/jpeg"}],"author":"Gonzalo16","twitter_card":"summary_large_image","twitter_misc":{"Escrito por":"Gonzalo16","Tiempo de lectura":"1 minuto"},"schema":{"@context":"https:\/\/schema.org","@graph":[{"@type":"Article","@id":"https:\/\/www.padreydecano.com\/cms\/noticias\/gaston-ramirez-sigue-siendo-de-penarol\/#article","isPartOf":{"@id":"https:\/\/www.padreydecano.com\/cms\/noticias\/gaston-ramirez-sigue-siendo-de-penarol\/"},"author":{"name":"Gonzalo16","@id":"https:\/\/www.padreydecano.com\/cms\/#\/schema\/person\/7fe41e3e335700ebd387196df2f9a8d4"},"headline":"Gast\u00f3n Ramirez sigue siendo de Pe\u00f1arol","datePublished":"2012-09-05T16:54:34+00:00","dateModified":"2012-09-06T17:56:08+00:00","mainEntityOfPage":{"@id":"https:\/\/www.padreydecano.com\/cms\/noticias\/gaston-ramirez-sigue-siendo-de-penarol\/"},"wordCount":179,"commentCount":10,"publisher":{"@id":"https:\/\/www.padreydecano.com\/cms\/#organization"},"image":{"@id":"https:\/\/www.padreydecano.com\/cms\/noticias\/gaston-ramirez-sigue-siendo-de-penarol\/#primaryimage"},"thumbnailUrl":"https:\/\/www.padreydecano.com\/cms\/wp-content\/uploads\/2012\/09\/Gast\u00f3n-Ram\u00edrez2.jpg","keywords":["Mercado de pases"],"articleSection":["Noticias"],"inLanguage":"es","potentialAction":[{"@type":"CommentAction","name":"Comment","target":["https:\/\/www.padreydecano.com\/cms\/noticias\/gaston-ramirez-sigue-siendo-de-penarol\/#respond"]}]},{"@type":"WebPage","@id":"https:\/\/www.padreydecano.com\/cms\/noticias\/gaston-ramirez-sigue-siendo-de-penarol\/","url":"https:\/\/www.padreydecano.com\/cms\/noticias\/gaston-ramirez-sigue-siendo-de-penarol\/","name":"Gast\u00f3n Ramirez sigue siendo de Pe\u00f1arol - Padre y Decano - El Sitio del Pueblo","isPartOf":{"@id":"https:\/\/www.padreydecano.com\/cms\/#website"},"primaryImageOfPage":{"@id":"https:\/\/www.padreydecano.com\/cms\/noticias\/gaston-ramirez-sigue-siendo-de-penarol\/#primaryimage"},"image":{"@id":"https:\/\/www.padreydecano.com\/cms\/noticias\/gaston-ramirez-sigue-siendo-de-penarol\/#primaryimage"},"thumbnailUrl":"https:\/\/www.padreydecano.com\/cms\/wp-content\/uploads\/2012\/09\/Gast\u00f3n-Ram\u00edrez2.jpg","datePublished":"2012-09-05T16:54:34+00:00","dateModified":"2012-09-06T17:56:08+00:00","breadcrumb":{"@id":"https:\/\/www.padreydecano.com\/cms\/noticias\/gaston-ramirez-sigue-siendo-de-penarol\/#breadcrumb"},"inLanguage":"es","potentialAction":[{"@type":"ReadAction","target":["https:\/\/www.padreydecano.com\/cms\/noticias\/gaston-ramirez-sigue-siendo-de-penarol\/"]}]},{"@type":"ImageObject","inLanguage":"es","@id":"https:\/\/www.padreydecano.com\/cms\/noticias\/gaston-ramirez-sigue-siendo-de-penarol\/#primaryimage","url":"https:\/\/www.padreydecano.com\/cms\/wp-content\/uploads\/2012\/09\/Gast\u00f3n-Ram\u00edrez2.jpg","contentUrl":"https:\/\/www.padreydecano.com\/cms\/wp-content\/uploads\/2012\/09\/Gast\u00f3n-Ram\u00edrez2.jpg","width":"492","height":"375"},{"@type":"BreadcrumbList","@id":"https:\/\/www.padreydecano.com\/cms\/noticias\/gaston-ramirez-sigue-siendo-de-penarol\/#breadcrumb","itemListElement":[{"@type":"ListItem","position":1,"name":"Portada","item":"https:\/\/www.padreydecano.com\/cms\/"},{"@type":"ListItem","position":2,"name":"Gast\u00f3n Ramirez sigue siendo de Pe\u00f1arol"}]},{"@type":"WebSite","@id":"https:\/\/www.padreydecano.com\/cms\/#website","url":"https:\/\/www.padreydecano.com\/cms\/","name":"Padre y Decano - El Sitio del Pueblo","description":"Club Atl\u00e9tico Pe\u00f1arol","publisher":{"@id":"https:\/\/www.padreydecano.com\/cms\/#organization"},"potentialAction":[{"@type":"SearchAction","target":{"@type":"EntryPoint","urlTemplate":"https:\/\/www.padreydecano.com\/cms\/?s={search_term_string}"},"query-input":"required name=search_term_string"}],"inLanguage":"es"},{"@type":"Organization","@id":"https:\/\/www.padreydecano.com\/cms\/#organization","name":"Padre y Decano","url":"https:\/\/www.padreydecano.com\/cms\/","logo":{"@type":"ImageObject","inLanguage":"es","@id":"https:\/\/www.padreydecano.com\/cms\/#\/schema\/logo\/image\/","url":"https:\/\/www.padreydecano.com\/cms\/wp-content\/uploads\/2022\/01\/avatar-square.png","contentUrl":"https:\/\/www.padreydecano.com\/cms\/wp-content\/uploads\/2022\/01\/avatar-square.png","width":1500,"height":1500,"caption":"Padre y Decano"},"image":{"@id":"https:\/\/www.padreydecano.com\/cms\/#\/schema\/logo\/image\/"}},{"@type":"Person","@id":"https:\/\/www.padreydecano.com\/cms\/#\/schema\/person\/7fe41e3e335700ebd387196df2f9a8d4","name":"Gonzalo16","image":{"@type":"ImageObject","inLanguage":"es","@id":"https:\/\/www.padreydecano.com\/cms\/#\/schema\/person\/image\/","url":"https:\/\/secure.gravatar.com\/avatar\/4d5cdd49803a2313c01f77e3dfc05d81?s=96&d=https%3A%2F%2Fpadreydecano.com%2Fcms%2Fwp-content%2Fthemes%2Fpyd-theme%2Fimg%2Fdefault-avatar.png&r=g","contentUrl":"https:\/\/secure.gravatar.com\/avatar\/4d5cdd49803a2313c01f77e3dfc05d81?s=96&d=https%3A%2F%2Fpadreydecano.com%2Fcms%2Fwp-content%2Fthemes%2Fpyd-theme%2Fimg%2Fdefault-avatar.png&r=g","caption":"Gonzalo16"}}]}},"_links":{"self":[{"href":"https:\/\/www.padreydecano.com\/cms\/wp-json\/wp\/v2\/posts\/29543"}],"collection":[{"href":"https:\/\/www.padreydecano.com\/cms\/wp-json\/wp\/v2\/posts"}],"about":[{"href":"https:\/\/www.padreydecano.com\/cms\/wp-json\/wp\/v2\/types\/post"}],"author":[{"embeddable":true,"href":"https:\/\/www.padreydecano.com\/cms\/wp-json\/wp\/v2\/users\/2"}],"replies":[{"embeddable":true,"href":"https:\/\/www.padreydecano.com\/cms\/wp-json\/wp\/v2\/comments?post=29543"}],"version-history":[{"count":0,"href":"https:\/\/www.padreydecano.com\/cms\/wp-json\/wp\/v2\/posts\/29543\/revisions"}],"wp:featuredmedia":[{"embeddable":true,"href":"https:\/\/www.padreydecano.com\/cms\/wp-json\/wp\/v2\/media\/29544"}],"wp:attachment":[{"href":"https:\/\/www.padreydecano.com\/cms\/wp-json\/wp\/v2\/media?parent=29543"}],"wp:term":[{"taxonomy":"category","embeddable":true,"href":"https:\/\/www.padreydecano.com\/cms\/wp-json\/wp\/v2\/categories?post=29543"},{"taxonomy":"post_tag","embeddable":true,"href":"https:\/\/www.padreydecano.com\/cms\/wp-json\/wp\/v2\/tags?post=29543"}],"curies":[{"name":"wp","href":"https:\/\/api.w.org\/{rel}","templated":true}]}}