{"id":29537,"date":"2012-09-05T12:38:44","date_gmt":"2012-09-05T15:38:44","guid":{"rendered":"http:\/\/www.padreydecano.com\/cms\/?p=29537"},"modified":"2012-09-06T14:56:18","modified_gmt":"2012-09-06T17:56:18","slug":"osvaldo-gimenez-respondio","status":"publish","type":"post","link":"https:\/\/www.padreydecano.com\/cms\/noticias\/osvaldo-gimenez-respondio\/","title":{"rendered":"Osvaldo Gim\u00e9nez respondi\u00f3"},"content":{"rendered":"<p style=\"text-align: justify;\"><a href=\"https:\/\/www.padreydecano.com\/cms\/wp-content\/uploads\/2012\/09\/og.jpg\" rel=\"shadowbox[sbpost-29537];player=img;\"><img loading=\"lazy\" decoding=\"async\" class=\"alignright  wp-image-29539\" src=\"https:\/\/www.padreydecano.com\/cms\/wp-content\/uploads\/2012\/09\/og.jpg\" alt=\"\" width=\"221\" height=\"146\" \/><\/a>Aparte de vivir un mal momento en lo deportivo (logramos solo 1 punto de 6 tras la <a href=\"https:\/\/www.padreydecano.com\/cms\/partidos\/peor-arranque-imposible\/\" target=\"_blank\">derrota frente a F\u00e9nix<\/a> y el <a href=\"https:\/\/www.padreydecano.com\/cms\/partidos\/empate-agridulce\/\" target=\"_blank\">empate frente a River<\/a>), la semana viene bastante movida en la interna del club. Primero fueron las <a href=\"https:\/\/www.padreydecano.com\/cms\/encuestas\/welker-vs-prudente-penarol-vs-audaf\/\" target=\"_blank\">declaraciones de Welker sobre el \u00e1rbitro L\u00edber Prudente<\/a> diciendo que no estaba capacitado para dirigir en primera, lo que gener\u00f3 que la AUDAF decidiera no arbitrarle m\u00e1s a Pe\u00f1arol hasta que el vice-presidente se rectifique; posteriormente en el Consejo Directivo<a href=\"https:\/\/www.padreydecano.com\/cms\/noticias\/la-comision-directiva-respaldo-a-welker\/\" target=\"_blank\"> se decidi\u00f3 apoyar las declaraciones de Welker<\/a> y en la misma reuni\u00f3n lleg\u00f3 un mail de Ricardo Rachetti comunicando que <a title=\"Rachetti le retir\u00f3 la confianza a Osvaldo Gim\u00e9nez\" href=\"https:\/\/www.padreydecano.com\/cms\/noticias\/rachetti-le-retiro-la-confianza-a-osvaldo-gimenez\/\" target=\"_blank\">le retiraba la confianza a Osvaldo Gim\u00e9nez<\/a>.<\/p>\n<p style=\"text-align: justify;\"><strong>El gerente deportivo del club fue contactado por el programa radial \u00abA fondo\u00bb de la 1010 AM y expres\u00f3:<\/strong><\/p>\n<ul>\n<li style=\"text-align: justify;\">\u00abEn Pe\u00f1arol se act\u00faa en forma democr\u00e1tica y en consenso\u00bb<\/li>\n<li style=\"text-align: justify;\">\u00abEl debe es lo deportivo, pero el club est\u00e1 andando en forma espectacular\u00bb<\/li>\n<li style=\"text-align: justify;\">\u00abYo dije desde el primer d\u00eda que ven\u00eda a Pe\u00f1arol para dar todo dentro de mis posibilidades; en el 2010 salimos campeones uruguayos y al a\u00f1o siguiente vicecampeones de Am\u00e9rica\u00bb<\/li>\n<li style=\"text-align: justify;\">\u00abYo siempre digo que no soy piloto de avion en tormenta en esto del f\u00fatbol, los resultados no me cambian el humor\u00bb<\/li>\n<li style=\"text-align: justify;\">\u00abMas all\u00e1 de las cosas que se dijeron, yo no ten\u00eda conocimiento sobre la situaci\u00f3n de Bologna; Pe\u00f1arol y yo actuamos de forma muy profesional\u00bb<\/li>\n<li style=\"text-align: justify;\">\u00abPor suerte no estoy atado a ninguna butaca\u00bb<\/li>\n<li style=\"text-align: justify;\">\u00abHago mi trabajo con mucho entusiasmo, con mucho gusto\u00bb<\/li>\n<li style=\"text-align: justify;\">\u00abLos que estamos trabajando en el club nos debemos a la gente\u00bb<\/li>\n<li style=\"text-align: justify;\">\u00abSoy el primer responsable de todo lo malo que ha pasado en Pe\u00f1arol en lo deportivo desde que llegu\u00e9, pero\u00a0tambi\u00e9n\u00a0de\u00a0todo lo bueno\u00bb<\/li>\n<li style=\"text-align: justify;\">\u00abSi hay alguna cr\u00edtica la acepto, pero a nadie le gusta que le manejen la cabeza\u00bb<\/li>\n<li style=\"text-align: justify;\">\u00abEn el plantel no hay problemas disciplinarios\u00bb<\/li>\n<li style=\"text-align: justify;\">\u00abHay que barrer para adentro, cuando hubo que hacer algo en el tema de disciplina se hizo\u00bb<\/li>\n<li style=\"text-align: justify;\">\u00abMe manejo como en mi vida privada, el f\u00fatbol no va a cambiar mi manera de actuar\u00bb<\/li>\n<li style=\"text-align: justify;\">\u00abNo pienso en volver a China\u00bb<\/li>\n<li style=\"text-align: justify;\">\u00abVoy a esperar que Rachetti se comunique conmigo, a m\u00ed no me mand\u00f3 ning\u00fan mail\u00bb<\/li>\n<li style=\"text-align: justify;\">\u00abEn el pr\u00f3ximo consejo si alguien quiere cambiar el rumbo se decidir\u00e1 en la directiva\u00bb<\/li>\n<\/ul>\n","protected":false},"excerpt":{"rendered":"<p>Aparte de vivir un mal momento en lo deportivo (logramos solo 1 punto de 6 tras la derrota frente a F\u00e9nix y el empate frente a River), la semana viene bastante movida en la interna del club. Primero fueron las declaraciones de Welker sobre el \u00e1rbitro L\u00edber Prudente diciendo que no estaba capacitado para dirigir [&hellip;]<\/p>\n","protected":false},"author":3,"featured_media":0,"comment_status":"open","ping_status":"closed","sticky":false,"template":"","format":"standard","meta":{"footnotes":""},"categories":[1],"tags":[],"yoast_head":"<!-- This site is optimized with the Yoast SEO plugin v23.2 - https:\/\/yoast.com\/wordpress\/plugins\/seo\/ -->\n<title>Osvaldo Gim\u00e9nez respondi\u00f3 - Padre y Decano - El Sitio del Pueblo<\/title>\n<meta name=\"robots\" content=\"index, follow, max-snippet:-1, max-image-preview:large, max-video-preview:-1\" \/>\n<link rel=\"canonical\" href=\"https:\/\/www.padreydecano.com\/cms\/noticias\/osvaldo-gimenez-respondio\/\" \/>\n<meta property=\"og:locale\" content=\"es_ES\" \/>\n<meta property=\"og:type\" content=\"article\" \/>\n<meta property=\"og:title\" content=\"Osvaldo Gim\u00e9nez respondi\u00f3 - Padre y Decano - El Sitio del Pueblo\" \/>\n<meta property=\"og:description\" content=\"Aparte de vivir un mal momento en lo deportivo (logramos solo 1 punto de 6 tras la derrota frente a F\u00e9nix y el empate frente a River), la semana viene bastante movida en la interna del club. Primero fueron las declaraciones de Welker sobre el \u00e1rbitro L\u00edber Prudente diciendo que no estaba capacitado para dirigir [&hellip;]\" \/>\n<meta property=\"og:url\" content=\"https:\/\/www.padreydecano.com\/cms\/noticias\/osvaldo-gimenez-respondio\/\" \/>\n<meta property=\"og:site_name\" content=\"Padre y Decano - El Sitio del Pueblo\" \/>\n<meta property=\"article:published_time\" content=\"2012-09-05T15:38:44+00:00\" \/>\n<meta property=\"article:modified_time\" content=\"2012-09-06T17:56:18+00:00\" \/>\n<meta property=\"og:image\" content=\"http:\/\/www.padreydecano.com\/cms\/wp-content\/uploads\/2012\/09\/og.jpg\" \/>\n<meta name=\"author\" content=\"1891\" \/>\n<meta name=\"twitter:card\" content=\"summary_large_image\" \/>\n<meta name=\"twitter:label1\" content=\"Escrito por\" \/>\n\t<meta name=\"twitter:data1\" content=\"1891\" \/>\n\t<meta name=\"twitter:label2\" content=\"Tiempo de lectura\" \/>\n\t<meta name=\"twitter:data2\" content=\"2 minutos\" \/>\n<script type=\"application\/ld+json\" class=\"yoast-schema-graph\">{\"@context\":\"https:\/\/schema.org\",\"@graph\":[{\"@type\":\"Article\",\"@id\":\"https:\/\/www.padreydecano.com\/cms\/noticias\/osvaldo-gimenez-respondio\/#article\",\"isPartOf\":{\"@id\":\"https:\/\/www.padreydecano.com\/cms\/noticias\/osvaldo-gimenez-respondio\/\"},\"author\":{\"name\":\"1891\",\"@id\":\"https:\/\/www.padreydecano.com\/cms\/#\/schema\/person\/5607c72c38a1537a151b24d1e67535e0\"},\"headline\":\"Osvaldo Gim\u00e9nez respondi\u00f3\",\"datePublished\":\"2012-09-05T15:38:44+00:00\",\"dateModified\":\"2012-09-06T17:56:18+00:00\",\"mainEntityOfPage\":{\"@id\":\"https:\/\/www.padreydecano.com\/cms\/noticias\/osvaldo-gimenez-respondio\/\"},\"wordCount\":397,\"commentCount\":14,\"publisher\":{\"@id\":\"https:\/\/www.padreydecano.com\/cms\/#organization\"},\"image\":{\"@id\":\"https:\/\/www.padreydecano.com\/cms\/noticias\/osvaldo-gimenez-respondio\/#primaryimage\"},\"thumbnailUrl\":\"http:\/\/www.padreydecano.com\/cms\/wp-content\/uploads\/2012\/09\/og.jpg\",\"articleSection\":[\"Noticias\"],\"inLanguage\":\"es\",\"potentialAction\":[{\"@type\":\"CommentAction\",\"name\":\"Comment\",\"target\":[\"https:\/\/www.padreydecano.com\/cms\/noticias\/osvaldo-gimenez-respondio\/#respond\"]}]},{\"@type\":\"WebPage\",\"@id\":\"https:\/\/www.padreydecano.com\/cms\/noticias\/osvaldo-gimenez-respondio\/\",\"url\":\"https:\/\/www.padreydecano.com\/cms\/noticias\/osvaldo-gimenez-respondio\/\",\"name\":\"Osvaldo Gim\u00e9nez respondi\u00f3 - Padre y Decano - El Sitio del Pueblo\",\"isPartOf\":{\"@id\":\"https:\/\/www.padreydecano.com\/cms\/#website\"},\"primaryImageOfPage\":{\"@id\":\"https:\/\/www.padreydecano.com\/cms\/noticias\/osvaldo-gimenez-respondio\/#primaryimage\"},\"image\":{\"@id\":\"https:\/\/www.padreydecano.com\/cms\/noticias\/osvaldo-gimenez-respondio\/#primaryimage\"},\"thumbnailUrl\":\"http:\/\/www.padreydecano.com\/cms\/wp-content\/uploads\/2012\/09\/og.jpg\",\"datePublished\":\"2012-09-05T15:38:44+00:00\",\"dateModified\":\"2012-09-06T17:56:18+00:00\",\"breadcrumb\":{\"@id\":\"https:\/\/www.padreydecano.com\/cms\/noticias\/osvaldo-gimenez-respondio\/#breadcrumb\"},\"inLanguage\":\"es\",\"potentialAction\":[{\"@type\":\"ReadAction\",\"target\":[\"https:\/\/www.padreydecano.com\/cms\/noticias\/osvaldo-gimenez-respondio\/\"]}]},{\"@type\":\"ImageObject\",\"inLanguage\":\"es\",\"@id\":\"https:\/\/www.padreydecano.com\/cms\/noticias\/osvaldo-gimenez-respondio\/#primaryimage\",\"url\":\"http:\/\/www.padreydecano.com\/cms\/wp-content\/uploads\/2012\/09\/og.jpg\",\"contentUrl\":\"http:\/\/www.padreydecano.com\/cms\/wp-content\/uploads\/2012\/09\/og.jpg\"},{\"@type\":\"BreadcrumbList\",\"@id\":\"https:\/\/www.padreydecano.com\/cms\/noticias\/osvaldo-gimenez-respondio\/#breadcrumb\",\"itemListElement\":[{\"@type\":\"ListItem\",\"position\":1,\"name\":\"Portada\",\"item\":\"https:\/\/www.padreydecano.com\/cms\/\"},{\"@type\":\"ListItem\",\"position\":2,\"name\":\"Osvaldo Gim\u00e9nez respondi\u00f3\"}]},{\"@type\":\"WebSite\",\"@id\":\"https:\/\/www.padreydecano.com\/cms\/#website\",\"url\":\"https:\/\/www.padreydecano.com\/cms\/\",\"name\":\"Padre y Decano - El Sitio del Pueblo\",\"description\":\"Club Atl\u00e9tico Pe\u00f1arol\",\"publisher\":{\"@id\":\"https:\/\/www.padreydecano.com\/cms\/#organization\"},\"potentialAction\":[{\"@type\":\"SearchAction\",\"target\":{\"@type\":\"EntryPoint\",\"urlTemplate\":\"https:\/\/www.padreydecano.com\/cms\/?s={search_term_string}\"},\"query-input\":\"required name=search_term_string\"}],\"inLanguage\":\"es\"},{\"@type\":\"Organization\",\"@id\":\"https:\/\/www.padreydecano.com\/cms\/#organization\",\"name\":\"Padre y Decano\",\"url\":\"https:\/\/www.padreydecano.com\/cms\/\",\"logo\":{\"@type\":\"ImageObject\",\"inLanguage\":\"es\",\"@id\":\"https:\/\/www.padreydecano.com\/cms\/#\/schema\/logo\/image\/\",\"url\":\"https:\/\/www.padreydecano.com\/cms\/wp-content\/uploads\/2022\/01\/avatar-square.png\",\"contentUrl\":\"https:\/\/www.padreydecano.com\/cms\/wp-content\/uploads\/2022\/01\/avatar-square.png\",\"width\":1500,\"height\":1500,\"caption\":\"Padre y Decano\"},\"image\":{\"@id\":\"https:\/\/www.padreydecano.com\/cms\/#\/schema\/logo\/image\/\"}},{\"@type\":\"Person\",\"@id\":\"https:\/\/www.padreydecano.com\/cms\/#\/schema\/person\/5607c72c38a1537a151b24d1e67535e0\",\"name\":\"1891\",\"image\":{\"@type\":\"ImageObject\",\"inLanguage\":\"es\",\"@id\":\"https:\/\/www.padreydecano.com\/cms\/#\/schema\/person\/image\/\",\"url\":\"https:\/\/secure.gravatar.com\/avatar\/29d4d1b0d523a21898e8cf9585d259d3?s=96&d=https%3A%2F%2Fpadreydecano.com%2Fcms%2Fwp-content%2Fthemes%2Fpyd-theme%2Fimg%2Fdefault-avatar.png&r=g\",\"contentUrl\":\"https:\/\/secure.gravatar.com\/avatar\/29d4d1b0d523a21898e8cf9585d259d3?s=96&d=https%3A%2F%2Fpadreydecano.com%2Fcms%2Fwp-content%2Fthemes%2Fpyd-theme%2Fimg%2Fdefault-avatar.png&r=g\",\"caption\":\"1891\"}}]}<\/script>\n<!-- \/ Yoast SEO plugin. -->","yoast_head_json":{"title":"Osvaldo Gim\u00e9nez respondi\u00f3 - Padre y Decano - El Sitio del Pueblo","robots":{"index":"index","follow":"follow","max-snippet":"max-snippet:-1","max-image-preview":"max-image-preview:large","max-video-preview":"max-video-preview:-1"},"canonical":"https:\/\/www.padreydecano.com\/cms\/noticias\/osvaldo-gimenez-respondio\/","og_locale":"es_ES","og_type":"article","og_title":"Osvaldo Gim\u00e9nez respondi\u00f3 - Padre y Decano - El Sitio del Pueblo","og_description":"Aparte de vivir un mal momento en lo deportivo (logramos solo 1 punto de 6 tras la derrota frente a F\u00e9nix y el empate frente a River), la semana viene bastante movida en la interna del club. Primero fueron las declaraciones de Welker sobre el \u00e1rbitro L\u00edber Prudente diciendo que no estaba capacitado para dirigir [&hellip;]","og_url":"https:\/\/www.padreydecano.com\/cms\/noticias\/osvaldo-gimenez-respondio\/","og_site_name":"Padre y Decano - El Sitio del Pueblo","article_published_time":"2012-09-05T15:38:44+00:00","article_modified_time":"2012-09-06T17:56:18+00:00","og_image":[{"url":"http:\/\/www.padreydecano.com\/cms\/wp-content\/uploads\/2012\/09\/og.jpg"}],"author":"1891","twitter_card":"summary_large_image","twitter_misc":{"Escrito por":"1891","Tiempo de lectura":"2 minutos"},"schema":{"@context":"https:\/\/schema.org","@graph":[{"@type":"Article","@id":"https:\/\/www.padreydecano.com\/cms\/noticias\/osvaldo-gimenez-respondio\/#article","isPartOf":{"@id":"https:\/\/www.padreydecano.com\/cms\/noticias\/osvaldo-gimenez-respondio\/"},"author":{"name":"1891","@id":"https:\/\/www.padreydecano.com\/cms\/#\/schema\/person\/5607c72c38a1537a151b24d1e67535e0"},"headline":"Osvaldo Gim\u00e9nez respondi\u00f3","datePublished":"2012-09-05T15:38:44+00:00","dateModified":"2012-09-06T17:56:18+00:00","mainEntityOfPage":{"@id":"https:\/\/www.padreydecano.com\/cms\/noticias\/osvaldo-gimenez-respondio\/"},"wordCount":397,"commentCount":14,"publisher":{"@id":"https:\/\/www.padreydecano.com\/cms\/#organization"},"image":{"@id":"https:\/\/www.padreydecano.com\/cms\/noticias\/osvaldo-gimenez-respondio\/#primaryimage"},"thumbnailUrl":"http:\/\/www.padreydecano.com\/cms\/wp-content\/uploads\/2012\/09\/og.jpg","articleSection":["Noticias"],"inLanguage":"es","potentialAction":[{"@type":"CommentAction","name":"Comment","target":["https:\/\/www.padreydecano.com\/cms\/noticias\/osvaldo-gimenez-respondio\/#respond"]}]},{"@type":"WebPage","@id":"https:\/\/www.padreydecano.com\/cms\/noticias\/osvaldo-gimenez-respondio\/","url":"https:\/\/www.padreydecano.com\/cms\/noticias\/osvaldo-gimenez-respondio\/","name":"Osvaldo Gim\u00e9nez respondi\u00f3 - Padre y Decano - El Sitio del Pueblo","isPartOf":{"@id":"https:\/\/www.padreydecano.com\/cms\/#website"},"primaryImageOfPage":{"@id":"https:\/\/www.padreydecano.com\/cms\/noticias\/osvaldo-gimenez-respondio\/#primaryimage"},"image":{"@id":"https:\/\/www.padreydecano.com\/cms\/noticias\/osvaldo-gimenez-respondio\/#primaryimage"},"thumbnailUrl":"http:\/\/www.padreydecano.com\/cms\/wp-content\/uploads\/2012\/09\/og.jpg","datePublished":"2012-09-05T15:38:44+00:00","dateModified":"2012-09-06T17:56:18+00:00","breadcrumb":{"@id":"https:\/\/www.padreydecano.com\/cms\/noticias\/osvaldo-gimenez-respondio\/#breadcrumb"},"inLanguage":"es","potentialAction":[{"@type":"ReadAction","target":["https:\/\/www.padreydecano.com\/cms\/noticias\/osvaldo-gimenez-respondio\/"]}]},{"@type":"ImageObject","inLanguage":"es","@id":"https:\/\/www.padreydecano.com\/cms\/noticias\/osvaldo-gimenez-respondio\/#primaryimage","url":"http:\/\/www.padreydecano.com\/cms\/wp-content\/uploads\/2012\/09\/og.jpg","contentUrl":"http:\/\/www.padreydecano.com\/cms\/wp-content\/uploads\/2012\/09\/og.jpg"},{"@type":"BreadcrumbList","@id":"https:\/\/www.padreydecano.com\/cms\/noticias\/osvaldo-gimenez-respondio\/#breadcrumb","itemListElement":[{"@type":"ListItem","position":1,"name":"Portada","item":"https:\/\/www.padreydecano.com\/cms\/"},{"@type":"ListItem","position":2,"name":"Osvaldo Gim\u00e9nez respondi\u00f3"}]},{"@type":"WebSite","@id":"https:\/\/www.padreydecano.com\/cms\/#website","url":"https:\/\/www.padreydecano.com\/cms\/","name":"Padre y Decano - El Sitio del Pueblo","description":"Club Atl\u00e9tico Pe\u00f1arol","publisher":{"@id":"https:\/\/www.padreydecano.com\/cms\/#organization"},"potentialAction":[{"@type":"SearchAction","target":{"@type":"EntryPoint","urlTemplate":"https:\/\/www.padreydecano.com\/cms\/?s={search_term_string}"},"query-input":"required name=search_term_string"}],"inLanguage":"es"},{"@type":"Organization","@id":"https:\/\/www.padreydecano.com\/cms\/#organization","name":"Padre y Decano","url":"https:\/\/www.padreydecano.com\/cms\/","logo":{"@type":"ImageObject","inLanguage":"es","@id":"https:\/\/www.padreydecano.com\/cms\/#\/schema\/logo\/image\/","url":"https:\/\/www.padreydecano.com\/cms\/wp-content\/uploads\/2022\/01\/avatar-square.png","contentUrl":"https:\/\/www.padreydecano.com\/cms\/wp-content\/uploads\/2022\/01\/avatar-square.png","width":1500,"height":1500,"caption":"Padre y Decano"},"image":{"@id":"https:\/\/www.padreydecano.com\/cms\/#\/schema\/logo\/image\/"}},{"@type":"Person","@id":"https:\/\/www.padreydecano.com\/cms\/#\/schema\/person\/5607c72c38a1537a151b24d1e67535e0","name":"1891","image":{"@type":"ImageObject","inLanguage":"es","@id":"https:\/\/www.padreydecano.com\/cms\/#\/schema\/person\/image\/","url":"https:\/\/secure.gravatar.com\/avatar\/29d4d1b0d523a21898e8cf9585d259d3?s=96&d=https%3A%2F%2Fpadreydecano.com%2Fcms%2Fwp-content%2Fthemes%2Fpyd-theme%2Fimg%2Fdefault-avatar.png&r=g","contentUrl":"https:\/\/secure.gravatar.com\/avatar\/29d4d1b0d523a21898e8cf9585d259d3?s=96&d=https%3A%2F%2Fpadreydecano.com%2Fcms%2Fwp-content%2Fthemes%2Fpyd-theme%2Fimg%2Fdefault-avatar.png&r=g","caption":"1891"}}]}},"_links":{"self":[{"href":"https:\/\/www.padreydecano.com\/cms\/wp-json\/wp\/v2\/posts\/29537"}],"collection":[{"href":"https:\/\/www.padreydecano.com\/cms\/wp-json\/wp\/v2\/posts"}],"about":[{"href":"https:\/\/www.padreydecano.com\/cms\/wp-json\/wp\/v2\/types\/post"}],"author":[{"embeddable":true,"href":"https:\/\/www.padreydecano.com\/cms\/wp-json\/wp\/v2\/users\/3"}],"replies":[{"embeddable":true,"href":"https:\/\/www.padreydecano.com\/cms\/wp-json\/wp\/v2\/comments?post=29537"}],"version-history":[{"count":0,"href":"https:\/\/www.padreydecano.com\/cms\/wp-json\/wp\/v2\/posts\/29537\/revisions"}],"wp:attachment":[{"href":"https:\/\/www.padreydecano.com\/cms\/wp-json\/wp\/v2\/media?parent=29537"}],"wp:term":[{"taxonomy":"category","embeddable":true,"href":"https:\/\/www.padreydecano.com\/cms\/wp-json\/wp\/v2\/categories?post=29537"},{"taxonomy":"post_tag","embeddable":true,"href":"https:\/\/www.padreydecano.com\/cms\/wp-json\/wp\/v2\/tags?post=29537"}],"curies":[{"name":"wp","href":"https:\/\/api.w.org\/{rel}","templated":true}]}}