{"id":29535,"date":"2012-09-07T12:31:56","date_gmt":"2012-09-07T15:31:56","guid":{"rendered":"http:\/\/www.padreydecano.com\/cms\/?p=29535"},"modified":"2012-09-07T12:41:43","modified_gmt":"2012-09-07T15:41:43","slug":"dualidad-de-criterios-de-audaf","status":"publish","type":"post","link":"https:\/\/www.padreydecano.com\/cms\/noticias\/dualidad-de-criterios-de-audaf\/","title":{"rendered":"Dualidad de criterios de AUDAF"},"content":{"rendered":"<p style=\"text-align: justify;\"><img loading=\"lazy\" decoding=\"async\" class=\"alignright  wp-image-29427\" src=\"https:\/\/www.padreydecano.com\/cms\/wp-content\/uploads\/2012\/09\/IMG_3230-Copiar-300x199.jpg\" alt=\"\" width=\"240\" height=\"159\" srcset=\"https:\/\/www.padreydecano.com\/cms\/wp-content\/uploads\/2012\/09\/IMG_3230-Copiar-300x199.jpg 300w, https:\/\/www.padreydecano.com\/cms\/wp-content\/uploads\/2012\/09\/IMG_3230-Copiar.jpg 800w\" sizes=\"(max-width: 240px) 100vw, 240px\" \/>Se arm\u00f3 un revuelo en el F\u00fatbol Uruguayo luego de <a href=\"https:\/\/www.padreydecano.com\/cms\/encuestas\/welker-vs-prudente-penarol-vs-audaf\/\" target=\"_blank\">las declaraciones de Edgar Welker<\/a>. Como todos sabemos luego de que el vicepresidente de Pe\u00f1arol opinara al finalizar\u00a0<a href=\"https:\/\/www.padreydecano.com\/cms\/partidos\/empate-agridulce\/\" target=\"_blank\">el partido con River Plate<\/a> sobre la actuaci\u00f3n del \u00e1rbitro Prudente, la Asociaci\u00f3n Uruguaya de Arbitros de F\u00fatbol (AUDAF) respondi\u00f3 con un comunicado pidiendo que Welker se retracte.<\/p>\n<p style=\"text-align: justify;\">El martes por la tarde se reuni\u00f3 el Consejo Directivo y el vicepresidente de Pe\u00f1arol cont\u00f3 con <a href=\"https:\/\/www.padreydecano.com\/cms\/noticias\/la-comision-directiva-respaldo-a-welker\/\" target=\"_blank\">el apoyo de todo el consejo<\/a>\u00a0y ratific\u00f3 sus dichos: <strong>\u201c<em>si no quieren que no arbitren\u201d<\/em><\/strong>.<\/p>\n<p style=\"text-align: justify;\">El martes a la noche, <strong>el \u00e1rbitro se enter\u00f3 de que lo bajaban de categor\u00eda<\/strong>, por tal motivo no puede arbitrar partidos internacionales. Prudente fue a entrenar y <strong>le comunic\u00f3 a sus compa\u00f1eros la decisi\u00f3n de retirarse del referato.<\/strong><\/p>\n<p style=\"text-align: justify;\">Ahora estudiaremos un poco el tema para ver si AUDAF aplica esta misma traba a todos los clubes en los cuales los dirigentes hablan mal de los \u00e1rbitros o si es solo a Pe\u00f1arol. Analizando el tema vemos otros ejemplos donde AUDAF no determin\u00f3 lo mismo.<\/p>\n<p style=\"text-align: justify;\">En el partido Nacional &#8211; Defensor Sporting por el Apertura 2011 <a href=\"http:\/\/www.elobservador.com.uy\/noticia\/207882\/fedorczuk-denuncio-a-tres-dirigentes-de-nacional\/\" target=\"_blank\">el juez Daniel Fedorczuk denunci\u00f3 en su informe confidencial<\/a> al vicepresidente de Nacional H\u00e9ctor Olmos, al dirigente Alejandro Balbi y al delegado Guillermo Pena, porque lo insultaron al cabo del encuentro.<\/p>\n<p style=\"text-align: justify;\">En este caso la AUDAF no pidi\u00f3 las disculpas de los dirigentes de Nacional ni amenaz\u00f3 con no arbitrarles. El dirigente Alejandro Balbi luego de la denuncia del \u00e1rbitro dijo en medios radiales: <strong><em>\u201cSoy un delincuente (risas), \u00e9ste muchacho se ve que no est\u00e1 bien, estaba alterado por el mal arbitraje que hizo, preocupado porque no sabe d\u00f3nde va a ir en la noche de la nostalgia\u201d.<\/em><\/strong><\/p>\n<p style=\"text-align: justify;\">Sin embargo, con Central Espa\u00f1ol se actu\u00f3 igual que con Pe\u00f1arol. El presidente palermitano Gerardo Sotelo tambi\u00e9n tiene que retractarse porque <a href=\"http:\/\/www.elobservador.com.uy\/noticia\/231963\/sotelo-hizo-la-gran-welker\/\" target=\"_blank\">habl\u00f3 sobre Prudente y sus p\u00e9simos arbitrajes<\/a>. El reconocido periodista se desquit\u00f3 en su programa:\u00a0<strong>\u201cSi la Asamblea de AUDAF decide no arbitrar a Central Espa\u00f1ol porque no le gusta lo que yo opino sobre Prudente, se estar\u00e1 colocando por encima (o por fuera) de la Constituci\u00f3n. La amenaza de no arbitrar es una forma ileg\u00edtima de doblegar la libertad de expresi\u00f3n del pensamiento, digna de una dictadura\u00bb.\u00a0<\/strong>Vemos que para algunos clubes se act\u00faa de una manera y para otros clubes se act\u00faa de otra.<\/p>\n<p style=\"text-align: justify;\">Todos los casos coinciden pero el desenlace no es el mismo, AUDAF no act\u00faa de la misma manera con los clubes. Pe\u00f1arol tiene que tratar el tema de fondo para ver qui\u00e9n est\u00e1 a cargo de AUDAF porque sin dudas ah\u00ed est\u00e1 el problema de por qu\u00e9 dicha asociaci\u00f3n act\u00faa de una manera con un club y con otros no.<\/p>\n","protected":false},"excerpt":{"rendered":"<p>Se arm\u00f3 un revuelo en el F\u00fatbol Uruguayo luego de las declaraciones de Edgar Welker. Como todos sabemos luego de que el vicepresidente de Pe\u00f1arol opinara al finalizar\u00a0el partido con River Plate sobre la actuaci\u00f3n del \u00e1rbitro Prudente, la Asociaci\u00f3n Uruguaya de Arbitros de F\u00fatbol (AUDAF) respondi\u00f3 con un comunicado pidiendo que Welker se retracte. [&hellip;]<\/p>\n","protected":false},"author":2,"featured_media":29679,"comment_status":"open","ping_status":"closed","sticky":false,"template":"","format":"standard","meta":{"footnotes":""},"categories":[1],"tags":[],"yoast_head":"<!-- This site is optimized with the Yoast SEO plugin v23.2 - https:\/\/yoast.com\/wordpress\/plugins\/seo\/ -->\n<title>Dualidad de criterios de AUDAF - Padre y Decano - El Sitio del Pueblo<\/title>\n<meta name=\"robots\" content=\"index, follow, max-snippet:-1, max-image-preview:large, max-video-preview:-1\" \/>\n<link rel=\"canonical\" href=\"https:\/\/www.padreydecano.com\/cms\/noticias\/dualidad-de-criterios-de-audaf\/\" \/>\n<meta property=\"og:locale\" content=\"es_ES\" \/>\n<meta property=\"og:type\" content=\"article\" \/>\n<meta property=\"og:title\" content=\"Dualidad de criterios de AUDAF - Padre y Decano - El Sitio del Pueblo\" \/>\n<meta property=\"og:description\" content=\"Se arm\u00f3 un revuelo en el F\u00fatbol Uruguayo luego de las declaraciones de Edgar Welker. Como todos sabemos luego de que el vicepresidente de Pe\u00f1arol opinara al finalizar\u00a0el partido con River Plate sobre la actuaci\u00f3n del \u00e1rbitro Prudente, la Asociaci\u00f3n Uruguaya de Arbitros de F\u00fatbol (AUDAF) respondi\u00f3 con un comunicado pidiendo que Welker se retracte. [&hellip;]\" \/>\n<meta property=\"og:url\" content=\"https:\/\/www.padreydecano.com\/cms\/noticias\/dualidad-de-criterios-de-audaf\/\" \/>\n<meta property=\"og:site_name\" content=\"Padre y Decano - El Sitio del Pueblo\" \/>\n<meta property=\"article:published_time\" content=\"2012-09-07T15:31:56+00:00\" \/>\n<meta property=\"article:modified_time\" content=\"2012-09-07T15:41:43+00:00\" \/>\n<meta property=\"og:image\" content=\"https:\/\/www.padreydecano.com\/cms\/wp-content\/uploads\/2012\/09\/audaf-prudente-chica.jpg\" \/>\n\t<meta property=\"og:image:width\" content=\"202\" \/>\n\t<meta property=\"og:image:height\" content=\"110\" \/>\n\t<meta property=\"og:image:type\" content=\"image\/jpeg\" \/>\n<meta name=\"author\" content=\"Gonzalo16\" \/>\n<meta name=\"twitter:card\" content=\"summary_large_image\" \/>\n<meta name=\"twitter:label1\" content=\"Escrito por\" \/>\n\t<meta name=\"twitter:data1\" content=\"Gonzalo16\" \/>\n\t<meta name=\"twitter:label2\" content=\"Tiempo de lectura\" \/>\n\t<meta name=\"twitter:data2\" content=\"2 minutos\" \/>\n<script type=\"application\/ld+json\" class=\"yoast-schema-graph\">{\"@context\":\"https:\/\/schema.org\",\"@graph\":[{\"@type\":\"Article\",\"@id\":\"https:\/\/www.padreydecano.com\/cms\/noticias\/dualidad-de-criterios-de-audaf\/#article\",\"isPartOf\":{\"@id\":\"https:\/\/www.padreydecano.com\/cms\/noticias\/dualidad-de-criterios-de-audaf\/\"},\"author\":{\"name\":\"Gonzalo16\",\"@id\":\"https:\/\/www.padreydecano.com\/cms\/#\/schema\/person\/7fe41e3e335700ebd387196df2f9a8d4\"},\"headline\":\"Dualidad de criterios de AUDAF\",\"datePublished\":\"2012-09-07T15:31:56+00:00\",\"dateModified\":\"2012-09-07T15:41:43+00:00\",\"mainEntityOfPage\":{\"@id\":\"https:\/\/www.padreydecano.com\/cms\/noticias\/dualidad-de-criterios-de-audaf\/\"},\"wordCount\":481,\"commentCount\":13,\"publisher\":{\"@id\":\"https:\/\/www.padreydecano.com\/cms\/#organization\"},\"image\":{\"@id\":\"https:\/\/www.padreydecano.com\/cms\/noticias\/dualidad-de-criterios-de-audaf\/#primaryimage\"},\"thumbnailUrl\":\"https:\/\/www.padreydecano.com\/cms\/wp-content\/uploads\/2012\/09\/audaf-prudente-chica.jpg\",\"articleSection\":[\"Noticias\"],\"inLanguage\":\"es\",\"potentialAction\":[{\"@type\":\"CommentAction\",\"name\":\"Comment\",\"target\":[\"https:\/\/www.padreydecano.com\/cms\/noticias\/dualidad-de-criterios-de-audaf\/#respond\"]}]},{\"@type\":\"WebPage\",\"@id\":\"https:\/\/www.padreydecano.com\/cms\/noticias\/dualidad-de-criterios-de-audaf\/\",\"url\":\"https:\/\/www.padreydecano.com\/cms\/noticias\/dualidad-de-criterios-de-audaf\/\",\"name\":\"Dualidad de criterios de AUDAF - Padre y Decano - El Sitio del Pueblo\",\"isPartOf\":{\"@id\":\"https:\/\/www.padreydecano.com\/cms\/#website\"},\"primaryImageOfPage\":{\"@id\":\"https:\/\/www.padreydecano.com\/cms\/noticias\/dualidad-de-criterios-de-audaf\/#primaryimage\"},\"image\":{\"@id\":\"https:\/\/www.padreydecano.com\/cms\/noticias\/dualidad-de-criterios-de-audaf\/#primaryimage\"},\"thumbnailUrl\":\"https:\/\/www.padreydecano.com\/cms\/wp-content\/uploads\/2012\/09\/audaf-prudente-chica.jpg\",\"datePublished\":\"2012-09-07T15:31:56+00:00\",\"dateModified\":\"2012-09-07T15:41:43+00:00\",\"breadcrumb\":{\"@id\":\"https:\/\/www.padreydecano.com\/cms\/noticias\/dualidad-de-criterios-de-audaf\/#breadcrumb\"},\"inLanguage\":\"es\",\"potentialAction\":[{\"@type\":\"ReadAction\",\"target\":[\"https:\/\/www.padreydecano.com\/cms\/noticias\/dualidad-de-criterios-de-audaf\/\"]}]},{\"@type\":\"ImageObject\",\"inLanguage\":\"es\",\"@id\":\"https:\/\/www.padreydecano.com\/cms\/noticias\/dualidad-de-criterios-de-audaf\/#primaryimage\",\"url\":\"https:\/\/www.padreydecano.com\/cms\/wp-content\/uploads\/2012\/09\/audaf-prudente-chica.jpg\",\"contentUrl\":\"https:\/\/www.padreydecano.com\/cms\/wp-content\/uploads\/2012\/09\/audaf-prudente-chica.jpg\",\"width\":\"202\",\"height\":\"110\"},{\"@type\":\"BreadcrumbList\",\"@id\":\"https:\/\/www.padreydecano.com\/cms\/noticias\/dualidad-de-criterios-de-audaf\/#breadcrumb\",\"itemListElement\":[{\"@type\":\"ListItem\",\"position\":1,\"name\":\"Portada\",\"item\":\"https:\/\/www.padreydecano.com\/cms\/\"},{\"@type\":\"ListItem\",\"position\":2,\"name\":\"Dualidad de criterios de AUDAF\"}]},{\"@type\":\"WebSite\",\"@id\":\"https:\/\/www.padreydecano.com\/cms\/#website\",\"url\":\"https:\/\/www.padreydecano.com\/cms\/\",\"name\":\"Padre y Decano - El Sitio del Pueblo\",\"description\":\"Club Atl\u00e9tico Pe\u00f1arol\",\"publisher\":{\"@id\":\"https:\/\/www.padreydecano.com\/cms\/#organization\"},\"potentialAction\":[{\"@type\":\"SearchAction\",\"target\":{\"@type\":\"EntryPoint\",\"urlTemplate\":\"https:\/\/www.padreydecano.com\/cms\/?s={search_term_string}\"},\"query-input\":\"required name=search_term_string\"}],\"inLanguage\":\"es\"},{\"@type\":\"Organization\",\"@id\":\"https:\/\/www.padreydecano.com\/cms\/#organization\",\"name\":\"Padre y Decano\",\"url\":\"https:\/\/www.padreydecano.com\/cms\/\",\"logo\":{\"@type\":\"ImageObject\",\"inLanguage\":\"es\",\"@id\":\"https:\/\/www.padreydecano.com\/cms\/#\/schema\/logo\/image\/\",\"url\":\"https:\/\/www.padreydecano.com\/cms\/wp-content\/uploads\/2022\/01\/avatar-square.png\",\"contentUrl\":\"https:\/\/www.padreydecano.com\/cms\/wp-content\/uploads\/2022\/01\/avatar-square.png\",\"width\":1500,\"height\":1500,\"caption\":\"Padre y Decano\"},\"image\":{\"@id\":\"https:\/\/www.padreydecano.com\/cms\/#\/schema\/logo\/image\/\"}},{\"@type\":\"Person\",\"@id\":\"https:\/\/www.padreydecano.com\/cms\/#\/schema\/person\/7fe41e3e335700ebd387196df2f9a8d4\",\"name\":\"Gonzalo16\",\"image\":{\"@type\":\"ImageObject\",\"inLanguage\":\"es\",\"@id\":\"https:\/\/www.padreydecano.com\/cms\/#\/schema\/person\/image\/\",\"url\":\"https:\/\/secure.gravatar.com\/avatar\/4d5cdd49803a2313c01f77e3dfc05d81?s=96&d=https%3A%2F%2Fpadreydecano.com%2Fcms%2Fwp-content%2Fthemes%2Fpyd-theme%2Fimg%2Fdefault-avatar.png&r=g\",\"contentUrl\":\"https:\/\/secure.gravatar.com\/avatar\/4d5cdd49803a2313c01f77e3dfc05d81?s=96&d=https%3A%2F%2Fpadreydecano.com%2Fcms%2Fwp-content%2Fthemes%2Fpyd-theme%2Fimg%2Fdefault-avatar.png&r=g\",\"caption\":\"Gonzalo16\"}}]}<\/script>\n<!-- \/ Yoast SEO plugin. -->","yoast_head_json":{"title":"Dualidad de criterios de AUDAF - Padre y Decano - El Sitio del Pueblo","robots":{"index":"index","follow":"follow","max-snippet":"max-snippet:-1","max-image-preview":"max-image-preview:large","max-video-preview":"max-video-preview:-1"},"canonical":"https:\/\/www.padreydecano.com\/cms\/noticias\/dualidad-de-criterios-de-audaf\/","og_locale":"es_ES","og_type":"article","og_title":"Dualidad de criterios de AUDAF - Padre y Decano - El Sitio del Pueblo","og_description":"Se arm\u00f3 un revuelo en el F\u00fatbol Uruguayo luego de las declaraciones de Edgar Welker. Como todos sabemos luego de que el vicepresidente de Pe\u00f1arol opinara al finalizar\u00a0el partido con River Plate sobre la actuaci\u00f3n del \u00e1rbitro Prudente, la Asociaci\u00f3n Uruguaya de Arbitros de F\u00fatbol (AUDAF) respondi\u00f3 con un comunicado pidiendo que Welker se retracte. [&hellip;]","og_url":"https:\/\/www.padreydecano.com\/cms\/noticias\/dualidad-de-criterios-de-audaf\/","og_site_name":"Padre y Decano - El Sitio del Pueblo","article_published_time":"2012-09-07T15:31:56+00:00","article_modified_time":"2012-09-07T15:41:43+00:00","og_image":[{"width":202,"height":110,"url":"https:\/\/www.padreydecano.com\/cms\/wp-content\/uploads\/2012\/09\/audaf-prudente-chica.jpg","type":"image\/jpeg"}],"author":"Gonzalo16","twitter_card":"summary_large_image","twitter_misc":{"Escrito por":"Gonzalo16","Tiempo de lectura":"2 minutos"},"schema":{"@context":"https:\/\/schema.org","@graph":[{"@type":"Article","@id":"https:\/\/www.padreydecano.com\/cms\/noticias\/dualidad-de-criterios-de-audaf\/#article","isPartOf":{"@id":"https:\/\/www.padreydecano.com\/cms\/noticias\/dualidad-de-criterios-de-audaf\/"},"author":{"name":"Gonzalo16","@id":"https:\/\/www.padreydecano.com\/cms\/#\/schema\/person\/7fe41e3e335700ebd387196df2f9a8d4"},"headline":"Dualidad de criterios de AUDAF","datePublished":"2012-09-07T15:31:56+00:00","dateModified":"2012-09-07T15:41:43+00:00","mainEntityOfPage":{"@id":"https:\/\/www.padreydecano.com\/cms\/noticias\/dualidad-de-criterios-de-audaf\/"},"wordCount":481,"commentCount":13,"publisher":{"@id":"https:\/\/www.padreydecano.com\/cms\/#organization"},"image":{"@id":"https:\/\/www.padreydecano.com\/cms\/noticias\/dualidad-de-criterios-de-audaf\/#primaryimage"},"thumbnailUrl":"https:\/\/www.padreydecano.com\/cms\/wp-content\/uploads\/2012\/09\/audaf-prudente-chica.jpg","articleSection":["Noticias"],"inLanguage":"es","potentialAction":[{"@type":"CommentAction","name":"Comment","target":["https:\/\/www.padreydecano.com\/cms\/noticias\/dualidad-de-criterios-de-audaf\/#respond"]}]},{"@type":"WebPage","@id":"https:\/\/www.padreydecano.com\/cms\/noticias\/dualidad-de-criterios-de-audaf\/","url":"https:\/\/www.padreydecano.com\/cms\/noticias\/dualidad-de-criterios-de-audaf\/","name":"Dualidad de criterios de AUDAF - Padre y Decano - El Sitio del Pueblo","isPartOf":{"@id":"https:\/\/www.padreydecano.com\/cms\/#website"},"primaryImageOfPage":{"@id":"https:\/\/www.padreydecano.com\/cms\/noticias\/dualidad-de-criterios-de-audaf\/#primaryimage"},"image":{"@id":"https:\/\/www.padreydecano.com\/cms\/noticias\/dualidad-de-criterios-de-audaf\/#primaryimage"},"thumbnailUrl":"https:\/\/www.padreydecano.com\/cms\/wp-content\/uploads\/2012\/09\/audaf-prudente-chica.jpg","datePublished":"2012-09-07T15:31:56+00:00","dateModified":"2012-09-07T15:41:43+00:00","breadcrumb":{"@id":"https:\/\/www.padreydecano.com\/cms\/noticias\/dualidad-de-criterios-de-audaf\/#breadcrumb"},"inLanguage":"es","potentialAction":[{"@type":"ReadAction","target":["https:\/\/www.padreydecano.com\/cms\/noticias\/dualidad-de-criterios-de-audaf\/"]}]},{"@type":"ImageObject","inLanguage":"es","@id":"https:\/\/www.padreydecano.com\/cms\/noticias\/dualidad-de-criterios-de-audaf\/#primaryimage","url":"https:\/\/www.padreydecano.com\/cms\/wp-content\/uploads\/2012\/09\/audaf-prudente-chica.jpg","contentUrl":"https:\/\/www.padreydecano.com\/cms\/wp-content\/uploads\/2012\/09\/audaf-prudente-chica.jpg","width":"202","height":"110"},{"@type":"BreadcrumbList","@id":"https:\/\/www.padreydecano.com\/cms\/noticias\/dualidad-de-criterios-de-audaf\/#breadcrumb","itemListElement":[{"@type":"ListItem","position":1,"name":"Portada","item":"https:\/\/www.padreydecano.com\/cms\/"},{"@type":"ListItem","position":2,"name":"Dualidad de criterios de AUDAF"}]},{"@type":"WebSite","@id":"https:\/\/www.padreydecano.com\/cms\/#website","url":"https:\/\/www.padreydecano.com\/cms\/","name":"Padre y Decano - El Sitio del Pueblo","description":"Club Atl\u00e9tico Pe\u00f1arol","publisher":{"@id":"https:\/\/www.padreydecano.com\/cms\/#organization"},"potentialAction":[{"@type":"SearchAction","target":{"@type":"EntryPoint","urlTemplate":"https:\/\/www.padreydecano.com\/cms\/?s={search_term_string}"},"query-input":"required name=search_term_string"}],"inLanguage":"es"},{"@type":"Organization","@id":"https:\/\/www.padreydecano.com\/cms\/#organization","name":"Padre y Decano","url":"https:\/\/www.padreydecano.com\/cms\/","logo":{"@type":"ImageObject","inLanguage":"es","@id":"https:\/\/www.padreydecano.com\/cms\/#\/schema\/logo\/image\/","url":"https:\/\/www.padreydecano.com\/cms\/wp-content\/uploads\/2022\/01\/avatar-square.png","contentUrl":"https:\/\/www.padreydecano.com\/cms\/wp-content\/uploads\/2022\/01\/avatar-square.png","width":1500,"height":1500,"caption":"Padre y Decano"},"image":{"@id":"https:\/\/www.padreydecano.com\/cms\/#\/schema\/logo\/image\/"}},{"@type":"Person","@id":"https:\/\/www.padreydecano.com\/cms\/#\/schema\/person\/7fe41e3e335700ebd387196df2f9a8d4","name":"Gonzalo16","image":{"@type":"ImageObject","inLanguage":"es","@id":"https:\/\/www.padreydecano.com\/cms\/#\/schema\/person\/image\/","url":"https:\/\/secure.gravatar.com\/avatar\/4d5cdd49803a2313c01f77e3dfc05d81?s=96&d=https%3A%2F%2Fpadreydecano.com%2Fcms%2Fwp-content%2Fthemes%2Fpyd-theme%2Fimg%2Fdefault-avatar.png&r=g","contentUrl":"https:\/\/secure.gravatar.com\/avatar\/4d5cdd49803a2313c01f77e3dfc05d81?s=96&d=https%3A%2F%2Fpadreydecano.com%2Fcms%2Fwp-content%2Fthemes%2Fpyd-theme%2Fimg%2Fdefault-avatar.png&r=g","caption":"Gonzalo16"}}]}},"_links":{"self":[{"href":"https:\/\/www.padreydecano.com\/cms\/wp-json\/wp\/v2\/posts\/29535"}],"collection":[{"href":"https:\/\/www.padreydecano.com\/cms\/wp-json\/wp\/v2\/posts"}],"about":[{"href":"https:\/\/www.padreydecano.com\/cms\/wp-json\/wp\/v2\/types\/post"}],"author":[{"embeddable":true,"href":"https:\/\/www.padreydecano.com\/cms\/wp-json\/wp\/v2\/users\/2"}],"replies":[{"embeddable":true,"href":"https:\/\/www.padreydecano.com\/cms\/wp-json\/wp\/v2\/comments?post=29535"}],"version-history":[{"count":0,"href":"https:\/\/www.padreydecano.com\/cms\/wp-json\/wp\/v2\/posts\/29535\/revisions"}],"wp:featuredmedia":[{"embeddable":true,"href":"https:\/\/www.padreydecano.com\/cms\/wp-json\/wp\/v2\/media\/29679"}],"wp:attachment":[{"href":"https:\/\/www.padreydecano.com\/cms\/wp-json\/wp\/v2\/media?parent=29535"}],"wp:term":[{"taxonomy":"category","embeddable":true,"href":"https:\/\/www.padreydecano.com\/cms\/wp-json\/wp\/v2\/categories?post=29535"},{"taxonomy":"post_tag","embeddable":true,"href":"https:\/\/www.padreydecano.com\/cms\/wp-json\/wp\/v2\/tags?post=29535"}],"curies":[{"name":"wp","href":"https:\/\/api.w.org\/{rel}","templated":true}]}}