{"id":29524,"date":"2012-09-04T20:28:54","date_gmt":"2012-09-04T23:28:54","guid":{"rendered":"http:\/\/www.padreydecano.com\/cms\/?p=29524"},"modified":"2012-09-04T21:01:54","modified_gmt":"2012-09-05T00:01:54","slug":"rachetti-le-retiro-la-confianza-a-osvaldo-gimenez","status":"publish","type":"post","link":"https:\/\/www.padreydecano.com\/cms\/noticias\/rachetti-le-retiro-la-confianza-a-osvaldo-gimenez\/","title":{"rendered":"Rachetti le retir\u00f3 la confianza a Osvaldo Gim\u00e9nez"},"content":{"rendered":"<p style=\"text-align: justify;\"><a href=\"https:\/\/www.padreydecano.com\/cms\/wp-content\/uploads\/2012\/09\/gimenez.jpg\" rel=\"shadowbox[sbpost-29524];player=img;\"><img loading=\"lazy\" decoding=\"async\" class=\"alignright  wp-image-29528\" src=\"https:\/\/www.padreydecano.com\/cms\/wp-content\/uploads\/2012\/09\/gimenez-300x199.jpg\" alt=\"\" width=\"281\" height=\"186\" srcset=\"https:\/\/www.padreydecano.com\/cms\/wp-content\/uploads\/2012\/09\/gimenez-300x199.jpg 300w, https:\/\/www.padreydecano.com\/cms\/wp-content\/uploads\/2012\/09\/gimenez.jpg 900w\" sizes=\"(max-width: 281px) 100vw, 281px\" \/><\/a><\/p>\n<p style=\"text-align: justify;\">El prosecretario del Club Ricardo Rachetti mand\u00f3 un mail a los presentes en el Consejo Directivo comunicando que su movimiento <strong>Renovaci\u00f3n Aurinegra le quita el respaldo al gerente deportivo Osvaldo Gim\u00e9nez.<\/strong> El directivo lo confirm\u00f3 en el programa partidario \u00abF\u00fatbol\u00a0a lo Pe\u00f1arol\u00bb.<\/p>\n<p style=\"text-align: justify;\">El mail, enviado en medio del consejo directivo &#8211; al cual Rachetti no asisti\u00f3 y fue de corta duraci\u00f3n -, <strong>mencionaba una serie de errores en la gesti\u00f3n de Osvaldo Gim\u00e9nez al frente de la gerencia deportiva de Pe\u00f1arol.<\/strong>\u00a0En el programa radial \u00abTirando Paredes\u00bb de la 1010 AM se dijo que\u00a0el mail mencionar\u00eda que Gim\u00e9nez:<\/p>\n<ul style=\"text-align: justify;\">\n<li>Nunca asume las culpas.<\/li>\n<li>Se equivoca demasiado.<\/li>\n<li>Le habr\u00eda asegurado a la Comisi\u00f3n Directiva que Carini iba a rescindir contrato &#8211; sigue entrenando en el CAR con contrato vigente y se neg\u00f3 a rescindir -.<\/li>\n<li>Insisti\u00f3 en la <a href=\"https:\/\/www.padreydecano.com\/cms\/noticias\/bologna-ya-entrena-y-se-acerca-campana\/\" target=\"_blank\">contrataci\u00f3n de Enrique Bologna<\/a> cuando la mayor\u00eda desconoc\u00eda qui\u00e9n era y que luego de conocerse el grave estado de salud del hijo habr\u00eda argumentado que desconoc\u00eda dicha informaci\u00f3n &#8211; luego se confirm\u00f3 que horas antes hab\u00eda acompa\u00f1ado al arquero al hospital -.<\/li>\n<li>Cuando se le pide\u00a0alg\u00fan\u00a0tipo de informaci\u00f3n no la da, la da parcialmente e incluso llega al punto de mentir.<\/li>\n<li>Tuvo una serie\u00a0de equivocaciones que generan que la lista sea interminable e imposible de resumir en un solo mail.<\/li>\n<\/ul>\n<p style=\"text-align: justify;\">Seg\u00fan lo expresado en el programa, el Movimiento 2809 &#8211; que tiene 3 representates en la Comisi\u00f3n Directiva &#8211; estar\u00eda totalmente de acuerdo con lo expresado pero considera que no es el momento adecuado para su planteo por la situaci\u00f3n que vive Pe\u00f1arol en lo deportivo. Incluso el oficialismo no estar\u00eda tan lejos de la posici\u00f3n expresada por el Movimiento \u00abRenovaci\u00f3n Aurinegra\u00bb.<\/p>\n<p style=\"text-align: justify;\">Edgar Welker al ser consultado dijo: <strong><em>\u00abMe parece normal que tenga una inquietud de esta naturaleza y se la plante\u00e9 al Consejo Directivo. Al no poder concurrir hoy por el cambio de horario seguramente plantear\u00e1 el tema en el pr\u00f3ximo, el cual ser\u00e1 evaluado y analizado profundamente y tomaremos una decisi\u00f3n al respecto\u00bb. \u00a0<\/em><\/strong>Como opini\u00f3n personal acerca del tema expres\u00f3: <strong><em>\u00abOsvaldo nos ha ayudado mucho para salir de una situaci\u00f3n deportiva muy compleja, en este proceso que lleva 3 a\u00f1os han habido como siempre aciertos y desaciertos. Quiz\u00e1s hoy en d\u00eda se notan m\u00e1s los desaciertos por el mal momento deportivo, pero yo no me puedo olvidar todo lo bueno que hizo en Pe\u00f1arol\u00bb.<\/em><\/strong><\/p>\n","protected":false},"excerpt":{"rendered":"<p>El prosecretario del Club Ricardo Rachetti mand\u00f3 un mail a los presentes en el Consejo Directivo comunicando que su movimiento Renovaci\u00f3n Aurinegra le quita el respaldo al gerente deportivo Osvaldo Gim\u00e9nez. El directivo lo confirm\u00f3 en el programa partidario \u00abF\u00fatbol\u00a0a lo Pe\u00f1arol\u00bb. El mail, enviado en medio del consejo directivo &#8211; al cual Rachetti no [&hellip;]<\/p>\n","protected":false},"author":3,"featured_media":29527,"comment_status":"open","ping_status":"closed","sticky":false,"template":"","format":"standard","meta":{"footnotes":""},"categories":[1],"tags":[],"yoast_head":"<!-- This site is optimized with the Yoast SEO plugin v23.2 - https:\/\/yoast.com\/wordpress\/plugins\/seo\/ -->\n<title>Rachetti le retir\u00f3 la confianza a Osvaldo Gim\u00e9nez - Padre y Decano - El Sitio del Pueblo<\/title>\n<meta name=\"robots\" content=\"index, follow, max-snippet:-1, max-image-preview:large, max-video-preview:-1\" \/>\n<link rel=\"canonical\" href=\"https:\/\/www.padreydecano.com\/cms\/noticias\/rachetti-le-retiro-la-confianza-a-osvaldo-gimenez\/\" \/>\n<meta property=\"og:locale\" content=\"es_ES\" \/>\n<meta property=\"og:type\" content=\"article\" \/>\n<meta property=\"og:title\" content=\"Rachetti le retir\u00f3 la confianza a Osvaldo Gim\u00e9nez - Padre y Decano - El Sitio del Pueblo\" \/>\n<meta property=\"og:description\" content=\"El prosecretario del Club Ricardo Rachetti mand\u00f3 un mail a los presentes en el Consejo Directivo comunicando que su movimiento Renovaci\u00f3n Aurinegra le quita el respaldo al gerente deportivo Osvaldo Gim\u00e9nez. El directivo lo confirm\u00f3 en el programa partidario \u00abF\u00fatbol\u00a0a lo Pe\u00f1arol\u00bb. El mail, enviado en medio del consejo directivo &#8211; al cual Rachetti no [&hellip;]\" \/>\n<meta property=\"og:url\" content=\"https:\/\/www.padreydecano.com\/cms\/noticias\/rachetti-le-retiro-la-confianza-a-osvaldo-gimenez\/\" \/>\n<meta property=\"og:site_name\" content=\"Padre y Decano - El Sitio del Pueblo\" \/>\n<meta property=\"article:published_time\" content=\"2012-09-04T23:28:54+00:00\" \/>\n<meta property=\"article:modified_time\" content=\"2012-09-05T00:01:54+00:00\" \/>\n<meta property=\"og:image\" content=\"https:\/\/www.padreydecano.com\/cms\/wp-content\/uploads\/2012\/09\/destacada_gimenez.jpg\" \/>\n\t<meta property=\"og:image:width\" content=\"953\" \/>\n\t<meta property=\"og:image:height\" content=\"537\" \/>\n\t<meta property=\"og:image:type\" content=\"image\/jpeg\" \/>\n<meta name=\"author\" content=\"1891\" \/>\n<meta name=\"twitter:card\" content=\"summary_large_image\" \/>\n<meta name=\"twitter:label1\" content=\"Escrito por\" \/>\n\t<meta name=\"twitter:data1\" content=\"1891\" \/>\n\t<meta name=\"twitter:label2\" content=\"Tiempo de lectura\" \/>\n\t<meta name=\"twitter:data2\" content=\"2 minutos\" \/>\n<script type=\"application\/ld+json\" class=\"yoast-schema-graph\">{\"@context\":\"https:\/\/schema.org\",\"@graph\":[{\"@type\":\"Article\",\"@id\":\"https:\/\/www.padreydecano.com\/cms\/noticias\/rachetti-le-retiro-la-confianza-a-osvaldo-gimenez\/#article\",\"isPartOf\":{\"@id\":\"https:\/\/www.padreydecano.com\/cms\/noticias\/rachetti-le-retiro-la-confianza-a-osvaldo-gimenez\/\"},\"author\":{\"name\":\"1891\",\"@id\":\"https:\/\/www.padreydecano.com\/cms\/#\/schema\/person\/5607c72c38a1537a151b24d1e67535e0\"},\"headline\":\"Rachetti le retir\u00f3 la confianza a Osvaldo Gim\u00e9nez\",\"datePublished\":\"2012-09-04T23:28:54+00:00\",\"dateModified\":\"2012-09-05T00:01:54+00:00\",\"mainEntityOfPage\":{\"@id\":\"https:\/\/www.padreydecano.com\/cms\/noticias\/rachetti-le-retiro-la-confianza-a-osvaldo-gimenez\/\"},\"wordCount\":442,\"commentCount\":17,\"publisher\":{\"@id\":\"https:\/\/www.padreydecano.com\/cms\/#organization\"},\"image\":{\"@id\":\"https:\/\/www.padreydecano.com\/cms\/noticias\/rachetti-le-retiro-la-confianza-a-osvaldo-gimenez\/#primaryimage\"},\"thumbnailUrl\":\"https:\/\/www.padreydecano.com\/cms\/wp-content\/uploads\/2012\/09\/destacada_gimenez.jpg\",\"articleSection\":[\"Noticias\"],\"inLanguage\":\"es\",\"potentialAction\":[{\"@type\":\"CommentAction\",\"name\":\"Comment\",\"target\":[\"https:\/\/www.padreydecano.com\/cms\/noticias\/rachetti-le-retiro-la-confianza-a-osvaldo-gimenez\/#respond\"]}]},{\"@type\":\"WebPage\",\"@id\":\"https:\/\/www.padreydecano.com\/cms\/noticias\/rachetti-le-retiro-la-confianza-a-osvaldo-gimenez\/\",\"url\":\"https:\/\/www.padreydecano.com\/cms\/noticias\/rachetti-le-retiro-la-confianza-a-osvaldo-gimenez\/\",\"name\":\"Rachetti le retir\u00f3 la confianza a Osvaldo Gim\u00e9nez - Padre y Decano - El Sitio del Pueblo\",\"isPartOf\":{\"@id\":\"https:\/\/www.padreydecano.com\/cms\/#website\"},\"primaryImageOfPage\":{\"@id\":\"https:\/\/www.padreydecano.com\/cms\/noticias\/rachetti-le-retiro-la-confianza-a-osvaldo-gimenez\/#primaryimage\"},\"image\":{\"@id\":\"https:\/\/www.padreydecano.com\/cms\/noticias\/rachetti-le-retiro-la-confianza-a-osvaldo-gimenez\/#primaryimage\"},\"thumbnailUrl\":\"https:\/\/www.padreydecano.com\/cms\/wp-content\/uploads\/2012\/09\/destacada_gimenez.jpg\",\"datePublished\":\"2012-09-04T23:28:54+00:00\",\"dateModified\":\"2012-09-05T00:01:54+00:00\",\"breadcrumb\":{\"@id\":\"https:\/\/www.padreydecano.com\/cms\/noticias\/rachetti-le-retiro-la-confianza-a-osvaldo-gimenez\/#breadcrumb\"},\"inLanguage\":\"es\",\"potentialAction\":[{\"@type\":\"ReadAction\",\"target\":[\"https:\/\/www.padreydecano.com\/cms\/noticias\/rachetti-le-retiro-la-confianza-a-osvaldo-gimenez\/\"]}]},{\"@type\":\"ImageObject\",\"inLanguage\":\"es\",\"@id\":\"https:\/\/www.padreydecano.com\/cms\/noticias\/rachetti-le-retiro-la-confianza-a-osvaldo-gimenez\/#primaryimage\",\"url\":\"https:\/\/www.padreydecano.com\/cms\/wp-content\/uploads\/2012\/09\/destacada_gimenez.jpg\",\"contentUrl\":\"https:\/\/www.padreydecano.com\/cms\/wp-content\/uploads\/2012\/09\/destacada_gimenez.jpg\",\"width\":\"953\",\"height\":\"537\"},{\"@type\":\"BreadcrumbList\",\"@id\":\"https:\/\/www.padreydecano.com\/cms\/noticias\/rachetti-le-retiro-la-confianza-a-osvaldo-gimenez\/#breadcrumb\",\"itemListElement\":[{\"@type\":\"ListItem\",\"position\":1,\"name\":\"Portada\",\"item\":\"https:\/\/www.padreydecano.com\/cms\/\"},{\"@type\":\"ListItem\",\"position\":2,\"name\":\"Rachetti le retir\u00f3 la confianza a Osvaldo Gim\u00e9nez\"}]},{\"@type\":\"WebSite\",\"@id\":\"https:\/\/www.padreydecano.com\/cms\/#website\",\"url\":\"https:\/\/www.padreydecano.com\/cms\/\",\"name\":\"Padre y Decano - El Sitio del Pueblo\",\"description\":\"Club Atl\u00e9tico Pe\u00f1arol\",\"publisher\":{\"@id\":\"https:\/\/www.padreydecano.com\/cms\/#organization\"},\"potentialAction\":[{\"@type\":\"SearchAction\",\"target\":{\"@type\":\"EntryPoint\",\"urlTemplate\":\"https:\/\/www.padreydecano.com\/cms\/?s={search_term_string}\"},\"query-input\":\"required name=search_term_string\"}],\"inLanguage\":\"es\"},{\"@type\":\"Organization\",\"@id\":\"https:\/\/www.padreydecano.com\/cms\/#organization\",\"name\":\"Padre y Decano\",\"url\":\"https:\/\/www.padreydecano.com\/cms\/\",\"logo\":{\"@type\":\"ImageObject\",\"inLanguage\":\"es\",\"@id\":\"https:\/\/www.padreydecano.com\/cms\/#\/schema\/logo\/image\/\",\"url\":\"https:\/\/www.padreydecano.com\/cms\/wp-content\/uploads\/2022\/01\/avatar-square.png\",\"contentUrl\":\"https:\/\/www.padreydecano.com\/cms\/wp-content\/uploads\/2022\/01\/avatar-square.png\",\"width\":1500,\"height\":1500,\"caption\":\"Padre y Decano\"},\"image\":{\"@id\":\"https:\/\/www.padreydecano.com\/cms\/#\/schema\/logo\/image\/\"}},{\"@type\":\"Person\",\"@id\":\"https:\/\/www.padreydecano.com\/cms\/#\/schema\/person\/5607c72c38a1537a151b24d1e67535e0\",\"name\":\"1891\",\"image\":{\"@type\":\"ImageObject\",\"inLanguage\":\"es\",\"@id\":\"https:\/\/www.padreydecano.com\/cms\/#\/schema\/person\/image\/\",\"url\":\"https:\/\/secure.gravatar.com\/avatar\/29d4d1b0d523a21898e8cf9585d259d3?s=96&d=https%3A%2F%2Fpadreydecano.com%2Fcms%2Fwp-content%2Fthemes%2Fpyd-theme%2Fimg%2Fdefault-avatar.png&r=g\",\"contentUrl\":\"https:\/\/secure.gravatar.com\/avatar\/29d4d1b0d523a21898e8cf9585d259d3?s=96&d=https%3A%2F%2Fpadreydecano.com%2Fcms%2Fwp-content%2Fthemes%2Fpyd-theme%2Fimg%2Fdefault-avatar.png&r=g\",\"caption\":\"1891\"}}]}<\/script>\n<!-- \/ Yoast SEO plugin. -->","yoast_head_json":{"title":"Rachetti le retir\u00f3 la confianza a Osvaldo Gim\u00e9nez - Padre y Decano - El Sitio del Pueblo","robots":{"index":"index","follow":"follow","max-snippet":"max-snippet:-1","max-image-preview":"max-image-preview:large","max-video-preview":"max-video-preview:-1"},"canonical":"https:\/\/www.padreydecano.com\/cms\/noticias\/rachetti-le-retiro-la-confianza-a-osvaldo-gimenez\/","og_locale":"es_ES","og_type":"article","og_title":"Rachetti le retir\u00f3 la confianza a Osvaldo Gim\u00e9nez - Padre y Decano - El Sitio del Pueblo","og_description":"El prosecretario del Club Ricardo Rachetti mand\u00f3 un mail a los presentes en el Consejo Directivo comunicando que su movimiento Renovaci\u00f3n Aurinegra le quita el respaldo al gerente deportivo Osvaldo Gim\u00e9nez. El directivo lo confirm\u00f3 en el programa partidario \u00abF\u00fatbol\u00a0a lo Pe\u00f1arol\u00bb. El mail, enviado en medio del consejo directivo &#8211; al cual Rachetti no [&hellip;]","og_url":"https:\/\/www.padreydecano.com\/cms\/noticias\/rachetti-le-retiro-la-confianza-a-osvaldo-gimenez\/","og_site_name":"Padre y Decano - El Sitio del Pueblo","article_published_time":"2012-09-04T23:28:54+00:00","article_modified_time":"2012-09-05T00:01:54+00:00","og_image":[{"width":953,"height":537,"url":"https:\/\/www.padreydecano.com\/cms\/wp-content\/uploads\/2012\/09\/destacada_gimenez.jpg","type":"image\/jpeg"}],"author":"1891","twitter_card":"summary_large_image","twitter_misc":{"Escrito por":"1891","Tiempo de lectura":"2 minutos"},"schema":{"@context":"https:\/\/schema.org","@graph":[{"@type":"Article","@id":"https:\/\/www.padreydecano.com\/cms\/noticias\/rachetti-le-retiro-la-confianza-a-osvaldo-gimenez\/#article","isPartOf":{"@id":"https:\/\/www.padreydecano.com\/cms\/noticias\/rachetti-le-retiro-la-confianza-a-osvaldo-gimenez\/"},"author":{"name":"1891","@id":"https:\/\/www.padreydecano.com\/cms\/#\/schema\/person\/5607c72c38a1537a151b24d1e67535e0"},"headline":"Rachetti le retir\u00f3 la confianza a Osvaldo Gim\u00e9nez","datePublished":"2012-09-04T23:28:54+00:00","dateModified":"2012-09-05T00:01:54+00:00","mainEntityOfPage":{"@id":"https:\/\/www.padreydecano.com\/cms\/noticias\/rachetti-le-retiro-la-confianza-a-osvaldo-gimenez\/"},"wordCount":442,"commentCount":17,"publisher":{"@id":"https:\/\/www.padreydecano.com\/cms\/#organization"},"image":{"@id":"https:\/\/www.padreydecano.com\/cms\/noticias\/rachetti-le-retiro-la-confianza-a-osvaldo-gimenez\/#primaryimage"},"thumbnailUrl":"https:\/\/www.padreydecano.com\/cms\/wp-content\/uploads\/2012\/09\/destacada_gimenez.jpg","articleSection":["Noticias"],"inLanguage":"es","potentialAction":[{"@type":"CommentAction","name":"Comment","target":["https:\/\/www.padreydecano.com\/cms\/noticias\/rachetti-le-retiro-la-confianza-a-osvaldo-gimenez\/#respond"]}]},{"@type":"WebPage","@id":"https:\/\/www.padreydecano.com\/cms\/noticias\/rachetti-le-retiro-la-confianza-a-osvaldo-gimenez\/","url":"https:\/\/www.padreydecano.com\/cms\/noticias\/rachetti-le-retiro-la-confianza-a-osvaldo-gimenez\/","name":"Rachetti le retir\u00f3 la confianza a Osvaldo Gim\u00e9nez - Padre y Decano - El Sitio del Pueblo","isPartOf":{"@id":"https:\/\/www.padreydecano.com\/cms\/#website"},"primaryImageOfPage":{"@id":"https:\/\/www.padreydecano.com\/cms\/noticias\/rachetti-le-retiro-la-confianza-a-osvaldo-gimenez\/#primaryimage"},"image":{"@id":"https:\/\/www.padreydecano.com\/cms\/noticias\/rachetti-le-retiro-la-confianza-a-osvaldo-gimenez\/#primaryimage"},"thumbnailUrl":"https:\/\/www.padreydecano.com\/cms\/wp-content\/uploads\/2012\/09\/destacada_gimenez.jpg","datePublished":"2012-09-04T23:28:54+00:00","dateModified":"2012-09-05T00:01:54+00:00","breadcrumb":{"@id":"https:\/\/www.padreydecano.com\/cms\/noticias\/rachetti-le-retiro-la-confianza-a-osvaldo-gimenez\/#breadcrumb"},"inLanguage":"es","potentialAction":[{"@type":"ReadAction","target":["https:\/\/www.padreydecano.com\/cms\/noticias\/rachetti-le-retiro-la-confianza-a-osvaldo-gimenez\/"]}]},{"@type":"ImageObject","inLanguage":"es","@id":"https:\/\/www.padreydecano.com\/cms\/noticias\/rachetti-le-retiro-la-confianza-a-osvaldo-gimenez\/#primaryimage","url":"https:\/\/www.padreydecano.com\/cms\/wp-content\/uploads\/2012\/09\/destacada_gimenez.jpg","contentUrl":"https:\/\/www.padreydecano.com\/cms\/wp-content\/uploads\/2012\/09\/destacada_gimenez.jpg","width":"953","height":"537"},{"@type":"BreadcrumbList","@id":"https:\/\/www.padreydecano.com\/cms\/noticias\/rachetti-le-retiro-la-confianza-a-osvaldo-gimenez\/#breadcrumb","itemListElement":[{"@type":"ListItem","position":1,"name":"Portada","item":"https:\/\/www.padreydecano.com\/cms\/"},{"@type":"ListItem","position":2,"name":"Rachetti le retir\u00f3 la confianza a Osvaldo Gim\u00e9nez"}]},{"@type":"WebSite","@id":"https:\/\/www.padreydecano.com\/cms\/#website","url":"https:\/\/www.padreydecano.com\/cms\/","name":"Padre y Decano - El Sitio del Pueblo","description":"Club Atl\u00e9tico Pe\u00f1arol","publisher":{"@id":"https:\/\/www.padreydecano.com\/cms\/#organization"},"potentialAction":[{"@type":"SearchAction","target":{"@type":"EntryPoint","urlTemplate":"https:\/\/www.padreydecano.com\/cms\/?s={search_term_string}"},"query-input":"required name=search_term_string"}],"inLanguage":"es"},{"@type":"Organization","@id":"https:\/\/www.padreydecano.com\/cms\/#organization","name":"Padre y Decano","url":"https:\/\/www.padreydecano.com\/cms\/","logo":{"@type":"ImageObject","inLanguage":"es","@id":"https:\/\/www.padreydecano.com\/cms\/#\/schema\/logo\/image\/","url":"https:\/\/www.padreydecano.com\/cms\/wp-content\/uploads\/2022\/01\/avatar-square.png","contentUrl":"https:\/\/www.padreydecano.com\/cms\/wp-content\/uploads\/2022\/01\/avatar-square.png","width":1500,"height":1500,"caption":"Padre y Decano"},"image":{"@id":"https:\/\/www.padreydecano.com\/cms\/#\/schema\/logo\/image\/"}},{"@type":"Person","@id":"https:\/\/www.padreydecano.com\/cms\/#\/schema\/person\/5607c72c38a1537a151b24d1e67535e0","name":"1891","image":{"@type":"ImageObject","inLanguage":"es","@id":"https:\/\/www.padreydecano.com\/cms\/#\/schema\/person\/image\/","url":"https:\/\/secure.gravatar.com\/avatar\/29d4d1b0d523a21898e8cf9585d259d3?s=96&d=https%3A%2F%2Fpadreydecano.com%2Fcms%2Fwp-content%2Fthemes%2Fpyd-theme%2Fimg%2Fdefault-avatar.png&r=g","contentUrl":"https:\/\/secure.gravatar.com\/avatar\/29d4d1b0d523a21898e8cf9585d259d3?s=96&d=https%3A%2F%2Fpadreydecano.com%2Fcms%2Fwp-content%2Fthemes%2Fpyd-theme%2Fimg%2Fdefault-avatar.png&r=g","caption":"1891"}}]}},"_links":{"self":[{"href":"https:\/\/www.padreydecano.com\/cms\/wp-json\/wp\/v2\/posts\/29524"}],"collection":[{"href":"https:\/\/www.padreydecano.com\/cms\/wp-json\/wp\/v2\/posts"}],"about":[{"href":"https:\/\/www.padreydecano.com\/cms\/wp-json\/wp\/v2\/types\/post"}],"author":[{"embeddable":true,"href":"https:\/\/www.padreydecano.com\/cms\/wp-json\/wp\/v2\/users\/3"}],"replies":[{"embeddable":true,"href":"https:\/\/www.padreydecano.com\/cms\/wp-json\/wp\/v2\/comments?post=29524"}],"version-history":[{"count":0,"href":"https:\/\/www.padreydecano.com\/cms\/wp-json\/wp\/v2\/posts\/29524\/revisions"}],"wp:featuredmedia":[{"embeddable":true,"href":"https:\/\/www.padreydecano.com\/cms\/wp-json\/wp\/v2\/media\/29527"}],"wp:attachment":[{"href":"https:\/\/www.padreydecano.com\/cms\/wp-json\/wp\/v2\/media?parent=29524"}],"wp:term":[{"taxonomy":"category","embeddable":true,"href":"https:\/\/www.padreydecano.com\/cms\/wp-json\/wp\/v2\/categories?post=29524"},{"taxonomy":"post_tag","embeddable":true,"href":"https:\/\/www.padreydecano.com\/cms\/wp-json\/wp\/v2\/tags?post=29524"}],"curies":[{"name":"wp","href":"https:\/\/api.w.org\/{rel}","templated":true}]}}