{"id":29513,"date":"2012-09-04T13:03:59","date_gmt":"2012-09-04T16:03:59","guid":{"rendered":"http:\/\/www.padreydecano.com\/cms\/?p=29513"},"modified":"2012-09-04T15:26:53","modified_gmt":"2012-09-04T18:26:53","slug":"welker-vs-prudente-penarol-vs-audaf","status":"publish","type":"post","link":"https:\/\/www.padreydecano.com\/cms\/encuestas\/welker-vs-prudente-penarol-vs-audaf\/","title":{"rendered":"Welker vs Prudente (Pe\u00f1arol vs AUDAF)"},"content":{"rendered":"<p style=\"text-align: justify;\"><a href=\"https:\/\/www.padreydecano.com\/cms\/wp-content\/uploads\/2012\/09\/MR3A9594-Copiar.jpg\" rel=\"shadowbox[sbpost-29513];player=img;\"><img loading=\"lazy\" decoding=\"async\" class=\"alignright size-medium wp-image-29445\" src=\"https:\/\/www.padreydecano.com\/cms\/wp-content\/uploads\/2012\/09\/MR3A9594-Copiar-300x199.jpg\" alt=\"\" width=\"300\" height=\"199\" srcset=\"https:\/\/www.padreydecano.com\/cms\/wp-content\/uploads\/2012\/09\/MR3A9594-Copiar-300x199.jpg 300w, https:\/\/www.padreydecano.com\/cms\/wp-content\/uploads\/2012\/09\/MR3A9594-Copiar.jpg 800w\" sizes=\"(max-width: 300px) 100vw, 300px\" \/><\/a>Edgar Welker arremeti\u00f3 contra el \u00e1rbitro Liber Prudente luego del <a title=\"Empate \u00bfagridulce?\" href=\"https:\/\/www.padreydecano.com\/cms\/partidos\/empate-agridulce\/\" target=\"_blank\">pol\u00e9mico partido del domingo ante River Plate<\/a>. En represalia, la gremial de \u00e1rbitros AUDAF emiti\u00f3 un comunicado en el que expresa que no arbitrar\u00e1 m\u00e1s a Pe\u00f1arol a menos que el vicepresidente del club rectifique p\u00fablicamente sus dichos.<\/p>\n<p style=\"text-align: justify;\">Una vez finalizado el encuentro ante los del prado, Welker declar\u00f3 que le gustar\u00eda ver <strong>\u201cun test psicol\u00f3gico de este \u00e1rbitro ya que no es la primera vez que arruina un espect\u00e1culo\u201d<\/strong> y <strong>\u00abes un \u00e1rbitro que muchas veces no est\u00e1 en sus cabales\u00bb. El vicepresidente tambi\u00e9n record\u00f3 que Prudente \u00abtiene sobrados antecedentes en la materia para que el Colegio de \u00c1rbitros tome las medidas que corresponden\u00bb.<\/strong><\/p>\n<p style=\"text-align: justify;\">La gremial arbitral se mostr\u00f3 muy molesta por estas declaraciones y no arbitrar\u00e1 m\u00e1s a Pe\u00f1arol a menos que el Welker d\u00e9 marcha atr\u00e1s con sus dichos. El comunicado expresa que <strong>\u201clas declaraciones contienen t\u00e9rminos injuriosos hacia el doctor L\u00edber Prudente que lesionan su honor y dignidad tanto desde el punto de vista personal como profesional\u201d<\/strong> y que tambi\u00e9n <strong>\u201clesionan el honor de todo el instituto arbitral, hecho que ya ha ocurrido en reiteradas ocasiones por parte del escribano Welker, respecto a la actuaci\u00f3n de los \u00e1rbitros\u201d<\/strong>.<\/p>\n<p style=\"text-align: justify;\">Por eso es que la gremial resuelve <strong>\u201cno presentarse a dirigir ning\u00fan encuentro que dispute el Club Atl\u00e9tico Pe\u00f1arol hasta tanto el escribano Edgard Welker se rectifique p\u00fablicamente a trav\u00e9s de los mismos medios en que realiz\u00f3 dichas declaraciones de las expresiones injuriosas dirigidas al doctor L\u00edber Prudente\u201d.<\/strong><\/p>\n<p style=\"text-align: justify;\">La pelota pas\u00f3 para la cancha de nuestros dirigentes. Hoy hubo reuni\u00f3n de Consejo Directivo. El periodista Pablo Londinsky anticip\u00f3 en su cuenta de twitter que <strong>\u201cla mayor\u00eda de los dirigentes respalda los dichos de Welker respecto a Prudente\u201d. <\/strong>Una vez finalizada la reuni\u00f3n, el periodista Dar\u00edo Saravia lo confirm\u00f3<strong> \u00abPe\u00f1arol termin\u00f3 la reuni\u00f3n del consejo directivo y <a title=\"La Comisi\u00f3n Directiva respald\u00f3 a Welker\" href=\"https:\/\/www.padreydecano.com\/cms\/noticias\/la-comision-directiva-respaldo-a-welker\/\" target=\"_blank\">todos apoyan a Welker<\/a>\u00ab.<\/strong><\/p>\n<p style=\"text-align: justify;\">El presidente de la instituci\u00f3n, Juan Pedro Damiani, apoy\u00f3 al vicepresidente. En el programa 100% Deportes que se emite por radio Sport 890, expres\u00f3 \u00absolidaridad y apoyo\u00bb a su amigo y vicepresidente\u00a0del club. Para Damiani, <strong>\u00abPrudente y los\u00a0\u00e1rbitros se est\u00e1n equivocando muy seguido con Pe\u00f1arol\u00bb<\/strong>. Adem\u00e1s, el presidente consider\u00f3 que <strong>\u00abel domingo condicion\u00f3\u00a0el partido con la expulsi\u00f3n de Zalayeta\u00bb<\/strong> y afirm\u00f3 que\u00a0no se queja de los jueces pero <strong>\u00ablo de Prudente es reiterativo y Pe\u00f1arol est\u00e1 molesto con el tema de los\u00a0\u00e1rbitros\u00bb<\/strong>.<\/p>\n<div align=\"center\"><div id=\"polls-18\" class=\"wp-polls\">\n\t\t<p style=\"text-align: center; margin-bottom:10px;\"><strong>\u00bfFueron acertadas las declaraciones de Welker?<\/strong><\/p><div id=\"polls-18-ans\" class=\"wp-polls-ans\"><ul class=\"wp-polls-ul\">\n\t\t<li>Si <small>(87%, 578 votos)<\/small><div class=\"pollbar\" style=\"width: 87%;\" title=\"Si (87% | 578 votos)\"><\/div><\/li>\n\t\t<li>No <small>(13%, 86 votos)<\/small><div class=\"pollbar\" style=\"width: 13%;\" title=\"No (13% | 86 votos)\"><\/div><\/li>\n\t\t<\/ul><p style=\"text-align: center;\">Total de votantes: <strong>663<\/strong><\/p><\/div>\n\t\t<input type=\"hidden\" id=\"poll_18_nonce\" name=\"wp-polls-nonce\" value=\"7184afce03\" \/>\n<\/div>\n<\/div>\n","protected":false},"excerpt":{"rendered":"<p>Edgar Welker arremeti\u00f3 contra el \u00e1rbitro Liber Prudente luego del pol\u00e9mico partido del domingo ante River Plate. En represalia, la gremial de \u00e1rbitros AUDAF emiti\u00f3 un comunicado en el que expresa que no arbitrar\u00e1 m\u00e1s a Pe\u00f1arol a menos que el vicepresidente del club rectifique p\u00fablicamente sus dichos. Una vez finalizado el encuentro ante los [&hellip;]<\/p>\n","protected":false},"author":13,"featured_media":24575,"comment_status":"open","ping_status":"closed","sticky":false,"template":"","format":"standard","meta":{"footnotes":""},"categories":[74],"tags":[],"yoast_head":"<!-- This site is optimized with the Yoast SEO plugin v23.2 - https:\/\/yoast.com\/wordpress\/plugins\/seo\/ -->\n<title>Welker vs Prudente (Pe\u00f1arol vs AUDAF) - Padre y Decano - El Sitio del Pueblo<\/title>\n<meta name=\"robots\" content=\"index, follow, max-snippet:-1, max-image-preview:large, max-video-preview:-1\" \/>\n<link rel=\"canonical\" href=\"https:\/\/www.padreydecano.com\/cms\/encuestas\/welker-vs-prudente-penarol-vs-audaf\/\" \/>\n<meta property=\"og:locale\" content=\"es_ES\" \/>\n<meta property=\"og:type\" content=\"article\" \/>\n<meta property=\"og:title\" content=\"Welker vs Prudente (Pe\u00f1arol vs AUDAF) - Padre y Decano - El Sitio del Pueblo\" \/>\n<meta property=\"og:description\" content=\"Edgar Welker arremeti\u00f3 contra el \u00e1rbitro Liber Prudente luego del pol\u00e9mico partido del domingo ante River Plate. En represalia, la gremial de \u00e1rbitros AUDAF emiti\u00f3 un comunicado en el que expresa que no arbitrar\u00e1 m\u00e1s a Pe\u00f1arol a menos que el vicepresidente del club rectifique p\u00fablicamente sus dichos. Una vez finalizado el encuentro ante los [&hellip;]\" \/>\n<meta property=\"og:url\" content=\"https:\/\/www.padreydecano.com\/cms\/encuestas\/welker-vs-prudente-penarol-vs-audaf\/\" \/>\n<meta property=\"og:site_name\" content=\"Padre y Decano - El Sitio del Pueblo\" \/>\n<meta property=\"article:published_time\" content=\"2012-09-04T16:03:59+00:00\" \/>\n<meta property=\"article:modified_time\" content=\"2012-09-04T18:26:53+00:00\" \/>\n<meta property=\"og:image\" content=\"https:\/\/www.padreydecano.com\/cms\/wp-content\/uploads\/2012\/06\/edgar-welker.jpg\" \/>\n\t<meta property=\"og:image:width\" content=\"560\" \/>\n\t<meta property=\"og:image:height\" content=\"332\" \/>\n\t<meta property=\"og:image:type\" content=\"image\/jpeg\" \/>\n<meta name=\"author\" content=\"Moderador\" \/>\n<meta name=\"twitter:card\" content=\"summary_large_image\" \/>\n<meta name=\"twitter:label1\" content=\"Escrito por\" \/>\n\t<meta name=\"twitter:data1\" content=\"Moderador\" \/>\n\t<meta name=\"twitter:label2\" content=\"Tiempo de lectura\" \/>\n\t<meta name=\"twitter:data2\" content=\"2 minutos\" \/>\n<script type=\"application\/ld+json\" class=\"yoast-schema-graph\">{\"@context\":\"https:\/\/schema.org\",\"@graph\":[{\"@type\":\"Article\",\"@id\":\"https:\/\/www.padreydecano.com\/cms\/encuestas\/welker-vs-prudente-penarol-vs-audaf\/#article\",\"isPartOf\":{\"@id\":\"https:\/\/www.padreydecano.com\/cms\/encuestas\/welker-vs-prudente-penarol-vs-audaf\/\"},\"author\":{\"name\":\"Moderador\",\"@id\":\"https:\/\/www.padreydecano.com\/cms\/#\/schema\/person\/d93e9e537230ae052c194251d9a1def2\"},\"headline\":\"Welker vs Prudente (Pe\u00f1arol vs AUDAF)\",\"datePublished\":\"2012-09-04T16:03:59+00:00\",\"dateModified\":\"2012-09-04T18:26:53+00:00\",\"mainEntityOfPage\":{\"@id\":\"https:\/\/www.padreydecano.com\/cms\/encuestas\/welker-vs-prudente-penarol-vs-audaf\/\"},\"wordCount\":439,\"commentCount\":39,\"publisher\":{\"@id\":\"https:\/\/www.padreydecano.com\/cms\/#organization\"},\"image\":{\"@id\":\"https:\/\/www.padreydecano.com\/cms\/encuestas\/welker-vs-prudente-penarol-vs-audaf\/#primaryimage\"},\"thumbnailUrl\":\"https:\/\/www.padreydecano.com\/cms\/wp-content\/uploads\/2012\/06\/edgar-welker.jpg\",\"articleSection\":[\"Encuestas\"],\"inLanguage\":\"es\",\"potentialAction\":[{\"@type\":\"CommentAction\",\"name\":\"Comment\",\"target\":[\"https:\/\/www.padreydecano.com\/cms\/encuestas\/welker-vs-prudente-penarol-vs-audaf\/#respond\"]}]},{\"@type\":\"WebPage\",\"@id\":\"https:\/\/www.padreydecano.com\/cms\/encuestas\/welker-vs-prudente-penarol-vs-audaf\/\",\"url\":\"https:\/\/www.padreydecano.com\/cms\/encuestas\/welker-vs-prudente-penarol-vs-audaf\/\",\"name\":\"Welker vs Prudente (Pe\u00f1arol vs AUDAF) - Padre y Decano - El Sitio del Pueblo\",\"isPartOf\":{\"@id\":\"https:\/\/www.padreydecano.com\/cms\/#website\"},\"primaryImageOfPage\":{\"@id\":\"https:\/\/www.padreydecano.com\/cms\/encuestas\/welker-vs-prudente-penarol-vs-audaf\/#primaryimage\"},\"image\":{\"@id\":\"https:\/\/www.padreydecano.com\/cms\/encuestas\/welker-vs-prudente-penarol-vs-audaf\/#primaryimage\"},\"thumbnailUrl\":\"https:\/\/www.padreydecano.com\/cms\/wp-content\/uploads\/2012\/06\/edgar-welker.jpg\",\"datePublished\":\"2012-09-04T16:03:59+00:00\",\"dateModified\":\"2012-09-04T18:26:53+00:00\",\"breadcrumb\":{\"@id\":\"https:\/\/www.padreydecano.com\/cms\/encuestas\/welker-vs-prudente-penarol-vs-audaf\/#breadcrumb\"},\"inLanguage\":\"es\",\"potentialAction\":[{\"@type\":\"ReadAction\",\"target\":[\"https:\/\/www.padreydecano.com\/cms\/encuestas\/welker-vs-prudente-penarol-vs-audaf\/\"]}]},{\"@type\":\"ImageObject\",\"inLanguage\":\"es\",\"@id\":\"https:\/\/www.padreydecano.com\/cms\/encuestas\/welker-vs-prudente-penarol-vs-audaf\/#primaryimage\",\"url\":\"https:\/\/www.padreydecano.com\/cms\/wp-content\/uploads\/2012\/06\/edgar-welker.jpg\",\"contentUrl\":\"https:\/\/www.padreydecano.com\/cms\/wp-content\/uploads\/2012\/06\/edgar-welker.jpg\",\"width\":\"560\",\"height\":\"332\"},{\"@type\":\"BreadcrumbList\",\"@id\":\"https:\/\/www.padreydecano.com\/cms\/encuestas\/welker-vs-prudente-penarol-vs-audaf\/#breadcrumb\",\"itemListElement\":[{\"@type\":\"ListItem\",\"position\":1,\"name\":\"Portada\",\"item\":\"https:\/\/www.padreydecano.com\/cms\/\"},{\"@type\":\"ListItem\",\"position\":2,\"name\":\"Welker vs Prudente (Pe\u00f1arol vs AUDAF)\"}]},{\"@type\":\"WebSite\",\"@id\":\"https:\/\/www.padreydecano.com\/cms\/#website\",\"url\":\"https:\/\/www.padreydecano.com\/cms\/\",\"name\":\"Padre y Decano - El Sitio del Pueblo\",\"description\":\"Club Atl\u00e9tico Pe\u00f1arol\",\"publisher\":{\"@id\":\"https:\/\/www.padreydecano.com\/cms\/#organization\"},\"potentialAction\":[{\"@type\":\"SearchAction\",\"target\":{\"@type\":\"EntryPoint\",\"urlTemplate\":\"https:\/\/www.padreydecano.com\/cms\/?s={search_term_string}\"},\"query-input\":\"required name=search_term_string\"}],\"inLanguage\":\"es\"},{\"@type\":\"Organization\",\"@id\":\"https:\/\/www.padreydecano.com\/cms\/#organization\",\"name\":\"Padre y Decano\",\"url\":\"https:\/\/www.padreydecano.com\/cms\/\",\"logo\":{\"@type\":\"ImageObject\",\"inLanguage\":\"es\",\"@id\":\"https:\/\/www.padreydecano.com\/cms\/#\/schema\/logo\/image\/\",\"url\":\"https:\/\/www.padreydecano.com\/cms\/wp-content\/uploads\/2022\/01\/avatar-square.png\",\"contentUrl\":\"https:\/\/www.padreydecano.com\/cms\/wp-content\/uploads\/2022\/01\/avatar-square.png\",\"width\":1500,\"height\":1500,\"caption\":\"Padre y Decano\"},\"image\":{\"@id\":\"https:\/\/www.padreydecano.com\/cms\/#\/schema\/logo\/image\/\"}},{\"@type\":\"Person\",\"@id\":\"https:\/\/www.padreydecano.com\/cms\/#\/schema\/person\/d93e9e537230ae052c194251d9a1def2\",\"name\":\"Moderador\",\"image\":{\"@type\":\"ImageObject\",\"inLanguage\":\"es\",\"@id\":\"https:\/\/www.padreydecano.com\/cms\/#\/schema\/person\/image\/\",\"url\":\"https:\/\/secure.gravatar.com\/avatar\/2587727bf8a53bd3da4ec49f01bea66e?s=96&d=https%3A%2F%2Fpadreydecano.com%2Fcms%2Fwp-content%2Fthemes%2Fpyd-theme%2Fimg%2Fdefault-avatar.png&r=g\",\"contentUrl\":\"https:\/\/secure.gravatar.com\/avatar\/2587727bf8a53bd3da4ec49f01bea66e?s=96&d=https%3A%2F%2Fpadreydecano.com%2Fcms%2Fwp-content%2Fthemes%2Fpyd-theme%2Fimg%2Fdefault-avatar.png&r=g\",\"caption\":\"Moderador\"}}]}<\/script>\n<!-- \/ Yoast SEO plugin. -->","yoast_head_json":{"title":"Welker vs Prudente (Pe\u00f1arol vs AUDAF) - Padre y Decano - El Sitio del Pueblo","robots":{"index":"index","follow":"follow","max-snippet":"max-snippet:-1","max-image-preview":"max-image-preview:large","max-video-preview":"max-video-preview:-1"},"canonical":"https:\/\/www.padreydecano.com\/cms\/encuestas\/welker-vs-prudente-penarol-vs-audaf\/","og_locale":"es_ES","og_type":"article","og_title":"Welker vs Prudente (Pe\u00f1arol vs AUDAF) - Padre y Decano - El Sitio del Pueblo","og_description":"Edgar Welker arremeti\u00f3 contra el \u00e1rbitro Liber Prudente luego del pol\u00e9mico partido del domingo ante River Plate. En represalia, la gremial de \u00e1rbitros AUDAF emiti\u00f3 un comunicado en el que expresa que no arbitrar\u00e1 m\u00e1s a Pe\u00f1arol a menos que el vicepresidente del club rectifique p\u00fablicamente sus dichos. Una vez finalizado el encuentro ante los [&hellip;]","og_url":"https:\/\/www.padreydecano.com\/cms\/encuestas\/welker-vs-prudente-penarol-vs-audaf\/","og_site_name":"Padre y Decano - El Sitio del Pueblo","article_published_time":"2012-09-04T16:03:59+00:00","article_modified_time":"2012-09-04T18:26:53+00:00","og_image":[{"width":560,"height":332,"url":"https:\/\/www.padreydecano.com\/cms\/wp-content\/uploads\/2012\/06\/edgar-welker.jpg","type":"image\/jpeg"}],"author":"Moderador","twitter_card":"summary_large_image","twitter_misc":{"Escrito por":"Moderador","Tiempo de lectura":"2 minutos"},"schema":{"@context":"https:\/\/schema.org","@graph":[{"@type":"Article","@id":"https:\/\/www.padreydecano.com\/cms\/encuestas\/welker-vs-prudente-penarol-vs-audaf\/#article","isPartOf":{"@id":"https:\/\/www.padreydecano.com\/cms\/encuestas\/welker-vs-prudente-penarol-vs-audaf\/"},"author":{"name":"Moderador","@id":"https:\/\/www.padreydecano.com\/cms\/#\/schema\/person\/d93e9e537230ae052c194251d9a1def2"},"headline":"Welker vs Prudente (Pe\u00f1arol vs AUDAF)","datePublished":"2012-09-04T16:03:59+00:00","dateModified":"2012-09-04T18:26:53+00:00","mainEntityOfPage":{"@id":"https:\/\/www.padreydecano.com\/cms\/encuestas\/welker-vs-prudente-penarol-vs-audaf\/"},"wordCount":439,"commentCount":39,"publisher":{"@id":"https:\/\/www.padreydecano.com\/cms\/#organization"},"image":{"@id":"https:\/\/www.padreydecano.com\/cms\/encuestas\/welker-vs-prudente-penarol-vs-audaf\/#primaryimage"},"thumbnailUrl":"https:\/\/www.padreydecano.com\/cms\/wp-content\/uploads\/2012\/06\/edgar-welker.jpg","articleSection":["Encuestas"],"inLanguage":"es","potentialAction":[{"@type":"CommentAction","name":"Comment","target":["https:\/\/www.padreydecano.com\/cms\/encuestas\/welker-vs-prudente-penarol-vs-audaf\/#respond"]}]},{"@type":"WebPage","@id":"https:\/\/www.padreydecano.com\/cms\/encuestas\/welker-vs-prudente-penarol-vs-audaf\/","url":"https:\/\/www.padreydecano.com\/cms\/encuestas\/welker-vs-prudente-penarol-vs-audaf\/","name":"Welker vs Prudente (Pe\u00f1arol vs AUDAF) - Padre y Decano - El Sitio del Pueblo","isPartOf":{"@id":"https:\/\/www.padreydecano.com\/cms\/#website"},"primaryImageOfPage":{"@id":"https:\/\/www.padreydecano.com\/cms\/encuestas\/welker-vs-prudente-penarol-vs-audaf\/#primaryimage"},"image":{"@id":"https:\/\/www.padreydecano.com\/cms\/encuestas\/welker-vs-prudente-penarol-vs-audaf\/#primaryimage"},"thumbnailUrl":"https:\/\/www.padreydecano.com\/cms\/wp-content\/uploads\/2012\/06\/edgar-welker.jpg","datePublished":"2012-09-04T16:03:59+00:00","dateModified":"2012-09-04T18:26:53+00:00","breadcrumb":{"@id":"https:\/\/www.padreydecano.com\/cms\/encuestas\/welker-vs-prudente-penarol-vs-audaf\/#breadcrumb"},"inLanguage":"es","potentialAction":[{"@type":"ReadAction","target":["https:\/\/www.padreydecano.com\/cms\/encuestas\/welker-vs-prudente-penarol-vs-audaf\/"]}]},{"@type":"ImageObject","inLanguage":"es","@id":"https:\/\/www.padreydecano.com\/cms\/encuestas\/welker-vs-prudente-penarol-vs-audaf\/#primaryimage","url":"https:\/\/www.padreydecano.com\/cms\/wp-content\/uploads\/2012\/06\/edgar-welker.jpg","contentUrl":"https:\/\/www.padreydecano.com\/cms\/wp-content\/uploads\/2012\/06\/edgar-welker.jpg","width":"560","height":"332"},{"@type":"BreadcrumbList","@id":"https:\/\/www.padreydecano.com\/cms\/encuestas\/welker-vs-prudente-penarol-vs-audaf\/#breadcrumb","itemListElement":[{"@type":"ListItem","position":1,"name":"Portada","item":"https:\/\/www.padreydecano.com\/cms\/"},{"@type":"ListItem","position":2,"name":"Welker vs Prudente (Pe\u00f1arol vs AUDAF)"}]},{"@type":"WebSite","@id":"https:\/\/www.padreydecano.com\/cms\/#website","url":"https:\/\/www.padreydecano.com\/cms\/","name":"Padre y Decano - El Sitio del Pueblo","description":"Club Atl\u00e9tico Pe\u00f1arol","publisher":{"@id":"https:\/\/www.padreydecano.com\/cms\/#organization"},"potentialAction":[{"@type":"SearchAction","target":{"@type":"EntryPoint","urlTemplate":"https:\/\/www.padreydecano.com\/cms\/?s={search_term_string}"},"query-input":"required name=search_term_string"}],"inLanguage":"es"},{"@type":"Organization","@id":"https:\/\/www.padreydecano.com\/cms\/#organization","name":"Padre y Decano","url":"https:\/\/www.padreydecano.com\/cms\/","logo":{"@type":"ImageObject","inLanguage":"es","@id":"https:\/\/www.padreydecano.com\/cms\/#\/schema\/logo\/image\/","url":"https:\/\/www.padreydecano.com\/cms\/wp-content\/uploads\/2022\/01\/avatar-square.png","contentUrl":"https:\/\/www.padreydecano.com\/cms\/wp-content\/uploads\/2022\/01\/avatar-square.png","width":1500,"height":1500,"caption":"Padre y Decano"},"image":{"@id":"https:\/\/www.padreydecano.com\/cms\/#\/schema\/logo\/image\/"}},{"@type":"Person","@id":"https:\/\/www.padreydecano.com\/cms\/#\/schema\/person\/d93e9e537230ae052c194251d9a1def2","name":"Moderador","image":{"@type":"ImageObject","inLanguage":"es","@id":"https:\/\/www.padreydecano.com\/cms\/#\/schema\/person\/image\/","url":"https:\/\/secure.gravatar.com\/avatar\/2587727bf8a53bd3da4ec49f01bea66e?s=96&d=https%3A%2F%2Fpadreydecano.com%2Fcms%2Fwp-content%2Fthemes%2Fpyd-theme%2Fimg%2Fdefault-avatar.png&r=g","contentUrl":"https:\/\/secure.gravatar.com\/avatar\/2587727bf8a53bd3da4ec49f01bea66e?s=96&d=https%3A%2F%2Fpadreydecano.com%2Fcms%2Fwp-content%2Fthemes%2Fpyd-theme%2Fimg%2Fdefault-avatar.png&r=g","caption":"Moderador"}}]}},"_links":{"self":[{"href":"https:\/\/www.padreydecano.com\/cms\/wp-json\/wp\/v2\/posts\/29513"}],"collection":[{"href":"https:\/\/www.padreydecano.com\/cms\/wp-json\/wp\/v2\/posts"}],"about":[{"href":"https:\/\/www.padreydecano.com\/cms\/wp-json\/wp\/v2\/types\/post"}],"author":[{"embeddable":true,"href":"https:\/\/www.padreydecano.com\/cms\/wp-json\/wp\/v2\/users\/13"}],"replies":[{"embeddable":true,"href":"https:\/\/www.padreydecano.com\/cms\/wp-json\/wp\/v2\/comments?post=29513"}],"version-history":[{"count":0,"href":"https:\/\/www.padreydecano.com\/cms\/wp-json\/wp\/v2\/posts\/29513\/revisions"}],"wp:featuredmedia":[{"embeddable":true,"href":"https:\/\/www.padreydecano.com\/cms\/wp-json\/wp\/v2\/media\/24575"}],"wp:attachment":[{"href":"https:\/\/www.padreydecano.com\/cms\/wp-json\/wp\/v2\/media?parent=29513"}],"wp:term":[{"taxonomy":"category","embeddable":true,"href":"https:\/\/www.padreydecano.com\/cms\/wp-json\/wp\/v2\/categories?post=29513"},{"taxonomy":"post_tag","embeddable":true,"href":"https:\/\/www.padreydecano.com\/cms\/wp-json\/wp\/v2\/tags?post=29513"}],"curies":[{"name":"wp","href":"https:\/\/api.w.org\/{rel}","templated":true}]}}