{"id":29505,"date":"2012-09-04T15:00:30","date_gmt":"2012-09-04T18:00:30","guid":{"rendered":"http:\/\/www.padreydecano.com\/cms\/?p=29505"},"modified":"2012-09-04T15:25:18","modified_gmt":"2012-09-04T18:25:18","slug":"el-equipo-de-la-gente-fecha-2","status":"publish","type":"post","link":"https:\/\/www.padreydecano.com\/cms\/noticias\/el-equipo-de-la-gente-fecha-2\/","title":{"rendered":"El equipo de la gente (Fecha 2)"},"content":{"rendered":"<p>Te presentamos los resultados de la segunda fecha del Equipo de la Gente, donde los usuarios del\u00a0<a href=\"http:\/\/xn--estoespearol-hhb.com\/foro\/index.php\" target=\"_blank\">foro Esto es Pe\u00f1arol<\/a>\u00a0califican el rendimiento de los jugadores en cada partido otorg\u00e1ndole un puntaje del 1 al 10 a cada uno.<\/p>\n<p><strong>Resultados de Pe\u00f1arol 1 &#8211; River Plate 1:<\/strong><\/p>\n<p style=\"text-align: center;\"><a href=\"https:\/\/www.padreydecano.com\/cms\/wp-content\/uploads\/2012\/09\/modelo-2-fecha-2-37ac571.jpg\" rel=\"shadowbox[sbpost-29505];player=img;\"><img loading=\"lazy\" decoding=\"async\" class=\"wp-image-29509 aligncenter\" src=\"https:\/\/www.padreydecano.com\/cms\/wp-content\/uploads\/2012\/09\/modelo-2-fecha-2-37ac571.jpg\" alt=\"\" width=\"558\" height=\"653\" srcset=\"https:\/\/www.padreydecano.com\/cms\/wp-content\/uploads\/2012\/09\/modelo-2-fecha-2-37ac571.jpg 620w, https:\/\/www.padreydecano.com\/cms\/wp-content\/uploads\/2012\/09\/modelo-2-fecha-2-37ac571-256x300.jpg 256w\" sizes=\"(max-width: 558px) 100vw, 558px\" \/><\/a><\/p>\n<p style=\"text-align: justify;\"><strong><span style=\"color: #ffcc02;\">ESTAD\u00cdSTICAS GENERALES:<\/span><\/strong><\/p>\n<ul>\n<li><strong>Promedio Defensa:<\/strong> 4,78<\/li>\n<li><strong>Promedio Mediocampo:<\/strong> 5,63<\/li>\n<li><strong>Promedio Delanteros:<\/strong> 6,32<\/li>\n<\/ul>\n<p><strong><span style=\"color: #ffcc02;\">ESTAD\u00cdSTICAS DE USUARIOS:<\/span><\/strong><\/p>\n<ul>\n<li><strong>Usuario que puntu\u00f3 m\u00e1s bajo:<\/strong> Juan A. (4,73)<\/li>\n<li><strong>Usuario que puntu\u00f3 m\u00e1s alto:<\/strong> estoescap (7,00)<\/li>\n<li><strong>Usuario que utiliz\u00f3 el mayor rango de puntos:<\/strong> SoyDecano y lapasioncarbonera (de 1 a 10)<\/li>\n<li><strong>Usuario que utiliz\u00f3 el menor rango de puntos:<\/strong> Enzo-&#8216;Carbonero, elfrancarbone, mati1891, REYES94, CURCC, Aleman94, rafamanya, Colonesmanya, Pablitomanya08 (de 3 a 7 o de 4 a 8)<\/li>\n<\/ul>\n","protected":false},"excerpt":{"rendered":"<p>Te presentamos los resultados de la segunda fecha del Equipo de la Gente, donde los usuarios del\u00a0foro Esto es Pe\u00f1arol\u00a0califican el rendimiento de los jugadores en cada partido otorg\u00e1ndole un puntaje del 1 al 10 a cada uno. Resultados de Pe\u00f1arol 1 &#8211; River Plate 1: ESTAD\u00cdSTICAS GENERALES: Promedio Defensa: 4,78 Promedio Mediocampo: 5,63 Promedio [&hellip;]<\/p>\n","protected":false},"author":3,"featured_media":0,"comment_status":"open","ping_status":"closed","sticky":false,"template":"","format":"standard","meta":{"footnotes":""},"categories":[1],"tags":[],"yoast_head":"<!-- This site is optimized with the Yoast SEO plugin v23.2 - https:\/\/yoast.com\/wordpress\/plugins\/seo\/ -->\n<title>El equipo de la gente (Fecha 2) - Padre y Decano - El Sitio del Pueblo<\/title>\n<meta name=\"robots\" content=\"index, follow, max-snippet:-1, max-image-preview:large, max-video-preview:-1\" \/>\n<link rel=\"canonical\" href=\"https:\/\/www.padreydecano.com\/cms\/noticias\/el-equipo-de-la-gente-fecha-2\/\" \/>\n<meta property=\"og:locale\" content=\"es_ES\" \/>\n<meta property=\"og:type\" content=\"article\" \/>\n<meta property=\"og:title\" content=\"El equipo de la gente (Fecha 2) - Padre y Decano - El Sitio del Pueblo\" \/>\n<meta property=\"og:description\" content=\"Te presentamos los resultados de la segunda fecha del Equipo de la Gente, donde los usuarios del\u00a0foro Esto es Pe\u00f1arol\u00a0califican el rendimiento de los jugadores en cada partido otorg\u00e1ndole un puntaje del 1 al 10 a cada uno. Resultados de Pe\u00f1arol 1 &#8211; River Plate 1: ESTAD\u00cdSTICAS GENERALES: Promedio Defensa: 4,78 Promedio Mediocampo: 5,63 Promedio [&hellip;]\" \/>\n<meta property=\"og:url\" content=\"https:\/\/www.padreydecano.com\/cms\/noticias\/el-equipo-de-la-gente-fecha-2\/\" \/>\n<meta property=\"og:site_name\" content=\"Padre y Decano - El Sitio del Pueblo\" \/>\n<meta property=\"article:published_time\" content=\"2012-09-04T18:00:30+00:00\" \/>\n<meta property=\"article:modified_time\" content=\"2012-09-04T18:25:18+00:00\" \/>\n<meta property=\"og:image\" content=\"http:\/\/www.padreydecano.com\/cms\/wp-content\/uploads\/2012\/09\/modelo-2-fecha-2-37ac571.jpg\" \/>\n<meta name=\"author\" content=\"1891\" \/>\n<meta name=\"twitter:card\" content=\"summary_large_image\" \/>\n<meta name=\"twitter:label1\" content=\"Escrito por\" \/>\n\t<meta name=\"twitter:data1\" content=\"1891\" \/>\n\t<meta name=\"twitter:label2\" content=\"Tiempo de lectura\" \/>\n\t<meta name=\"twitter:data2\" content=\"1 minuto\" \/>\n<script type=\"application\/ld+json\" class=\"yoast-schema-graph\">{\"@context\":\"https:\/\/schema.org\",\"@graph\":[{\"@type\":\"Article\",\"@id\":\"https:\/\/www.padreydecano.com\/cms\/noticias\/el-equipo-de-la-gente-fecha-2\/#article\",\"isPartOf\":{\"@id\":\"https:\/\/www.padreydecano.com\/cms\/noticias\/el-equipo-de-la-gente-fecha-2\/\"},\"author\":{\"name\":\"1891\",\"@id\":\"https:\/\/www.padreydecano.com\/cms\/#\/schema\/person\/5607c72c38a1537a151b24d1e67535e0\"},\"headline\":\"El equipo de la gente (Fecha 2)\",\"datePublished\":\"2012-09-04T18:00:30+00:00\",\"dateModified\":\"2012-09-04T18:25:18+00:00\",\"mainEntityOfPage\":{\"@id\":\"https:\/\/www.padreydecano.com\/cms\/noticias\/el-equipo-de-la-gente-fecha-2\/\"},\"wordCount\":117,\"commentCount\":7,\"publisher\":{\"@id\":\"https:\/\/www.padreydecano.com\/cms\/#organization\"},\"image\":{\"@id\":\"https:\/\/www.padreydecano.com\/cms\/noticias\/el-equipo-de-la-gente-fecha-2\/#primaryimage\"},\"thumbnailUrl\":\"http:\/\/www.padreydecano.com\/cms\/wp-content\/uploads\/2012\/09\/modelo-2-fecha-2-37ac571.jpg\",\"articleSection\":[\"Noticias\"],\"inLanguage\":\"es\",\"potentialAction\":[{\"@type\":\"CommentAction\",\"name\":\"Comment\",\"target\":[\"https:\/\/www.padreydecano.com\/cms\/noticias\/el-equipo-de-la-gente-fecha-2\/#respond\"]}]},{\"@type\":\"WebPage\",\"@id\":\"https:\/\/www.padreydecano.com\/cms\/noticias\/el-equipo-de-la-gente-fecha-2\/\",\"url\":\"https:\/\/www.padreydecano.com\/cms\/noticias\/el-equipo-de-la-gente-fecha-2\/\",\"name\":\"El equipo de la gente (Fecha 2) - Padre y Decano - El Sitio del Pueblo\",\"isPartOf\":{\"@id\":\"https:\/\/www.padreydecano.com\/cms\/#website\"},\"primaryImageOfPage\":{\"@id\":\"https:\/\/www.padreydecano.com\/cms\/noticias\/el-equipo-de-la-gente-fecha-2\/#primaryimage\"},\"image\":{\"@id\":\"https:\/\/www.padreydecano.com\/cms\/noticias\/el-equipo-de-la-gente-fecha-2\/#primaryimage\"},\"thumbnailUrl\":\"http:\/\/www.padreydecano.com\/cms\/wp-content\/uploads\/2012\/09\/modelo-2-fecha-2-37ac571.jpg\",\"datePublished\":\"2012-09-04T18:00:30+00:00\",\"dateModified\":\"2012-09-04T18:25:18+00:00\",\"breadcrumb\":{\"@id\":\"https:\/\/www.padreydecano.com\/cms\/noticias\/el-equipo-de-la-gente-fecha-2\/#breadcrumb\"},\"inLanguage\":\"es\",\"potentialAction\":[{\"@type\":\"ReadAction\",\"target\":[\"https:\/\/www.padreydecano.com\/cms\/noticias\/el-equipo-de-la-gente-fecha-2\/\"]}]},{\"@type\":\"ImageObject\",\"inLanguage\":\"es\",\"@id\":\"https:\/\/www.padreydecano.com\/cms\/noticias\/el-equipo-de-la-gente-fecha-2\/#primaryimage\",\"url\":\"http:\/\/www.padreydecano.com\/cms\/wp-content\/uploads\/2012\/09\/modelo-2-fecha-2-37ac571.jpg\",\"contentUrl\":\"http:\/\/www.padreydecano.com\/cms\/wp-content\/uploads\/2012\/09\/modelo-2-fecha-2-37ac571.jpg\"},{\"@type\":\"BreadcrumbList\",\"@id\":\"https:\/\/www.padreydecano.com\/cms\/noticias\/el-equipo-de-la-gente-fecha-2\/#breadcrumb\",\"itemListElement\":[{\"@type\":\"ListItem\",\"position\":1,\"name\":\"Portada\",\"item\":\"https:\/\/www.padreydecano.com\/cms\/\"},{\"@type\":\"ListItem\",\"position\":2,\"name\":\"El equipo de la gente (Fecha 2)\"}]},{\"@type\":\"WebSite\",\"@id\":\"https:\/\/www.padreydecano.com\/cms\/#website\",\"url\":\"https:\/\/www.padreydecano.com\/cms\/\",\"name\":\"Padre y Decano - El Sitio del Pueblo\",\"description\":\"Club Atl\u00e9tico Pe\u00f1arol\",\"publisher\":{\"@id\":\"https:\/\/www.padreydecano.com\/cms\/#organization\"},\"potentialAction\":[{\"@type\":\"SearchAction\",\"target\":{\"@type\":\"EntryPoint\",\"urlTemplate\":\"https:\/\/www.padreydecano.com\/cms\/?s={search_term_string}\"},\"query-input\":\"required name=search_term_string\"}],\"inLanguage\":\"es\"},{\"@type\":\"Organization\",\"@id\":\"https:\/\/www.padreydecano.com\/cms\/#organization\",\"name\":\"Padre y Decano\",\"url\":\"https:\/\/www.padreydecano.com\/cms\/\",\"logo\":{\"@type\":\"ImageObject\",\"inLanguage\":\"es\",\"@id\":\"https:\/\/www.padreydecano.com\/cms\/#\/schema\/logo\/image\/\",\"url\":\"https:\/\/www.padreydecano.com\/cms\/wp-content\/uploads\/2022\/01\/avatar-square.png\",\"contentUrl\":\"https:\/\/www.padreydecano.com\/cms\/wp-content\/uploads\/2022\/01\/avatar-square.png\",\"width\":1500,\"height\":1500,\"caption\":\"Padre y Decano\"},\"image\":{\"@id\":\"https:\/\/www.padreydecano.com\/cms\/#\/schema\/logo\/image\/\"}},{\"@type\":\"Person\",\"@id\":\"https:\/\/www.padreydecano.com\/cms\/#\/schema\/person\/5607c72c38a1537a151b24d1e67535e0\",\"name\":\"1891\",\"image\":{\"@type\":\"ImageObject\",\"inLanguage\":\"es\",\"@id\":\"https:\/\/www.padreydecano.com\/cms\/#\/schema\/person\/image\/\",\"url\":\"https:\/\/secure.gravatar.com\/avatar\/29d4d1b0d523a21898e8cf9585d259d3?s=96&d=https%3A%2F%2Fpadreydecano.com%2Fcms%2Fwp-content%2Fthemes%2Fpyd-theme%2Fimg%2Fdefault-avatar.png&r=g\",\"contentUrl\":\"https:\/\/secure.gravatar.com\/avatar\/29d4d1b0d523a21898e8cf9585d259d3?s=96&d=https%3A%2F%2Fpadreydecano.com%2Fcms%2Fwp-content%2Fthemes%2Fpyd-theme%2Fimg%2Fdefault-avatar.png&r=g\",\"caption\":\"1891\"}}]}<\/script>\n<!-- \/ Yoast SEO plugin. -->","yoast_head_json":{"title":"El equipo de la gente (Fecha 2) - Padre y Decano - El Sitio del Pueblo","robots":{"index":"index","follow":"follow","max-snippet":"max-snippet:-1","max-image-preview":"max-image-preview:large","max-video-preview":"max-video-preview:-1"},"canonical":"https:\/\/www.padreydecano.com\/cms\/noticias\/el-equipo-de-la-gente-fecha-2\/","og_locale":"es_ES","og_type":"article","og_title":"El equipo de la gente (Fecha 2) - Padre y Decano - El Sitio del Pueblo","og_description":"Te presentamos los resultados de la segunda fecha del Equipo de la Gente, donde los usuarios del\u00a0foro Esto es Pe\u00f1arol\u00a0califican el rendimiento de los jugadores en cada partido otorg\u00e1ndole un puntaje del 1 al 10 a cada uno. Resultados de Pe\u00f1arol 1 &#8211; River Plate 1: ESTAD\u00cdSTICAS GENERALES: Promedio Defensa: 4,78 Promedio Mediocampo: 5,63 Promedio [&hellip;]","og_url":"https:\/\/www.padreydecano.com\/cms\/noticias\/el-equipo-de-la-gente-fecha-2\/","og_site_name":"Padre y Decano - El Sitio del Pueblo","article_published_time":"2012-09-04T18:00:30+00:00","article_modified_time":"2012-09-04T18:25:18+00:00","og_image":[{"url":"http:\/\/www.padreydecano.com\/cms\/wp-content\/uploads\/2012\/09\/modelo-2-fecha-2-37ac571.jpg"}],"author":"1891","twitter_card":"summary_large_image","twitter_misc":{"Escrito por":"1891","Tiempo de lectura":"1 minuto"},"schema":{"@context":"https:\/\/schema.org","@graph":[{"@type":"Article","@id":"https:\/\/www.padreydecano.com\/cms\/noticias\/el-equipo-de-la-gente-fecha-2\/#article","isPartOf":{"@id":"https:\/\/www.padreydecano.com\/cms\/noticias\/el-equipo-de-la-gente-fecha-2\/"},"author":{"name":"1891","@id":"https:\/\/www.padreydecano.com\/cms\/#\/schema\/person\/5607c72c38a1537a151b24d1e67535e0"},"headline":"El equipo de la gente (Fecha 2)","datePublished":"2012-09-04T18:00:30+00:00","dateModified":"2012-09-04T18:25:18+00:00","mainEntityOfPage":{"@id":"https:\/\/www.padreydecano.com\/cms\/noticias\/el-equipo-de-la-gente-fecha-2\/"},"wordCount":117,"commentCount":7,"publisher":{"@id":"https:\/\/www.padreydecano.com\/cms\/#organization"},"image":{"@id":"https:\/\/www.padreydecano.com\/cms\/noticias\/el-equipo-de-la-gente-fecha-2\/#primaryimage"},"thumbnailUrl":"http:\/\/www.padreydecano.com\/cms\/wp-content\/uploads\/2012\/09\/modelo-2-fecha-2-37ac571.jpg","articleSection":["Noticias"],"inLanguage":"es","potentialAction":[{"@type":"CommentAction","name":"Comment","target":["https:\/\/www.padreydecano.com\/cms\/noticias\/el-equipo-de-la-gente-fecha-2\/#respond"]}]},{"@type":"WebPage","@id":"https:\/\/www.padreydecano.com\/cms\/noticias\/el-equipo-de-la-gente-fecha-2\/","url":"https:\/\/www.padreydecano.com\/cms\/noticias\/el-equipo-de-la-gente-fecha-2\/","name":"El equipo de la gente (Fecha 2) - Padre y Decano - El Sitio del Pueblo","isPartOf":{"@id":"https:\/\/www.padreydecano.com\/cms\/#website"},"primaryImageOfPage":{"@id":"https:\/\/www.padreydecano.com\/cms\/noticias\/el-equipo-de-la-gente-fecha-2\/#primaryimage"},"image":{"@id":"https:\/\/www.padreydecano.com\/cms\/noticias\/el-equipo-de-la-gente-fecha-2\/#primaryimage"},"thumbnailUrl":"http:\/\/www.padreydecano.com\/cms\/wp-content\/uploads\/2012\/09\/modelo-2-fecha-2-37ac571.jpg","datePublished":"2012-09-04T18:00:30+00:00","dateModified":"2012-09-04T18:25:18+00:00","breadcrumb":{"@id":"https:\/\/www.padreydecano.com\/cms\/noticias\/el-equipo-de-la-gente-fecha-2\/#breadcrumb"},"inLanguage":"es","potentialAction":[{"@type":"ReadAction","target":["https:\/\/www.padreydecano.com\/cms\/noticias\/el-equipo-de-la-gente-fecha-2\/"]}]},{"@type":"ImageObject","inLanguage":"es","@id":"https:\/\/www.padreydecano.com\/cms\/noticias\/el-equipo-de-la-gente-fecha-2\/#primaryimage","url":"http:\/\/www.padreydecano.com\/cms\/wp-content\/uploads\/2012\/09\/modelo-2-fecha-2-37ac571.jpg","contentUrl":"http:\/\/www.padreydecano.com\/cms\/wp-content\/uploads\/2012\/09\/modelo-2-fecha-2-37ac571.jpg"},{"@type":"BreadcrumbList","@id":"https:\/\/www.padreydecano.com\/cms\/noticias\/el-equipo-de-la-gente-fecha-2\/#breadcrumb","itemListElement":[{"@type":"ListItem","position":1,"name":"Portada","item":"https:\/\/www.padreydecano.com\/cms\/"},{"@type":"ListItem","position":2,"name":"El equipo de la gente (Fecha 2)"}]},{"@type":"WebSite","@id":"https:\/\/www.padreydecano.com\/cms\/#website","url":"https:\/\/www.padreydecano.com\/cms\/","name":"Padre y Decano - El Sitio del Pueblo","description":"Club Atl\u00e9tico Pe\u00f1arol","publisher":{"@id":"https:\/\/www.padreydecano.com\/cms\/#organization"},"potentialAction":[{"@type":"SearchAction","target":{"@type":"EntryPoint","urlTemplate":"https:\/\/www.padreydecano.com\/cms\/?s={search_term_string}"},"query-input":"required name=search_term_string"}],"inLanguage":"es"},{"@type":"Organization","@id":"https:\/\/www.padreydecano.com\/cms\/#organization","name":"Padre y Decano","url":"https:\/\/www.padreydecano.com\/cms\/","logo":{"@type":"ImageObject","inLanguage":"es","@id":"https:\/\/www.padreydecano.com\/cms\/#\/schema\/logo\/image\/","url":"https:\/\/www.padreydecano.com\/cms\/wp-content\/uploads\/2022\/01\/avatar-square.png","contentUrl":"https:\/\/www.padreydecano.com\/cms\/wp-content\/uploads\/2022\/01\/avatar-square.png","width":1500,"height":1500,"caption":"Padre y Decano"},"image":{"@id":"https:\/\/www.padreydecano.com\/cms\/#\/schema\/logo\/image\/"}},{"@type":"Person","@id":"https:\/\/www.padreydecano.com\/cms\/#\/schema\/person\/5607c72c38a1537a151b24d1e67535e0","name":"1891","image":{"@type":"ImageObject","inLanguage":"es","@id":"https:\/\/www.padreydecano.com\/cms\/#\/schema\/person\/image\/","url":"https:\/\/secure.gravatar.com\/avatar\/29d4d1b0d523a21898e8cf9585d259d3?s=96&d=https%3A%2F%2Fpadreydecano.com%2Fcms%2Fwp-content%2Fthemes%2Fpyd-theme%2Fimg%2Fdefault-avatar.png&r=g","contentUrl":"https:\/\/secure.gravatar.com\/avatar\/29d4d1b0d523a21898e8cf9585d259d3?s=96&d=https%3A%2F%2Fpadreydecano.com%2Fcms%2Fwp-content%2Fthemes%2Fpyd-theme%2Fimg%2Fdefault-avatar.png&r=g","caption":"1891"}}]}},"_links":{"self":[{"href":"https:\/\/www.padreydecano.com\/cms\/wp-json\/wp\/v2\/posts\/29505"}],"collection":[{"href":"https:\/\/www.padreydecano.com\/cms\/wp-json\/wp\/v2\/posts"}],"about":[{"href":"https:\/\/www.padreydecano.com\/cms\/wp-json\/wp\/v2\/types\/post"}],"author":[{"embeddable":true,"href":"https:\/\/www.padreydecano.com\/cms\/wp-json\/wp\/v2\/users\/3"}],"replies":[{"embeddable":true,"href":"https:\/\/www.padreydecano.com\/cms\/wp-json\/wp\/v2\/comments?post=29505"}],"version-history":[{"count":0,"href":"https:\/\/www.padreydecano.com\/cms\/wp-json\/wp\/v2\/posts\/29505\/revisions"}],"wp:attachment":[{"href":"https:\/\/www.padreydecano.com\/cms\/wp-json\/wp\/v2\/media?parent=29505"}],"wp:term":[{"taxonomy":"category","embeddable":true,"href":"https:\/\/www.padreydecano.com\/cms\/wp-json\/wp\/v2\/categories?post=29505"},{"taxonomy":"post_tag","embeddable":true,"href":"https:\/\/www.padreydecano.com\/cms\/wp-json\/wp\/v2\/tags?post=29505"}],"curies":[{"name":"wp","href":"https:\/\/api.w.org\/{rel}","templated":true}]}}