{"id":29476,"date":"2012-09-03T14:50:19","date_gmt":"2012-09-03T17:50:19","guid":{"rendered":"http:\/\/www.padreydecano.com\/cms\/?p=29476"},"modified":"2012-09-03T14:50:19","modified_gmt":"2012-09-03T17:50:19","slug":"da-silva-penarol-va-a-pelear-el-campeonato","status":"publish","type":"post","link":"https:\/\/www.padreydecano.com\/cms\/noticias\/da-silva-penarol-va-a-pelear-el-campeonato\/","title":{"rendered":"Da Silva: \u201cPe\u00f1arol va a pelear el campeonato\u201d"},"content":{"rendered":"<p style=\"text-align: justify;\"><img loading=\"lazy\" decoding=\"async\" class=\"alignright  wp-image-29427\" src=\"https:\/\/www.padreydecano.com\/cms\/wp-content\/uploads\/2012\/09\/IMG_3230-Copiar-300x199.jpg\" alt=\"\" width=\"240\" height=\"159\" srcset=\"https:\/\/www.padreydecano.com\/cms\/wp-content\/uploads\/2012\/09\/IMG_3230-Copiar-300x199.jpg 300w, https:\/\/www.padreydecano.com\/cms\/wp-content\/uploads\/2012\/09\/IMG_3230-Copiar.jpg 800w\" sizes=\"(max-width: 240px) 100vw, 240px\" \/>Tras el <a title=\"Empate \u00bfagridulce?\" href=\"https:\/\/www.padreydecano.com\/cms\/partidos\/empate-agridulce\/\" target=\"_blank\">empate a uno<\/a>, Jorge Da Silva dijo que <strong><em>\u201ces algo similar a lo de la fecha pasada, es muy dif\u00edcil hacer un an\u00e1lisis cuando ten\u00e9s un comienzo de campeonato con partidos tan at\u00edpicos. En este nos toc\u00f3 jugar desde los 6\u00b4 con un jugador menos para teminar jugando con nueve desde los 41. Con ese contexto es muy dif\u00edcil analizar un partido\u201d<\/em><\/strong>.<\/p>\n<p style=\"text-align: justify;\">Algo que ya es cosa de todas las conferencias del DT aurinegro es el tema de las pelotas quietas, que como tambi\u00e9n se ha hecho costumbre, el gol de River vino por esa v\u00eda.<strong><em> \u201cEl error m\u00e1s grave que vi fue otra vez en la jugada de pelota quieta, Macaluso lo ven\u00eda marcando bien pero le falt\u00f3 anticiparlo. Fue el \u00fanico error puntual que vi adem\u00e1s de ser la \u00fanica jugada de peligro que crearon con pelota quieta, pero termin\u00f3 en gol\u201d<\/em><\/strong>.<\/p>\n<p style=\"text-align: justify;\">Tambi\u00e9n se refiri\u00f3 a la tarjeta roja.\u00a0<strong><em>\u201cNos expulsan a Macaluso en el momento en el que nos est\u00e1bamos acomodando, igualmente seguimos mejorando hasta que conseguimos el gol del empate para luego s\u00ed, 3 minutos despu\u00e9s con la roja para Marcelo (Zalayeta) terminar de condicionarnos el partido\u201d.<\/em><\/strong><\/p>\n<p style=\"text-align: justify;\">Consultado sobre el arbitraje, el entrenador del campe\u00f3n del siglo respondi\u00f3:\u00a0<em><strong>\u201cNo habl\u00e9 con Prudente, pero no s\u00e9 que le pasaba. Cuando fui a sacar a mis jugadores, porque sabiendo c\u00f3mo es, les pod\u00eda sacar alguna roja m\u00e1s, \u00e9l les dec\u00eda stop, stop, como si estuviera arbitrando un partido de la Premier, la verdad que no lo pod\u00eda creer, lamentable\u201d<\/strong><\/em>\u00a0.<\/p>\n<p style=\"text-align: justify;\">Si hay algo para rescatar es la actitud que tuvieron nuestros jugadores. El Polilla lo explic\u00f3 as\u00ed <strong><em>\u201cEn 4 d\u00edas se nos cay\u00f3 todo, lo de Antonio, lo que est\u00e1 viviendo Bologna con su hijo de tan s\u00f3lo 4 meses, la derrota de la primera fecha, ahora con Macaluso y Zalayeta descartados, el grupo est\u00e1 muy golpeado. Menos mal que tenemos 15 d\u00edas para preparar el pr\u00f3ximo partido, esperemos que llegue bien Estoyanoff que es un jugador fundamental para nosotros por su velocidad que es lo que nos est\u00e1 faltando\u201d.<\/em><\/strong><\/p>\n<p style=\"text-align: justify;\"><strong><em><\/em><\/strong> Como conclusi\u00f3n final del partido, el entrenador dijo:\u00a0<strong><em>\u201cLo \u00fanico que puedo hacer es felicitar a los jugadores que terminaron el partido, dejaron la vida y estoy seguro que Pe\u00f1arol va a pelear el campeonato, porque hoy me mostraron que tienen unas ganas terribles, hoy les pedimos que mantengan el orden, no pod\u00edamos dejar espacios, ellos nos dejaban 3 y hasta 4 hombres en el ataque, pero ten\u00edamos que aguantar para en los \u00faltimos minutos salir a ganar. No se nos dio esta vez pero esa es la mentalidad, porque somos Pe\u00f1arol y siempre vamos a salir a ganar\u201d.<\/em><\/strong><\/p>\n","protected":false},"excerpt":{"rendered":"<p>Tras el empate a uno, Jorge Da Silva dijo que \u201ces algo similar a lo de la fecha pasada, es muy dif\u00edcil hacer un an\u00e1lisis cuando ten\u00e9s un comienzo de campeonato con partidos tan at\u00edpicos. En este nos toc\u00f3 jugar desde los 6\u00b4 con un jugador menos para teminar jugando con nueve desde los 41. [&hellip;]<\/p>\n","protected":false},"author":2,"featured_media":29427,"comment_status":"open","ping_status":"closed","sticky":false,"template":"","format":"standard","meta":{"footnotes":""},"categories":[1],"tags":[76],"yoast_head":"<!-- This site is optimized with the Yoast SEO plugin v23.2 - https:\/\/yoast.com\/wordpress\/plugins\/seo\/ -->\n<title>Da Silva: \u201cPe\u00f1arol va a pelear el campeonato\u201d - Padre y Decano - El Sitio del Pueblo<\/title>\n<meta name=\"robots\" content=\"index, follow, max-snippet:-1, max-image-preview:large, max-video-preview:-1\" \/>\n<link rel=\"canonical\" href=\"https:\/\/www.padreydecano.com\/cms\/noticias\/da-silva-penarol-va-a-pelear-el-campeonato\/\" \/>\n<meta property=\"og:locale\" content=\"es_ES\" \/>\n<meta property=\"og:type\" content=\"article\" \/>\n<meta property=\"og:title\" content=\"Da Silva: \u201cPe\u00f1arol va a pelear el campeonato\u201d - Padre y Decano - El Sitio del Pueblo\" \/>\n<meta property=\"og:description\" content=\"Tras el empate a uno, Jorge Da Silva dijo que \u201ces algo similar a lo de la fecha pasada, es muy dif\u00edcil hacer un an\u00e1lisis cuando ten\u00e9s un comienzo de campeonato con partidos tan at\u00edpicos. En este nos toc\u00f3 jugar desde los 6\u00b4 con un jugador menos para teminar jugando con nueve desde los 41. [&hellip;]\" \/>\n<meta property=\"og:url\" content=\"https:\/\/www.padreydecano.com\/cms\/noticias\/da-silva-penarol-va-a-pelear-el-campeonato\/\" \/>\n<meta property=\"og:site_name\" content=\"Padre y Decano - El Sitio del Pueblo\" \/>\n<meta property=\"article:published_time\" content=\"2012-09-03T17:50:19+00:00\" \/>\n<meta property=\"og:image\" content=\"https:\/\/www.padreydecano.com\/cms\/wp-content\/uploads\/2012\/09\/IMG_3230-Copiar.jpg\" \/>\n\t<meta property=\"og:image:width\" content=\"800\" \/>\n\t<meta property=\"og:image:height\" content=\"533\" \/>\n\t<meta property=\"og:image:type\" content=\"image\/jpeg\" \/>\n<meta name=\"author\" content=\"Gonzalo16\" \/>\n<meta name=\"twitter:card\" content=\"summary_large_image\" \/>\n<meta name=\"twitter:label1\" content=\"Escrito por\" \/>\n\t<meta name=\"twitter:data1\" content=\"Gonzalo16\" \/>\n\t<meta name=\"twitter:label2\" content=\"Tiempo de lectura\" \/>\n\t<meta name=\"twitter:data2\" content=\"2 minutos\" \/>\n<script type=\"application\/ld+json\" class=\"yoast-schema-graph\">{\"@context\":\"https:\/\/schema.org\",\"@graph\":[{\"@type\":\"Article\",\"@id\":\"https:\/\/www.padreydecano.com\/cms\/noticias\/da-silva-penarol-va-a-pelear-el-campeonato\/#article\",\"isPartOf\":{\"@id\":\"https:\/\/www.padreydecano.com\/cms\/noticias\/da-silva-penarol-va-a-pelear-el-campeonato\/\"},\"author\":{\"name\":\"Gonzalo16\",\"@id\":\"https:\/\/www.padreydecano.com\/cms\/#\/schema\/person\/7fe41e3e335700ebd387196df2f9a8d4\"},\"headline\":\"Da Silva: \u201cPe\u00f1arol va a pelear el campeonato\u201d\",\"datePublished\":\"2012-09-03T17:50:19+00:00\",\"dateModified\":\"2012-09-03T17:50:19+00:00\",\"mainEntityOfPage\":{\"@id\":\"https:\/\/www.padreydecano.com\/cms\/noticias\/da-silva-penarol-va-a-pelear-el-campeonato\/\"},\"wordCount\":471,\"commentCount\":15,\"publisher\":{\"@id\":\"https:\/\/www.padreydecano.com\/cms\/#organization\"},\"image\":{\"@id\":\"https:\/\/www.padreydecano.com\/cms\/noticias\/da-silva-penarol-va-a-pelear-el-campeonato\/#primaryimage\"},\"thumbnailUrl\":\"https:\/\/www.padreydecano.com\/cms\/wp-content\/uploads\/2012\/09\/IMG_3230-Copiar.jpg\",\"keywords\":[\"Voces del vestuario\"],\"articleSection\":[\"Noticias\"],\"inLanguage\":\"es\",\"potentialAction\":[{\"@type\":\"CommentAction\",\"name\":\"Comment\",\"target\":[\"https:\/\/www.padreydecano.com\/cms\/noticias\/da-silva-penarol-va-a-pelear-el-campeonato\/#respond\"]}]},{\"@type\":\"WebPage\",\"@id\":\"https:\/\/www.padreydecano.com\/cms\/noticias\/da-silva-penarol-va-a-pelear-el-campeonato\/\",\"url\":\"https:\/\/www.padreydecano.com\/cms\/noticias\/da-silva-penarol-va-a-pelear-el-campeonato\/\",\"name\":\"Da Silva: \u201cPe\u00f1arol va a pelear el campeonato\u201d - Padre y Decano - El Sitio del Pueblo\",\"isPartOf\":{\"@id\":\"https:\/\/www.padreydecano.com\/cms\/#website\"},\"primaryImageOfPage\":{\"@id\":\"https:\/\/www.padreydecano.com\/cms\/noticias\/da-silva-penarol-va-a-pelear-el-campeonato\/#primaryimage\"},\"image\":{\"@id\":\"https:\/\/www.padreydecano.com\/cms\/noticias\/da-silva-penarol-va-a-pelear-el-campeonato\/#primaryimage\"},\"thumbnailUrl\":\"https:\/\/www.padreydecano.com\/cms\/wp-content\/uploads\/2012\/09\/IMG_3230-Copiar.jpg\",\"datePublished\":\"2012-09-03T17:50:19+00:00\",\"dateModified\":\"2012-09-03T17:50:19+00:00\",\"breadcrumb\":{\"@id\":\"https:\/\/www.padreydecano.com\/cms\/noticias\/da-silva-penarol-va-a-pelear-el-campeonato\/#breadcrumb\"},\"inLanguage\":\"es\",\"potentialAction\":[{\"@type\":\"ReadAction\",\"target\":[\"https:\/\/www.padreydecano.com\/cms\/noticias\/da-silva-penarol-va-a-pelear-el-campeonato\/\"]}]},{\"@type\":\"ImageObject\",\"inLanguage\":\"es\",\"@id\":\"https:\/\/www.padreydecano.com\/cms\/noticias\/da-silva-penarol-va-a-pelear-el-campeonato\/#primaryimage\",\"url\":\"https:\/\/www.padreydecano.com\/cms\/wp-content\/uploads\/2012\/09\/IMG_3230-Copiar.jpg\",\"contentUrl\":\"https:\/\/www.padreydecano.com\/cms\/wp-content\/uploads\/2012\/09\/IMG_3230-Copiar.jpg\",\"width\":\"800\",\"height\":\"533\"},{\"@type\":\"BreadcrumbList\",\"@id\":\"https:\/\/www.padreydecano.com\/cms\/noticias\/da-silva-penarol-va-a-pelear-el-campeonato\/#breadcrumb\",\"itemListElement\":[{\"@type\":\"ListItem\",\"position\":1,\"name\":\"Portada\",\"item\":\"https:\/\/www.padreydecano.com\/cms\/\"},{\"@type\":\"ListItem\",\"position\":2,\"name\":\"Da Silva: \u201cPe\u00f1arol va a pelear el campeonato\u201d\"}]},{\"@type\":\"WebSite\",\"@id\":\"https:\/\/www.padreydecano.com\/cms\/#website\",\"url\":\"https:\/\/www.padreydecano.com\/cms\/\",\"name\":\"Padre y Decano - El Sitio del Pueblo\",\"description\":\"Club Atl\u00e9tico Pe\u00f1arol\",\"publisher\":{\"@id\":\"https:\/\/www.padreydecano.com\/cms\/#organization\"},\"potentialAction\":[{\"@type\":\"SearchAction\",\"target\":{\"@type\":\"EntryPoint\",\"urlTemplate\":\"https:\/\/www.padreydecano.com\/cms\/?s={search_term_string}\"},\"query-input\":\"required name=search_term_string\"}],\"inLanguage\":\"es\"},{\"@type\":\"Organization\",\"@id\":\"https:\/\/www.padreydecano.com\/cms\/#organization\",\"name\":\"Padre y Decano\",\"url\":\"https:\/\/www.padreydecano.com\/cms\/\",\"logo\":{\"@type\":\"ImageObject\",\"inLanguage\":\"es\",\"@id\":\"https:\/\/www.padreydecano.com\/cms\/#\/schema\/logo\/image\/\",\"url\":\"https:\/\/www.padreydecano.com\/cms\/wp-content\/uploads\/2022\/01\/avatar-square.png\",\"contentUrl\":\"https:\/\/www.padreydecano.com\/cms\/wp-content\/uploads\/2022\/01\/avatar-square.png\",\"width\":1500,\"height\":1500,\"caption\":\"Padre y Decano\"},\"image\":{\"@id\":\"https:\/\/www.padreydecano.com\/cms\/#\/schema\/logo\/image\/\"}},{\"@type\":\"Person\",\"@id\":\"https:\/\/www.padreydecano.com\/cms\/#\/schema\/person\/7fe41e3e335700ebd387196df2f9a8d4\",\"name\":\"Gonzalo16\",\"image\":{\"@type\":\"ImageObject\",\"inLanguage\":\"es\",\"@id\":\"https:\/\/www.padreydecano.com\/cms\/#\/schema\/person\/image\/\",\"url\":\"https:\/\/secure.gravatar.com\/avatar\/4d5cdd49803a2313c01f77e3dfc05d81?s=96&d=https%3A%2F%2Fpadreydecano.com%2Fcms%2Fwp-content%2Fthemes%2Fpyd-theme%2Fimg%2Fdefault-avatar.png&r=g\",\"contentUrl\":\"https:\/\/secure.gravatar.com\/avatar\/4d5cdd49803a2313c01f77e3dfc05d81?s=96&d=https%3A%2F%2Fpadreydecano.com%2Fcms%2Fwp-content%2Fthemes%2Fpyd-theme%2Fimg%2Fdefault-avatar.png&r=g\",\"caption\":\"Gonzalo16\"}}]}<\/script>\n<!-- \/ Yoast SEO plugin. -->","yoast_head_json":{"title":"Da Silva: \u201cPe\u00f1arol va a pelear el campeonato\u201d - Padre y Decano - El Sitio del Pueblo","robots":{"index":"index","follow":"follow","max-snippet":"max-snippet:-1","max-image-preview":"max-image-preview:large","max-video-preview":"max-video-preview:-1"},"canonical":"https:\/\/www.padreydecano.com\/cms\/noticias\/da-silva-penarol-va-a-pelear-el-campeonato\/","og_locale":"es_ES","og_type":"article","og_title":"Da Silva: \u201cPe\u00f1arol va a pelear el campeonato\u201d - Padre y Decano - El Sitio del Pueblo","og_description":"Tras el empate a uno, Jorge Da Silva dijo que \u201ces algo similar a lo de la fecha pasada, es muy dif\u00edcil hacer un an\u00e1lisis cuando ten\u00e9s un comienzo de campeonato con partidos tan at\u00edpicos. En este nos toc\u00f3 jugar desde los 6\u00b4 con un jugador menos para teminar jugando con nueve desde los 41. [&hellip;]","og_url":"https:\/\/www.padreydecano.com\/cms\/noticias\/da-silva-penarol-va-a-pelear-el-campeonato\/","og_site_name":"Padre y Decano - El Sitio del Pueblo","article_published_time":"2012-09-03T17:50:19+00:00","og_image":[{"width":800,"height":533,"url":"https:\/\/www.padreydecano.com\/cms\/wp-content\/uploads\/2012\/09\/IMG_3230-Copiar.jpg","type":"image\/jpeg"}],"author":"Gonzalo16","twitter_card":"summary_large_image","twitter_misc":{"Escrito por":"Gonzalo16","Tiempo de lectura":"2 minutos"},"schema":{"@context":"https:\/\/schema.org","@graph":[{"@type":"Article","@id":"https:\/\/www.padreydecano.com\/cms\/noticias\/da-silva-penarol-va-a-pelear-el-campeonato\/#article","isPartOf":{"@id":"https:\/\/www.padreydecano.com\/cms\/noticias\/da-silva-penarol-va-a-pelear-el-campeonato\/"},"author":{"name":"Gonzalo16","@id":"https:\/\/www.padreydecano.com\/cms\/#\/schema\/person\/7fe41e3e335700ebd387196df2f9a8d4"},"headline":"Da Silva: \u201cPe\u00f1arol va a pelear el campeonato\u201d","datePublished":"2012-09-03T17:50:19+00:00","dateModified":"2012-09-03T17:50:19+00:00","mainEntityOfPage":{"@id":"https:\/\/www.padreydecano.com\/cms\/noticias\/da-silva-penarol-va-a-pelear-el-campeonato\/"},"wordCount":471,"commentCount":15,"publisher":{"@id":"https:\/\/www.padreydecano.com\/cms\/#organization"},"image":{"@id":"https:\/\/www.padreydecano.com\/cms\/noticias\/da-silva-penarol-va-a-pelear-el-campeonato\/#primaryimage"},"thumbnailUrl":"https:\/\/www.padreydecano.com\/cms\/wp-content\/uploads\/2012\/09\/IMG_3230-Copiar.jpg","keywords":["Voces del vestuario"],"articleSection":["Noticias"],"inLanguage":"es","potentialAction":[{"@type":"CommentAction","name":"Comment","target":["https:\/\/www.padreydecano.com\/cms\/noticias\/da-silva-penarol-va-a-pelear-el-campeonato\/#respond"]}]},{"@type":"WebPage","@id":"https:\/\/www.padreydecano.com\/cms\/noticias\/da-silva-penarol-va-a-pelear-el-campeonato\/","url":"https:\/\/www.padreydecano.com\/cms\/noticias\/da-silva-penarol-va-a-pelear-el-campeonato\/","name":"Da Silva: \u201cPe\u00f1arol va a pelear el campeonato\u201d - Padre y Decano - El Sitio del Pueblo","isPartOf":{"@id":"https:\/\/www.padreydecano.com\/cms\/#website"},"primaryImageOfPage":{"@id":"https:\/\/www.padreydecano.com\/cms\/noticias\/da-silva-penarol-va-a-pelear-el-campeonato\/#primaryimage"},"image":{"@id":"https:\/\/www.padreydecano.com\/cms\/noticias\/da-silva-penarol-va-a-pelear-el-campeonato\/#primaryimage"},"thumbnailUrl":"https:\/\/www.padreydecano.com\/cms\/wp-content\/uploads\/2012\/09\/IMG_3230-Copiar.jpg","datePublished":"2012-09-03T17:50:19+00:00","dateModified":"2012-09-03T17:50:19+00:00","breadcrumb":{"@id":"https:\/\/www.padreydecano.com\/cms\/noticias\/da-silva-penarol-va-a-pelear-el-campeonato\/#breadcrumb"},"inLanguage":"es","potentialAction":[{"@type":"ReadAction","target":["https:\/\/www.padreydecano.com\/cms\/noticias\/da-silva-penarol-va-a-pelear-el-campeonato\/"]}]},{"@type":"ImageObject","inLanguage":"es","@id":"https:\/\/www.padreydecano.com\/cms\/noticias\/da-silva-penarol-va-a-pelear-el-campeonato\/#primaryimage","url":"https:\/\/www.padreydecano.com\/cms\/wp-content\/uploads\/2012\/09\/IMG_3230-Copiar.jpg","contentUrl":"https:\/\/www.padreydecano.com\/cms\/wp-content\/uploads\/2012\/09\/IMG_3230-Copiar.jpg","width":"800","height":"533"},{"@type":"BreadcrumbList","@id":"https:\/\/www.padreydecano.com\/cms\/noticias\/da-silva-penarol-va-a-pelear-el-campeonato\/#breadcrumb","itemListElement":[{"@type":"ListItem","position":1,"name":"Portada","item":"https:\/\/www.padreydecano.com\/cms\/"},{"@type":"ListItem","position":2,"name":"Da Silva: \u201cPe\u00f1arol va a pelear el campeonato\u201d"}]},{"@type":"WebSite","@id":"https:\/\/www.padreydecano.com\/cms\/#website","url":"https:\/\/www.padreydecano.com\/cms\/","name":"Padre y Decano - El Sitio del Pueblo","description":"Club Atl\u00e9tico Pe\u00f1arol","publisher":{"@id":"https:\/\/www.padreydecano.com\/cms\/#organization"},"potentialAction":[{"@type":"SearchAction","target":{"@type":"EntryPoint","urlTemplate":"https:\/\/www.padreydecano.com\/cms\/?s={search_term_string}"},"query-input":"required name=search_term_string"}],"inLanguage":"es"},{"@type":"Organization","@id":"https:\/\/www.padreydecano.com\/cms\/#organization","name":"Padre y Decano","url":"https:\/\/www.padreydecano.com\/cms\/","logo":{"@type":"ImageObject","inLanguage":"es","@id":"https:\/\/www.padreydecano.com\/cms\/#\/schema\/logo\/image\/","url":"https:\/\/www.padreydecano.com\/cms\/wp-content\/uploads\/2022\/01\/avatar-square.png","contentUrl":"https:\/\/www.padreydecano.com\/cms\/wp-content\/uploads\/2022\/01\/avatar-square.png","width":1500,"height":1500,"caption":"Padre y Decano"},"image":{"@id":"https:\/\/www.padreydecano.com\/cms\/#\/schema\/logo\/image\/"}},{"@type":"Person","@id":"https:\/\/www.padreydecano.com\/cms\/#\/schema\/person\/7fe41e3e335700ebd387196df2f9a8d4","name":"Gonzalo16","image":{"@type":"ImageObject","inLanguage":"es","@id":"https:\/\/www.padreydecano.com\/cms\/#\/schema\/person\/image\/","url":"https:\/\/secure.gravatar.com\/avatar\/4d5cdd49803a2313c01f77e3dfc05d81?s=96&d=https%3A%2F%2Fpadreydecano.com%2Fcms%2Fwp-content%2Fthemes%2Fpyd-theme%2Fimg%2Fdefault-avatar.png&r=g","contentUrl":"https:\/\/secure.gravatar.com\/avatar\/4d5cdd49803a2313c01f77e3dfc05d81?s=96&d=https%3A%2F%2Fpadreydecano.com%2Fcms%2Fwp-content%2Fthemes%2Fpyd-theme%2Fimg%2Fdefault-avatar.png&r=g","caption":"Gonzalo16"}}]}},"_links":{"self":[{"href":"https:\/\/www.padreydecano.com\/cms\/wp-json\/wp\/v2\/posts\/29476"}],"collection":[{"href":"https:\/\/www.padreydecano.com\/cms\/wp-json\/wp\/v2\/posts"}],"about":[{"href":"https:\/\/www.padreydecano.com\/cms\/wp-json\/wp\/v2\/types\/post"}],"author":[{"embeddable":true,"href":"https:\/\/www.padreydecano.com\/cms\/wp-json\/wp\/v2\/users\/2"}],"replies":[{"embeddable":true,"href":"https:\/\/www.padreydecano.com\/cms\/wp-json\/wp\/v2\/comments?post=29476"}],"version-history":[{"count":0,"href":"https:\/\/www.padreydecano.com\/cms\/wp-json\/wp\/v2\/posts\/29476\/revisions"}],"wp:featuredmedia":[{"embeddable":true,"href":"https:\/\/www.padreydecano.com\/cms\/wp-json\/wp\/v2\/media\/29427"}],"wp:attachment":[{"href":"https:\/\/www.padreydecano.com\/cms\/wp-json\/wp\/v2\/media?parent=29476"}],"wp:term":[{"taxonomy":"category","embeddable":true,"href":"https:\/\/www.padreydecano.com\/cms\/wp-json\/wp\/v2\/categories?post=29476"},{"taxonomy":"post_tag","embeddable":true,"href":"https:\/\/www.padreydecano.com\/cms\/wp-json\/wp\/v2\/tags?post=29476"}],"curies":[{"name":"wp","href":"https:\/\/api.w.org\/{rel}","templated":true}]}}