{"id":29475,"date":"2012-09-03T15:30:43","date_gmt":"2012-09-03T18:30:43","guid":{"rendered":"http:\/\/www.padreydecano.com\/cms\/?p=29475"},"modified":"2012-09-03T14:50:57","modified_gmt":"2012-09-03T17:50:57","slug":"gelpi-una-calentura-barbara","status":"publish","type":"post","link":"https:\/\/www.padreydecano.com\/cms\/noticias\/gelpi-una-calentura-barbara\/","title":{"rendered":"Gelpi: \u201cUna calentura b\u00e1rbara\u201d"},"content":{"rendered":"<p style=\"text-align: justify;\"><img loading=\"lazy\" decoding=\"async\" class=\"alignright  wp-image-29369\" src=\"https:\/\/www.padreydecano.com\/cms\/wp-content\/uploads\/2012\/09\/IMG_2540-Copiar-300x199.jpg\" alt=\"\" width=\"240\" height=\"159\" srcset=\"https:\/\/www.padreydecano.com\/cms\/wp-content\/uploads\/2012\/09\/IMG_2540-Copiar-300x199.jpg 300w, https:\/\/www.padreydecano.com\/cms\/wp-content\/uploads\/2012\/09\/IMG_2540-Copiar.jpg 800w\" sizes=\"(max-width: 240px) 100vw, 240px\" \/>As\u00ed empezaba la conferencia de prensa el arquero mirasol Leandro Gelpi, es que la verdad que el rumor que hab\u00eda en el estadio no era muy diferente, porque si bien se valora el punto porque se jug\u00f3 todo el partido con diferencia num\u00e9rica, los n\u00fameros no dejan de ser reales, el <a href=\"https:\/\/www.padreydecano.com\/cms\/el-club-del-siglo-xx-de-america-del-sur\/\" target=\"_blank\">Campe\u00f3n del Siglo<\/a> de los 6 puntos en juego solo consigui\u00f3 1.<\/p>\n<p style=\"text-align: justify;\">Todos sabemos lo complicado que viene siendo este campeonato para Pe\u00f1arol y el arco como gran tema. En dos fechas atajaron dos arqueros y consultado sobre esto, el que estuvo debajo de los tres palos dijo:\u00a0<strong><em>\u201cuno siempre trabaja para que cuando se presente la oportunidad aprovecharla de la mejor manera, lamentablemente es porque nuestro compa\u00f1ero no est\u00e1 pasando por un buen momento familiar\u201d<\/em><\/strong> y hablando directamente sobre el partido \u00a0<em><strong>\u201cyo me voy con una calentura b\u00e1rbara porque volvimos a dejar puntos, el equipo tiene unas ganas b\u00e1rbaras y estamos confiados en que vamos a sacar esto adelante\u201d.<\/strong><\/em><\/p>\n<p style=\"text-align: justify;\"><img loading=\"lazy\" decoding=\"async\" class=\"alignleft  wp-image-29395\" src=\"https:\/\/www.padreydecano.com\/cms\/wp-content\/uploads\/2012\/09\/IMG_2858-Copiar-300x199.jpg\" alt=\"\" width=\"240\" height=\"159\" srcset=\"https:\/\/www.padreydecano.com\/cms\/wp-content\/uploads\/2012\/09\/IMG_2858-Copiar-300x199.jpg 300w, https:\/\/www.padreydecano.com\/cms\/wp-content\/uploads\/2012\/09\/IMG_2858-Copiar.jpg 800w\" sizes=\"(max-width: 240px) 100vw, 240px\" \/>Acompa\u00f1ando al \u201c1\u201d en esta conferencia de prensa estaba la figura de la tarde, por lo que corri\u00f3, meti\u00f3 y se las ingeni\u00f3 para complicar a toda la defensa contraria jugando \u00e9l s\u00f3lo arriba, (adem\u00e1s de haber hecho el gol) hablamos de J.M Olivera.\u00a0<strong><em>\u201cLa verdad que es un comienzo bastante duro, ya el primer partido arrancamos perdiendo, creo que hoy nos vamos un poco m\u00e1s conformes porque por m\u00e1s que se jug\u00f3 todo el partido con 1 y despu\u00e9s con 2 hombres de menos, se vio algo parecido a lo que se trabaj\u00f3 en la pretemporada. Dios quiera que podamos volver a tener ese volumen de juego mostrado en los amistosos, pero lamentablemente el 11 inicial con el que se trabaj\u00f3 no lo tenemos\u201d.<\/em><\/strong><\/p>\n<p style=\"text-align: justify;\">Consultado JM19 sobre las expulsiones, el corpulento delantero dijo que <strong><em>\u201cLa primera creo que est\u00e1 bien, era \u00faltimo hombre, pero la de Marcelo no la entend\u00ed, lo condiciona el grito del jugador de River, pero creo que no lo toc\u00f3\u201d<\/em> <\/strong>as\u00ed y todo Juan Manuel cerr\u00f3 la nota diciendo que <em><strong>\u201cest\u00e1bamos convencidos de que lo gan\u00e1bamos, nos vamos con sabor a poco, lo positivo es que se vieron las ganas que tiene el plantel y no tengo dudas de que vamos a salir adelante\u201d.<\/strong><\/em><\/p>\n","protected":false},"excerpt":{"rendered":"<p>As\u00ed empezaba la conferencia de prensa el arquero mirasol Leandro Gelpi, es que la verdad que el rumor que hab\u00eda en el estadio no era muy diferente, porque si bien se valora el punto porque se jug\u00f3 todo el partido con diferencia num\u00e9rica, los n\u00fameros no dejan de ser reales, el Campe\u00f3n del Siglo de [&hellip;]<\/p>\n","protected":false},"author":2,"featured_media":29369,"comment_status":"open","ping_status":"closed","sticky":false,"template":"","format":"standard","meta":{"footnotes":""},"categories":[1],"tags":[76],"yoast_head":"<!-- This site is optimized with the Yoast SEO plugin v23.2 - https:\/\/yoast.com\/wordpress\/plugins\/seo\/ -->\n<title>Gelpi: \u201cUna calentura b\u00e1rbara\u201d - Padre y Decano - El Sitio del Pueblo<\/title>\n<meta name=\"robots\" content=\"index, follow, max-snippet:-1, max-image-preview:large, max-video-preview:-1\" \/>\n<link rel=\"canonical\" href=\"https:\/\/www.padreydecano.com\/cms\/noticias\/gelpi-una-calentura-barbara\/\" \/>\n<meta property=\"og:locale\" content=\"es_ES\" \/>\n<meta property=\"og:type\" content=\"article\" \/>\n<meta property=\"og:title\" content=\"Gelpi: \u201cUna calentura b\u00e1rbara\u201d - Padre y Decano - El Sitio del Pueblo\" \/>\n<meta property=\"og:description\" content=\"As\u00ed empezaba la conferencia de prensa el arquero mirasol Leandro Gelpi, es que la verdad que el rumor que hab\u00eda en el estadio no era muy diferente, porque si bien se valora el punto porque se jug\u00f3 todo el partido con diferencia num\u00e9rica, los n\u00fameros no dejan de ser reales, el Campe\u00f3n del Siglo de [&hellip;]\" \/>\n<meta property=\"og:url\" content=\"https:\/\/www.padreydecano.com\/cms\/noticias\/gelpi-una-calentura-barbara\/\" \/>\n<meta property=\"og:site_name\" content=\"Padre y Decano - El Sitio del Pueblo\" \/>\n<meta property=\"article:published_time\" content=\"2012-09-03T18:30:43+00:00\" \/>\n<meta property=\"article:modified_time\" content=\"2012-09-03T17:50:57+00:00\" \/>\n<meta property=\"og:image\" content=\"https:\/\/www.padreydecano.com\/cms\/wp-content\/uploads\/2012\/09\/IMG_2540-Copiar.jpg\" \/>\n\t<meta property=\"og:image:width\" content=\"800\" \/>\n\t<meta property=\"og:image:height\" content=\"533\" \/>\n\t<meta property=\"og:image:type\" content=\"image\/jpeg\" \/>\n<meta name=\"author\" content=\"Gonzalo16\" \/>\n<meta name=\"twitter:card\" content=\"summary_large_image\" \/>\n<meta name=\"twitter:label1\" content=\"Escrito por\" \/>\n\t<meta name=\"twitter:data1\" content=\"Gonzalo16\" \/>\n\t<meta name=\"twitter:label2\" content=\"Tiempo de lectura\" \/>\n\t<meta name=\"twitter:data2\" content=\"2 minutos\" \/>\n<script type=\"application\/ld+json\" class=\"yoast-schema-graph\">{\"@context\":\"https:\/\/schema.org\",\"@graph\":[{\"@type\":\"Article\",\"@id\":\"https:\/\/www.padreydecano.com\/cms\/noticias\/gelpi-una-calentura-barbara\/#article\",\"isPartOf\":{\"@id\":\"https:\/\/www.padreydecano.com\/cms\/noticias\/gelpi-una-calentura-barbara\/\"},\"author\":{\"name\":\"Gonzalo16\",\"@id\":\"https:\/\/www.padreydecano.com\/cms\/#\/schema\/person\/7fe41e3e335700ebd387196df2f9a8d4\"},\"headline\":\"Gelpi: \u201cUna calentura b\u00e1rbara\u201d\",\"datePublished\":\"2012-09-03T18:30:43+00:00\",\"dateModified\":\"2012-09-03T17:50:57+00:00\",\"mainEntityOfPage\":{\"@id\":\"https:\/\/www.padreydecano.com\/cms\/noticias\/gelpi-una-calentura-barbara\/\"},\"wordCount\":386,\"commentCount\":2,\"publisher\":{\"@id\":\"https:\/\/www.padreydecano.com\/cms\/#organization\"},\"image\":{\"@id\":\"https:\/\/www.padreydecano.com\/cms\/noticias\/gelpi-una-calentura-barbara\/#primaryimage\"},\"thumbnailUrl\":\"https:\/\/www.padreydecano.com\/cms\/wp-content\/uploads\/2012\/09\/IMG_2540-Copiar.jpg\",\"keywords\":[\"Voces del vestuario\"],\"articleSection\":[\"Noticias\"],\"inLanguage\":\"es\",\"potentialAction\":[{\"@type\":\"CommentAction\",\"name\":\"Comment\",\"target\":[\"https:\/\/www.padreydecano.com\/cms\/noticias\/gelpi-una-calentura-barbara\/#respond\"]}]},{\"@type\":\"WebPage\",\"@id\":\"https:\/\/www.padreydecano.com\/cms\/noticias\/gelpi-una-calentura-barbara\/\",\"url\":\"https:\/\/www.padreydecano.com\/cms\/noticias\/gelpi-una-calentura-barbara\/\",\"name\":\"Gelpi: \u201cUna calentura b\u00e1rbara\u201d - Padre y Decano - El Sitio del Pueblo\",\"isPartOf\":{\"@id\":\"https:\/\/www.padreydecano.com\/cms\/#website\"},\"primaryImageOfPage\":{\"@id\":\"https:\/\/www.padreydecano.com\/cms\/noticias\/gelpi-una-calentura-barbara\/#primaryimage\"},\"image\":{\"@id\":\"https:\/\/www.padreydecano.com\/cms\/noticias\/gelpi-una-calentura-barbara\/#primaryimage\"},\"thumbnailUrl\":\"https:\/\/www.padreydecano.com\/cms\/wp-content\/uploads\/2012\/09\/IMG_2540-Copiar.jpg\",\"datePublished\":\"2012-09-03T18:30:43+00:00\",\"dateModified\":\"2012-09-03T17:50:57+00:00\",\"breadcrumb\":{\"@id\":\"https:\/\/www.padreydecano.com\/cms\/noticias\/gelpi-una-calentura-barbara\/#breadcrumb\"},\"inLanguage\":\"es\",\"potentialAction\":[{\"@type\":\"ReadAction\",\"target\":[\"https:\/\/www.padreydecano.com\/cms\/noticias\/gelpi-una-calentura-barbara\/\"]}]},{\"@type\":\"ImageObject\",\"inLanguage\":\"es\",\"@id\":\"https:\/\/www.padreydecano.com\/cms\/noticias\/gelpi-una-calentura-barbara\/#primaryimage\",\"url\":\"https:\/\/www.padreydecano.com\/cms\/wp-content\/uploads\/2012\/09\/IMG_2540-Copiar.jpg\",\"contentUrl\":\"https:\/\/www.padreydecano.com\/cms\/wp-content\/uploads\/2012\/09\/IMG_2540-Copiar.jpg\",\"width\":\"800\",\"height\":\"533\"},{\"@type\":\"BreadcrumbList\",\"@id\":\"https:\/\/www.padreydecano.com\/cms\/noticias\/gelpi-una-calentura-barbara\/#breadcrumb\",\"itemListElement\":[{\"@type\":\"ListItem\",\"position\":1,\"name\":\"Portada\",\"item\":\"https:\/\/www.padreydecano.com\/cms\/\"},{\"@type\":\"ListItem\",\"position\":2,\"name\":\"Gelpi: \u201cUna calentura b\u00e1rbara\u201d\"}]},{\"@type\":\"WebSite\",\"@id\":\"https:\/\/www.padreydecano.com\/cms\/#website\",\"url\":\"https:\/\/www.padreydecano.com\/cms\/\",\"name\":\"Padre y Decano - El Sitio del Pueblo\",\"description\":\"Club Atl\u00e9tico Pe\u00f1arol\",\"publisher\":{\"@id\":\"https:\/\/www.padreydecano.com\/cms\/#organization\"},\"potentialAction\":[{\"@type\":\"SearchAction\",\"target\":{\"@type\":\"EntryPoint\",\"urlTemplate\":\"https:\/\/www.padreydecano.com\/cms\/?s={search_term_string}\"},\"query-input\":\"required name=search_term_string\"}],\"inLanguage\":\"es\"},{\"@type\":\"Organization\",\"@id\":\"https:\/\/www.padreydecano.com\/cms\/#organization\",\"name\":\"Padre y Decano\",\"url\":\"https:\/\/www.padreydecano.com\/cms\/\",\"logo\":{\"@type\":\"ImageObject\",\"inLanguage\":\"es\",\"@id\":\"https:\/\/www.padreydecano.com\/cms\/#\/schema\/logo\/image\/\",\"url\":\"https:\/\/www.padreydecano.com\/cms\/wp-content\/uploads\/2022\/01\/avatar-square.png\",\"contentUrl\":\"https:\/\/www.padreydecano.com\/cms\/wp-content\/uploads\/2022\/01\/avatar-square.png\",\"width\":1500,\"height\":1500,\"caption\":\"Padre y Decano\"},\"image\":{\"@id\":\"https:\/\/www.padreydecano.com\/cms\/#\/schema\/logo\/image\/\"}},{\"@type\":\"Person\",\"@id\":\"https:\/\/www.padreydecano.com\/cms\/#\/schema\/person\/7fe41e3e335700ebd387196df2f9a8d4\",\"name\":\"Gonzalo16\",\"image\":{\"@type\":\"ImageObject\",\"inLanguage\":\"es\",\"@id\":\"https:\/\/www.padreydecano.com\/cms\/#\/schema\/person\/image\/\",\"url\":\"https:\/\/secure.gravatar.com\/avatar\/4d5cdd49803a2313c01f77e3dfc05d81?s=96&d=https%3A%2F%2Fpadreydecano.com%2Fcms%2Fwp-content%2Fthemes%2Fpyd-theme%2Fimg%2Fdefault-avatar.png&r=g\",\"contentUrl\":\"https:\/\/secure.gravatar.com\/avatar\/4d5cdd49803a2313c01f77e3dfc05d81?s=96&d=https%3A%2F%2Fpadreydecano.com%2Fcms%2Fwp-content%2Fthemes%2Fpyd-theme%2Fimg%2Fdefault-avatar.png&r=g\",\"caption\":\"Gonzalo16\"}}]}<\/script>\n<!-- \/ Yoast SEO plugin. -->","yoast_head_json":{"title":"Gelpi: \u201cUna calentura b\u00e1rbara\u201d - Padre y Decano - El Sitio del Pueblo","robots":{"index":"index","follow":"follow","max-snippet":"max-snippet:-1","max-image-preview":"max-image-preview:large","max-video-preview":"max-video-preview:-1"},"canonical":"https:\/\/www.padreydecano.com\/cms\/noticias\/gelpi-una-calentura-barbara\/","og_locale":"es_ES","og_type":"article","og_title":"Gelpi: \u201cUna calentura b\u00e1rbara\u201d - Padre y Decano - El Sitio del Pueblo","og_description":"As\u00ed empezaba la conferencia de prensa el arquero mirasol Leandro Gelpi, es que la verdad que el rumor que hab\u00eda en el estadio no era muy diferente, porque si bien se valora el punto porque se jug\u00f3 todo el partido con diferencia num\u00e9rica, los n\u00fameros no dejan de ser reales, el Campe\u00f3n del Siglo de [&hellip;]","og_url":"https:\/\/www.padreydecano.com\/cms\/noticias\/gelpi-una-calentura-barbara\/","og_site_name":"Padre y Decano - El Sitio del Pueblo","article_published_time":"2012-09-03T18:30:43+00:00","article_modified_time":"2012-09-03T17:50:57+00:00","og_image":[{"width":800,"height":533,"url":"https:\/\/www.padreydecano.com\/cms\/wp-content\/uploads\/2012\/09\/IMG_2540-Copiar.jpg","type":"image\/jpeg"}],"author":"Gonzalo16","twitter_card":"summary_large_image","twitter_misc":{"Escrito por":"Gonzalo16","Tiempo de lectura":"2 minutos"},"schema":{"@context":"https:\/\/schema.org","@graph":[{"@type":"Article","@id":"https:\/\/www.padreydecano.com\/cms\/noticias\/gelpi-una-calentura-barbara\/#article","isPartOf":{"@id":"https:\/\/www.padreydecano.com\/cms\/noticias\/gelpi-una-calentura-barbara\/"},"author":{"name":"Gonzalo16","@id":"https:\/\/www.padreydecano.com\/cms\/#\/schema\/person\/7fe41e3e335700ebd387196df2f9a8d4"},"headline":"Gelpi: \u201cUna calentura b\u00e1rbara\u201d","datePublished":"2012-09-03T18:30:43+00:00","dateModified":"2012-09-03T17:50:57+00:00","mainEntityOfPage":{"@id":"https:\/\/www.padreydecano.com\/cms\/noticias\/gelpi-una-calentura-barbara\/"},"wordCount":386,"commentCount":2,"publisher":{"@id":"https:\/\/www.padreydecano.com\/cms\/#organization"},"image":{"@id":"https:\/\/www.padreydecano.com\/cms\/noticias\/gelpi-una-calentura-barbara\/#primaryimage"},"thumbnailUrl":"https:\/\/www.padreydecano.com\/cms\/wp-content\/uploads\/2012\/09\/IMG_2540-Copiar.jpg","keywords":["Voces del vestuario"],"articleSection":["Noticias"],"inLanguage":"es","potentialAction":[{"@type":"CommentAction","name":"Comment","target":["https:\/\/www.padreydecano.com\/cms\/noticias\/gelpi-una-calentura-barbara\/#respond"]}]},{"@type":"WebPage","@id":"https:\/\/www.padreydecano.com\/cms\/noticias\/gelpi-una-calentura-barbara\/","url":"https:\/\/www.padreydecano.com\/cms\/noticias\/gelpi-una-calentura-barbara\/","name":"Gelpi: \u201cUna calentura b\u00e1rbara\u201d - Padre y Decano - El Sitio del Pueblo","isPartOf":{"@id":"https:\/\/www.padreydecano.com\/cms\/#website"},"primaryImageOfPage":{"@id":"https:\/\/www.padreydecano.com\/cms\/noticias\/gelpi-una-calentura-barbara\/#primaryimage"},"image":{"@id":"https:\/\/www.padreydecano.com\/cms\/noticias\/gelpi-una-calentura-barbara\/#primaryimage"},"thumbnailUrl":"https:\/\/www.padreydecano.com\/cms\/wp-content\/uploads\/2012\/09\/IMG_2540-Copiar.jpg","datePublished":"2012-09-03T18:30:43+00:00","dateModified":"2012-09-03T17:50:57+00:00","breadcrumb":{"@id":"https:\/\/www.padreydecano.com\/cms\/noticias\/gelpi-una-calentura-barbara\/#breadcrumb"},"inLanguage":"es","potentialAction":[{"@type":"ReadAction","target":["https:\/\/www.padreydecano.com\/cms\/noticias\/gelpi-una-calentura-barbara\/"]}]},{"@type":"ImageObject","inLanguage":"es","@id":"https:\/\/www.padreydecano.com\/cms\/noticias\/gelpi-una-calentura-barbara\/#primaryimage","url":"https:\/\/www.padreydecano.com\/cms\/wp-content\/uploads\/2012\/09\/IMG_2540-Copiar.jpg","contentUrl":"https:\/\/www.padreydecano.com\/cms\/wp-content\/uploads\/2012\/09\/IMG_2540-Copiar.jpg","width":"800","height":"533"},{"@type":"BreadcrumbList","@id":"https:\/\/www.padreydecano.com\/cms\/noticias\/gelpi-una-calentura-barbara\/#breadcrumb","itemListElement":[{"@type":"ListItem","position":1,"name":"Portada","item":"https:\/\/www.padreydecano.com\/cms\/"},{"@type":"ListItem","position":2,"name":"Gelpi: \u201cUna calentura b\u00e1rbara\u201d"}]},{"@type":"WebSite","@id":"https:\/\/www.padreydecano.com\/cms\/#website","url":"https:\/\/www.padreydecano.com\/cms\/","name":"Padre y Decano - El Sitio del Pueblo","description":"Club Atl\u00e9tico Pe\u00f1arol","publisher":{"@id":"https:\/\/www.padreydecano.com\/cms\/#organization"},"potentialAction":[{"@type":"SearchAction","target":{"@type":"EntryPoint","urlTemplate":"https:\/\/www.padreydecano.com\/cms\/?s={search_term_string}"},"query-input":"required name=search_term_string"}],"inLanguage":"es"},{"@type":"Organization","@id":"https:\/\/www.padreydecano.com\/cms\/#organization","name":"Padre y Decano","url":"https:\/\/www.padreydecano.com\/cms\/","logo":{"@type":"ImageObject","inLanguage":"es","@id":"https:\/\/www.padreydecano.com\/cms\/#\/schema\/logo\/image\/","url":"https:\/\/www.padreydecano.com\/cms\/wp-content\/uploads\/2022\/01\/avatar-square.png","contentUrl":"https:\/\/www.padreydecano.com\/cms\/wp-content\/uploads\/2022\/01\/avatar-square.png","width":1500,"height":1500,"caption":"Padre y Decano"},"image":{"@id":"https:\/\/www.padreydecano.com\/cms\/#\/schema\/logo\/image\/"}},{"@type":"Person","@id":"https:\/\/www.padreydecano.com\/cms\/#\/schema\/person\/7fe41e3e335700ebd387196df2f9a8d4","name":"Gonzalo16","image":{"@type":"ImageObject","inLanguage":"es","@id":"https:\/\/www.padreydecano.com\/cms\/#\/schema\/person\/image\/","url":"https:\/\/secure.gravatar.com\/avatar\/4d5cdd49803a2313c01f77e3dfc05d81?s=96&d=https%3A%2F%2Fpadreydecano.com%2Fcms%2Fwp-content%2Fthemes%2Fpyd-theme%2Fimg%2Fdefault-avatar.png&r=g","contentUrl":"https:\/\/secure.gravatar.com\/avatar\/4d5cdd49803a2313c01f77e3dfc05d81?s=96&d=https%3A%2F%2Fpadreydecano.com%2Fcms%2Fwp-content%2Fthemes%2Fpyd-theme%2Fimg%2Fdefault-avatar.png&r=g","caption":"Gonzalo16"}}]}},"_links":{"self":[{"href":"https:\/\/www.padreydecano.com\/cms\/wp-json\/wp\/v2\/posts\/29475"}],"collection":[{"href":"https:\/\/www.padreydecano.com\/cms\/wp-json\/wp\/v2\/posts"}],"about":[{"href":"https:\/\/www.padreydecano.com\/cms\/wp-json\/wp\/v2\/types\/post"}],"author":[{"embeddable":true,"href":"https:\/\/www.padreydecano.com\/cms\/wp-json\/wp\/v2\/users\/2"}],"replies":[{"embeddable":true,"href":"https:\/\/www.padreydecano.com\/cms\/wp-json\/wp\/v2\/comments?post=29475"}],"version-history":[{"count":0,"href":"https:\/\/www.padreydecano.com\/cms\/wp-json\/wp\/v2\/posts\/29475\/revisions"}],"wp:featuredmedia":[{"embeddable":true,"href":"https:\/\/www.padreydecano.com\/cms\/wp-json\/wp\/v2\/media\/29369"}],"wp:attachment":[{"href":"https:\/\/www.padreydecano.com\/cms\/wp-json\/wp\/v2\/media?parent=29475"}],"wp:term":[{"taxonomy":"category","embeddable":true,"href":"https:\/\/www.padreydecano.com\/cms\/wp-json\/wp\/v2\/categories?post=29475"},{"taxonomy":"post_tag","embeddable":true,"href":"https:\/\/www.padreydecano.com\/cms\/wp-json\/wp\/v2\/tags?post=29475"}],"curies":[{"name":"wp","href":"https:\/\/api.w.org\/{rel}","templated":true}]}}