{"id":2933,"date":"2011-09-28T14:59:46","date_gmt":"2011-09-28T17:59:46","guid":{"rendered":"http:\/\/www.padreydecano.com\/cms\/?p=2933"},"modified":"2011-09-29T01:49:46","modified_gmt":"2011-09-29T04:49:46","slug":"documental-homenaje-a-alberto-spencer","status":"publish","type":"post","link":"https:\/\/www.padreydecano.com\/cms\/noticias\/documental-homenaje-a-alberto-spencer\/","title":{"rendered":"Documental Homenaje a Alberto Spencer"},"content":{"rendered":"<p style=\"text-align: justify;\"><img loading=\"lazy\" decoding=\"async\" class=\"alignleft size-full wp-image-2935\" title=\"Spencer\" src=\"https:\/\/www.padreydecano.com\/cms\/wp-content\/uploads\/2011\/09\/Spencer.gif\" alt=\"\" width=\"200\" height=\"253\" \/>Reci\u00e9n pasadas las 12 horas, cuando un grupo importante de hinchas estaban festejando la llegada del aniversario 120 de Pe\u00f1arol en el Club Uni\u00f3n Vecinal, apareci\u00f3 un personaje que comenz\u00f3 a llamar la atenci\u00f3n de todos. \u00a1Era el Mu\u00f1eco Gallardo! Hab\u00eda llegado con su c\u00e1mara y otros aparatos electr\u00f3nicos, acompa\u00f1ado de 3 personas. Luego de varias bromas y fotos, descubrimos que no era el entrenador del cl\u00e1sico rival, sino que era un ecuatoriano.<\/p>\n<p style=\"text-align: justify;\">La raz\u00f3n de la visita de esta persona y su equipo de trabajo es la producci\u00f3n de la pel\u00edcula de Alberto Spencer. As\u00ed es, est\u00e1n en Uruguay recabando informaci\u00f3n acerca de su glorioso pasaje por Pe\u00f1arol, y no tuvieron mejor idea que registrar con sus c\u00e1maras la llegada del aniversario 120 del club.<\/p>\n<p style=\"text-align: justify;\">Hagamos un repaso del \u201cGran Alberto\u201d. En su pasaje por Pe\u00f1arol, Spencer anot\u00f3 326 goles y obtuvo 3 Copa Libertadores, 2 Copas Intercontinentales y 7 Campeonatos Uruguayos. Fue 4 veces el m\u00e1ximo goleador del Campeonato Uruguayo (1961, 1962, 1967 y 1968) y es adem\u00e1s el m\u00e1ximo artillero en la historia de la Copa Libertadores (con 54 tantos) y segundo de la Copa Intercontinental (con 6 tantos, a 1 de Pel\u00e9).<\/p>\n<p><img loading=\"lazy\" decoding=\"async\" class=\"alignright size-medium wp-image-2936\" src=\"https:\/\/www.padreydecano.com\/cms\/wp-content\/uploads\/2011\/09\/mu\u00f1eco-300x225.jpg\" alt=\"\" width=\"162\" height=\"122\" srcset=\"https:\/\/www.padreydecano.com\/cms\/wp-content\/uploads\/2011\/09\/mu\u00f1eco-300x225.jpg 300w, https:\/\/www.padreydecano.com\/cms\/wp-content\/uploads\/2011\/09\/mu\u00f1eco.jpg 800w\" sizes=\"(max-width: 162px) 100vw, 162px\" \/><\/p>\n<p style=\"text-align: justify;\">En el blog de la pel\u00edcula, los ide\u00f3logos justifican la realizaci\u00f3n de este documental de la siguiente manera: \u201cAlberto\u00a0Spencer Herrera, el mejor futbolista ecuatoriano de todos los tiempos merece un lugar en el recuerdo y en la historia deportiva ecuatoriana. Por ello y para homenajear al \u00abGran Alberto\u00bb se encuentra en la etapa de realizaci\u00f3n un documental sobre su vida, sus an\u00e9cdotas, sus goles, narrados por la gente que \u00e9l estim\u00f3 y quienes conocieron m\u00e1s de cerca la vida de un grande\u201d.<\/p>\n<p style=\"text-align: justify;\">Compartimos a continuaci\u00f3n un Teaser de la pel\u00edcula, en el que su hijo es protagonista, como tambi\u00e9n el Club Atl\u00e9tico Pe\u00f1arol.<\/p>\n<div align=\"center\">\n<table>\n<tbody>\n<tr>\n<td class=\"tabla-sin-formato\"><iframe loading=\"lazy\" src=\"http:\/\/www.youtube.com\/embed\/VGxF4Oku1eQ\" frameborder=\"0\" width=\"560\" height=\"315\"><\/iframe><\/td>\n<\/tr>\n<\/tbody>\n<\/table>\n<\/div>\n<p>&nbsp;<\/p>\n","protected":false},"excerpt":{"rendered":"<p>Reci\u00e9n pasadas las 12 horas, cuando un grupo importante de hinchas estaban festejando la llegada del aniversario 120 de Pe\u00f1arol en el Club Uni\u00f3n Vecinal, apareci\u00f3 un personaje que comenz\u00f3 a llamar la atenci\u00f3n de todos. \u00a1Era el Mu\u00f1eco Gallardo! Hab\u00eda llegado con su c\u00e1mara y otros aparatos electr\u00f3nicos, acompa\u00f1ado de 3 personas. Luego de [&hellip;]<\/p>\n","protected":false},"author":13,"featured_media":0,"comment_status":"open","ping_status":"closed","sticky":false,"template":"","format":"standard","meta":{"footnotes":""},"categories":[1],"tags":[],"yoast_head":"<!-- This site is optimized with the Yoast SEO plugin v23.2 - https:\/\/yoast.com\/wordpress\/plugins\/seo\/ -->\n<title>Documental Homenaje a Alberto Spencer - Padre y Decano - El Sitio del Pueblo<\/title>\n<meta name=\"robots\" content=\"index, follow, max-snippet:-1, max-image-preview:large, max-video-preview:-1\" \/>\n<link rel=\"canonical\" href=\"https:\/\/www.padreydecano.com\/cms\/noticias\/documental-homenaje-a-alberto-spencer\/\" \/>\n<meta property=\"og:locale\" content=\"es_ES\" \/>\n<meta property=\"og:type\" content=\"article\" \/>\n<meta property=\"og:title\" content=\"Documental Homenaje a Alberto Spencer - Padre y Decano - El Sitio del Pueblo\" \/>\n<meta property=\"og:description\" content=\"Reci\u00e9n pasadas las 12 horas, cuando un grupo importante de hinchas estaban festejando la llegada del aniversario 120 de Pe\u00f1arol en el Club Uni\u00f3n Vecinal, apareci\u00f3 un personaje que comenz\u00f3 a llamar la atenci\u00f3n de todos. \u00a1Era el Mu\u00f1eco Gallardo! Hab\u00eda llegado con su c\u00e1mara y otros aparatos electr\u00f3nicos, acompa\u00f1ado de 3 personas. Luego de [&hellip;]\" \/>\n<meta property=\"og:url\" content=\"https:\/\/www.padreydecano.com\/cms\/noticias\/documental-homenaje-a-alberto-spencer\/\" \/>\n<meta property=\"og:site_name\" content=\"Padre y Decano - El Sitio del Pueblo\" \/>\n<meta property=\"article:published_time\" content=\"2011-09-28T17:59:46+00:00\" \/>\n<meta property=\"article:modified_time\" content=\"2011-09-29T04:49:46+00:00\" \/>\n<meta property=\"og:image\" content=\"http:\/\/www.padreydecano.com\/cms\/wp-content\/uploads\/2011\/09\/Spencer.gif\" \/>\n<meta name=\"author\" content=\"Moderador\" \/>\n<meta name=\"twitter:card\" content=\"summary_large_image\" \/>\n<meta name=\"twitter:label1\" content=\"Escrito por\" \/>\n\t<meta name=\"twitter:data1\" content=\"Moderador\" \/>\n\t<meta name=\"twitter:label2\" content=\"Tiempo de lectura\" \/>\n\t<meta name=\"twitter:data2\" content=\"2 minutos\" \/>\n<script type=\"application\/ld+json\" class=\"yoast-schema-graph\">{\"@context\":\"https:\/\/schema.org\",\"@graph\":[{\"@type\":\"Article\",\"@id\":\"https:\/\/www.padreydecano.com\/cms\/noticias\/documental-homenaje-a-alberto-spencer\/#article\",\"isPartOf\":{\"@id\":\"https:\/\/www.padreydecano.com\/cms\/noticias\/documental-homenaje-a-alberto-spencer\/\"},\"author\":{\"name\":\"Moderador\",\"@id\":\"https:\/\/www.padreydecano.com\/cms\/#\/schema\/person\/d93e9e537230ae052c194251d9a1def2\"},\"headline\":\"Documental Homenaje a Alberto Spencer\",\"datePublished\":\"2011-09-28T17:59:46+00:00\",\"dateModified\":\"2011-09-29T04:49:46+00:00\",\"mainEntityOfPage\":{\"@id\":\"https:\/\/www.padreydecano.com\/cms\/noticias\/documental-homenaje-a-alberto-spencer\/\"},\"wordCount\":322,\"commentCount\":6,\"publisher\":{\"@id\":\"https:\/\/www.padreydecano.com\/cms\/#organization\"},\"image\":{\"@id\":\"https:\/\/www.padreydecano.com\/cms\/noticias\/documental-homenaje-a-alberto-spencer\/#primaryimage\"},\"thumbnailUrl\":\"http:\/\/www.padreydecano.com\/cms\/wp-content\/uploads\/2011\/09\/Spencer.gif\",\"articleSection\":[\"Noticias\"],\"inLanguage\":\"es\",\"potentialAction\":[{\"@type\":\"CommentAction\",\"name\":\"Comment\",\"target\":[\"https:\/\/www.padreydecano.com\/cms\/noticias\/documental-homenaje-a-alberto-spencer\/#respond\"]}]},{\"@type\":\"WebPage\",\"@id\":\"https:\/\/www.padreydecano.com\/cms\/noticias\/documental-homenaje-a-alberto-spencer\/\",\"url\":\"https:\/\/www.padreydecano.com\/cms\/noticias\/documental-homenaje-a-alberto-spencer\/\",\"name\":\"Documental Homenaje a Alberto Spencer - Padre y Decano - El Sitio del Pueblo\",\"isPartOf\":{\"@id\":\"https:\/\/www.padreydecano.com\/cms\/#website\"},\"primaryImageOfPage\":{\"@id\":\"https:\/\/www.padreydecano.com\/cms\/noticias\/documental-homenaje-a-alberto-spencer\/#primaryimage\"},\"image\":{\"@id\":\"https:\/\/www.padreydecano.com\/cms\/noticias\/documental-homenaje-a-alberto-spencer\/#primaryimage\"},\"thumbnailUrl\":\"http:\/\/www.padreydecano.com\/cms\/wp-content\/uploads\/2011\/09\/Spencer.gif\",\"datePublished\":\"2011-09-28T17:59:46+00:00\",\"dateModified\":\"2011-09-29T04:49:46+00:00\",\"breadcrumb\":{\"@id\":\"https:\/\/www.padreydecano.com\/cms\/noticias\/documental-homenaje-a-alberto-spencer\/#breadcrumb\"},\"inLanguage\":\"es\",\"potentialAction\":[{\"@type\":\"ReadAction\",\"target\":[\"https:\/\/www.padreydecano.com\/cms\/noticias\/documental-homenaje-a-alberto-spencer\/\"]}]},{\"@type\":\"ImageObject\",\"inLanguage\":\"es\",\"@id\":\"https:\/\/www.padreydecano.com\/cms\/noticias\/documental-homenaje-a-alberto-spencer\/#primaryimage\",\"url\":\"http:\/\/www.padreydecano.com\/cms\/wp-content\/uploads\/2011\/09\/Spencer.gif\",\"contentUrl\":\"http:\/\/www.padreydecano.com\/cms\/wp-content\/uploads\/2011\/09\/Spencer.gif\"},{\"@type\":\"BreadcrumbList\",\"@id\":\"https:\/\/www.padreydecano.com\/cms\/noticias\/documental-homenaje-a-alberto-spencer\/#breadcrumb\",\"itemListElement\":[{\"@type\":\"ListItem\",\"position\":1,\"name\":\"Portada\",\"item\":\"https:\/\/www.padreydecano.com\/cms\/\"},{\"@type\":\"ListItem\",\"position\":2,\"name\":\"Documental Homenaje a Alberto Spencer\"}]},{\"@type\":\"WebSite\",\"@id\":\"https:\/\/www.padreydecano.com\/cms\/#website\",\"url\":\"https:\/\/www.padreydecano.com\/cms\/\",\"name\":\"Padre y Decano - El Sitio del Pueblo\",\"description\":\"Club Atl\u00e9tico Pe\u00f1arol\",\"publisher\":{\"@id\":\"https:\/\/www.padreydecano.com\/cms\/#organization\"},\"potentialAction\":[{\"@type\":\"SearchAction\",\"target\":{\"@type\":\"EntryPoint\",\"urlTemplate\":\"https:\/\/www.padreydecano.com\/cms\/?s={search_term_string}\"},\"query-input\":\"required name=search_term_string\"}],\"inLanguage\":\"es\"},{\"@type\":\"Organization\",\"@id\":\"https:\/\/www.padreydecano.com\/cms\/#organization\",\"name\":\"Padre y Decano\",\"url\":\"https:\/\/www.padreydecano.com\/cms\/\",\"logo\":{\"@type\":\"ImageObject\",\"inLanguage\":\"es\",\"@id\":\"https:\/\/www.padreydecano.com\/cms\/#\/schema\/logo\/image\/\",\"url\":\"https:\/\/www.padreydecano.com\/cms\/wp-content\/uploads\/2022\/01\/avatar-square.png\",\"contentUrl\":\"https:\/\/www.padreydecano.com\/cms\/wp-content\/uploads\/2022\/01\/avatar-square.png\",\"width\":1500,\"height\":1500,\"caption\":\"Padre y Decano\"},\"image\":{\"@id\":\"https:\/\/www.padreydecano.com\/cms\/#\/schema\/logo\/image\/\"}},{\"@type\":\"Person\",\"@id\":\"https:\/\/www.padreydecano.com\/cms\/#\/schema\/person\/d93e9e537230ae052c194251d9a1def2\",\"name\":\"Moderador\",\"image\":{\"@type\":\"ImageObject\",\"inLanguage\":\"es\",\"@id\":\"https:\/\/www.padreydecano.com\/cms\/#\/schema\/person\/image\/\",\"url\":\"https:\/\/secure.gravatar.com\/avatar\/2587727bf8a53bd3da4ec49f01bea66e?s=96&d=https%3A%2F%2Fpadreydecano.com%2Fcms%2Fwp-content%2Fthemes%2Fpyd-theme%2Fimg%2Fdefault-avatar.png&r=g\",\"contentUrl\":\"https:\/\/secure.gravatar.com\/avatar\/2587727bf8a53bd3da4ec49f01bea66e?s=96&d=https%3A%2F%2Fpadreydecano.com%2Fcms%2Fwp-content%2Fthemes%2Fpyd-theme%2Fimg%2Fdefault-avatar.png&r=g\",\"caption\":\"Moderador\"}}]}<\/script>\n<!-- \/ Yoast SEO plugin. -->","yoast_head_json":{"title":"Documental Homenaje a Alberto Spencer - Padre y Decano - El Sitio del Pueblo","robots":{"index":"index","follow":"follow","max-snippet":"max-snippet:-1","max-image-preview":"max-image-preview:large","max-video-preview":"max-video-preview:-1"},"canonical":"https:\/\/www.padreydecano.com\/cms\/noticias\/documental-homenaje-a-alberto-spencer\/","og_locale":"es_ES","og_type":"article","og_title":"Documental Homenaje a Alberto Spencer - Padre y Decano - El Sitio del Pueblo","og_description":"Reci\u00e9n pasadas las 12 horas, cuando un grupo importante de hinchas estaban festejando la llegada del aniversario 120 de Pe\u00f1arol en el Club Uni\u00f3n Vecinal, apareci\u00f3 un personaje que comenz\u00f3 a llamar la atenci\u00f3n de todos. \u00a1Era el Mu\u00f1eco Gallardo! Hab\u00eda llegado con su c\u00e1mara y otros aparatos electr\u00f3nicos, acompa\u00f1ado de 3 personas. Luego de [&hellip;]","og_url":"https:\/\/www.padreydecano.com\/cms\/noticias\/documental-homenaje-a-alberto-spencer\/","og_site_name":"Padre y Decano - El Sitio del Pueblo","article_published_time":"2011-09-28T17:59:46+00:00","article_modified_time":"2011-09-29T04:49:46+00:00","og_image":[{"url":"http:\/\/www.padreydecano.com\/cms\/wp-content\/uploads\/2011\/09\/Spencer.gif"}],"author":"Moderador","twitter_card":"summary_large_image","twitter_misc":{"Escrito por":"Moderador","Tiempo de lectura":"2 minutos"},"schema":{"@context":"https:\/\/schema.org","@graph":[{"@type":"Article","@id":"https:\/\/www.padreydecano.com\/cms\/noticias\/documental-homenaje-a-alberto-spencer\/#article","isPartOf":{"@id":"https:\/\/www.padreydecano.com\/cms\/noticias\/documental-homenaje-a-alberto-spencer\/"},"author":{"name":"Moderador","@id":"https:\/\/www.padreydecano.com\/cms\/#\/schema\/person\/d93e9e537230ae052c194251d9a1def2"},"headline":"Documental Homenaje a Alberto Spencer","datePublished":"2011-09-28T17:59:46+00:00","dateModified":"2011-09-29T04:49:46+00:00","mainEntityOfPage":{"@id":"https:\/\/www.padreydecano.com\/cms\/noticias\/documental-homenaje-a-alberto-spencer\/"},"wordCount":322,"commentCount":6,"publisher":{"@id":"https:\/\/www.padreydecano.com\/cms\/#organization"},"image":{"@id":"https:\/\/www.padreydecano.com\/cms\/noticias\/documental-homenaje-a-alberto-spencer\/#primaryimage"},"thumbnailUrl":"http:\/\/www.padreydecano.com\/cms\/wp-content\/uploads\/2011\/09\/Spencer.gif","articleSection":["Noticias"],"inLanguage":"es","potentialAction":[{"@type":"CommentAction","name":"Comment","target":["https:\/\/www.padreydecano.com\/cms\/noticias\/documental-homenaje-a-alberto-spencer\/#respond"]}]},{"@type":"WebPage","@id":"https:\/\/www.padreydecano.com\/cms\/noticias\/documental-homenaje-a-alberto-spencer\/","url":"https:\/\/www.padreydecano.com\/cms\/noticias\/documental-homenaje-a-alberto-spencer\/","name":"Documental Homenaje a Alberto Spencer - Padre y Decano - El Sitio del Pueblo","isPartOf":{"@id":"https:\/\/www.padreydecano.com\/cms\/#website"},"primaryImageOfPage":{"@id":"https:\/\/www.padreydecano.com\/cms\/noticias\/documental-homenaje-a-alberto-spencer\/#primaryimage"},"image":{"@id":"https:\/\/www.padreydecano.com\/cms\/noticias\/documental-homenaje-a-alberto-spencer\/#primaryimage"},"thumbnailUrl":"http:\/\/www.padreydecano.com\/cms\/wp-content\/uploads\/2011\/09\/Spencer.gif","datePublished":"2011-09-28T17:59:46+00:00","dateModified":"2011-09-29T04:49:46+00:00","breadcrumb":{"@id":"https:\/\/www.padreydecano.com\/cms\/noticias\/documental-homenaje-a-alberto-spencer\/#breadcrumb"},"inLanguage":"es","potentialAction":[{"@type":"ReadAction","target":["https:\/\/www.padreydecano.com\/cms\/noticias\/documental-homenaje-a-alberto-spencer\/"]}]},{"@type":"ImageObject","inLanguage":"es","@id":"https:\/\/www.padreydecano.com\/cms\/noticias\/documental-homenaje-a-alberto-spencer\/#primaryimage","url":"http:\/\/www.padreydecano.com\/cms\/wp-content\/uploads\/2011\/09\/Spencer.gif","contentUrl":"http:\/\/www.padreydecano.com\/cms\/wp-content\/uploads\/2011\/09\/Spencer.gif"},{"@type":"BreadcrumbList","@id":"https:\/\/www.padreydecano.com\/cms\/noticias\/documental-homenaje-a-alberto-spencer\/#breadcrumb","itemListElement":[{"@type":"ListItem","position":1,"name":"Portada","item":"https:\/\/www.padreydecano.com\/cms\/"},{"@type":"ListItem","position":2,"name":"Documental Homenaje a Alberto Spencer"}]},{"@type":"WebSite","@id":"https:\/\/www.padreydecano.com\/cms\/#website","url":"https:\/\/www.padreydecano.com\/cms\/","name":"Padre y Decano - El Sitio del Pueblo","description":"Club Atl\u00e9tico Pe\u00f1arol","publisher":{"@id":"https:\/\/www.padreydecano.com\/cms\/#organization"},"potentialAction":[{"@type":"SearchAction","target":{"@type":"EntryPoint","urlTemplate":"https:\/\/www.padreydecano.com\/cms\/?s={search_term_string}"},"query-input":"required name=search_term_string"}],"inLanguage":"es"},{"@type":"Organization","@id":"https:\/\/www.padreydecano.com\/cms\/#organization","name":"Padre y Decano","url":"https:\/\/www.padreydecano.com\/cms\/","logo":{"@type":"ImageObject","inLanguage":"es","@id":"https:\/\/www.padreydecano.com\/cms\/#\/schema\/logo\/image\/","url":"https:\/\/www.padreydecano.com\/cms\/wp-content\/uploads\/2022\/01\/avatar-square.png","contentUrl":"https:\/\/www.padreydecano.com\/cms\/wp-content\/uploads\/2022\/01\/avatar-square.png","width":1500,"height":1500,"caption":"Padre y Decano"},"image":{"@id":"https:\/\/www.padreydecano.com\/cms\/#\/schema\/logo\/image\/"}},{"@type":"Person","@id":"https:\/\/www.padreydecano.com\/cms\/#\/schema\/person\/d93e9e537230ae052c194251d9a1def2","name":"Moderador","image":{"@type":"ImageObject","inLanguage":"es","@id":"https:\/\/www.padreydecano.com\/cms\/#\/schema\/person\/image\/","url":"https:\/\/secure.gravatar.com\/avatar\/2587727bf8a53bd3da4ec49f01bea66e?s=96&d=https%3A%2F%2Fpadreydecano.com%2Fcms%2Fwp-content%2Fthemes%2Fpyd-theme%2Fimg%2Fdefault-avatar.png&r=g","contentUrl":"https:\/\/secure.gravatar.com\/avatar\/2587727bf8a53bd3da4ec49f01bea66e?s=96&d=https%3A%2F%2Fpadreydecano.com%2Fcms%2Fwp-content%2Fthemes%2Fpyd-theme%2Fimg%2Fdefault-avatar.png&r=g","caption":"Moderador"}}]}},"_links":{"self":[{"href":"https:\/\/www.padreydecano.com\/cms\/wp-json\/wp\/v2\/posts\/2933"}],"collection":[{"href":"https:\/\/www.padreydecano.com\/cms\/wp-json\/wp\/v2\/posts"}],"about":[{"href":"https:\/\/www.padreydecano.com\/cms\/wp-json\/wp\/v2\/types\/post"}],"author":[{"embeddable":true,"href":"https:\/\/www.padreydecano.com\/cms\/wp-json\/wp\/v2\/users\/13"}],"replies":[{"embeddable":true,"href":"https:\/\/www.padreydecano.com\/cms\/wp-json\/wp\/v2\/comments?post=2933"}],"version-history":[{"count":0,"href":"https:\/\/www.padreydecano.com\/cms\/wp-json\/wp\/v2\/posts\/2933\/revisions"}],"wp:attachment":[{"href":"https:\/\/www.padreydecano.com\/cms\/wp-json\/wp\/v2\/media?parent=2933"}],"wp:term":[{"taxonomy":"category","embeddable":true,"href":"https:\/\/www.padreydecano.com\/cms\/wp-json\/wp\/v2\/categories?post=2933"},{"taxonomy":"post_tag","embeddable":true,"href":"https:\/\/www.padreydecano.com\/cms\/wp-json\/wp\/v2\/tags?post=2933"}],"curies":[{"name":"wp","href":"https:\/\/api.w.org\/{rel}","templated":true}]}}