{"id":29320,"date":"2012-09-01T12:50:57","date_gmt":"2012-09-01T15:50:57","guid":{"rendered":"http:\/\/www.padreydecano.com\/cms\/?p=29320"},"modified":"2012-09-02T19:05:48","modified_gmt":"2012-09-02T22:05:48","slug":"por-una-victoria-impostergable","status":"publish","type":"post","link":"https:\/\/www.padreydecano.com\/cms\/los-aromos\/por-una-victoria-impostergable\/","title":{"rendered":"Por una victoria impostergable"},"content":{"rendered":"<p style=\"text-align: justify;\"><img loading=\"lazy\" decoding=\"async\" class=\"wp-image-22571 alignright\" src=\"https:\/\/www.padreydecano.com\/cms\/wp-content\/uploads\/2012\/05\/VsRiver_Cancha-21-Copiar-300x200.jpg\" alt=\"\" width=\"240\" height=\"160\" srcset=\"https:\/\/www.padreydecano.com\/cms\/wp-content\/uploads\/2012\/05\/VsRiver_Cancha-21-Copiar-300x200.jpg 300w, https:\/\/www.padreydecano.com\/cms\/wp-content\/uploads\/2012\/05\/VsRiver_Cancha-21-Copiar.jpg 795w\" sizes=\"(max-width: 240px) 100vw, 240px\" \/><\/p>\n<p style=\"text-align: justify;\">Este domingo <strong>enfrentaremos a River Plate<\/strong> por la segunda fecha del Torneo Apertura. El encuentro se jugar\u00e1 en el Estadio Centenario a las 15:30. Pe\u00f1arol es local, por lo que sus socios ingresan gratis.<\/p>\n<p style=\"text-align: justify;\">Con la necesidad imperiosa de ganar, Jorge \u201cEl Polilla\u201d Da Silva realizar\u00e1<strong> tres variantes,<\/strong> entre obligadas y t\u00e1cticas.\u00a0Luego de la derrota sufrida contra F\u00e9nix, Pe\u00f1arol no se puede conformar con otro resultado que no sea el de la victoria.\u00a0En la semana lleg\u00f3 el tr\u00e1nsfer de Carlos\u00a0Grossm\u00fcller, por lo que podr\u00e1 ser de la partida.<\/p>\n<p><strong><span style=\"color: #ffcc02;\">Los cambios<\/span><\/strong><\/p>\n<p style=\"text-align: justify;\">El juvenil arquero <a title=\"Gelpi se calzar\u00eda los guantes\" href=\"https:\/\/www.padreydecano.com\/cms\/noticias\/gelpi-se-calzaria-los-guantes\/\" target=\"_blank\">Leandro Gelpi entrar\u00e1<\/a> en sustituci\u00f3n de Enrique Bologna, quien tuvo un partido muy malo y adem\u00e1s no entren\u00f3 en la mayor\u00eda de la semana debido a un problema de salud de su hijo. Adem\u00e1s, Carlos Grossm\u00fcller ingresar\u00e1 en lugar del lesionado Antonio Pacheco. El otro cambio ser\u00e1 la incorporaci\u00f3n de Alejandro Gonz\u00e1lez en el lateral derecho; en este caso el que saldr\u00e1 ser\u00e1 Juan \u00c1lvez.<\/p>\n<p><strong><span style=\"color: #ffcc02;\">El equipo<\/span><\/strong><\/p>\n<p style=\"text-align: justify;\">As\u00ed, el equipo carbonero saldr\u00e1 con<strong> Leandro Gelpi <\/strong>en el arco,<strong> Alejandro Gonz\u00e1lez <\/strong>en el lateral derecho,<strong> Dami\u00e1n Macaluso <\/strong>junto a<strong> Carlos Valdez <\/strong>en la zaga, y<strong> Dar\u00edo Rodr\u00edguez <\/strong>en el lateral izquierdo. En la mitad de la cancha jugar\u00e1n<strong> Sebasti\u00e1n Crist\u00f3foro <\/strong>y<strong> Carlos Grossm\u00fcller<\/strong>; por la derecho<strong> Jorge Zambrana <\/strong>y por la izquierda<strong> Aureliano Torres<\/strong>. Arriba repetir\u00e1n<strong> Juan Manuel Olivera <\/strong>y<strong> Marcelo Zalayeta<\/strong>.<\/p>\n<p style=\"text-align: justify;\">El resto de los convocados son <strong>Danilo Lerda<\/strong>,<strong> Juan \u00c1lvez<\/strong>, <strong>Nicol\u00e1s Raguso<\/strong>, <strong>Marcel Novick<\/strong>, <strong>Sebasti\u00e1n V\u00e1zquez<\/strong>, <strong>Ignacio Nicolini<\/strong>, <strong>Alejandro Siles<\/strong> y <strong>Rodrigo Pastorini<\/strong>.<\/p>\n<p><span style=\"color: #ffcc02;\"><strong>El rival<\/strong><\/span><\/p>\n<p style=\"text-align: justify;\">El conjunto darsenero seguramente salga a jugar con<strong> Dami\u00e1n Frascarelli<\/strong> en el arco, <strong>Claudio Herrera<\/strong>, <strong>Cristian Gonz\u00e1lez,<\/strong> <strong>Santiago Cabrera<\/strong>, <strong>Baltasar Silva<\/strong>. <strong>Mario Rizotto<\/strong>, <strong>Claudio Inella<\/strong>,<strong> Hamilton Pereira<\/strong> y <strong>Michael Santos<\/strong> en la mitad de la cancha. Arriba jugar\u00e1n <strong>Felipe Avenatti<\/strong> y <strong>Leandro Rodr\u00edguez<\/strong>. En el banco de suplentes estar\u00e1 el ex Pe\u00f1arol <strong>Bruno Montelongo<\/strong>.<\/p>\n<p><span style=\"color: #ffcc02;\"><strong>La estad\u00edstica<\/strong><\/span><\/p>\n<p style=\"text-align: center;\">De los \u00faltimos 10 encuentros entre Pe\u00f1arol y River ganamos 4, empatamos 3 y perdimos 3. Hicimos 20 goles y recibimos 17.<\/p>\n<div align=\"center\">\n<table class=\"comun\">\n<tbody>\n<tr>\n<td colspan=\"6\">\n<div align=\"center\"><strong>\u00daltimos 10 enfrentamientos entre <span style=\"color: #ffcc02;\">Pe\u00f1arol<\/span> vs River<\/strong><\/div>\n<\/td>\n<\/tr>\n<tr>\n<td><strong>Fecha<\/strong><\/td>\n<td style=\"text-align: center;\" width=\"80\"><strong>Local<\/strong><\/td>\n<td width=\"30\"><\/td>\n<td width=\"30\"><\/td>\n<td style=\"text-align: center;\" width=\"80\"><strong>Visitante<\/strong><\/td>\n<td style=\"text-align: right;\"><strong>Goles de Pe\u00f1arol<\/strong><\/td>\n<\/tr>\n<tr>\n<td><strong>02\/05\/2012<\/strong><\/td>\n<td style=\"text-align: center;\"><span style=\"color: #ffcc02;\"><strong>Pe\u00f1arol<\/strong><\/span><\/td>\n<td>\n<div align=\"center\">1<\/div>\n<\/td>\n<td>\n<div align=\"center\">0<\/div>\n<\/td>\n<td style=\"text-align: center;\">River<\/td>\n<td style=\"text-align: right;\">Fabi\u00e1n Estoyanoff 69\u00b4<\/td>\n<\/tr>\n<tr>\n<td><strong>24\/09\/2011<\/strong><\/td>\n<td style=\"text-align: center;\">River<\/td>\n<td>\n<div align=\"center\">0<\/div>\n<\/td>\n<td>\n<div align=\"center\">4<\/div>\n<\/td>\n<td style=\"text-align: center;\"><span style=\"color: #ffcc02;\"><strong>Pe\u00f1arol<\/strong><\/span><\/td>\n<td style=\"text-align: right;\">Edison Torres 4\u00b4, Joao Pedro 35\u00b4 55\u00b4, Walter L\u00f3pez 74\u00b4<\/td>\n<\/tr>\n<tr>\n<td><strong>15\/05\/2011<\/strong><\/td>\n<td style=\"text-align: center;\"><span style=\"color: #ffcc02;\"><strong>Pe\u00f1arol<\/strong><\/span><\/td>\n<td>\n<div align=\"center\">1<\/div>\n<\/td>\n<td>\n<div align=\"center\">4<\/div>\n<\/td>\n<td style=\"text-align: center;\">River<\/td>\n<td style=\"text-align: right;\">Jonathan Urretaviscaya 29\u00b4<\/td>\n<\/tr>\n<tr>\n<td><strong>09\/10\/2010<\/strong><\/td>\n<td style=\"text-align: center;\">River<\/td>\n<td>\n<div align=\"center\">2<\/div>\n<\/td>\n<td>\n<div align=\"center\">1<\/div>\n<\/td>\n<td style=\"text-align: center;\"><span style=\"color: #ffcc02;\"><strong>Pe\u00f1arol<\/strong><\/span><\/td>\n<td style=\"text-align: right;\">Antonio Pacheco 87\u00b4(p)<\/td>\n<\/tr>\n<tr>\n<td><strong>10\/04\/2010<\/strong><\/td>\n<td style=\"text-align: center;\">River<\/td>\n<td>\n<div align=\"center\">2<\/div>\n<\/td>\n<td>\n<div align=\"center\">3<\/div>\n<\/td>\n<td style=\"text-align: center;\"><span style=\"color: #ffcc02;\"><strong>Pe\u00f1arol<\/strong><\/span><\/td>\n<td style=\"text-align: right;\">Jonathan Urretaviscaya 3\u00b4 79\u00b4, Gerardo Alcoba 7\u00b4<\/td>\n<\/tr>\n<tr>\n<td><strong>27\/09\/2009<\/strong><\/td>\n<td style=\"text-align: center;\"><span style=\"color: #ffcc02;\"><strong>Pe\u00f1arol<\/strong><\/span><\/td>\n<td>\n<div align=\"center\">2<\/div>\n<\/td>\n<td>\n<div align=\"center\">2<\/div>\n<\/td>\n<td style=\"text-align: center;\">River<\/td>\n<td style=\"text-align: right;\">Gerardo Alcoba 22\u00b4, Antonio Pacheco 50\u00b4<\/td>\n<\/tr>\n<tr>\n<td><strong>16\/05\/2009<\/strong><\/td>\n<td style=\"text-align: center;\"><span style=\"color: #ffcc02;\"><strong>Pe\u00f1arol<\/strong><\/span><\/td>\n<td>\n<div align=\"center\">0<\/div>\n<\/td>\n<td>\n<div align=\"center\">2<\/div>\n<\/td>\n<td style=\"text-align: center;\">River<\/td>\n<td><\/td>\n<\/tr>\n<tr>\n<td><strong>07\/12\/2008<\/strong><\/td>\n<td style=\"text-align: center;\">River<\/td>\n<td>\n<div align=\"center\">1<\/div>\n<\/td>\n<td>\n<div align=\"center\">1<\/div>\n<\/td>\n<td style=\"text-align: center;\"><span style=\"color: #ffcc02;\"><strong>Pe\u00f1arol<\/strong><\/span><\/td>\n<td style=\"text-align: right;\">\u00a0Richard N\u00fa\u00f1ez 58\u00b4<\/td>\n<\/tr>\n<tr>\n<td><strong>09\/06\/2008<\/strong><\/td>\n<td style=\"text-align: center;\"><span style=\"color: #ffcc02;\"><strong>Pe\u00f1arol<\/strong><\/span><\/td>\n<td>\n<div align=\"center\">5<\/div>\n<\/td>\n<td>\n<div align=\"center\">3<\/div>\n<\/td>\n<td style=\"text-align: center;\">River<\/td>\n<td>Gerardo Alcoba 29\u00b4, Fernando Correa 44\u00b4, Jos\u00e9 M. Franco 57\u00b4, Antonio Pacheco 78\u00b4 Carlos Bueno 83\u00b4<\/td>\n<\/tr>\n<tr>\n<td><strong>23\/02\/2008<\/strong><\/td>\n<td style=\"text-align: center;\">River<\/td>\n<td>\n<div align=\"center\">2<\/div>\n<\/td>\n<td>\n<div align=\"center\">2<\/div>\n<\/td>\n<td style=\"text-align: center;\"><span style=\"color: #ffcc02;\"><strong>Pe\u00f1arol<\/strong><\/span><\/td>\n<td style=\"text-align: right;\">Jos\u00e9 M. Franco 13\u00b4, Math\u00edas Manrique 71\u00b4<\/td>\n<\/tr>\n<\/tbody>\n<\/table>\n<\/div>\n<p>&nbsp;<\/p>\n<div align=\"center\">\n<table class=\"comun\">\n<tbody>\n<tr>\n<td colspan=\"7\"><strong>Global de partidos por el uruguayo desde 1932 (era Profesional)<\/strong><\/td>\n<\/tr>\n<tr>\n<td><\/td>\n<td>\n<div align=\"center\"><strong>PJ<\/strong><\/div>\n<\/td>\n<td>\n<div align=\"center\"><strong>PG<\/strong><\/div>\n<\/td>\n<td>\n<div align=\"center\"><strong>PE<\/strong><\/div>\n<\/td>\n<td>\n<div align=\"center\"><strong>PP<\/strong><\/div>\n<\/td>\n<td>\n<div align=\"center\"><strong>GC<\/strong><\/div>\n<\/td>\n<td>\n<div align=\"center\"><strong>GR<\/strong><\/div>\n<\/td>\n<\/tr>\n<tr>\n<td><strong><span style=\"color: #ffcc02;\">Pe\u00f1arol<\/span> vs. River<\/strong><\/td>\n<td>\n<div align=\"center\">128<\/div>\n<\/td>\n<td>\n<div align=\"center\">74<\/div>\n<\/td>\n<td>\n<div align=\"center\">27<\/div>\n<\/td>\n<td>\n<div align=\"center\">27<\/div>\n<\/td>\n<td>\n<div align=\"center\">266<\/div>\n<\/td>\n<td>\n<div align=\"center\">139<\/div>\n<\/td>\n<\/tr>\n<tr>\n<td><\/td>\n<td><\/td>\n<td><\/td>\n<td><\/td>\n<td><\/td>\n<td>\n<div align=\"center\">2,08<\/div>\n<\/td>\n<td>\n<div align=\"center\">1,09<\/div>\n<\/td>\n<\/tr>\n<tr>\n<td style=\"text-align: center;\" colspan=\"7\"><strong>M\u00e1xima goleada 7 a 0 en 1993<\/strong><\/td>\n<\/tr>\n<\/tbody>\n<\/table>\n<\/div>\n<p><span style=\"color: #ffcc02;\"><strong><br \/>\nLas entradas<\/strong><\/span><\/p>\n<p>La venta de entradas se ha comenzado. Los socios de Pe\u00f1arol ingresan gratis. <a title=\"Venta de entradas vs River Plate (Apertura 2012)\" href=\"https:\/\/www.padreydecano.com\/cms\/noticias\/venta-de-entradas-vs-river-plate-apertura-2012\/\">Informate m\u00e1s aqu\u00ed<\/a>.<\/p>\n","protected":false},"excerpt":{"rendered":"<p>Este domingo enfrentaremos a River Plate por la segunda fecha del Torneo Apertura. El encuentro se jugar\u00e1 en el Estadio Centenario a las 15:30. Pe\u00f1arol es local, por lo que sus socios ingresan gratis. Con la necesidad imperiosa de ganar, Jorge \u201cEl Polilla\u201d Da Silva realizar\u00e1 tres variantes, entre obligadas y t\u00e1cticas.\u00a0Luego de la derrota [&hellip;]<\/p>\n","protected":false},"author":5,"featured_media":2382,"comment_status":"open","ping_status":"closed","sticky":false,"template":"","format":"standard","meta":{"footnotes":""},"categories":[7],"tags":[],"yoast_head":"<!-- This site is optimized with the Yoast SEO plugin v23.2 - https:\/\/yoast.com\/wordpress\/plugins\/seo\/ -->\n<title>Por una victoria impostergable - Padre y Decano - El Sitio del Pueblo<\/title>\n<meta name=\"robots\" content=\"index, follow, max-snippet:-1, max-image-preview:large, max-video-preview:-1\" \/>\n<link rel=\"canonical\" href=\"https:\/\/www.padreydecano.com\/cms\/los-aromos\/por-una-victoria-impostergable\/\" \/>\n<meta property=\"og:locale\" content=\"es_ES\" \/>\n<meta property=\"og:type\" content=\"article\" \/>\n<meta property=\"og:title\" content=\"Por una victoria impostergable - Padre y Decano - El Sitio del Pueblo\" \/>\n<meta property=\"og:description\" content=\"Este domingo enfrentaremos a River Plate por la segunda fecha del Torneo Apertura. El encuentro se jugar\u00e1 en el Estadio Centenario a las 15:30. Pe\u00f1arol es local, por lo que sus socios ingresan gratis. Con la necesidad imperiosa de ganar, Jorge \u201cEl Polilla\u201d Da Silva realizar\u00e1 tres variantes, entre obligadas y t\u00e1cticas.\u00a0Luego de la derrota [&hellip;]\" \/>\n<meta property=\"og:url\" content=\"https:\/\/www.padreydecano.com\/cms\/los-aromos\/por-una-victoria-impostergable\/\" \/>\n<meta property=\"og:site_name\" content=\"Padre y Decano - El Sitio del Pueblo\" \/>\n<meta property=\"article:published_time\" content=\"2012-09-01T15:50:57+00:00\" \/>\n<meta property=\"article:modified_time\" content=\"2012-09-02T22:05:48+00:00\" \/>\n<meta property=\"og:image\" content=\"https:\/\/www.padreydecano.com\/cms\/wp-content\/uploads\/2011\/09\/vsriver.jpg\" \/>\n\t<meta property=\"og:image:width\" content=\"800\" \/>\n\t<meta property=\"og:image:height\" content=\"600\" \/>\n\t<meta property=\"og:image:type\" content=\"image\/jpeg\" \/>\n<meta name=\"author\" content=\"Emirona07\" \/>\n<meta name=\"twitter:card\" content=\"summary_large_image\" \/>\n<meta name=\"twitter:label1\" content=\"Escrito por\" \/>\n\t<meta name=\"twitter:data1\" content=\"Emirona07\" \/>\n\t<meta name=\"twitter:label2\" content=\"Tiempo de lectura\" \/>\n\t<meta name=\"twitter:data2\" content=\"2 minutos\" \/>\n<script type=\"application\/ld+json\" class=\"yoast-schema-graph\">{\"@context\":\"https:\/\/schema.org\",\"@graph\":[{\"@type\":\"Article\",\"@id\":\"https:\/\/www.padreydecano.com\/cms\/los-aromos\/por-una-victoria-impostergable\/#article\",\"isPartOf\":{\"@id\":\"https:\/\/www.padreydecano.com\/cms\/los-aromos\/por-una-victoria-impostergable\/\"},\"author\":{\"name\":\"Emirona07\",\"@id\":\"https:\/\/www.padreydecano.com\/cms\/#\/schema\/person\/51e0214db654d9624824b37c2838bb65\"},\"headline\":\"Por una victoria impostergable\",\"datePublished\":\"2012-09-01T15:50:57+00:00\",\"dateModified\":\"2012-09-02T22:05:48+00:00\",\"mainEntityOfPage\":{\"@id\":\"https:\/\/www.padreydecano.com\/cms\/los-aromos\/por-una-victoria-impostergable\/\"},\"wordCount\":491,\"commentCount\":12,\"publisher\":{\"@id\":\"https:\/\/www.padreydecano.com\/cms\/#organization\"},\"image\":{\"@id\":\"https:\/\/www.padreydecano.com\/cms\/los-aromos\/por-una-victoria-impostergable\/#primaryimage\"},\"thumbnailUrl\":\"https:\/\/www.padreydecano.com\/cms\/wp-content\/uploads\/2011\/09\/vsriver.jpg\",\"articleSection\":[\"Los Aromos\"],\"inLanguage\":\"es\",\"potentialAction\":[{\"@type\":\"CommentAction\",\"name\":\"Comment\",\"target\":[\"https:\/\/www.padreydecano.com\/cms\/los-aromos\/por-una-victoria-impostergable\/#respond\"]}]},{\"@type\":\"WebPage\",\"@id\":\"https:\/\/www.padreydecano.com\/cms\/los-aromos\/por-una-victoria-impostergable\/\",\"url\":\"https:\/\/www.padreydecano.com\/cms\/los-aromos\/por-una-victoria-impostergable\/\",\"name\":\"Por una victoria impostergable - Padre y Decano - El Sitio del Pueblo\",\"isPartOf\":{\"@id\":\"https:\/\/www.padreydecano.com\/cms\/#website\"},\"primaryImageOfPage\":{\"@id\":\"https:\/\/www.padreydecano.com\/cms\/los-aromos\/por-una-victoria-impostergable\/#primaryimage\"},\"image\":{\"@id\":\"https:\/\/www.padreydecano.com\/cms\/los-aromos\/por-una-victoria-impostergable\/#primaryimage\"},\"thumbnailUrl\":\"https:\/\/www.padreydecano.com\/cms\/wp-content\/uploads\/2011\/09\/vsriver.jpg\",\"datePublished\":\"2012-09-01T15:50:57+00:00\",\"dateModified\":\"2012-09-02T22:05:48+00:00\",\"breadcrumb\":{\"@id\":\"https:\/\/www.padreydecano.com\/cms\/los-aromos\/por-una-victoria-impostergable\/#breadcrumb\"},\"inLanguage\":\"es\",\"potentialAction\":[{\"@type\":\"ReadAction\",\"target\":[\"https:\/\/www.padreydecano.com\/cms\/los-aromos\/por-una-victoria-impostergable\/\"]}]},{\"@type\":\"ImageObject\",\"inLanguage\":\"es\",\"@id\":\"https:\/\/www.padreydecano.com\/cms\/los-aromos\/por-una-victoria-impostergable\/#primaryimage\",\"url\":\"https:\/\/www.padreydecano.com\/cms\/wp-content\/uploads\/2011\/09\/vsriver.jpg\",\"contentUrl\":\"https:\/\/www.padreydecano.com\/cms\/wp-content\/uploads\/2011\/09\/vsriver.jpg\",\"width\":\"800\",\"height\":\"600\"},{\"@type\":\"BreadcrumbList\",\"@id\":\"https:\/\/www.padreydecano.com\/cms\/los-aromos\/por-una-victoria-impostergable\/#breadcrumb\",\"itemListElement\":[{\"@type\":\"ListItem\",\"position\":1,\"name\":\"Portada\",\"item\":\"https:\/\/www.padreydecano.com\/cms\/\"},{\"@type\":\"ListItem\",\"position\":2,\"name\":\"Por una victoria impostergable\"}]},{\"@type\":\"WebSite\",\"@id\":\"https:\/\/www.padreydecano.com\/cms\/#website\",\"url\":\"https:\/\/www.padreydecano.com\/cms\/\",\"name\":\"Padre y Decano - El Sitio del Pueblo\",\"description\":\"Club Atl\u00e9tico Pe\u00f1arol\",\"publisher\":{\"@id\":\"https:\/\/www.padreydecano.com\/cms\/#organization\"},\"potentialAction\":[{\"@type\":\"SearchAction\",\"target\":{\"@type\":\"EntryPoint\",\"urlTemplate\":\"https:\/\/www.padreydecano.com\/cms\/?s={search_term_string}\"},\"query-input\":\"required name=search_term_string\"}],\"inLanguage\":\"es\"},{\"@type\":\"Organization\",\"@id\":\"https:\/\/www.padreydecano.com\/cms\/#organization\",\"name\":\"Padre y Decano\",\"url\":\"https:\/\/www.padreydecano.com\/cms\/\",\"logo\":{\"@type\":\"ImageObject\",\"inLanguage\":\"es\",\"@id\":\"https:\/\/www.padreydecano.com\/cms\/#\/schema\/logo\/image\/\",\"url\":\"https:\/\/www.padreydecano.com\/cms\/wp-content\/uploads\/2022\/01\/avatar-square.png\",\"contentUrl\":\"https:\/\/www.padreydecano.com\/cms\/wp-content\/uploads\/2022\/01\/avatar-square.png\",\"width\":1500,\"height\":1500,\"caption\":\"Padre y Decano\"},\"image\":{\"@id\":\"https:\/\/www.padreydecano.com\/cms\/#\/schema\/logo\/image\/\"}},{\"@type\":\"Person\",\"@id\":\"https:\/\/www.padreydecano.com\/cms\/#\/schema\/person\/51e0214db654d9624824b37c2838bb65\",\"name\":\"Emirona07\",\"image\":{\"@type\":\"ImageObject\",\"inLanguage\":\"es\",\"@id\":\"https:\/\/www.padreydecano.com\/cms\/#\/schema\/person\/image\/\",\"url\":\"https:\/\/secure.gravatar.com\/avatar\/93c9118dbd5373a8a065bb5cdddde6bf?s=96&d=https%3A%2F%2Fpadreydecano.com%2Fcms%2Fwp-content%2Fthemes%2Fpyd-theme%2Fimg%2Fdefault-avatar.png&r=g\",\"contentUrl\":\"https:\/\/secure.gravatar.com\/avatar\/93c9118dbd5373a8a065bb5cdddde6bf?s=96&d=https%3A%2F%2Fpadreydecano.com%2Fcms%2Fwp-content%2Fthemes%2Fpyd-theme%2Fimg%2Fdefault-avatar.png&r=g\",\"caption\":\"Emirona07\"}}]}<\/script>\n<!-- \/ Yoast SEO plugin. -->","yoast_head_json":{"title":"Por una victoria impostergable - Padre y Decano - El Sitio del Pueblo","robots":{"index":"index","follow":"follow","max-snippet":"max-snippet:-1","max-image-preview":"max-image-preview:large","max-video-preview":"max-video-preview:-1"},"canonical":"https:\/\/www.padreydecano.com\/cms\/los-aromos\/por-una-victoria-impostergable\/","og_locale":"es_ES","og_type":"article","og_title":"Por una victoria impostergable - Padre y Decano - El Sitio del Pueblo","og_description":"Este domingo enfrentaremos a River Plate por la segunda fecha del Torneo Apertura. El encuentro se jugar\u00e1 en el Estadio Centenario a las 15:30. Pe\u00f1arol es local, por lo que sus socios ingresan gratis. Con la necesidad imperiosa de ganar, Jorge \u201cEl Polilla\u201d Da Silva realizar\u00e1 tres variantes, entre obligadas y t\u00e1cticas.\u00a0Luego de la derrota [&hellip;]","og_url":"https:\/\/www.padreydecano.com\/cms\/los-aromos\/por-una-victoria-impostergable\/","og_site_name":"Padre y Decano - El Sitio del Pueblo","article_published_time":"2012-09-01T15:50:57+00:00","article_modified_time":"2012-09-02T22:05:48+00:00","og_image":[{"width":800,"height":600,"url":"https:\/\/www.padreydecano.com\/cms\/wp-content\/uploads\/2011\/09\/vsriver.jpg","type":"image\/jpeg"}],"author":"Emirona07","twitter_card":"summary_large_image","twitter_misc":{"Escrito por":"Emirona07","Tiempo de lectura":"2 minutos"},"schema":{"@context":"https:\/\/schema.org","@graph":[{"@type":"Article","@id":"https:\/\/www.padreydecano.com\/cms\/los-aromos\/por-una-victoria-impostergable\/#article","isPartOf":{"@id":"https:\/\/www.padreydecano.com\/cms\/los-aromos\/por-una-victoria-impostergable\/"},"author":{"name":"Emirona07","@id":"https:\/\/www.padreydecano.com\/cms\/#\/schema\/person\/51e0214db654d9624824b37c2838bb65"},"headline":"Por una victoria impostergable","datePublished":"2012-09-01T15:50:57+00:00","dateModified":"2012-09-02T22:05:48+00:00","mainEntityOfPage":{"@id":"https:\/\/www.padreydecano.com\/cms\/los-aromos\/por-una-victoria-impostergable\/"},"wordCount":491,"commentCount":12,"publisher":{"@id":"https:\/\/www.padreydecano.com\/cms\/#organization"},"image":{"@id":"https:\/\/www.padreydecano.com\/cms\/los-aromos\/por-una-victoria-impostergable\/#primaryimage"},"thumbnailUrl":"https:\/\/www.padreydecano.com\/cms\/wp-content\/uploads\/2011\/09\/vsriver.jpg","articleSection":["Los Aromos"],"inLanguage":"es","potentialAction":[{"@type":"CommentAction","name":"Comment","target":["https:\/\/www.padreydecano.com\/cms\/los-aromos\/por-una-victoria-impostergable\/#respond"]}]},{"@type":"WebPage","@id":"https:\/\/www.padreydecano.com\/cms\/los-aromos\/por-una-victoria-impostergable\/","url":"https:\/\/www.padreydecano.com\/cms\/los-aromos\/por-una-victoria-impostergable\/","name":"Por una victoria impostergable - Padre y Decano - El Sitio del Pueblo","isPartOf":{"@id":"https:\/\/www.padreydecano.com\/cms\/#website"},"primaryImageOfPage":{"@id":"https:\/\/www.padreydecano.com\/cms\/los-aromos\/por-una-victoria-impostergable\/#primaryimage"},"image":{"@id":"https:\/\/www.padreydecano.com\/cms\/los-aromos\/por-una-victoria-impostergable\/#primaryimage"},"thumbnailUrl":"https:\/\/www.padreydecano.com\/cms\/wp-content\/uploads\/2011\/09\/vsriver.jpg","datePublished":"2012-09-01T15:50:57+00:00","dateModified":"2012-09-02T22:05:48+00:00","breadcrumb":{"@id":"https:\/\/www.padreydecano.com\/cms\/los-aromos\/por-una-victoria-impostergable\/#breadcrumb"},"inLanguage":"es","potentialAction":[{"@type":"ReadAction","target":["https:\/\/www.padreydecano.com\/cms\/los-aromos\/por-una-victoria-impostergable\/"]}]},{"@type":"ImageObject","inLanguage":"es","@id":"https:\/\/www.padreydecano.com\/cms\/los-aromos\/por-una-victoria-impostergable\/#primaryimage","url":"https:\/\/www.padreydecano.com\/cms\/wp-content\/uploads\/2011\/09\/vsriver.jpg","contentUrl":"https:\/\/www.padreydecano.com\/cms\/wp-content\/uploads\/2011\/09\/vsriver.jpg","width":"800","height":"600"},{"@type":"BreadcrumbList","@id":"https:\/\/www.padreydecano.com\/cms\/los-aromos\/por-una-victoria-impostergable\/#breadcrumb","itemListElement":[{"@type":"ListItem","position":1,"name":"Portada","item":"https:\/\/www.padreydecano.com\/cms\/"},{"@type":"ListItem","position":2,"name":"Por una victoria impostergable"}]},{"@type":"WebSite","@id":"https:\/\/www.padreydecano.com\/cms\/#website","url":"https:\/\/www.padreydecano.com\/cms\/","name":"Padre y Decano - El Sitio del Pueblo","description":"Club Atl\u00e9tico Pe\u00f1arol","publisher":{"@id":"https:\/\/www.padreydecano.com\/cms\/#organization"},"potentialAction":[{"@type":"SearchAction","target":{"@type":"EntryPoint","urlTemplate":"https:\/\/www.padreydecano.com\/cms\/?s={search_term_string}"},"query-input":"required name=search_term_string"}],"inLanguage":"es"},{"@type":"Organization","@id":"https:\/\/www.padreydecano.com\/cms\/#organization","name":"Padre y Decano","url":"https:\/\/www.padreydecano.com\/cms\/","logo":{"@type":"ImageObject","inLanguage":"es","@id":"https:\/\/www.padreydecano.com\/cms\/#\/schema\/logo\/image\/","url":"https:\/\/www.padreydecano.com\/cms\/wp-content\/uploads\/2022\/01\/avatar-square.png","contentUrl":"https:\/\/www.padreydecano.com\/cms\/wp-content\/uploads\/2022\/01\/avatar-square.png","width":1500,"height":1500,"caption":"Padre y Decano"},"image":{"@id":"https:\/\/www.padreydecano.com\/cms\/#\/schema\/logo\/image\/"}},{"@type":"Person","@id":"https:\/\/www.padreydecano.com\/cms\/#\/schema\/person\/51e0214db654d9624824b37c2838bb65","name":"Emirona07","image":{"@type":"ImageObject","inLanguage":"es","@id":"https:\/\/www.padreydecano.com\/cms\/#\/schema\/person\/image\/","url":"https:\/\/secure.gravatar.com\/avatar\/93c9118dbd5373a8a065bb5cdddde6bf?s=96&d=https%3A%2F%2Fpadreydecano.com%2Fcms%2Fwp-content%2Fthemes%2Fpyd-theme%2Fimg%2Fdefault-avatar.png&r=g","contentUrl":"https:\/\/secure.gravatar.com\/avatar\/93c9118dbd5373a8a065bb5cdddde6bf?s=96&d=https%3A%2F%2Fpadreydecano.com%2Fcms%2Fwp-content%2Fthemes%2Fpyd-theme%2Fimg%2Fdefault-avatar.png&r=g","caption":"Emirona07"}}]}},"_links":{"self":[{"href":"https:\/\/www.padreydecano.com\/cms\/wp-json\/wp\/v2\/posts\/29320"}],"collection":[{"href":"https:\/\/www.padreydecano.com\/cms\/wp-json\/wp\/v2\/posts"}],"about":[{"href":"https:\/\/www.padreydecano.com\/cms\/wp-json\/wp\/v2\/types\/post"}],"author":[{"embeddable":true,"href":"https:\/\/www.padreydecano.com\/cms\/wp-json\/wp\/v2\/users\/5"}],"replies":[{"embeddable":true,"href":"https:\/\/www.padreydecano.com\/cms\/wp-json\/wp\/v2\/comments?post=29320"}],"version-history":[{"count":0,"href":"https:\/\/www.padreydecano.com\/cms\/wp-json\/wp\/v2\/posts\/29320\/revisions"}],"wp:featuredmedia":[{"embeddable":true,"href":"https:\/\/www.padreydecano.com\/cms\/wp-json\/wp\/v2\/media\/2382"}],"wp:attachment":[{"href":"https:\/\/www.padreydecano.com\/cms\/wp-json\/wp\/v2\/media?parent=29320"}],"wp:term":[{"taxonomy":"category","embeddable":true,"href":"https:\/\/www.padreydecano.com\/cms\/wp-json\/wp\/v2\/categories?post=29320"},{"taxonomy":"post_tag","embeddable":true,"href":"https:\/\/www.padreydecano.com\/cms\/wp-json\/wp\/v2\/tags?post=29320"}],"curies":[{"name":"wp","href":"https:\/\/api.w.org\/{rel}","templated":true}]}}