{"id":29298,"date":"2012-08-31T18:49:34","date_gmt":"2012-08-31T21:49:34","guid":{"rendered":"http:\/\/www.padreydecano.com\/cms\/?p=29298"},"modified":"2012-09-04T17:36:47","modified_gmt":"2012-09-04T20:36:47","slug":"tony-me-recuperare-mas-pronto-de-lo-que-se-espera","status":"publish","type":"post","link":"https:\/\/www.padreydecano.com\/cms\/noticias\/tony-me-recuperare-mas-pronto-de-lo-que-se-espera\/","title":{"rendered":"Tony: \u00abMe recuperar\u00e9 m\u00e1s pronto de lo que se espera\u00bb"},"content":{"rendered":"<p style=\"text-align: justify;\"><img loading=\"lazy\" decoding=\"async\" class=\"alignright  wp-image-29299\" src=\"https:\/\/www.padreydecano.com\/cms\/wp-content\/uploads\/2012\/08\/pacheco-conferencia-hospital-britanico-300x195.jpg\" alt=\"\" width=\"270\" height=\"176\" srcset=\"https:\/\/www.padreydecano.com\/cms\/wp-content\/uploads\/2012\/08\/pacheco-conferencia-hospital-britanico-300x195.jpg 300w, https:\/\/www.padreydecano.com\/cms\/wp-content\/uploads\/2012\/08\/pacheco-conferencia-hospital-britanico.jpg 526w\" sizes=\"(max-width: 270px) 100vw, 270px\" \/>El capit\u00e1n Antonio Pacheco dio una conferencia de prensa esta tarde en el Hospital Brit\u00e1nico. Sentado en una silla de ruedas y acompa\u00f1ado por el Dr. Rienzi, el Tony se mostr\u00f3 muy alentador de su futuro y dijo que se recuperar\u00e1 m\u00e1s pronto de lo que se imagina. <strong>\u201cDentro de la cancha Alfredo (Rienzi) lo va a ir analizando mucho mejor que yo, m\u00e1s all\u00e1 de que el dolor lo tengo yo. Estoy en las manos del n\u00famero uno. Yo confi\u00f3 mucho en Alfredo que ha sido mi m\u00e9dico durante 20 a\u00f1os y me conoce m\u00e1s que nadie. Seguramente me recuperar\u00e9 m\u00e1s pronto de lo que se espera habitualmente\u201d<\/strong>. Adem\u00e1s, se vio a un Pacheco muy tranquilo sobre su estado actual. <strong>\u201cQuiero dar la tranquilidad de que estoy bien, y que est\u00e1 todo bajo las coordenadas que estaban previstas\u201d<\/strong>.<\/p>\n<p style=\"text-align: justify;\">Sobre la <a title=\"Para los hinchas tambi\u00e9n fue una desgracia\" href=\"https:\/\/www.padreydecano.com\/cms\/encuestas\/para-los-hinchas-tambien-fue-una-desgracia\/\" target=\"_blank\">jugada puntual<\/a>, reiter\u00f3 lo que ya hab\u00eda expresado en ocasiones anteriores: <strong>\u201cSon jugadas fortuitas que suceden porque el f\u00fatbol es un deporte de contacto. Una vez que entr\u00e1s a la cancha, no solamente en los partidos sino tambi\u00e9n en los entrenamientos, est\u00e1s trabajando constantemente con el f\u00edsico y puede suceder. Esta vez me toc\u00f3 a m\u00ed (\u2026) No soy el primero, espero ser el \u00faltimo pero dif\u00edcilmente lo sea. Que esto no le pase a ning\u00fan colega nunca (\u2026) He trancado muchas veces, he ido muchas veces fuerte, me han pegado cada patada y nunca pasa nada. De alguna manera el destino estaba escrito de esa forma. El campeonato empez\u00f3 una semana despu\u00e9s, si hubiese empezado antes capaz que no pasaba eso\u201d<\/strong>.<\/p>\n<p style=\"text-align: justify;\">En las dif\u00edciles, la gente juega un papel sumamente, y el capit\u00e1n lo destac\u00f3. \u201c<strong>Estoy agradecido a todo ese respeto y cari\u00f1o y las manifestaciones que han tenido\u201d<\/strong>. Los m\u00e9dicos tambi\u00e9n llevaron su reconocimiento: <strong>\u201cMe he encontrado en el cuarto piso del Brit\u00e1nico con un grupo maravilloso de profesionales y de seres humanos que me han tratado muy bien y han estado hasta en los m\u00ednimos detalles\u201d.<\/strong><\/p>\n<p style=\"text-align: justify;\">El plantel carbonero tambi\u00e9n pas\u00f3 por las palabras del n\u00famero 8. <strong>\u201cLa mayor\u00eda de los chicos han venido. Se han preocupado todos por la salud obviamente. Estoy muy agradecido a los compa\u00f1eros, al cuerpo t\u00e9cnico y a Pe\u00f1arol en general. El domingo no creo que pueda ir a la cancha pero seguro los voy a estar mirando como cada uno de los partidos que ellos est\u00e9n ah\u00ed adentro. Ser\u00e9 como la gente, un jugador m\u00e1s\u201d<\/strong>.<\/p>\n<p style=\"text-align: justify;\">Pacheco habl\u00f3 de los saludos de otras instituciones y record\u00f3 la esencia de este deporte. <strong>\u201cEl agradecimiento a Nacional tambi\u00e9n porque vinieron chicos del club en representaci\u00f3n de los muchachos. Otras instituciones han venido y se han puesto a la orden. Hay que entender de una vez por todas que hay cosas que superan lo futbol\u00edstico. Si bien somos un pa\u00eds futbolero y la rivalidad tiene que existir, yo soy el primero, que sea bien entendida. Es la rivalidad sana de ir al Estadio, y cada uno hinchar por su equipo y vivir la previa de los cl\u00e1sicos y posterior a los mismos. Entender que el futbol es un deporte\u201d<\/strong>.<\/p>\n<p style=\"text-align: justify;\">El Tony ser\u00e1 dado de alta y comenzar\u00e1 su camino de recuperaci\u00f3n que ojal\u00e1 lo tenga pronto en las canchas vistiendo la amarilla y negra. \u00a1Fuerza Antonio, estamos contigo!<\/p>\n","protected":false},"excerpt":{"rendered":"<p>El capit\u00e1n Antonio Pacheco dio una conferencia de prensa esta tarde en el Hospital Brit\u00e1nico. Sentado en una silla de ruedas y acompa\u00f1ado por el Dr. Rienzi, el Tony se mostr\u00f3 muy alentador de su futuro y dijo que se recuperar\u00e1 m\u00e1s pronto de lo que se imagina. \u201cDentro de la cancha Alfredo (Rienzi) lo [&hellip;]<\/p>\n","protected":false},"author":13,"featured_media":29300,"comment_status":"open","ping_status":"closed","sticky":false,"template":"","format":"standard","meta":{"footnotes":""},"categories":[1],"tags":[],"yoast_head":"<!-- This site is optimized with the Yoast SEO plugin v23.2 - https:\/\/yoast.com\/wordpress\/plugins\/seo\/ -->\n<title>Tony: &quot;Me recuperar\u00e9 m\u00e1s pronto de lo que se espera&quot; - Padre y Decano - El Sitio del Pueblo<\/title>\n<meta name=\"robots\" content=\"index, follow, max-snippet:-1, max-image-preview:large, max-video-preview:-1\" \/>\n<link rel=\"canonical\" href=\"https:\/\/www.padreydecano.com\/cms\/noticias\/tony-me-recuperare-mas-pronto-de-lo-que-se-espera\/\" \/>\n<meta property=\"og:locale\" content=\"es_ES\" \/>\n<meta property=\"og:type\" content=\"article\" \/>\n<meta property=\"og:title\" content=\"Tony: &quot;Me recuperar\u00e9 m\u00e1s pronto de lo que se espera&quot; - Padre y Decano - El Sitio del Pueblo\" \/>\n<meta property=\"og:description\" content=\"El capit\u00e1n Antonio Pacheco dio una conferencia de prensa esta tarde en el Hospital Brit\u00e1nico. Sentado en una silla de ruedas y acompa\u00f1ado por el Dr. Rienzi, el Tony se mostr\u00f3 muy alentador de su futuro y dijo que se recuperar\u00e1 m\u00e1s pronto de lo que se imagina. \u201cDentro de la cancha Alfredo (Rienzi) lo [&hellip;]\" \/>\n<meta property=\"og:url\" content=\"https:\/\/www.padreydecano.com\/cms\/noticias\/tony-me-recuperare-mas-pronto-de-lo-que-se-espera\/\" \/>\n<meta property=\"og:site_name\" content=\"Padre y Decano - El Sitio del Pueblo\" \/>\n<meta property=\"article:published_time\" content=\"2012-08-31T21:49:34+00:00\" \/>\n<meta property=\"article:modified_time\" content=\"2012-09-04T20:36:47+00:00\" \/>\n<meta property=\"og:image\" content=\"https:\/\/www.padreydecano.com\/cms\/wp-content\/uploads\/2012\/08\/pacheco-slider.jpg\" \/>\n\t<meta property=\"og:image:width\" content=\"646\" \/>\n\t<meta property=\"og:image:height\" content=\"259\" \/>\n\t<meta property=\"og:image:type\" content=\"image\/jpeg\" \/>\n<meta name=\"author\" content=\"Moderador\" \/>\n<meta name=\"twitter:card\" content=\"summary_large_image\" \/>\n<meta name=\"twitter:label1\" content=\"Escrito por\" \/>\n\t<meta name=\"twitter:data1\" content=\"Moderador\" \/>\n\t<meta name=\"twitter:label2\" content=\"Tiempo de lectura\" \/>\n\t<meta name=\"twitter:data2\" content=\"3 minutos\" \/>\n<script type=\"application\/ld+json\" class=\"yoast-schema-graph\">{\"@context\":\"https:\/\/schema.org\",\"@graph\":[{\"@type\":\"Article\",\"@id\":\"https:\/\/www.padreydecano.com\/cms\/noticias\/tony-me-recuperare-mas-pronto-de-lo-que-se-espera\/#article\",\"isPartOf\":{\"@id\":\"https:\/\/www.padreydecano.com\/cms\/noticias\/tony-me-recuperare-mas-pronto-de-lo-que-se-espera\/\"},\"author\":{\"name\":\"Moderador\",\"@id\":\"https:\/\/www.padreydecano.com\/cms\/#\/schema\/person\/d93e9e537230ae052c194251d9a1def2\"},\"headline\":\"Tony: \u00abMe recuperar\u00e9 m\u00e1s pronto de lo que se espera\u00bb\",\"datePublished\":\"2012-08-31T21:49:34+00:00\",\"dateModified\":\"2012-09-04T20:36:47+00:00\",\"mainEntityOfPage\":{\"@id\":\"https:\/\/www.padreydecano.com\/cms\/noticias\/tony-me-recuperare-mas-pronto-de-lo-que-se-espera\/\"},\"wordCount\":592,\"commentCount\":5,\"publisher\":{\"@id\":\"https:\/\/www.padreydecano.com\/cms\/#organization\"},\"image\":{\"@id\":\"https:\/\/www.padreydecano.com\/cms\/noticias\/tony-me-recuperare-mas-pronto-de-lo-que-se-espera\/#primaryimage\"},\"thumbnailUrl\":\"https:\/\/www.padreydecano.com\/cms\/wp-content\/uploads\/2012\/08\/pacheco-slider.jpg\",\"articleSection\":[\"Noticias\"],\"inLanguage\":\"es\",\"potentialAction\":[{\"@type\":\"CommentAction\",\"name\":\"Comment\",\"target\":[\"https:\/\/www.padreydecano.com\/cms\/noticias\/tony-me-recuperare-mas-pronto-de-lo-que-se-espera\/#respond\"]}]},{\"@type\":\"WebPage\",\"@id\":\"https:\/\/www.padreydecano.com\/cms\/noticias\/tony-me-recuperare-mas-pronto-de-lo-que-se-espera\/\",\"url\":\"https:\/\/www.padreydecano.com\/cms\/noticias\/tony-me-recuperare-mas-pronto-de-lo-que-se-espera\/\",\"name\":\"Tony: \\\"Me recuperar\u00e9 m\u00e1s pronto de lo que se espera\\\" - Padre y Decano - El Sitio del Pueblo\",\"isPartOf\":{\"@id\":\"https:\/\/www.padreydecano.com\/cms\/#website\"},\"primaryImageOfPage\":{\"@id\":\"https:\/\/www.padreydecano.com\/cms\/noticias\/tony-me-recuperare-mas-pronto-de-lo-que-se-espera\/#primaryimage\"},\"image\":{\"@id\":\"https:\/\/www.padreydecano.com\/cms\/noticias\/tony-me-recuperare-mas-pronto-de-lo-que-se-espera\/#primaryimage\"},\"thumbnailUrl\":\"https:\/\/www.padreydecano.com\/cms\/wp-content\/uploads\/2012\/08\/pacheco-slider.jpg\",\"datePublished\":\"2012-08-31T21:49:34+00:00\",\"dateModified\":\"2012-09-04T20:36:47+00:00\",\"breadcrumb\":{\"@id\":\"https:\/\/www.padreydecano.com\/cms\/noticias\/tony-me-recuperare-mas-pronto-de-lo-que-se-espera\/#breadcrumb\"},\"inLanguage\":\"es\",\"potentialAction\":[{\"@type\":\"ReadAction\",\"target\":[\"https:\/\/www.padreydecano.com\/cms\/noticias\/tony-me-recuperare-mas-pronto-de-lo-que-se-espera\/\"]}]},{\"@type\":\"ImageObject\",\"inLanguage\":\"es\",\"@id\":\"https:\/\/www.padreydecano.com\/cms\/noticias\/tony-me-recuperare-mas-pronto-de-lo-que-se-espera\/#primaryimage\",\"url\":\"https:\/\/www.padreydecano.com\/cms\/wp-content\/uploads\/2012\/08\/pacheco-slider.jpg\",\"contentUrl\":\"https:\/\/www.padreydecano.com\/cms\/wp-content\/uploads\/2012\/08\/pacheco-slider.jpg\",\"width\":\"646\",\"height\":\"259\"},{\"@type\":\"BreadcrumbList\",\"@id\":\"https:\/\/www.padreydecano.com\/cms\/noticias\/tony-me-recuperare-mas-pronto-de-lo-que-se-espera\/#breadcrumb\",\"itemListElement\":[{\"@type\":\"ListItem\",\"position\":1,\"name\":\"Portada\",\"item\":\"https:\/\/www.padreydecano.com\/cms\/\"},{\"@type\":\"ListItem\",\"position\":2,\"name\":\"Tony: \u00abMe recuperar\u00e9 m\u00e1s pronto de lo que se espera\u00bb\"}]},{\"@type\":\"WebSite\",\"@id\":\"https:\/\/www.padreydecano.com\/cms\/#website\",\"url\":\"https:\/\/www.padreydecano.com\/cms\/\",\"name\":\"Padre y Decano - El Sitio del Pueblo\",\"description\":\"Club Atl\u00e9tico Pe\u00f1arol\",\"publisher\":{\"@id\":\"https:\/\/www.padreydecano.com\/cms\/#organization\"},\"potentialAction\":[{\"@type\":\"SearchAction\",\"target\":{\"@type\":\"EntryPoint\",\"urlTemplate\":\"https:\/\/www.padreydecano.com\/cms\/?s={search_term_string}\"},\"query-input\":\"required name=search_term_string\"}],\"inLanguage\":\"es\"},{\"@type\":\"Organization\",\"@id\":\"https:\/\/www.padreydecano.com\/cms\/#organization\",\"name\":\"Padre y Decano\",\"url\":\"https:\/\/www.padreydecano.com\/cms\/\",\"logo\":{\"@type\":\"ImageObject\",\"inLanguage\":\"es\",\"@id\":\"https:\/\/www.padreydecano.com\/cms\/#\/schema\/logo\/image\/\",\"url\":\"https:\/\/www.padreydecano.com\/cms\/wp-content\/uploads\/2022\/01\/avatar-square.png\",\"contentUrl\":\"https:\/\/www.padreydecano.com\/cms\/wp-content\/uploads\/2022\/01\/avatar-square.png\",\"width\":1500,\"height\":1500,\"caption\":\"Padre y Decano\"},\"image\":{\"@id\":\"https:\/\/www.padreydecano.com\/cms\/#\/schema\/logo\/image\/\"}},{\"@type\":\"Person\",\"@id\":\"https:\/\/www.padreydecano.com\/cms\/#\/schema\/person\/d93e9e537230ae052c194251d9a1def2\",\"name\":\"Moderador\",\"image\":{\"@type\":\"ImageObject\",\"inLanguage\":\"es\",\"@id\":\"https:\/\/www.padreydecano.com\/cms\/#\/schema\/person\/image\/\",\"url\":\"https:\/\/secure.gravatar.com\/avatar\/2587727bf8a53bd3da4ec49f01bea66e?s=96&d=https%3A%2F%2Fpadreydecano.com%2Fcms%2Fwp-content%2Fthemes%2Fpyd-theme%2Fimg%2Fdefault-avatar.png&r=g\",\"contentUrl\":\"https:\/\/secure.gravatar.com\/avatar\/2587727bf8a53bd3da4ec49f01bea66e?s=96&d=https%3A%2F%2Fpadreydecano.com%2Fcms%2Fwp-content%2Fthemes%2Fpyd-theme%2Fimg%2Fdefault-avatar.png&r=g\",\"caption\":\"Moderador\"}}]}<\/script>\n<!-- \/ Yoast SEO plugin. -->","yoast_head_json":{"title":"Tony: \"Me recuperar\u00e9 m\u00e1s pronto de lo que se espera\" - Padre y Decano - El Sitio del Pueblo","robots":{"index":"index","follow":"follow","max-snippet":"max-snippet:-1","max-image-preview":"max-image-preview:large","max-video-preview":"max-video-preview:-1"},"canonical":"https:\/\/www.padreydecano.com\/cms\/noticias\/tony-me-recuperare-mas-pronto-de-lo-que-se-espera\/","og_locale":"es_ES","og_type":"article","og_title":"Tony: \"Me recuperar\u00e9 m\u00e1s pronto de lo que se espera\" - Padre y Decano - El Sitio del Pueblo","og_description":"El capit\u00e1n Antonio Pacheco dio una conferencia de prensa esta tarde en el Hospital Brit\u00e1nico. Sentado en una silla de ruedas y acompa\u00f1ado por el Dr. Rienzi, el Tony se mostr\u00f3 muy alentador de su futuro y dijo que se recuperar\u00e1 m\u00e1s pronto de lo que se imagina. \u201cDentro de la cancha Alfredo (Rienzi) lo [&hellip;]","og_url":"https:\/\/www.padreydecano.com\/cms\/noticias\/tony-me-recuperare-mas-pronto-de-lo-que-se-espera\/","og_site_name":"Padre y Decano - El Sitio del Pueblo","article_published_time":"2012-08-31T21:49:34+00:00","article_modified_time":"2012-09-04T20:36:47+00:00","og_image":[{"width":646,"height":259,"url":"https:\/\/www.padreydecano.com\/cms\/wp-content\/uploads\/2012\/08\/pacheco-slider.jpg","type":"image\/jpeg"}],"author":"Moderador","twitter_card":"summary_large_image","twitter_misc":{"Escrito por":"Moderador","Tiempo de lectura":"3 minutos"},"schema":{"@context":"https:\/\/schema.org","@graph":[{"@type":"Article","@id":"https:\/\/www.padreydecano.com\/cms\/noticias\/tony-me-recuperare-mas-pronto-de-lo-que-se-espera\/#article","isPartOf":{"@id":"https:\/\/www.padreydecano.com\/cms\/noticias\/tony-me-recuperare-mas-pronto-de-lo-que-se-espera\/"},"author":{"name":"Moderador","@id":"https:\/\/www.padreydecano.com\/cms\/#\/schema\/person\/d93e9e537230ae052c194251d9a1def2"},"headline":"Tony: \u00abMe recuperar\u00e9 m\u00e1s pronto de lo que se espera\u00bb","datePublished":"2012-08-31T21:49:34+00:00","dateModified":"2012-09-04T20:36:47+00:00","mainEntityOfPage":{"@id":"https:\/\/www.padreydecano.com\/cms\/noticias\/tony-me-recuperare-mas-pronto-de-lo-que-se-espera\/"},"wordCount":592,"commentCount":5,"publisher":{"@id":"https:\/\/www.padreydecano.com\/cms\/#organization"},"image":{"@id":"https:\/\/www.padreydecano.com\/cms\/noticias\/tony-me-recuperare-mas-pronto-de-lo-que-se-espera\/#primaryimage"},"thumbnailUrl":"https:\/\/www.padreydecano.com\/cms\/wp-content\/uploads\/2012\/08\/pacheco-slider.jpg","articleSection":["Noticias"],"inLanguage":"es","potentialAction":[{"@type":"CommentAction","name":"Comment","target":["https:\/\/www.padreydecano.com\/cms\/noticias\/tony-me-recuperare-mas-pronto-de-lo-que-se-espera\/#respond"]}]},{"@type":"WebPage","@id":"https:\/\/www.padreydecano.com\/cms\/noticias\/tony-me-recuperare-mas-pronto-de-lo-que-se-espera\/","url":"https:\/\/www.padreydecano.com\/cms\/noticias\/tony-me-recuperare-mas-pronto-de-lo-que-se-espera\/","name":"Tony: \"Me recuperar\u00e9 m\u00e1s pronto de lo que se espera\" - Padre y Decano - El Sitio del Pueblo","isPartOf":{"@id":"https:\/\/www.padreydecano.com\/cms\/#website"},"primaryImageOfPage":{"@id":"https:\/\/www.padreydecano.com\/cms\/noticias\/tony-me-recuperare-mas-pronto-de-lo-que-se-espera\/#primaryimage"},"image":{"@id":"https:\/\/www.padreydecano.com\/cms\/noticias\/tony-me-recuperare-mas-pronto-de-lo-que-se-espera\/#primaryimage"},"thumbnailUrl":"https:\/\/www.padreydecano.com\/cms\/wp-content\/uploads\/2012\/08\/pacheco-slider.jpg","datePublished":"2012-08-31T21:49:34+00:00","dateModified":"2012-09-04T20:36:47+00:00","breadcrumb":{"@id":"https:\/\/www.padreydecano.com\/cms\/noticias\/tony-me-recuperare-mas-pronto-de-lo-que-se-espera\/#breadcrumb"},"inLanguage":"es","potentialAction":[{"@type":"ReadAction","target":["https:\/\/www.padreydecano.com\/cms\/noticias\/tony-me-recuperare-mas-pronto-de-lo-que-se-espera\/"]}]},{"@type":"ImageObject","inLanguage":"es","@id":"https:\/\/www.padreydecano.com\/cms\/noticias\/tony-me-recuperare-mas-pronto-de-lo-que-se-espera\/#primaryimage","url":"https:\/\/www.padreydecano.com\/cms\/wp-content\/uploads\/2012\/08\/pacheco-slider.jpg","contentUrl":"https:\/\/www.padreydecano.com\/cms\/wp-content\/uploads\/2012\/08\/pacheco-slider.jpg","width":"646","height":"259"},{"@type":"BreadcrumbList","@id":"https:\/\/www.padreydecano.com\/cms\/noticias\/tony-me-recuperare-mas-pronto-de-lo-que-se-espera\/#breadcrumb","itemListElement":[{"@type":"ListItem","position":1,"name":"Portada","item":"https:\/\/www.padreydecano.com\/cms\/"},{"@type":"ListItem","position":2,"name":"Tony: \u00abMe recuperar\u00e9 m\u00e1s pronto de lo que se espera\u00bb"}]},{"@type":"WebSite","@id":"https:\/\/www.padreydecano.com\/cms\/#website","url":"https:\/\/www.padreydecano.com\/cms\/","name":"Padre y Decano - El Sitio del Pueblo","description":"Club Atl\u00e9tico Pe\u00f1arol","publisher":{"@id":"https:\/\/www.padreydecano.com\/cms\/#organization"},"potentialAction":[{"@type":"SearchAction","target":{"@type":"EntryPoint","urlTemplate":"https:\/\/www.padreydecano.com\/cms\/?s={search_term_string}"},"query-input":"required name=search_term_string"}],"inLanguage":"es"},{"@type":"Organization","@id":"https:\/\/www.padreydecano.com\/cms\/#organization","name":"Padre y Decano","url":"https:\/\/www.padreydecano.com\/cms\/","logo":{"@type":"ImageObject","inLanguage":"es","@id":"https:\/\/www.padreydecano.com\/cms\/#\/schema\/logo\/image\/","url":"https:\/\/www.padreydecano.com\/cms\/wp-content\/uploads\/2022\/01\/avatar-square.png","contentUrl":"https:\/\/www.padreydecano.com\/cms\/wp-content\/uploads\/2022\/01\/avatar-square.png","width":1500,"height":1500,"caption":"Padre y Decano"},"image":{"@id":"https:\/\/www.padreydecano.com\/cms\/#\/schema\/logo\/image\/"}},{"@type":"Person","@id":"https:\/\/www.padreydecano.com\/cms\/#\/schema\/person\/d93e9e537230ae052c194251d9a1def2","name":"Moderador","image":{"@type":"ImageObject","inLanguage":"es","@id":"https:\/\/www.padreydecano.com\/cms\/#\/schema\/person\/image\/","url":"https:\/\/secure.gravatar.com\/avatar\/2587727bf8a53bd3da4ec49f01bea66e?s=96&d=https%3A%2F%2Fpadreydecano.com%2Fcms%2Fwp-content%2Fthemes%2Fpyd-theme%2Fimg%2Fdefault-avatar.png&r=g","contentUrl":"https:\/\/secure.gravatar.com\/avatar\/2587727bf8a53bd3da4ec49f01bea66e?s=96&d=https%3A%2F%2Fpadreydecano.com%2Fcms%2Fwp-content%2Fthemes%2Fpyd-theme%2Fimg%2Fdefault-avatar.png&r=g","caption":"Moderador"}}]}},"_links":{"self":[{"href":"https:\/\/www.padreydecano.com\/cms\/wp-json\/wp\/v2\/posts\/29298"}],"collection":[{"href":"https:\/\/www.padreydecano.com\/cms\/wp-json\/wp\/v2\/posts"}],"about":[{"href":"https:\/\/www.padreydecano.com\/cms\/wp-json\/wp\/v2\/types\/post"}],"author":[{"embeddable":true,"href":"https:\/\/www.padreydecano.com\/cms\/wp-json\/wp\/v2\/users\/13"}],"replies":[{"embeddable":true,"href":"https:\/\/www.padreydecano.com\/cms\/wp-json\/wp\/v2\/comments?post=29298"}],"version-history":[{"count":0,"href":"https:\/\/www.padreydecano.com\/cms\/wp-json\/wp\/v2\/posts\/29298\/revisions"}],"wp:featuredmedia":[{"embeddable":true,"href":"https:\/\/www.padreydecano.com\/cms\/wp-json\/wp\/v2\/media\/29300"}],"wp:attachment":[{"href":"https:\/\/www.padreydecano.com\/cms\/wp-json\/wp\/v2\/media?parent=29298"}],"wp:term":[{"taxonomy":"category","embeddable":true,"href":"https:\/\/www.padreydecano.com\/cms\/wp-json\/wp\/v2\/categories?post=29298"},{"taxonomy":"post_tag","embeddable":true,"href":"https:\/\/www.padreydecano.com\/cms\/wp-json\/wp\/v2\/tags?post=29298"}],"curies":[{"name":"wp","href":"https:\/\/api.w.org\/{rel}","templated":true}]}}