{"id":29295,"date":"2012-08-31T21:54:35","date_gmt":"2012-09-01T00:54:35","guid":{"rendered":"http:\/\/www.padreydecano.com\/cms\/?p=29295"},"modified":"2012-09-04T11:58:07","modified_gmt":"2012-09-04T14:58:07","slug":"lo-mas-leido-de-la-semana-5","status":"publish","type":"post","link":"https:\/\/www.padreydecano.com\/cms\/noticias\/lo-mas-leido-de-la-semana-5\/","title":{"rendered":"Lo m\u00e1s le\u00eddo de la semana (5)"},"content":{"rendered":"<p style=\"text-align: justify;\"><strong>Lo m\u00e1s relevante de la semana en Padre y Decano. <\/strong>Art\u00edculos desde el viernes 24 de agosto hasta el jueves 30.<\/p>\n<table class=\"comun\">\n<tbody>\n<tr>\n<td><img loading=\"lazy\" decoding=\"async\" class=\"alignleft size-thumbnail wp-image-29228\" src=\"https:\/\/www.padreydecano.com\/cms\/wp-content\/uploads\/2012\/08\/tony-quebrado-destacada-150x150.jpg\" alt=\"\" width=\"150\" height=\"150\" srcset=\"https:\/\/www.padreydecano.com\/cms\/wp-content\/uploads\/2012\/08\/tony-quebrado-destacada-150x150.jpg 150w, https:\/\/www.padreydecano.com\/cms\/wp-content\/uploads\/2012\/08\/tony-quebrado-destacada-36x36.jpg 36w, https:\/\/www.padreydecano.com\/cms\/wp-content\/uploads\/2012\/08\/tony-quebrado-destacada-115x115.jpg 115w\" sizes=\"(max-width: 150px) 100vw, 150px\" \/><strong><span style=\"color: #ffcc02;\">[Noticias] La lesi\u00f3n de Pacheco<br \/>\n<\/span><br \/>\n<\/strong><strong><\/strong>Sin dudas fue el tema de la semana.<strong> Padre y Decano<\/strong> sigui\u00f3 de cerca todo lo acontecido en torno a la lesi\u00f3n del Tony.<strong><br style=\"text-align: justify; padding: 10px;\" \/><a href=\"https:\/\/www.padreydecano.com\/cms\/noticias\/el-capitan-esta-bien\/\" target=\"_blank\"> El capit\u00e1n esta bien \u00bb<\/a><a href=\"https:\/\/www.padreydecano.com\/cms\/editoriales\/las-10-incorporaciones-de-penarol\" target=\"_blank\"><br \/>\n<strong><\/strong><\/a><strong><a href=\"https:\/\/www.padreydecano.com\/cms\/noticias\/la-operacion-del-tony-fue-un-exito\/\" target=\"_blank\">La operaci\u00f3n del Tony fue un \u00e9xito \u00bb<\/a><\/strong><br \/>\n<strong><a href=\"https:\/\/www.padreydecano.com\/cms\/noticias\/pacheco-evoluciona-de-la-operacion\/\" target=\"_blank\">Pacheco evoluciona de la operaci\u00f3n \u00bb<\/a><\/strong><br \/>\n<strong><a href=\"https:\/\/www.padreydecano.com\/cms\/columnas\/lesion-de-pacheco-en-forma-leal\/\" target=\"_blank\">[Columna] Lesi\u00f3n de Pacheco \u00bfen foma leal? \u00bb<\/a><\/strong><br \/>\n<strong><a href=\"https:\/\/www.padreydecano.com\/cms\/noticias\/comunicado-de-antonio-pacheco\/\" target=\"_blank\">Comunicado de Antonio Pacheco \u00bb<\/a><\/strong><br \/>\n<\/strong><\/td>\n<\/tr>\n<tr>\n<td style=\"text-align: justify; padding: 10px;\"><span style=\"color: #ffcc02;\"><br \/>\n<img loading=\"lazy\" decoding=\"async\" class=\"size-thumbnail wp-image-29204 alignright\" src=\"https:\/\/www.padreydecano.com\/cms\/wp-content\/uploads\/2012\/08\/pacheco-saludo-nacional_240282-150x150.jpg\" alt=\"\" width=\"150\" height=\"150\" srcset=\"https:\/\/www.padreydecano.com\/cms\/wp-content\/uploads\/2012\/08\/pacheco-saludo-nacional_240282-150x150.jpg 150w, https:\/\/www.padreydecano.com\/cms\/wp-content\/uploads\/2012\/08\/pacheco-saludo-nacional_240282-36x36.jpg 36w, https:\/\/www.padreydecano.com\/cms\/wp-content\/uploads\/2012\/08\/pacheco-saludo-nacional_240282-115x115.jpg 115w\" sizes=\"(max-width: 150px) 100vw, 150px\" \/><strong>[Columnas] Cultura del arrepentimiento<\/strong><br \/>\n<\/span><br \/>\nEn la tarde del martes pudimos ver otra muestra de lo que es la verdadera \u201cCultura Nacional\u201d. El Club que se jacta de ser distinto a los dem\u00e1s porque tiene \u201ccultura\u201d emiti\u00f3 en su web oficial una imagen y un mensaje para el Tony Pacheco luego de la fractura que sufriera el domingo en el partido contra F\u00e9nix.<br \/>\n<strong><\/strong><strong><a href=\"https:\/\/www.padreydecano.com\/cms\/columnas\/cultura-del-arrepentimiento\/\" target=\"_blank\">Leer columna completa \u00bb<br \/>\n<\/a><\/strong><\/td>\n<\/tr>\n<tr>\n<td><img loading=\"lazy\" decoding=\"async\" class=\"alignleft size-thumbnail wp-image-29176\" src=\"https:\/\/www.padreydecano.com\/cms\/wp-content\/uploads\/2012\/08\/EEDLG-150x150.jpg\" alt=\"\" width=\"150\" height=\"150\" srcset=\"https:\/\/www.padreydecano.com\/cms\/wp-content\/uploads\/2012\/08\/EEDLG-150x150.jpg 150w, https:\/\/www.padreydecano.com\/cms\/wp-content\/uploads\/2012\/08\/EEDLG-36x36.jpg 36w, https:\/\/www.padreydecano.com\/cms\/wp-content\/uploads\/2012\/08\/EEDLG-115x115.jpg 115w\" sizes=\"(max-width: 150px) 100vw, 150px\" \/><strong><span style=\"color: #ffcc02;\">[Nueva secci\u00f3n] El equipo de la gente &#8211; Fecha 1<br \/>\n<\/span><br \/>\n<\/strong>Te presentamos la nueva secci\u00f3n de\u00a0<strong>Padre y Decano<\/strong>, donde los usuarios del\u00a0foro Esto es Pe\u00f1arol\u00a0califican el rendimiento de los jugadores en cada partido otorg\u00e1ndole un puntaje del 1 al 10 a cada uno.<a href=\"https:\/\/www.padreydecano.com\/cms\/el-club-del-siglo-xx-de-america-del-sur\/\" target=\"_blank\"><br \/>\n<\/a><strong><a href=\"https:\/\/www.padreydecano.com\/cms\/noticias\/el-equipo-de-la-gente-fecha-1\/\" target=\"_blank\">Secci\u00f3n completa \u00bb<br \/>\n<\/a><\/strong><\/td>\n<\/tr>\n<tr>\n<td style=\"text-align: justify; padding: 10px;\"><img loading=\"lazy\" decoding=\"async\" class=\"size-thumbnail wp-image-29201 alignright\" src=\"https:\/\/www.padreydecano.com\/cms\/wp-content\/uploads\/2012\/08\/DSC_0538-150x150.jpg\" alt=\"\" width=\"150\" height=\"150\" srcset=\"https:\/\/www.padreydecano.com\/cms\/wp-content\/uploads\/2012\/08\/DSC_0538-150x150.jpg 150w, https:\/\/www.padreydecano.com\/cms\/wp-content\/uploads\/2012\/08\/DSC_0538-36x36.jpg 36w, https:\/\/www.padreydecano.com\/cms\/wp-content\/uploads\/2012\/08\/DSC_0538-115x115.jpg 115w\" sizes=\"(max-width: 150px) 100vw, 150px\" \/><strong><strong><strong><span style=\"color: #ffcc02;\">[Columnas] Prohibido equivocarse<\/span><\/strong><\/strong><\/strong><strong><strong><strong><\/strong><\/strong><\/strong>El \u00faltimo partido frente a F\u00e9nix, me dej\u00f3 pensando un mont\u00f3n de cosas. Muchas situaciones no dependen de nosotros (que el equipo no haya jugado bien, que determinados jugadores no hayan tenido una buena tarde, que Antonio Pacheco se haya lesionado, o que nos hayan dado vuelta un partido como menos nos gusta y como bien Pe\u00f1arol sabe hacerlo)&#8230;<strong><\/strong><strong><a href=\"https:\/\/www.padreydecano.com\/cms\/noticias\/cronica-de-viaje-fray-bentos\/\" target=\"_blank\"><strong><\/strong><br \/>\n<\/a><\/strong><strong><a href=\"https:\/\/www.padreydecano.com\/cms\/noticias\/se-sorteo-el-fixture\/\" target=\"_blank\"><strong>Leer <\/strong><\/a><\/strong><strong><a href=\"https:\/\/www.padreydecano.com\/cms\/noticias\/se-sorteo-el-fixture\/\" target=\"_blank\"><strong>columna<\/strong><\/a><\/strong><strong><a href=\"https:\/\/www.padreydecano.com\/cms\/noticias\/se-sorteo-el-fixture\/\" target=\"_blank\"><strong> completa \u00bb<br \/>\n<\/strong><\/a><strong><strong><\/strong><br \/>\n<\/strong><\/strong><\/td>\n<\/tr>\n<tr>\n<td><img loading=\"lazy\" decoding=\"async\" class=\"alignleft size-thumbnail wp-image-29109\" src=\"https:\/\/www.padreydecano.com\/cms\/wp-content\/uploads\/2012\/08\/Buscate-Olimpica-150x150.jpg\" alt=\"\" width=\"150\" height=\"150\" srcset=\"https:\/\/www.padreydecano.com\/cms\/wp-content\/uploads\/2012\/08\/Buscate-Olimpica-150x150.jpg 150w, https:\/\/www.padreydecano.com\/cms\/wp-content\/uploads\/2012\/08\/Buscate-Olimpica-36x36.jpg 36w, https:\/\/www.padreydecano.com\/cms\/wp-content\/uploads\/2012\/08\/Buscate-Olimpica-115x115.jpg 115w\" sizes=\"(max-width: 150px) 100vw, 150px\" \/><strong><strong><span style=\"color: #ffcc02;\">[Buscate] vs F\u00e9nix<\/span><\/strong><\/strong>Buscate en la Tribuna\u00a0<strong>volvi\u00f3 con todo<\/strong>\u00a0en el Apertura 2012. Para este partido ante los de Capurro tenemos el Buscate de las 4 tribunas que coparon los hinchas de Pe\u00f1arol. Si fuiste al Estadio Centenario buscate haciendo click en la foto para poder elegir la galer\u00eda completa de cada tribuna y as\u00ed poder etiquetarte en la foto correspondiente si te encontr\u00e1s.<br \/>\n<a href=\"https:\/\/www.padreydecano.com\/cms\/buscate\/buscate-vs-fenix-apertura-2012\/\" target=\"_blank\"><strong>\u00a1Buscate! \u00bb<\/strong><\/a><\/td>\n<\/tr>\n<tr>\n<td style=\"text-align: justify; padding: 10px;\"><span style=\"color: #ffcc02;\"><span style=\"color: #ffcc02;\"><img loading=\"lazy\" decoding=\"async\" class=\"wp-image-29071 alignright\" src=\"https:\/\/www.padreydecano.com\/cms\/wp-content\/uploads\/2012\/08\/DSC_0573-150x150.jpg\" alt=\"\" width=\"150\" height=\"150\" srcset=\"https:\/\/www.padreydecano.com\/cms\/wp-content\/uploads\/2012\/08\/DSC_0573-150x150.jpg 150w, https:\/\/www.padreydecano.com\/cms\/wp-content\/uploads\/2012\/08\/DSC_0573-36x36.jpg 36w, https:\/\/www.padreydecano.com\/cms\/wp-content\/uploads\/2012\/08\/DSC_0573-115x115.jpg 115w\" sizes=\"(max-width: 150px) 100vw, 150px\" \/><strong>[Partido a Partido] Pe\u00f1arol 3 &#8211; 4 F\u00e9nix<\/strong><\/span><\/span>Perdimos 4 a 3 ante F\u00e9nix en el inicio del camino hacia el Uruguayo 2012-2013,\u00a0<a href=\"https:\/\/www.padreydecano.com\/cms\/idolos\/antonio-pacheco\/\">Antonio Pacheco<\/a>\u00a0sufri\u00f3 una fractura, el arquero Bologna fue un desastre, hubo responsabilidad nuestra en los cuatro goles de F\u00e9nix y no cobraron una mano gigantesca en el \u00faltimo segundo del partido.<br \/>\n<a href=\"https:\/\/www.padreydecano.com\/cms\/partidos\/peor-arranque-imposible\/\" target=\"_blank\"><strong>Cr\u00f3nica del partido \u00bb<\/strong><\/a><br \/>\n<a href=\"https:\/\/www.padreydecano.com\/cms\/partido-a-partido\/fotos-vs-fenix-apertura-2012\/\" target=\"_blank\"><strong>Fotos del partido \u00bb<\/strong><\/a><\/td>\n<\/tr>\n<\/tbody>\n<\/table>\n","protected":false},"excerpt":{"rendered":"<p>Lo m\u00e1s relevante de la semana en Padre y Decano. Art\u00edculos desde el viernes 24 de agosto hasta el jueves 30.<\/p>\n","protected":false},"author":1,"featured_media":29311,"comment_status":"open","ping_status":"closed","sticky":false,"template":"","format":"standard","meta":{"footnotes":""},"categories":[1],"tags":[],"yoast_head":"<!-- This site is optimized with the Yoast SEO plugin v23.2 - https:\/\/yoast.com\/wordpress\/plugins\/seo\/ -->\n<title>Lo m\u00e1s le\u00eddo de la semana (5) - Padre y Decano - El Sitio del Pueblo<\/title>\n<meta name=\"robots\" content=\"index, follow, max-snippet:-1, max-image-preview:large, max-video-preview:-1\" \/>\n<link rel=\"canonical\" href=\"https:\/\/www.padreydecano.com\/cms\/noticias\/lo-mas-leido-de-la-semana-5\/\" \/>\n<meta property=\"og:locale\" content=\"es_ES\" \/>\n<meta property=\"og:type\" content=\"article\" \/>\n<meta property=\"og:title\" content=\"Lo m\u00e1s le\u00eddo de la semana (5) - Padre y Decano - El Sitio del Pueblo\" \/>\n<meta property=\"og:description\" content=\"Lo m\u00e1s relevante de la semana en Padre y Decano. Art\u00edculos desde el viernes 24 de agosto hasta el jueves 30.\" \/>\n<meta property=\"og:url\" content=\"https:\/\/www.padreydecano.com\/cms\/noticias\/lo-mas-leido-de-la-semana-5\/\" \/>\n<meta property=\"og:site_name\" content=\"Padre y Decano - El Sitio del Pueblo\" \/>\n<meta property=\"article:published_time\" content=\"2012-09-01T00:54:35+00:00\" \/>\n<meta property=\"article:modified_time\" content=\"2012-09-04T14:58:07+00:00\" \/>\n<meta property=\"og:image\" content=\"https:\/\/www.padreydecano.com\/cms\/wp-content\/uploads\/2012\/08\/slider.jpg\" \/>\n\t<meta property=\"og:image:width\" content=\"640\" \/>\n\t<meta property=\"og:image:height\" content=\"250\" \/>\n\t<meta property=\"og:image:type\" content=\"image\/jpeg\" \/>\n<meta name=\"author\" content=\"fishoa\" \/>\n<meta name=\"twitter:card\" content=\"summary_large_image\" \/>\n<meta name=\"twitter:label1\" content=\"Escrito por\" \/>\n\t<meta name=\"twitter:data1\" content=\"fishoa\" \/>\n\t<meta name=\"twitter:label2\" content=\"Tiempo de lectura\" \/>\n\t<meta name=\"twitter:data2\" content=\"2 minutos\" \/>\n<script type=\"application\/ld+json\" class=\"yoast-schema-graph\">{\"@context\":\"https:\/\/schema.org\",\"@graph\":[{\"@type\":\"Article\",\"@id\":\"https:\/\/www.padreydecano.com\/cms\/noticias\/lo-mas-leido-de-la-semana-5\/#article\",\"isPartOf\":{\"@id\":\"https:\/\/www.padreydecano.com\/cms\/noticias\/lo-mas-leido-de-la-semana-5\/\"},\"author\":{\"name\":\"fishoa\",\"@id\":\"https:\/\/www.padreydecano.com\/cms\/#\/schema\/person\/3635109cbdf4c52c74a3de2a258ad792\"},\"headline\":\"Lo m\u00e1s le\u00eddo de la semana (5)\",\"datePublished\":\"2012-09-01T00:54:35+00:00\",\"dateModified\":\"2012-09-04T14:58:07+00:00\",\"mainEntityOfPage\":{\"@id\":\"https:\/\/www.padreydecano.com\/cms\/noticias\/lo-mas-leido-de-la-semana-5\/\"},\"wordCount\":406,\"commentCount\":1,\"publisher\":{\"@id\":\"https:\/\/www.padreydecano.com\/cms\/#organization\"},\"image\":{\"@id\":\"https:\/\/www.padreydecano.com\/cms\/noticias\/lo-mas-leido-de-la-semana-5\/#primaryimage\"},\"thumbnailUrl\":\"https:\/\/www.padreydecano.com\/cms\/wp-content\/uploads\/2012\/08\/slider.jpg\",\"articleSection\":[\"Noticias\"],\"inLanguage\":\"es\",\"potentialAction\":[{\"@type\":\"CommentAction\",\"name\":\"Comment\",\"target\":[\"https:\/\/www.padreydecano.com\/cms\/noticias\/lo-mas-leido-de-la-semana-5\/#respond\"]}]},{\"@type\":\"WebPage\",\"@id\":\"https:\/\/www.padreydecano.com\/cms\/noticias\/lo-mas-leido-de-la-semana-5\/\",\"url\":\"https:\/\/www.padreydecano.com\/cms\/noticias\/lo-mas-leido-de-la-semana-5\/\",\"name\":\"Lo m\u00e1s le\u00eddo de la semana (5) - Padre y Decano - El Sitio del Pueblo\",\"isPartOf\":{\"@id\":\"https:\/\/www.padreydecano.com\/cms\/#website\"},\"primaryImageOfPage\":{\"@id\":\"https:\/\/www.padreydecano.com\/cms\/noticias\/lo-mas-leido-de-la-semana-5\/#primaryimage\"},\"image\":{\"@id\":\"https:\/\/www.padreydecano.com\/cms\/noticias\/lo-mas-leido-de-la-semana-5\/#primaryimage\"},\"thumbnailUrl\":\"https:\/\/www.padreydecano.com\/cms\/wp-content\/uploads\/2012\/08\/slider.jpg\",\"datePublished\":\"2012-09-01T00:54:35+00:00\",\"dateModified\":\"2012-09-04T14:58:07+00:00\",\"breadcrumb\":{\"@id\":\"https:\/\/www.padreydecano.com\/cms\/noticias\/lo-mas-leido-de-la-semana-5\/#breadcrumb\"},\"inLanguage\":\"es\",\"potentialAction\":[{\"@type\":\"ReadAction\",\"target\":[\"https:\/\/www.padreydecano.com\/cms\/noticias\/lo-mas-leido-de-la-semana-5\/\"]}]},{\"@type\":\"ImageObject\",\"inLanguage\":\"es\",\"@id\":\"https:\/\/www.padreydecano.com\/cms\/noticias\/lo-mas-leido-de-la-semana-5\/#primaryimage\",\"url\":\"https:\/\/www.padreydecano.com\/cms\/wp-content\/uploads\/2012\/08\/slider.jpg\",\"contentUrl\":\"https:\/\/www.padreydecano.com\/cms\/wp-content\/uploads\/2012\/08\/slider.jpg\",\"width\":\"640\",\"height\":\"250\"},{\"@type\":\"BreadcrumbList\",\"@id\":\"https:\/\/www.padreydecano.com\/cms\/noticias\/lo-mas-leido-de-la-semana-5\/#breadcrumb\",\"itemListElement\":[{\"@type\":\"ListItem\",\"position\":1,\"name\":\"Portada\",\"item\":\"https:\/\/www.padreydecano.com\/cms\/\"},{\"@type\":\"ListItem\",\"position\":2,\"name\":\"Lo m\u00e1s le\u00eddo de la semana (5)\"}]},{\"@type\":\"WebSite\",\"@id\":\"https:\/\/www.padreydecano.com\/cms\/#website\",\"url\":\"https:\/\/www.padreydecano.com\/cms\/\",\"name\":\"Padre y Decano - El Sitio del Pueblo\",\"description\":\"Club Atl\u00e9tico Pe\u00f1arol\",\"publisher\":{\"@id\":\"https:\/\/www.padreydecano.com\/cms\/#organization\"},\"potentialAction\":[{\"@type\":\"SearchAction\",\"target\":{\"@type\":\"EntryPoint\",\"urlTemplate\":\"https:\/\/www.padreydecano.com\/cms\/?s={search_term_string}\"},\"query-input\":\"required name=search_term_string\"}],\"inLanguage\":\"es\"},{\"@type\":\"Organization\",\"@id\":\"https:\/\/www.padreydecano.com\/cms\/#organization\",\"name\":\"Padre y Decano\",\"url\":\"https:\/\/www.padreydecano.com\/cms\/\",\"logo\":{\"@type\":\"ImageObject\",\"inLanguage\":\"es\",\"@id\":\"https:\/\/www.padreydecano.com\/cms\/#\/schema\/logo\/image\/\",\"url\":\"https:\/\/www.padreydecano.com\/cms\/wp-content\/uploads\/2022\/01\/avatar-square.png\",\"contentUrl\":\"https:\/\/www.padreydecano.com\/cms\/wp-content\/uploads\/2022\/01\/avatar-square.png\",\"width\":1500,\"height\":1500,\"caption\":\"Padre y Decano\"},\"image\":{\"@id\":\"https:\/\/www.padreydecano.com\/cms\/#\/schema\/logo\/image\/\"}},{\"@type\":\"Person\",\"@id\":\"https:\/\/www.padreydecano.com\/cms\/#\/schema\/person\/3635109cbdf4c52c74a3de2a258ad792\",\"name\":\"fishoa\",\"image\":{\"@type\":\"ImageObject\",\"inLanguage\":\"es\",\"@id\":\"https:\/\/www.padreydecano.com\/cms\/#\/schema\/person\/image\/\",\"url\":\"https:\/\/secure.gravatar.com\/avatar\/b0535c8455341e0adb8cc43cd18625a2?s=96&d=https%3A%2F%2Fpadreydecano.com%2Fcms%2Fwp-content%2Fthemes%2Fpyd-theme%2Fimg%2Fdefault-avatar.png&r=g\",\"contentUrl\":\"https:\/\/secure.gravatar.com\/avatar\/b0535c8455341e0adb8cc43cd18625a2?s=96&d=https%3A%2F%2Fpadreydecano.com%2Fcms%2Fwp-content%2Fthemes%2Fpyd-theme%2Fimg%2Fdefault-avatar.png&r=g\",\"caption\":\"fishoa\"}}]}<\/script>\n<!-- \/ Yoast SEO plugin. -->","yoast_head_json":{"title":"Lo m\u00e1s le\u00eddo de la semana (5) - Padre y Decano - El Sitio del Pueblo","robots":{"index":"index","follow":"follow","max-snippet":"max-snippet:-1","max-image-preview":"max-image-preview:large","max-video-preview":"max-video-preview:-1"},"canonical":"https:\/\/www.padreydecano.com\/cms\/noticias\/lo-mas-leido-de-la-semana-5\/","og_locale":"es_ES","og_type":"article","og_title":"Lo m\u00e1s le\u00eddo de la semana (5) - Padre y Decano - El Sitio del Pueblo","og_description":"Lo m\u00e1s relevante de la semana en Padre y Decano. Art\u00edculos desde el viernes 24 de agosto hasta el jueves 30.","og_url":"https:\/\/www.padreydecano.com\/cms\/noticias\/lo-mas-leido-de-la-semana-5\/","og_site_name":"Padre y Decano - El Sitio del Pueblo","article_published_time":"2012-09-01T00:54:35+00:00","article_modified_time":"2012-09-04T14:58:07+00:00","og_image":[{"width":640,"height":250,"url":"https:\/\/www.padreydecano.com\/cms\/wp-content\/uploads\/2012\/08\/slider.jpg","type":"image\/jpeg"}],"author":"fishoa","twitter_card":"summary_large_image","twitter_misc":{"Escrito por":"fishoa","Tiempo de lectura":"2 minutos"},"schema":{"@context":"https:\/\/schema.org","@graph":[{"@type":"Article","@id":"https:\/\/www.padreydecano.com\/cms\/noticias\/lo-mas-leido-de-la-semana-5\/#article","isPartOf":{"@id":"https:\/\/www.padreydecano.com\/cms\/noticias\/lo-mas-leido-de-la-semana-5\/"},"author":{"name":"fishoa","@id":"https:\/\/www.padreydecano.com\/cms\/#\/schema\/person\/3635109cbdf4c52c74a3de2a258ad792"},"headline":"Lo m\u00e1s le\u00eddo de la semana (5)","datePublished":"2012-09-01T00:54:35+00:00","dateModified":"2012-09-04T14:58:07+00:00","mainEntityOfPage":{"@id":"https:\/\/www.padreydecano.com\/cms\/noticias\/lo-mas-leido-de-la-semana-5\/"},"wordCount":406,"commentCount":1,"publisher":{"@id":"https:\/\/www.padreydecano.com\/cms\/#organization"},"image":{"@id":"https:\/\/www.padreydecano.com\/cms\/noticias\/lo-mas-leido-de-la-semana-5\/#primaryimage"},"thumbnailUrl":"https:\/\/www.padreydecano.com\/cms\/wp-content\/uploads\/2012\/08\/slider.jpg","articleSection":["Noticias"],"inLanguage":"es","potentialAction":[{"@type":"CommentAction","name":"Comment","target":["https:\/\/www.padreydecano.com\/cms\/noticias\/lo-mas-leido-de-la-semana-5\/#respond"]}]},{"@type":"WebPage","@id":"https:\/\/www.padreydecano.com\/cms\/noticias\/lo-mas-leido-de-la-semana-5\/","url":"https:\/\/www.padreydecano.com\/cms\/noticias\/lo-mas-leido-de-la-semana-5\/","name":"Lo m\u00e1s le\u00eddo de la semana (5) - Padre y Decano - El Sitio del Pueblo","isPartOf":{"@id":"https:\/\/www.padreydecano.com\/cms\/#website"},"primaryImageOfPage":{"@id":"https:\/\/www.padreydecano.com\/cms\/noticias\/lo-mas-leido-de-la-semana-5\/#primaryimage"},"image":{"@id":"https:\/\/www.padreydecano.com\/cms\/noticias\/lo-mas-leido-de-la-semana-5\/#primaryimage"},"thumbnailUrl":"https:\/\/www.padreydecano.com\/cms\/wp-content\/uploads\/2012\/08\/slider.jpg","datePublished":"2012-09-01T00:54:35+00:00","dateModified":"2012-09-04T14:58:07+00:00","breadcrumb":{"@id":"https:\/\/www.padreydecano.com\/cms\/noticias\/lo-mas-leido-de-la-semana-5\/#breadcrumb"},"inLanguage":"es","potentialAction":[{"@type":"ReadAction","target":["https:\/\/www.padreydecano.com\/cms\/noticias\/lo-mas-leido-de-la-semana-5\/"]}]},{"@type":"ImageObject","inLanguage":"es","@id":"https:\/\/www.padreydecano.com\/cms\/noticias\/lo-mas-leido-de-la-semana-5\/#primaryimage","url":"https:\/\/www.padreydecano.com\/cms\/wp-content\/uploads\/2012\/08\/slider.jpg","contentUrl":"https:\/\/www.padreydecano.com\/cms\/wp-content\/uploads\/2012\/08\/slider.jpg","width":"640","height":"250"},{"@type":"BreadcrumbList","@id":"https:\/\/www.padreydecano.com\/cms\/noticias\/lo-mas-leido-de-la-semana-5\/#breadcrumb","itemListElement":[{"@type":"ListItem","position":1,"name":"Portada","item":"https:\/\/www.padreydecano.com\/cms\/"},{"@type":"ListItem","position":2,"name":"Lo m\u00e1s le\u00eddo de la semana (5)"}]},{"@type":"WebSite","@id":"https:\/\/www.padreydecano.com\/cms\/#website","url":"https:\/\/www.padreydecano.com\/cms\/","name":"Padre y Decano - El Sitio del Pueblo","description":"Club Atl\u00e9tico Pe\u00f1arol","publisher":{"@id":"https:\/\/www.padreydecano.com\/cms\/#organization"},"potentialAction":[{"@type":"SearchAction","target":{"@type":"EntryPoint","urlTemplate":"https:\/\/www.padreydecano.com\/cms\/?s={search_term_string}"},"query-input":"required name=search_term_string"}],"inLanguage":"es"},{"@type":"Organization","@id":"https:\/\/www.padreydecano.com\/cms\/#organization","name":"Padre y Decano","url":"https:\/\/www.padreydecano.com\/cms\/","logo":{"@type":"ImageObject","inLanguage":"es","@id":"https:\/\/www.padreydecano.com\/cms\/#\/schema\/logo\/image\/","url":"https:\/\/www.padreydecano.com\/cms\/wp-content\/uploads\/2022\/01\/avatar-square.png","contentUrl":"https:\/\/www.padreydecano.com\/cms\/wp-content\/uploads\/2022\/01\/avatar-square.png","width":1500,"height":1500,"caption":"Padre y Decano"},"image":{"@id":"https:\/\/www.padreydecano.com\/cms\/#\/schema\/logo\/image\/"}},{"@type":"Person","@id":"https:\/\/www.padreydecano.com\/cms\/#\/schema\/person\/3635109cbdf4c52c74a3de2a258ad792","name":"fishoa","image":{"@type":"ImageObject","inLanguage":"es","@id":"https:\/\/www.padreydecano.com\/cms\/#\/schema\/person\/image\/","url":"https:\/\/secure.gravatar.com\/avatar\/b0535c8455341e0adb8cc43cd18625a2?s=96&d=https%3A%2F%2Fpadreydecano.com%2Fcms%2Fwp-content%2Fthemes%2Fpyd-theme%2Fimg%2Fdefault-avatar.png&r=g","contentUrl":"https:\/\/secure.gravatar.com\/avatar\/b0535c8455341e0adb8cc43cd18625a2?s=96&d=https%3A%2F%2Fpadreydecano.com%2Fcms%2Fwp-content%2Fthemes%2Fpyd-theme%2Fimg%2Fdefault-avatar.png&r=g","caption":"fishoa"}}]}},"_links":{"self":[{"href":"https:\/\/www.padreydecano.com\/cms\/wp-json\/wp\/v2\/posts\/29295"}],"collection":[{"href":"https:\/\/www.padreydecano.com\/cms\/wp-json\/wp\/v2\/posts"}],"about":[{"href":"https:\/\/www.padreydecano.com\/cms\/wp-json\/wp\/v2\/types\/post"}],"author":[{"embeddable":true,"href":"https:\/\/www.padreydecano.com\/cms\/wp-json\/wp\/v2\/users\/1"}],"replies":[{"embeddable":true,"href":"https:\/\/www.padreydecano.com\/cms\/wp-json\/wp\/v2\/comments?post=29295"}],"version-history":[{"count":0,"href":"https:\/\/www.padreydecano.com\/cms\/wp-json\/wp\/v2\/posts\/29295\/revisions"}],"wp:featuredmedia":[{"embeddable":true,"href":"https:\/\/www.padreydecano.com\/cms\/wp-json\/wp\/v2\/media\/29311"}],"wp:attachment":[{"href":"https:\/\/www.padreydecano.com\/cms\/wp-json\/wp\/v2\/media?parent=29295"}],"wp:term":[{"taxonomy":"category","embeddable":true,"href":"https:\/\/www.padreydecano.com\/cms\/wp-json\/wp\/v2\/categories?post=29295"},{"taxonomy":"post_tag","embeddable":true,"href":"https:\/\/www.padreydecano.com\/cms\/wp-json\/wp\/v2\/tags?post=29295"}],"curies":[{"name":"wp","href":"https:\/\/api.w.org\/{rel}","templated":true}]}}