{"id":29230,"date":"2012-08-30T17:47:56","date_gmt":"2012-08-30T20:47:56","guid":{"rendered":"http:\/\/www.padreydecano.com\/cms\/?p=29230"},"modified":"2012-08-31T18:50:00","modified_gmt":"2012-08-31T21:50:00","slug":"pacheco-evoluciona-de-la-operacion","status":"publish","type":"post","link":"https:\/\/www.padreydecano.com\/cms\/noticias\/pacheco-evoluciona-de-la-operacion\/","title":{"rendered":"Pacheco evoluciona de la operaci\u00f3n"},"content":{"rendered":"<div id=\"attachment_29231\" style=\"width: 226px\" class=\"wp-caption alignright\"><img loading=\"lazy\" decoding=\"async\" aria-describedby=\"caption-attachment-29231\" class=\" wp-image-29231 \" src=\"https:\/\/www.padreydecano.com\/cms\/wp-content\/uploads\/2012\/08\/Pacheco-300x214.jpg\" alt=\"\" width=\"216\" height=\"154\" srcset=\"https:\/\/www.padreydecano.com\/cms\/wp-content\/uploads\/2012\/08\/Pacheco-300x214.jpg 300w, https:\/\/www.padreydecano.com\/cms\/wp-content\/uploads\/2012\/08\/Pacheco.jpg 700w\" sizes=\"(max-width: 216px) 100vw, 216px\" \/><p id=\"caption-attachment-29231\" class=\"wp-caption-text\">Foto: Web Oficial<\/p><\/div>\n<p style=\"text-align: justify;\">Antonio Pacheco mejora d\u00eda a d\u00eda luego de la <a href=\"https:\/\/www.padreydecano.com\/cms\/noticias\/la-operacion-del-tony-fue-un-exito\/ \" target=\"_blank\">exitosa operaci\u00f3n realizada el lunes<\/a>. El jugador sigue evolucionando. Ayer\u00a0le quitaron la f\u00e9rula sobre la pierna derecha\u00a0operada por la fractura de tibia y peron\u00e9.\u00a0Al principio se hab\u00eda manejado que le dieran el alta hoy mismo, pero no fue as\u00ed y seguramente se lo den ma\u00f1ana. Se estima que <strong>en 15 d\u00edas va a poder apoyar el pie<\/strong>.<\/p>\n<p style=\"text-align: justify;\">Las visitas han sido continuas; todo el mundo quiere estar con el \u00eddolo. Ayer estuvieron varios compa\u00f1eros del plantel principal como Olivera, Zalayeta, Macaluso y tambi\u00e9n <a href=\"https:\/\/www.padreydecano.com\/cms\/noticias\/vasquito-a-la-vista\/\" target=\"_blank\">Mat\u00edas Aguirregaray, que est\u00e1 a punto de ser compa\u00f1ero del Tony<\/a>. \u00a0Tambi\u00e9n lo visitaron algunos ex compa\u00f1eros de Wanderers.<\/p>\n<p style=\"text-align: justify;\">Desde <span style=\"color: #ffcc02;\"><strong>Padre y Decano<\/strong><\/span> <a title=\"El capit\u00e1n est\u00e1 bien\" href=\"https:\/\/www.padreydecano.com\/cms\/noticias\/el-capitan-esta-bien\/\" target=\"_blank\">volvimos a comunicarnos<\/a> con el Tony para saber c\u00f3mo se encontraba y si hab\u00eda visto algo del apoyo que estaba realizando la gente en la p\u00e1gina. Nos dijo:<strong><em>\u00a0\u201cMi se\u00f1ora estuvo con la computadora y me ha le\u00eddo\u00a0algunas cosas, la verdad que el apoyo de la gente es impresionante, esta\u00a0buen\u00edsimo\u201d<\/em><\/strong>.<\/p>\n","protected":false},"excerpt":{"rendered":"<p>Antonio Pacheco mejora d\u00eda a d\u00eda luego de la exitosa operaci\u00f3n realizada el lunes. El jugador sigue evolucionando. Ayer\u00a0le quitaron la f\u00e9rula sobre la pierna derecha\u00a0operada por la fractura de tibia y peron\u00e9.\u00a0Al principio se hab\u00eda manejado que le dieran el alta hoy mismo, pero no fue as\u00ed y seguramente se lo den ma\u00f1ana. Se [&hellip;]<\/p>\n","protected":false},"author":2,"featured_media":29248,"comment_status":"open","ping_status":"closed","sticky":false,"template":"","format":"standard","meta":{"footnotes":""},"categories":[1],"tags":[],"yoast_head":"<!-- This site is optimized with the Yoast SEO plugin v23.2 - https:\/\/yoast.com\/wordpress\/plugins\/seo\/ -->\n<title>Pacheco evoluciona de la operaci\u00f3n - Padre y Decano - El Sitio del Pueblo<\/title>\n<meta name=\"robots\" content=\"index, follow, max-snippet:-1, max-image-preview:large, max-video-preview:-1\" \/>\n<link rel=\"canonical\" href=\"https:\/\/www.padreydecano.com\/cms\/noticias\/pacheco-evoluciona-de-la-operacion\/\" \/>\n<meta property=\"og:locale\" content=\"es_ES\" \/>\n<meta property=\"og:type\" content=\"article\" \/>\n<meta property=\"og:title\" content=\"Pacheco evoluciona de la operaci\u00f3n - Padre y Decano - El Sitio del Pueblo\" \/>\n<meta property=\"og:description\" content=\"Antonio Pacheco mejora d\u00eda a d\u00eda luego de la exitosa operaci\u00f3n realizada el lunes. El jugador sigue evolucionando. Ayer\u00a0le quitaron la f\u00e9rula sobre la pierna derecha\u00a0operada por la fractura de tibia y peron\u00e9.\u00a0Al principio se hab\u00eda manejado que le dieran el alta hoy mismo, pero no fue as\u00ed y seguramente se lo den ma\u00f1ana. Se [&hellip;]\" \/>\n<meta property=\"og:url\" content=\"https:\/\/www.padreydecano.com\/cms\/noticias\/pacheco-evoluciona-de-la-operacion\/\" \/>\n<meta property=\"og:site_name\" content=\"Padre y Decano - El Sitio del Pueblo\" \/>\n<meta property=\"article:published_time\" content=\"2012-08-30T20:47:56+00:00\" \/>\n<meta property=\"article:modified_time\" content=\"2012-08-31T21:50:00+00:00\" \/>\n<meta property=\"og:image\" content=\"https:\/\/www.padreydecano.com\/cms\/wp-content\/uploads\/2012\/08\/pacheco.tony_.hospital.slider.jpg\" \/>\n\t<meta property=\"og:image:width\" content=\"646\" \/>\n\t<meta property=\"og:image:height\" content=\"259\" \/>\n\t<meta property=\"og:image:type\" content=\"image\/jpeg\" \/>\n<meta name=\"author\" content=\"Gonzalo16\" \/>\n<meta name=\"twitter:card\" content=\"summary_large_image\" \/>\n<meta name=\"twitter:label1\" content=\"Escrito por\" \/>\n\t<meta name=\"twitter:data1\" content=\"Gonzalo16\" \/>\n\t<meta name=\"twitter:label2\" content=\"Tiempo de lectura\" \/>\n\t<meta name=\"twitter:data2\" content=\"1 minuto\" \/>\n<script type=\"application\/ld+json\" class=\"yoast-schema-graph\">{\"@context\":\"https:\/\/schema.org\",\"@graph\":[{\"@type\":\"Article\",\"@id\":\"https:\/\/www.padreydecano.com\/cms\/noticias\/pacheco-evoluciona-de-la-operacion\/#article\",\"isPartOf\":{\"@id\":\"https:\/\/www.padreydecano.com\/cms\/noticias\/pacheco-evoluciona-de-la-operacion\/\"},\"author\":{\"name\":\"Gonzalo16\",\"@id\":\"https:\/\/www.padreydecano.com\/cms\/#\/schema\/person\/7fe41e3e335700ebd387196df2f9a8d4\"},\"headline\":\"Pacheco evoluciona de la operaci\u00f3n\",\"datePublished\":\"2012-08-30T20:47:56+00:00\",\"dateModified\":\"2012-08-31T21:50:00+00:00\",\"mainEntityOfPage\":{\"@id\":\"https:\/\/www.padreydecano.com\/cms\/noticias\/pacheco-evoluciona-de-la-operacion\/\"},\"wordCount\":204,\"commentCount\":5,\"publisher\":{\"@id\":\"https:\/\/www.padreydecano.com\/cms\/#organization\"},\"image\":{\"@id\":\"https:\/\/www.padreydecano.com\/cms\/noticias\/pacheco-evoluciona-de-la-operacion\/#primaryimage\"},\"thumbnailUrl\":\"https:\/\/www.padreydecano.com\/cms\/wp-content\/uploads\/2012\/08\/pacheco.tony_.hospital.slider.jpg\",\"articleSection\":[\"Noticias\"],\"inLanguage\":\"es\",\"potentialAction\":[{\"@type\":\"CommentAction\",\"name\":\"Comment\",\"target\":[\"https:\/\/www.padreydecano.com\/cms\/noticias\/pacheco-evoluciona-de-la-operacion\/#respond\"]}]},{\"@type\":\"WebPage\",\"@id\":\"https:\/\/www.padreydecano.com\/cms\/noticias\/pacheco-evoluciona-de-la-operacion\/\",\"url\":\"https:\/\/www.padreydecano.com\/cms\/noticias\/pacheco-evoluciona-de-la-operacion\/\",\"name\":\"Pacheco evoluciona de la operaci\u00f3n - Padre y Decano - El Sitio del Pueblo\",\"isPartOf\":{\"@id\":\"https:\/\/www.padreydecano.com\/cms\/#website\"},\"primaryImageOfPage\":{\"@id\":\"https:\/\/www.padreydecano.com\/cms\/noticias\/pacheco-evoluciona-de-la-operacion\/#primaryimage\"},\"image\":{\"@id\":\"https:\/\/www.padreydecano.com\/cms\/noticias\/pacheco-evoluciona-de-la-operacion\/#primaryimage\"},\"thumbnailUrl\":\"https:\/\/www.padreydecano.com\/cms\/wp-content\/uploads\/2012\/08\/pacheco.tony_.hospital.slider.jpg\",\"datePublished\":\"2012-08-30T20:47:56+00:00\",\"dateModified\":\"2012-08-31T21:50:00+00:00\",\"breadcrumb\":{\"@id\":\"https:\/\/www.padreydecano.com\/cms\/noticias\/pacheco-evoluciona-de-la-operacion\/#breadcrumb\"},\"inLanguage\":\"es\",\"potentialAction\":[{\"@type\":\"ReadAction\",\"target\":[\"https:\/\/www.padreydecano.com\/cms\/noticias\/pacheco-evoluciona-de-la-operacion\/\"]}]},{\"@type\":\"ImageObject\",\"inLanguage\":\"es\",\"@id\":\"https:\/\/www.padreydecano.com\/cms\/noticias\/pacheco-evoluciona-de-la-operacion\/#primaryimage\",\"url\":\"https:\/\/www.padreydecano.com\/cms\/wp-content\/uploads\/2012\/08\/pacheco.tony_.hospital.slider.jpg\",\"contentUrl\":\"https:\/\/www.padreydecano.com\/cms\/wp-content\/uploads\/2012\/08\/pacheco.tony_.hospital.slider.jpg\",\"width\":\"646\",\"height\":\"259\"},{\"@type\":\"BreadcrumbList\",\"@id\":\"https:\/\/www.padreydecano.com\/cms\/noticias\/pacheco-evoluciona-de-la-operacion\/#breadcrumb\",\"itemListElement\":[{\"@type\":\"ListItem\",\"position\":1,\"name\":\"Portada\",\"item\":\"https:\/\/www.padreydecano.com\/cms\/\"},{\"@type\":\"ListItem\",\"position\":2,\"name\":\"Pacheco evoluciona de la operaci\u00f3n\"}]},{\"@type\":\"WebSite\",\"@id\":\"https:\/\/www.padreydecano.com\/cms\/#website\",\"url\":\"https:\/\/www.padreydecano.com\/cms\/\",\"name\":\"Padre y Decano - El Sitio del Pueblo\",\"description\":\"Club Atl\u00e9tico Pe\u00f1arol\",\"publisher\":{\"@id\":\"https:\/\/www.padreydecano.com\/cms\/#organization\"},\"potentialAction\":[{\"@type\":\"SearchAction\",\"target\":{\"@type\":\"EntryPoint\",\"urlTemplate\":\"https:\/\/www.padreydecano.com\/cms\/?s={search_term_string}\"},\"query-input\":\"required name=search_term_string\"}],\"inLanguage\":\"es\"},{\"@type\":\"Organization\",\"@id\":\"https:\/\/www.padreydecano.com\/cms\/#organization\",\"name\":\"Padre y Decano\",\"url\":\"https:\/\/www.padreydecano.com\/cms\/\",\"logo\":{\"@type\":\"ImageObject\",\"inLanguage\":\"es\",\"@id\":\"https:\/\/www.padreydecano.com\/cms\/#\/schema\/logo\/image\/\",\"url\":\"https:\/\/www.padreydecano.com\/cms\/wp-content\/uploads\/2022\/01\/avatar-square.png\",\"contentUrl\":\"https:\/\/www.padreydecano.com\/cms\/wp-content\/uploads\/2022\/01\/avatar-square.png\",\"width\":1500,\"height\":1500,\"caption\":\"Padre y Decano\"},\"image\":{\"@id\":\"https:\/\/www.padreydecano.com\/cms\/#\/schema\/logo\/image\/\"}},{\"@type\":\"Person\",\"@id\":\"https:\/\/www.padreydecano.com\/cms\/#\/schema\/person\/7fe41e3e335700ebd387196df2f9a8d4\",\"name\":\"Gonzalo16\",\"image\":{\"@type\":\"ImageObject\",\"inLanguage\":\"es\",\"@id\":\"https:\/\/www.padreydecano.com\/cms\/#\/schema\/person\/image\/\",\"url\":\"https:\/\/secure.gravatar.com\/avatar\/4d5cdd49803a2313c01f77e3dfc05d81?s=96&d=https%3A%2F%2Fpadreydecano.com%2Fcms%2Fwp-content%2Fthemes%2Fpyd-theme%2Fimg%2Fdefault-avatar.png&r=g\",\"contentUrl\":\"https:\/\/secure.gravatar.com\/avatar\/4d5cdd49803a2313c01f77e3dfc05d81?s=96&d=https%3A%2F%2Fpadreydecano.com%2Fcms%2Fwp-content%2Fthemes%2Fpyd-theme%2Fimg%2Fdefault-avatar.png&r=g\",\"caption\":\"Gonzalo16\"}}]}<\/script>\n<!-- \/ Yoast SEO plugin. -->","yoast_head_json":{"title":"Pacheco evoluciona de la operaci\u00f3n - Padre y Decano - El Sitio del Pueblo","robots":{"index":"index","follow":"follow","max-snippet":"max-snippet:-1","max-image-preview":"max-image-preview:large","max-video-preview":"max-video-preview:-1"},"canonical":"https:\/\/www.padreydecano.com\/cms\/noticias\/pacheco-evoluciona-de-la-operacion\/","og_locale":"es_ES","og_type":"article","og_title":"Pacheco evoluciona de la operaci\u00f3n - Padre y Decano - El Sitio del Pueblo","og_description":"Antonio Pacheco mejora d\u00eda a d\u00eda luego de la exitosa operaci\u00f3n realizada el lunes. El jugador sigue evolucionando. Ayer\u00a0le quitaron la f\u00e9rula sobre la pierna derecha\u00a0operada por la fractura de tibia y peron\u00e9.\u00a0Al principio se hab\u00eda manejado que le dieran el alta hoy mismo, pero no fue as\u00ed y seguramente se lo den ma\u00f1ana. Se [&hellip;]","og_url":"https:\/\/www.padreydecano.com\/cms\/noticias\/pacheco-evoluciona-de-la-operacion\/","og_site_name":"Padre y Decano - El Sitio del Pueblo","article_published_time":"2012-08-30T20:47:56+00:00","article_modified_time":"2012-08-31T21:50:00+00:00","og_image":[{"width":646,"height":259,"url":"https:\/\/www.padreydecano.com\/cms\/wp-content\/uploads\/2012\/08\/pacheco.tony_.hospital.slider.jpg","type":"image\/jpeg"}],"author":"Gonzalo16","twitter_card":"summary_large_image","twitter_misc":{"Escrito por":"Gonzalo16","Tiempo de lectura":"1 minuto"},"schema":{"@context":"https:\/\/schema.org","@graph":[{"@type":"Article","@id":"https:\/\/www.padreydecano.com\/cms\/noticias\/pacheco-evoluciona-de-la-operacion\/#article","isPartOf":{"@id":"https:\/\/www.padreydecano.com\/cms\/noticias\/pacheco-evoluciona-de-la-operacion\/"},"author":{"name":"Gonzalo16","@id":"https:\/\/www.padreydecano.com\/cms\/#\/schema\/person\/7fe41e3e335700ebd387196df2f9a8d4"},"headline":"Pacheco evoluciona de la operaci\u00f3n","datePublished":"2012-08-30T20:47:56+00:00","dateModified":"2012-08-31T21:50:00+00:00","mainEntityOfPage":{"@id":"https:\/\/www.padreydecano.com\/cms\/noticias\/pacheco-evoluciona-de-la-operacion\/"},"wordCount":204,"commentCount":5,"publisher":{"@id":"https:\/\/www.padreydecano.com\/cms\/#organization"},"image":{"@id":"https:\/\/www.padreydecano.com\/cms\/noticias\/pacheco-evoluciona-de-la-operacion\/#primaryimage"},"thumbnailUrl":"https:\/\/www.padreydecano.com\/cms\/wp-content\/uploads\/2012\/08\/pacheco.tony_.hospital.slider.jpg","articleSection":["Noticias"],"inLanguage":"es","potentialAction":[{"@type":"CommentAction","name":"Comment","target":["https:\/\/www.padreydecano.com\/cms\/noticias\/pacheco-evoluciona-de-la-operacion\/#respond"]}]},{"@type":"WebPage","@id":"https:\/\/www.padreydecano.com\/cms\/noticias\/pacheco-evoluciona-de-la-operacion\/","url":"https:\/\/www.padreydecano.com\/cms\/noticias\/pacheco-evoluciona-de-la-operacion\/","name":"Pacheco evoluciona de la operaci\u00f3n - Padre y Decano - El Sitio del Pueblo","isPartOf":{"@id":"https:\/\/www.padreydecano.com\/cms\/#website"},"primaryImageOfPage":{"@id":"https:\/\/www.padreydecano.com\/cms\/noticias\/pacheco-evoluciona-de-la-operacion\/#primaryimage"},"image":{"@id":"https:\/\/www.padreydecano.com\/cms\/noticias\/pacheco-evoluciona-de-la-operacion\/#primaryimage"},"thumbnailUrl":"https:\/\/www.padreydecano.com\/cms\/wp-content\/uploads\/2012\/08\/pacheco.tony_.hospital.slider.jpg","datePublished":"2012-08-30T20:47:56+00:00","dateModified":"2012-08-31T21:50:00+00:00","breadcrumb":{"@id":"https:\/\/www.padreydecano.com\/cms\/noticias\/pacheco-evoluciona-de-la-operacion\/#breadcrumb"},"inLanguage":"es","potentialAction":[{"@type":"ReadAction","target":["https:\/\/www.padreydecano.com\/cms\/noticias\/pacheco-evoluciona-de-la-operacion\/"]}]},{"@type":"ImageObject","inLanguage":"es","@id":"https:\/\/www.padreydecano.com\/cms\/noticias\/pacheco-evoluciona-de-la-operacion\/#primaryimage","url":"https:\/\/www.padreydecano.com\/cms\/wp-content\/uploads\/2012\/08\/pacheco.tony_.hospital.slider.jpg","contentUrl":"https:\/\/www.padreydecano.com\/cms\/wp-content\/uploads\/2012\/08\/pacheco.tony_.hospital.slider.jpg","width":"646","height":"259"},{"@type":"BreadcrumbList","@id":"https:\/\/www.padreydecano.com\/cms\/noticias\/pacheco-evoluciona-de-la-operacion\/#breadcrumb","itemListElement":[{"@type":"ListItem","position":1,"name":"Portada","item":"https:\/\/www.padreydecano.com\/cms\/"},{"@type":"ListItem","position":2,"name":"Pacheco evoluciona de la operaci\u00f3n"}]},{"@type":"WebSite","@id":"https:\/\/www.padreydecano.com\/cms\/#website","url":"https:\/\/www.padreydecano.com\/cms\/","name":"Padre y Decano - El Sitio del Pueblo","description":"Club Atl\u00e9tico Pe\u00f1arol","publisher":{"@id":"https:\/\/www.padreydecano.com\/cms\/#organization"},"potentialAction":[{"@type":"SearchAction","target":{"@type":"EntryPoint","urlTemplate":"https:\/\/www.padreydecano.com\/cms\/?s={search_term_string}"},"query-input":"required name=search_term_string"}],"inLanguage":"es"},{"@type":"Organization","@id":"https:\/\/www.padreydecano.com\/cms\/#organization","name":"Padre y Decano","url":"https:\/\/www.padreydecano.com\/cms\/","logo":{"@type":"ImageObject","inLanguage":"es","@id":"https:\/\/www.padreydecano.com\/cms\/#\/schema\/logo\/image\/","url":"https:\/\/www.padreydecano.com\/cms\/wp-content\/uploads\/2022\/01\/avatar-square.png","contentUrl":"https:\/\/www.padreydecano.com\/cms\/wp-content\/uploads\/2022\/01\/avatar-square.png","width":1500,"height":1500,"caption":"Padre y Decano"},"image":{"@id":"https:\/\/www.padreydecano.com\/cms\/#\/schema\/logo\/image\/"}},{"@type":"Person","@id":"https:\/\/www.padreydecano.com\/cms\/#\/schema\/person\/7fe41e3e335700ebd387196df2f9a8d4","name":"Gonzalo16","image":{"@type":"ImageObject","inLanguage":"es","@id":"https:\/\/www.padreydecano.com\/cms\/#\/schema\/person\/image\/","url":"https:\/\/secure.gravatar.com\/avatar\/4d5cdd49803a2313c01f77e3dfc05d81?s=96&d=https%3A%2F%2Fpadreydecano.com%2Fcms%2Fwp-content%2Fthemes%2Fpyd-theme%2Fimg%2Fdefault-avatar.png&r=g","contentUrl":"https:\/\/secure.gravatar.com\/avatar\/4d5cdd49803a2313c01f77e3dfc05d81?s=96&d=https%3A%2F%2Fpadreydecano.com%2Fcms%2Fwp-content%2Fthemes%2Fpyd-theme%2Fimg%2Fdefault-avatar.png&r=g","caption":"Gonzalo16"}}]}},"_links":{"self":[{"href":"https:\/\/www.padreydecano.com\/cms\/wp-json\/wp\/v2\/posts\/29230"}],"collection":[{"href":"https:\/\/www.padreydecano.com\/cms\/wp-json\/wp\/v2\/posts"}],"about":[{"href":"https:\/\/www.padreydecano.com\/cms\/wp-json\/wp\/v2\/types\/post"}],"author":[{"embeddable":true,"href":"https:\/\/www.padreydecano.com\/cms\/wp-json\/wp\/v2\/users\/2"}],"replies":[{"embeddable":true,"href":"https:\/\/www.padreydecano.com\/cms\/wp-json\/wp\/v2\/comments?post=29230"}],"version-history":[{"count":0,"href":"https:\/\/www.padreydecano.com\/cms\/wp-json\/wp\/v2\/posts\/29230\/revisions"}],"wp:featuredmedia":[{"embeddable":true,"href":"https:\/\/www.padreydecano.com\/cms\/wp-json\/wp\/v2\/media\/29248"}],"wp:attachment":[{"href":"https:\/\/www.padreydecano.com\/cms\/wp-json\/wp\/v2\/media?parent=29230"}],"wp:term":[{"taxonomy":"category","embeddable":true,"href":"https:\/\/www.padreydecano.com\/cms\/wp-json\/wp\/v2\/categories?post=29230"},{"taxonomy":"post_tag","embeddable":true,"href":"https:\/\/www.padreydecano.com\/cms\/wp-json\/wp\/v2\/tags?post=29230"}],"curies":[{"name":"wp","href":"https:\/\/api.w.org\/{rel}","templated":true}]}}