{"id":29226,"date":"2012-08-30T15:00:49","date_gmt":"2012-08-30T18:00:49","guid":{"rendered":"http:\/\/www.padreydecano.com\/cms\/?p=29226"},"modified":"2012-08-30T21:27:17","modified_gmt":"2012-08-31T00:27:17","slug":"para-los-hinchas-tambien-fue-una-desgracia","status":"publish","type":"post","link":"https:\/\/www.padreydecano.com\/cms\/encuestas\/para-los-hinchas-tambien-fue-una-desgracia\/","title":{"rendered":"Para los hinchas tambi\u00e9n fue una desgracia"},"content":{"rendered":"<p style=\"text-align: justify;\"><img loading=\"lazy\" decoding=\"async\" class=\" wp-image-29227 alignright\" src=\"https:\/\/www.padreydecano.com\/cms\/wp-content\/uploads\/2012\/08\/tony-quebrado-conmarca-225x300.jpg\" alt=\"\" width=\"206\" height=\"275\" srcset=\"https:\/\/www.padreydecano.com\/cms\/wp-content\/uploads\/2012\/08\/tony-quebrado-conmarca-225x300.jpg 225w, https:\/\/www.padreydecano.com\/cms\/wp-content\/uploads\/2012\/08\/tony-quebrado-conmarca.jpg 450w\" sizes=\"(max-width: 206px) 100vw, 206px\" \/>Se cerr\u00f3 una nueva encuesta de <strong><span style=\"color: #ffcc02;\">Padre y Decano<\/span><\/strong> que consultaba a los hinchas sobre la fractura de <a href=\"https:\/\/www.padreydecano.com\/cms\/idolos\/antonio-pacheco\/\" target=\"_blank\">Antonio Pacheco<\/a>. Este era un tema que daba para debate ya que dividi\u00f3 a los hinchas en la opini\u00f3n porque fue una jugada muy r\u00e1pida. Uno de los columnistas de la web <a href=\"https:\/\/www.padreydecano.com\/cms\/columnas\/lesion-de-pacheco-en-forma-leal\/\" target=\"_blank\">expuso su opini\u00f3n personal sobre la jugada<\/a> y se arm\u00f3 el debate.<\/p>\n<p style=\"text-align: justify;\">Por eso se realiz\u00f3 esta encuesta para conocer la opini\u00f3n en general de los hinchas. La misma dec\u00eda:\u00a0<strong>\u00bfC\u00f3mo viste la jugada de la fractura de Pacheco?. Las opciones eran:<\/strong><\/p>\n<ul style=\"text-align: justify;\">\n<li><strong>Fue una desgracia<\/strong><\/li>\n<li><strong>Se pudo haber evitado<\/strong><\/li>\n<li><strong>Fue con mala intenci\u00f3n<\/strong><\/li>\n<\/ul>\n<p style=\"text-align: justify;\"><strong>El total de votantes fue de 1.213, de los cuales el 51 % (619 votos) piensan que \u201cfue una desgracia\u201d<\/strong>. En segundo lugar qued\u00f3 la opci\u00f3n \u201cse pudo haber evitado\u201d con el 31 % (378 votos) \u00a0y en la \u00faltima posici\u00f3n la opci\u00f3n \u201cfue con mala intenci\u00f3n\u201d con el 18 % (217 votos).<\/p>\n<p style=\"text-align: justify;\">Sin dudas fue una votaci\u00f3n muy pareja, ya que si uno lo mira desde el punto de vista de que las opciones \u201cse pudo haber evitado\u201d y \u201cfue con mala intenci\u00f3n\u201d son una negaci\u00f3n de \u201cfue una desgracia\u201d, y sumamos los votos (31% + 18%), entonces podemos ver que <strong>el 49 % (595 votos) de los votantes creen que no fue una desgracia<\/strong>.<\/p>\n<p style=\"text-align: justify;\">Para los protagonistas de la jugada tambi\u00e9n fue una desgracia. El jugador Eric Davies fue a disculparse con <a href=\"https:\/\/www.padreydecano.com\/cms\/idolos\/antonio-pacheco\/\" target=\"_blank\">Antonio Pacheco<\/a> al Hospital Brit\u00e1nico. El \u201cTony\u201d le respondi\u00f3: <em><strong>\u201cEsto es f\u00fatbol, usted no se preocupe, cuando uno entra a una cancha est\u00e1 expuesto. Siga para adelante\u201d.<\/strong><\/em> <strong>Esta es otra muestra de grandeza del capit\u00e1n carbonero.<\/strong><\/p>\n<div align=\"center\"><div id=\"polls-16\" class=\"wp-polls\">\n\t\t<p style=\"text-align: center; margin-bottom:10px;\"><strong>\u00bfC\u00f3mo viste la jugada de la fractura de Pacheco?<\/strong><\/p><div id=\"polls-16-ans\" class=\"wp-polls-ans\"><ul class=\"wp-polls-ul\">\n\t\t<li>Fue una desgracia <small>(52%, 630 votos)<\/small><div class=\"pollbar\" style=\"width: 52%;\" title=\"Fue una desgracia (52% | 630 votos)\"><\/div><\/li>\n\t\t<li>Se pudo haber evitado <small>(32%, 384 votos)<\/small><div class=\"pollbar\" style=\"width: 32%;\" title=\"Se pudo haber evitado (32% | 384 votos)\"><\/div><\/li>\n\t\t<li>Fue con mala intenci\u00f3n <small>(18%, 218 votos)<\/small><div class=\"pollbar\" style=\"width: 18%;\" title=\"Fue con mala intenci\u00f3n (18% | 218 votos)\"><\/div><\/li>\n\t\t<\/ul><p style=\"text-align: center;\">Total de votantes: <strong>1.213<\/strong><\/p><\/div>\n\t\t<input type=\"hidden\" id=\"poll_16_nonce\" name=\"wp-polls-nonce\" value=\"128c5cacb0\" \/>\n<\/div>\n<\/div>\n","protected":false},"excerpt":{"rendered":"<p>Se cerr\u00f3 una nueva encuesta de Padre y Decano que consultaba a los hinchas sobre la fractura de Antonio Pacheco. Este era un tema que daba para debate ya que dividi\u00f3 a los hinchas en la opini\u00f3n porque fue una jugada muy r\u00e1pida. Uno de los columnistas de la web expuso su opini\u00f3n personal sobre [&hellip;]<\/p>\n","protected":false},"author":2,"featured_media":29228,"comment_status":"open","ping_status":"closed","sticky":false,"template":"","format":"standard","meta":{"footnotes":""},"categories":[74],"tags":[],"yoast_head":"<!-- This site is optimized with the Yoast SEO plugin v23.2 - https:\/\/yoast.com\/wordpress\/plugins\/seo\/ -->\n<title>Para los hinchas tambi\u00e9n fue una desgracia  - Padre y Decano - El Sitio del Pueblo<\/title>\n<meta name=\"robots\" content=\"index, follow, max-snippet:-1, max-image-preview:large, max-video-preview:-1\" \/>\n<link rel=\"canonical\" href=\"https:\/\/www.padreydecano.com\/cms\/encuestas\/para-los-hinchas-tambien-fue-una-desgracia\/\" \/>\n<meta property=\"og:locale\" content=\"es_ES\" \/>\n<meta property=\"og:type\" content=\"article\" \/>\n<meta property=\"og:title\" content=\"Para los hinchas tambi\u00e9n fue una desgracia  - Padre y Decano - El Sitio del Pueblo\" \/>\n<meta property=\"og:description\" content=\"Se cerr\u00f3 una nueva encuesta de Padre y Decano que consultaba a los hinchas sobre la fractura de Antonio Pacheco. Este era un tema que daba para debate ya que dividi\u00f3 a los hinchas en la opini\u00f3n porque fue una jugada muy r\u00e1pida. Uno de los columnistas de la web expuso su opini\u00f3n personal sobre [&hellip;]\" \/>\n<meta property=\"og:url\" content=\"https:\/\/www.padreydecano.com\/cms\/encuestas\/para-los-hinchas-tambien-fue-una-desgracia\/\" \/>\n<meta property=\"og:site_name\" content=\"Padre y Decano - El Sitio del Pueblo\" \/>\n<meta property=\"article:published_time\" content=\"2012-08-30T18:00:49+00:00\" \/>\n<meta property=\"article:modified_time\" content=\"2012-08-31T00:27:17+00:00\" \/>\n<meta property=\"og:image\" content=\"https:\/\/www.padreydecano.com\/cms\/wp-content\/uploads\/2012\/08\/tony-quebrado-destacada.jpg\" \/>\n\t<meta property=\"og:image:width\" content=\"599\" \/>\n\t<meta property=\"og:image:height\" content=\"446\" \/>\n\t<meta property=\"og:image:type\" content=\"image\/jpeg\" \/>\n<meta name=\"author\" content=\"Gonzalo16\" \/>\n<meta name=\"twitter:card\" content=\"summary_large_image\" \/>\n<meta name=\"twitter:label1\" content=\"Escrito por\" \/>\n\t<meta name=\"twitter:data1\" content=\"Gonzalo16\" \/>\n\t<meta name=\"twitter:label2\" content=\"Tiempo de lectura\" \/>\n\t<meta name=\"twitter:data2\" content=\"1 minuto\" \/>\n<script type=\"application\/ld+json\" class=\"yoast-schema-graph\">{\"@context\":\"https:\/\/schema.org\",\"@graph\":[{\"@type\":\"Article\",\"@id\":\"https:\/\/www.padreydecano.com\/cms\/encuestas\/para-los-hinchas-tambien-fue-una-desgracia\/#article\",\"isPartOf\":{\"@id\":\"https:\/\/www.padreydecano.com\/cms\/encuestas\/para-los-hinchas-tambien-fue-una-desgracia\/\"},\"author\":{\"name\":\"Gonzalo16\",\"@id\":\"https:\/\/www.padreydecano.com\/cms\/#\/schema\/person\/7fe41e3e335700ebd387196df2f9a8d4\"},\"headline\":\"Para los hinchas tambi\u00e9n fue una desgracia\",\"datePublished\":\"2012-08-30T18:00:49+00:00\",\"dateModified\":\"2012-08-31T00:27:17+00:00\",\"mainEntityOfPage\":{\"@id\":\"https:\/\/www.padreydecano.com\/cms\/encuestas\/para-los-hinchas-tambien-fue-una-desgracia\/\"},\"wordCount\":285,\"commentCount\":5,\"publisher\":{\"@id\":\"https:\/\/www.padreydecano.com\/cms\/#organization\"},\"image\":{\"@id\":\"https:\/\/www.padreydecano.com\/cms\/encuestas\/para-los-hinchas-tambien-fue-una-desgracia\/#primaryimage\"},\"thumbnailUrl\":\"https:\/\/www.padreydecano.com\/cms\/wp-content\/uploads\/2012\/08\/tony-quebrado-destacada.jpg\",\"articleSection\":[\"Encuestas\"],\"inLanguage\":\"es\",\"potentialAction\":[{\"@type\":\"CommentAction\",\"name\":\"Comment\",\"target\":[\"https:\/\/www.padreydecano.com\/cms\/encuestas\/para-los-hinchas-tambien-fue-una-desgracia\/#respond\"]}]},{\"@type\":\"WebPage\",\"@id\":\"https:\/\/www.padreydecano.com\/cms\/encuestas\/para-los-hinchas-tambien-fue-una-desgracia\/\",\"url\":\"https:\/\/www.padreydecano.com\/cms\/encuestas\/para-los-hinchas-tambien-fue-una-desgracia\/\",\"name\":\"Para los hinchas tambi\u00e9n fue una desgracia - Padre y Decano - El Sitio del Pueblo\",\"isPartOf\":{\"@id\":\"https:\/\/www.padreydecano.com\/cms\/#website\"},\"primaryImageOfPage\":{\"@id\":\"https:\/\/www.padreydecano.com\/cms\/encuestas\/para-los-hinchas-tambien-fue-una-desgracia\/#primaryimage\"},\"image\":{\"@id\":\"https:\/\/www.padreydecano.com\/cms\/encuestas\/para-los-hinchas-tambien-fue-una-desgracia\/#primaryimage\"},\"thumbnailUrl\":\"https:\/\/www.padreydecano.com\/cms\/wp-content\/uploads\/2012\/08\/tony-quebrado-destacada.jpg\",\"datePublished\":\"2012-08-30T18:00:49+00:00\",\"dateModified\":\"2012-08-31T00:27:17+00:00\",\"breadcrumb\":{\"@id\":\"https:\/\/www.padreydecano.com\/cms\/encuestas\/para-los-hinchas-tambien-fue-una-desgracia\/#breadcrumb\"},\"inLanguage\":\"es\",\"potentialAction\":[{\"@type\":\"ReadAction\",\"target\":[\"https:\/\/www.padreydecano.com\/cms\/encuestas\/para-los-hinchas-tambien-fue-una-desgracia\/\"]}]},{\"@type\":\"ImageObject\",\"inLanguage\":\"es\",\"@id\":\"https:\/\/www.padreydecano.com\/cms\/encuestas\/para-los-hinchas-tambien-fue-una-desgracia\/#primaryimage\",\"url\":\"https:\/\/www.padreydecano.com\/cms\/wp-content\/uploads\/2012\/08\/tony-quebrado-destacada.jpg\",\"contentUrl\":\"https:\/\/www.padreydecano.com\/cms\/wp-content\/uploads\/2012\/08\/tony-quebrado-destacada.jpg\",\"width\":\"599\",\"height\":\"446\"},{\"@type\":\"BreadcrumbList\",\"@id\":\"https:\/\/www.padreydecano.com\/cms\/encuestas\/para-los-hinchas-tambien-fue-una-desgracia\/#breadcrumb\",\"itemListElement\":[{\"@type\":\"ListItem\",\"position\":1,\"name\":\"Portada\",\"item\":\"https:\/\/www.padreydecano.com\/cms\/\"},{\"@type\":\"ListItem\",\"position\":2,\"name\":\"Para los hinchas tambi\u00e9n fue una desgracia\"}]},{\"@type\":\"WebSite\",\"@id\":\"https:\/\/www.padreydecano.com\/cms\/#website\",\"url\":\"https:\/\/www.padreydecano.com\/cms\/\",\"name\":\"Padre y Decano - El Sitio del Pueblo\",\"description\":\"Club Atl\u00e9tico Pe\u00f1arol\",\"publisher\":{\"@id\":\"https:\/\/www.padreydecano.com\/cms\/#organization\"},\"potentialAction\":[{\"@type\":\"SearchAction\",\"target\":{\"@type\":\"EntryPoint\",\"urlTemplate\":\"https:\/\/www.padreydecano.com\/cms\/?s={search_term_string}\"},\"query-input\":\"required name=search_term_string\"}],\"inLanguage\":\"es\"},{\"@type\":\"Organization\",\"@id\":\"https:\/\/www.padreydecano.com\/cms\/#organization\",\"name\":\"Padre y Decano\",\"url\":\"https:\/\/www.padreydecano.com\/cms\/\",\"logo\":{\"@type\":\"ImageObject\",\"inLanguage\":\"es\",\"@id\":\"https:\/\/www.padreydecano.com\/cms\/#\/schema\/logo\/image\/\",\"url\":\"https:\/\/www.padreydecano.com\/cms\/wp-content\/uploads\/2022\/01\/avatar-square.png\",\"contentUrl\":\"https:\/\/www.padreydecano.com\/cms\/wp-content\/uploads\/2022\/01\/avatar-square.png\",\"width\":1500,\"height\":1500,\"caption\":\"Padre y Decano\"},\"image\":{\"@id\":\"https:\/\/www.padreydecano.com\/cms\/#\/schema\/logo\/image\/\"}},{\"@type\":\"Person\",\"@id\":\"https:\/\/www.padreydecano.com\/cms\/#\/schema\/person\/7fe41e3e335700ebd387196df2f9a8d4\",\"name\":\"Gonzalo16\",\"image\":{\"@type\":\"ImageObject\",\"inLanguage\":\"es\",\"@id\":\"https:\/\/www.padreydecano.com\/cms\/#\/schema\/person\/image\/\",\"url\":\"https:\/\/secure.gravatar.com\/avatar\/4d5cdd49803a2313c01f77e3dfc05d81?s=96&d=https%3A%2F%2Fpadreydecano.com%2Fcms%2Fwp-content%2Fthemes%2Fpyd-theme%2Fimg%2Fdefault-avatar.png&r=g\",\"contentUrl\":\"https:\/\/secure.gravatar.com\/avatar\/4d5cdd49803a2313c01f77e3dfc05d81?s=96&d=https%3A%2F%2Fpadreydecano.com%2Fcms%2Fwp-content%2Fthemes%2Fpyd-theme%2Fimg%2Fdefault-avatar.png&r=g\",\"caption\":\"Gonzalo16\"}}]}<\/script>\n<!-- \/ Yoast SEO plugin. -->","yoast_head_json":{"title":"Para los hinchas tambi\u00e9n fue una desgracia  - Padre y Decano - El Sitio del Pueblo","robots":{"index":"index","follow":"follow","max-snippet":"max-snippet:-1","max-image-preview":"max-image-preview:large","max-video-preview":"max-video-preview:-1"},"canonical":"https:\/\/www.padreydecano.com\/cms\/encuestas\/para-los-hinchas-tambien-fue-una-desgracia\/","og_locale":"es_ES","og_type":"article","og_title":"Para los hinchas tambi\u00e9n fue una desgracia  - Padre y Decano - El Sitio del Pueblo","og_description":"Se cerr\u00f3 una nueva encuesta de Padre y Decano que consultaba a los hinchas sobre la fractura de Antonio Pacheco. Este era un tema que daba para debate ya que dividi\u00f3 a los hinchas en la opini\u00f3n porque fue una jugada muy r\u00e1pida. Uno de los columnistas de la web expuso su opini\u00f3n personal sobre [&hellip;]","og_url":"https:\/\/www.padreydecano.com\/cms\/encuestas\/para-los-hinchas-tambien-fue-una-desgracia\/","og_site_name":"Padre y Decano - El Sitio del Pueblo","article_published_time":"2012-08-30T18:00:49+00:00","article_modified_time":"2012-08-31T00:27:17+00:00","og_image":[{"width":599,"height":446,"url":"https:\/\/www.padreydecano.com\/cms\/wp-content\/uploads\/2012\/08\/tony-quebrado-destacada.jpg","type":"image\/jpeg"}],"author":"Gonzalo16","twitter_card":"summary_large_image","twitter_misc":{"Escrito por":"Gonzalo16","Tiempo de lectura":"1 minuto"},"schema":{"@context":"https:\/\/schema.org","@graph":[{"@type":"Article","@id":"https:\/\/www.padreydecano.com\/cms\/encuestas\/para-los-hinchas-tambien-fue-una-desgracia\/#article","isPartOf":{"@id":"https:\/\/www.padreydecano.com\/cms\/encuestas\/para-los-hinchas-tambien-fue-una-desgracia\/"},"author":{"name":"Gonzalo16","@id":"https:\/\/www.padreydecano.com\/cms\/#\/schema\/person\/7fe41e3e335700ebd387196df2f9a8d4"},"headline":"Para los hinchas tambi\u00e9n fue una desgracia","datePublished":"2012-08-30T18:00:49+00:00","dateModified":"2012-08-31T00:27:17+00:00","mainEntityOfPage":{"@id":"https:\/\/www.padreydecano.com\/cms\/encuestas\/para-los-hinchas-tambien-fue-una-desgracia\/"},"wordCount":285,"commentCount":5,"publisher":{"@id":"https:\/\/www.padreydecano.com\/cms\/#organization"},"image":{"@id":"https:\/\/www.padreydecano.com\/cms\/encuestas\/para-los-hinchas-tambien-fue-una-desgracia\/#primaryimage"},"thumbnailUrl":"https:\/\/www.padreydecano.com\/cms\/wp-content\/uploads\/2012\/08\/tony-quebrado-destacada.jpg","articleSection":["Encuestas"],"inLanguage":"es","potentialAction":[{"@type":"CommentAction","name":"Comment","target":["https:\/\/www.padreydecano.com\/cms\/encuestas\/para-los-hinchas-tambien-fue-una-desgracia\/#respond"]}]},{"@type":"WebPage","@id":"https:\/\/www.padreydecano.com\/cms\/encuestas\/para-los-hinchas-tambien-fue-una-desgracia\/","url":"https:\/\/www.padreydecano.com\/cms\/encuestas\/para-los-hinchas-tambien-fue-una-desgracia\/","name":"Para los hinchas tambi\u00e9n fue una desgracia - Padre y Decano - El Sitio del Pueblo","isPartOf":{"@id":"https:\/\/www.padreydecano.com\/cms\/#website"},"primaryImageOfPage":{"@id":"https:\/\/www.padreydecano.com\/cms\/encuestas\/para-los-hinchas-tambien-fue-una-desgracia\/#primaryimage"},"image":{"@id":"https:\/\/www.padreydecano.com\/cms\/encuestas\/para-los-hinchas-tambien-fue-una-desgracia\/#primaryimage"},"thumbnailUrl":"https:\/\/www.padreydecano.com\/cms\/wp-content\/uploads\/2012\/08\/tony-quebrado-destacada.jpg","datePublished":"2012-08-30T18:00:49+00:00","dateModified":"2012-08-31T00:27:17+00:00","breadcrumb":{"@id":"https:\/\/www.padreydecano.com\/cms\/encuestas\/para-los-hinchas-tambien-fue-una-desgracia\/#breadcrumb"},"inLanguage":"es","potentialAction":[{"@type":"ReadAction","target":["https:\/\/www.padreydecano.com\/cms\/encuestas\/para-los-hinchas-tambien-fue-una-desgracia\/"]}]},{"@type":"ImageObject","inLanguage":"es","@id":"https:\/\/www.padreydecano.com\/cms\/encuestas\/para-los-hinchas-tambien-fue-una-desgracia\/#primaryimage","url":"https:\/\/www.padreydecano.com\/cms\/wp-content\/uploads\/2012\/08\/tony-quebrado-destacada.jpg","contentUrl":"https:\/\/www.padreydecano.com\/cms\/wp-content\/uploads\/2012\/08\/tony-quebrado-destacada.jpg","width":"599","height":"446"},{"@type":"BreadcrumbList","@id":"https:\/\/www.padreydecano.com\/cms\/encuestas\/para-los-hinchas-tambien-fue-una-desgracia\/#breadcrumb","itemListElement":[{"@type":"ListItem","position":1,"name":"Portada","item":"https:\/\/www.padreydecano.com\/cms\/"},{"@type":"ListItem","position":2,"name":"Para los hinchas tambi\u00e9n fue una desgracia"}]},{"@type":"WebSite","@id":"https:\/\/www.padreydecano.com\/cms\/#website","url":"https:\/\/www.padreydecano.com\/cms\/","name":"Padre y Decano - El Sitio del Pueblo","description":"Club Atl\u00e9tico Pe\u00f1arol","publisher":{"@id":"https:\/\/www.padreydecano.com\/cms\/#organization"},"potentialAction":[{"@type":"SearchAction","target":{"@type":"EntryPoint","urlTemplate":"https:\/\/www.padreydecano.com\/cms\/?s={search_term_string}"},"query-input":"required name=search_term_string"}],"inLanguage":"es"},{"@type":"Organization","@id":"https:\/\/www.padreydecano.com\/cms\/#organization","name":"Padre y Decano","url":"https:\/\/www.padreydecano.com\/cms\/","logo":{"@type":"ImageObject","inLanguage":"es","@id":"https:\/\/www.padreydecano.com\/cms\/#\/schema\/logo\/image\/","url":"https:\/\/www.padreydecano.com\/cms\/wp-content\/uploads\/2022\/01\/avatar-square.png","contentUrl":"https:\/\/www.padreydecano.com\/cms\/wp-content\/uploads\/2022\/01\/avatar-square.png","width":1500,"height":1500,"caption":"Padre y Decano"},"image":{"@id":"https:\/\/www.padreydecano.com\/cms\/#\/schema\/logo\/image\/"}},{"@type":"Person","@id":"https:\/\/www.padreydecano.com\/cms\/#\/schema\/person\/7fe41e3e335700ebd387196df2f9a8d4","name":"Gonzalo16","image":{"@type":"ImageObject","inLanguage":"es","@id":"https:\/\/www.padreydecano.com\/cms\/#\/schema\/person\/image\/","url":"https:\/\/secure.gravatar.com\/avatar\/4d5cdd49803a2313c01f77e3dfc05d81?s=96&d=https%3A%2F%2Fpadreydecano.com%2Fcms%2Fwp-content%2Fthemes%2Fpyd-theme%2Fimg%2Fdefault-avatar.png&r=g","contentUrl":"https:\/\/secure.gravatar.com\/avatar\/4d5cdd49803a2313c01f77e3dfc05d81?s=96&d=https%3A%2F%2Fpadreydecano.com%2Fcms%2Fwp-content%2Fthemes%2Fpyd-theme%2Fimg%2Fdefault-avatar.png&r=g","caption":"Gonzalo16"}}]}},"_links":{"self":[{"href":"https:\/\/www.padreydecano.com\/cms\/wp-json\/wp\/v2\/posts\/29226"}],"collection":[{"href":"https:\/\/www.padreydecano.com\/cms\/wp-json\/wp\/v2\/posts"}],"about":[{"href":"https:\/\/www.padreydecano.com\/cms\/wp-json\/wp\/v2\/types\/post"}],"author":[{"embeddable":true,"href":"https:\/\/www.padreydecano.com\/cms\/wp-json\/wp\/v2\/users\/2"}],"replies":[{"embeddable":true,"href":"https:\/\/www.padreydecano.com\/cms\/wp-json\/wp\/v2\/comments?post=29226"}],"version-history":[{"count":0,"href":"https:\/\/www.padreydecano.com\/cms\/wp-json\/wp\/v2\/posts\/29226\/revisions"}],"wp:featuredmedia":[{"embeddable":true,"href":"https:\/\/www.padreydecano.com\/cms\/wp-json\/wp\/v2\/media\/29228"}],"wp:attachment":[{"href":"https:\/\/www.padreydecano.com\/cms\/wp-json\/wp\/v2\/media?parent=29226"}],"wp:term":[{"taxonomy":"category","embeddable":true,"href":"https:\/\/www.padreydecano.com\/cms\/wp-json\/wp\/v2\/categories?post=29226"},{"taxonomy":"post_tag","embeddable":true,"href":"https:\/\/www.padreydecano.com\/cms\/wp-json\/wp\/v2\/tags?post=29226"}],"curies":[{"name":"wp","href":"https:\/\/api.w.org\/{rel}","templated":true}]}}