{"id":29221,"date":"2012-08-31T09:00:35","date_gmt":"2012-08-31T12:00:35","guid":{"rendered":"http:\/\/www.padreydecano.com\/cms\/?p=29221"},"modified":"2012-08-31T19:57:29","modified_gmt":"2012-08-31T22:57:29","slug":"pena-carmelo-entrega-camiseta-y-organiza-dia-del-nino","status":"publish","type":"post","link":"https:\/\/www.padreydecano.com\/cms\/penas\/pena-carmelo-entrega-camiseta-y-organiza-dia-del-nino\/","title":{"rendered":"Pe\u00f1a Carmelo: homenaje y D\u00eda del Ni\u00f1o"},"content":{"rendered":"<p style=\"text-align: justify;\">La pasada semana se le realiz\u00f3 un homenaje en la ciudad de Carmelo al remero\u00a0ol\u00edmpico,<strong> Emiliano Dumestre<\/strong>,\u00a0hincha\u00a0fan\u00e1tico\u00a0de Pe\u00f1arol.\u00a0La Pe\u00f1a de Carmelo denominada\u00a0<strong>Carmelo Late Aurinegro, Pe\u00f1a Diego Aguirre<\/strong>, se hizo presente en dicho homenaje y le entreg\u00f3 una camiseta Oficial que el\u00a0club en un muy buen gesto. La misma estaba personalizada con\u00a0su nombre y el carn\u00e9 de socio, que la Pe\u00f1a le entreg\u00f3\u00a0despu\u00e9s\u00a0de unas breves palabras.<\/p>\n<p style=\"text-align: justify;\">La Pe\u00f1a est\u00e1 organizando por tercer a\u00f1o consecutivo el evento del d\u00eda del ni\u00f1o. Tal cual hicieron el a\u00f1o pasado, estar\u00e1n sorteando entre todos los ni\u00f1os presentes, 20 pasajes (pueden llevar un acompa\u00f1ante) para venir a visitar el Museo del club e ir al estadio a alentar al carbonero.<\/p>\n<p style=\"text-align: justify;\">El pr\u00f3ximo s\u00e1bado 1 de setiembre de 14 a 18 hs, se har\u00e1 un evento que constar\u00e1 de una jornada con premios, juegos, sorteos, concursos, sorpresas, castillos inflables, m\u00fasica, competencias y mucho m\u00e1s para todos los ni\u00f1os.<\/p>\n\n\t\t<style type=\"text\/css\">\n\t\t\t#gallery-1 {\n\t\t\t\tmargin: auto;\n\t\t\t}\n\t\t\t#gallery-1 .gallery-item {\n\t\t\t\tfloat: left;\n\t\t\t\tmargin-top: 10px;\n\t\t\t\ttext-align: center;\n\t\t\t\twidth: 33%;\n\t\t\t}\n\t\t\t#gallery-1 img {\n\t\t\t\tborder: 2px solid #cfcfcf;\n\t\t\t}\n\t\t\t#gallery-1 .gallery-caption {\n\t\t\t\tmargin-left: 0;\n\t\t\t}\n\t\t\t\/* see gallery_shortcode() in wp-includes\/media.php *\/\n\t\t<\/style>\n\t\t<div id='gallery-1' class='gallery galleryid-29221 gallery-columns-3 gallery-size-thumbnail'><dl class='gallery-item'>\n\t\t\t<dt class='gallery-icon portrait'>\n\t\t\t\t<a href='https:\/\/www.padreydecano.com\/cms\/wp-content\/uploads\/2012\/08\/547107_147688008705008_2072752486_n-Copiar.jpg' rel='shadowbox[sbalbum-29221];player=img;'><img loading=\"lazy\" decoding=\"async\" width=\"150\" height=\"150\" src=\"https:\/\/www.padreydecano.com\/cms\/wp-content\/uploads\/2012\/08\/547107_147688008705008_2072752486_n-Copiar-150x150.jpg\" class=\"attachment-thumbnail size-thumbnail\" alt=\"\" srcset=\"https:\/\/www.padreydecano.com\/cms\/wp-content\/uploads\/2012\/08\/547107_147688008705008_2072752486_n-Copiar-150x150.jpg 150w, https:\/\/www.padreydecano.com\/cms\/wp-content\/uploads\/2012\/08\/547107_147688008705008_2072752486_n-Copiar-36x36.jpg 36w, https:\/\/www.padreydecano.com\/cms\/wp-content\/uploads\/2012\/08\/547107_147688008705008_2072752486_n-Copiar-115x115.jpg 115w\" sizes=\"(max-width: 150px) 100vw, 150px\" \/><\/a>\n\t\t\t<\/dt><\/dl><dl class='gallery-item'>\n\t\t\t<dt class='gallery-icon landscape'>\n\t\t\t\t<a href='https:\/\/www.padreydecano.com\/cms\/wp-content\/uploads\/2012\/08\/dume1-Copiar.jpg' rel='shadowbox[sbalbum-29221];player=img;'><img loading=\"lazy\" decoding=\"async\" width=\"150\" height=\"150\" src=\"https:\/\/www.padreydecano.com\/cms\/wp-content\/uploads\/2012\/08\/dume1-Copiar-150x150.jpg\" class=\"attachment-thumbnail size-thumbnail\" alt=\"\" srcset=\"https:\/\/www.padreydecano.com\/cms\/wp-content\/uploads\/2012\/08\/dume1-Copiar-150x150.jpg 150w, https:\/\/www.padreydecano.com\/cms\/wp-content\/uploads\/2012\/08\/dume1-Copiar-36x36.jpg 36w, https:\/\/www.padreydecano.com\/cms\/wp-content\/uploads\/2012\/08\/dume1-Copiar-115x115.jpg 115w\" sizes=\"(max-width: 150px) 100vw, 150px\" \/><\/a>\n\t\t\t<\/dt><\/dl><dl class='gallery-item'>\n\t\t\t<dt class='gallery-icon portrait'>\n\t\t\t\t<a href='https:\/\/www.padreydecano.com\/cms\/wp-content\/uploads\/2012\/08\/dume3-Copiar.jpg' rel='shadowbox[sbalbum-29221];player=img;'><img loading=\"lazy\" decoding=\"async\" width=\"150\" height=\"150\" src=\"https:\/\/www.padreydecano.com\/cms\/wp-content\/uploads\/2012\/08\/dume3-Copiar-150x150.jpg\" class=\"attachment-thumbnail size-thumbnail\" alt=\"\" srcset=\"https:\/\/www.padreydecano.com\/cms\/wp-content\/uploads\/2012\/08\/dume3-Copiar-150x150.jpg 150w, https:\/\/www.padreydecano.com\/cms\/wp-content\/uploads\/2012\/08\/dume3-Copiar-36x36.jpg 36w, https:\/\/www.padreydecano.com\/cms\/wp-content\/uploads\/2012\/08\/dume3-Copiar-115x115.jpg 115w\" sizes=\"(max-width: 150px) 100vw, 150px\" \/><\/a>\n\t\t\t<\/dt><\/dl><br style=\"clear: both\" \/>\n\t\t<\/div>\n\n","protected":false},"excerpt":{"rendered":"<p>La pasada semana se le realiz\u00f3 un homenaje en la ciudad de Carmelo al remero\u00a0ol\u00edmpico, Emiliano Dumestre,\u00a0hincha\u00a0fan\u00e1tico\u00a0de Pe\u00f1arol.\u00a0La Pe\u00f1a de Carmelo denominada\u00a0Carmelo Late Aurinegro, Pe\u00f1a Diego Aguirre, se hizo presente en dicho homenaje y le entreg\u00f3 una camiseta Oficial que el\u00a0club en un muy buen gesto. La misma estaba personalizada con\u00a0su nombre y el carn\u00e9 [&hellip;]<\/p>\n","protected":false},"author":10,"featured_media":29223,"comment_status":"open","ping_status":"closed","sticky":false,"template":"","format":"standard","meta":{"footnotes":""},"categories":[42],"tags":[],"yoast_head":"<!-- This site is optimized with the Yoast SEO plugin v23.2 - https:\/\/yoast.com\/wordpress\/plugins\/seo\/ -->\n<title>Pe\u00f1a Carmelo: homenaje y D\u00eda del Ni\u00f1o - Padre y Decano - El Sitio del Pueblo<\/title>\n<meta name=\"robots\" content=\"index, follow, max-snippet:-1, max-image-preview:large, max-video-preview:-1\" \/>\n<link rel=\"canonical\" href=\"https:\/\/www.padreydecano.com\/cms\/penas\/pena-carmelo-entrega-camiseta-y-organiza-dia-del-nino\/\" \/>\n<meta property=\"og:locale\" content=\"es_ES\" \/>\n<meta property=\"og:type\" content=\"article\" \/>\n<meta property=\"og:title\" content=\"Pe\u00f1a Carmelo: homenaje y D\u00eda del Ni\u00f1o - Padre y Decano - El Sitio del Pueblo\" \/>\n<meta property=\"og:description\" content=\"La pasada semana se le realiz\u00f3 un homenaje en la ciudad de Carmelo al remero\u00a0ol\u00edmpico, Emiliano Dumestre,\u00a0hincha\u00a0fan\u00e1tico\u00a0de Pe\u00f1arol.\u00a0La Pe\u00f1a de Carmelo denominada\u00a0Carmelo Late Aurinegro, Pe\u00f1a Diego Aguirre, se hizo presente en dicho homenaje y le entreg\u00f3 una camiseta Oficial que el\u00a0club en un muy buen gesto. La misma estaba personalizada con\u00a0su nombre y el carn\u00e9 [&hellip;]\" \/>\n<meta property=\"og:url\" content=\"https:\/\/www.padreydecano.com\/cms\/penas\/pena-carmelo-entrega-camiseta-y-organiza-dia-del-nino\/\" \/>\n<meta property=\"og:site_name\" content=\"Padre y Decano - El Sitio del Pueblo\" \/>\n<meta property=\"article:published_time\" content=\"2012-08-31T12:00:35+00:00\" \/>\n<meta property=\"article:modified_time\" content=\"2012-08-31T22:57:29+00:00\" \/>\n<meta property=\"og:image\" content=\"https:\/\/www.padreydecano.com\/cms\/wp-content\/uploads\/2012\/08\/dume1-Copiar.jpg\" \/>\n\t<meta property=\"og:image:width\" content=\"640\" \/>\n\t<meta property=\"og:image:height\" content=\"424\" \/>\n\t<meta property=\"og:image:type\" content=\"image\/jpeg\" \/>\n<meta name=\"author\" content=\"fishoapyd\" \/>\n<meta name=\"twitter:card\" content=\"summary_large_image\" \/>\n<meta name=\"twitter:label1\" content=\"Escrito por\" \/>\n\t<meta name=\"twitter:data1\" content=\"fishoapyd\" \/>\n\t<meta name=\"twitter:label2\" content=\"Tiempo de lectura\" \/>\n\t<meta name=\"twitter:data2\" content=\"1 minuto\" \/>\n<script type=\"application\/ld+json\" class=\"yoast-schema-graph\">{\"@context\":\"https:\/\/schema.org\",\"@graph\":[{\"@type\":\"Article\",\"@id\":\"https:\/\/www.padreydecano.com\/cms\/penas\/pena-carmelo-entrega-camiseta-y-organiza-dia-del-nino\/#article\",\"isPartOf\":{\"@id\":\"https:\/\/www.padreydecano.com\/cms\/penas\/pena-carmelo-entrega-camiseta-y-organiza-dia-del-nino\/\"},\"author\":{\"name\":\"fishoapyd\",\"@id\":\"https:\/\/www.padreydecano.com\/cms\/#\/schema\/person\/1376f1ec91158cca7aeef6d2109f929d\"},\"headline\":\"Pe\u00f1a Carmelo: homenaje y D\u00eda del Ni\u00f1o\",\"datePublished\":\"2012-08-31T12:00:35+00:00\",\"dateModified\":\"2012-08-31T22:57:29+00:00\",\"mainEntityOfPage\":{\"@id\":\"https:\/\/www.padreydecano.com\/cms\/penas\/pena-carmelo-entrega-camiseta-y-organiza-dia-del-nino\/\"},\"wordCount\":192,\"commentCount\":0,\"publisher\":{\"@id\":\"https:\/\/www.padreydecano.com\/cms\/#organization\"},\"image\":{\"@id\":\"https:\/\/www.padreydecano.com\/cms\/penas\/pena-carmelo-entrega-camiseta-y-organiza-dia-del-nino\/#primaryimage\"},\"thumbnailUrl\":\"https:\/\/www.padreydecano.com\/cms\/wp-content\/uploads\/2012\/08\/dume1-Copiar.jpg\",\"articleSection\":[\"Pe\u00f1as\"],\"inLanguage\":\"es\",\"potentialAction\":[{\"@type\":\"CommentAction\",\"name\":\"Comment\",\"target\":[\"https:\/\/www.padreydecano.com\/cms\/penas\/pena-carmelo-entrega-camiseta-y-organiza-dia-del-nino\/#respond\"]}]},{\"@type\":\"WebPage\",\"@id\":\"https:\/\/www.padreydecano.com\/cms\/penas\/pena-carmelo-entrega-camiseta-y-organiza-dia-del-nino\/\",\"url\":\"https:\/\/www.padreydecano.com\/cms\/penas\/pena-carmelo-entrega-camiseta-y-organiza-dia-del-nino\/\",\"name\":\"Pe\u00f1a Carmelo: homenaje y D\u00eda del Ni\u00f1o - Padre y Decano - El Sitio del Pueblo\",\"isPartOf\":{\"@id\":\"https:\/\/www.padreydecano.com\/cms\/#website\"},\"primaryImageOfPage\":{\"@id\":\"https:\/\/www.padreydecano.com\/cms\/penas\/pena-carmelo-entrega-camiseta-y-organiza-dia-del-nino\/#primaryimage\"},\"image\":{\"@id\":\"https:\/\/www.padreydecano.com\/cms\/penas\/pena-carmelo-entrega-camiseta-y-organiza-dia-del-nino\/#primaryimage\"},\"thumbnailUrl\":\"https:\/\/www.padreydecano.com\/cms\/wp-content\/uploads\/2012\/08\/dume1-Copiar.jpg\",\"datePublished\":\"2012-08-31T12:00:35+00:00\",\"dateModified\":\"2012-08-31T22:57:29+00:00\",\"breadcrumb\":{\"@id\":\"https:\/\/www.padreydecano.com\/cms\/penas\/pena-carmelo-entrega-camiseta-y-organiza-dia-del-nino\/#breadcrumb\"},\"inLanguage\":\"es\",\"potentialAction\":[{\"@type\":\"ReadAction\",\"target\":[\"https:\/\/www.padreydecano.com\/cms\/penas\/pena-carmelo-entrega-camiseta-y-organiza-dia-del-nino\/\"]}]},{\"@type\":\"ImageObject\",\"inLanguage\":\"es\",\"@id\":\"https:\/\/www.padreydecano.com\/cms\/penas\/pena-carmelo-entrega-camiseta-y-organiza-dia-del-nino\/#primaryimage\",\"url\":\"https:\/\/www.padreydecano.com\/cms\/wp-content\/uploads\/2012\/08\/dume1-Copiar.jpg\",\"contentUrl\":\"https:\/\/www.padreydecano.com\/cms\/wp-content\/uploads\/2012\/08\/dume1-Copiar.jpg\",\"width\":\"640\",\"height\":\"424\"},{\"@type\":\"BreadcrumbList\",\"@id\":\"https:\/\/www.padreydecano.com\/cms\/penas\/pena-carmelo-entrega-camiseta-y-organiza-dia-del-nino\/#breadcrumb\",\"itemListElement\":[{\"@type\":\"ListItem\",\"position\":1,\"name\":\"Portada\",\"item\":\"https:\/\/www.padreydecano.com\/cms\/\"},{\"@type\":\"ListItem\",\"position\":2,\"name\":\"Pe\u00f1a Carmelo: homenaje y D\u00eda del Ni\u00f1o\"}]},{\"@type\":\"WebSite\",\"@id\":\"https:\/\/www.padreydecano.com\/cms\/#website\",\"url\":\"https:\/\/www.padreydecano.com\/cms\/\",\"name\":\"Padre y Decano - El Sitio del Pueblo\",\"description\":\"Club Atl\u00e9tico Pe\u00f1arol\",\"publisher\":{\"@id\":\"https:\/\/www.padreydecano.com\/cms\/#organization\"},\"potentialAction\":[{\"@type\":\"SearchAction\",\"target\":{\"@type\":\"EntryPoint\",\"urlTemplate\":\"https:\/\/www.padreydecano.com\/cms\/?s={search_term_string}\"},\"query-input\":\"required name=search_term_string\"}],\"inLanguage\":\"es\"},{\"@type\":\"Organization\",\"@id\":\"https:\/\/www.padreydecano.com\/cms\/#organization\",\"name\":\"Padre y Decano\",\"url\":\"https:\/\/www.padreydecano.com\/cms\/\",\"logo\":{\"@type\":\"ImageObject\",\"inLanguage\":\"es\",\"@id\":\"https:\/\/www.padreydecano.com\/cms\/#\/schema\/logo\/image\/\",\"url\":\"https:\/\/www.padreydecano.com\/cms\/wp-content\/uploads\/2022\/01\/avatar-square.png\",\"contentUrl\":\"https:\/\/www.padreydecano.com\/cms\/wp-content\/uploads\/2022\/01\/avatar-square.png\",\"width\":1500,\"height\":1500,\"caption\":\"Padre y Decano\"},\"image\":{\"@id\":\"https:\/\/www.padreydecano.com\/cms\/#\/schema\/logo\/image\/\"}},{\"@type\":\"Person\",\"@id\":\"https:\/\/www.padreydecano.com\/cms\/#\/schema\/person\/1376f1ec91158cca7aeef6d2109f929d\",\"name\":\"fishoapyd\",\"image\":{\"@type\":\"ImageObject\",\"inLanguage\":\"es\",\"@id\":\"https:\/\/www.padreydecano.com\/cms\/#\/schema\/person\/image\/\",\"url\":\"https:\/\/www.padreydecano.com\/cms\/wp-content\/uploads\/2022\/12\/avatar-square-1.png\",\"contentUrl\":\"https:\/\/www.padreydecano.com\/cms\/wp-content\/uploads\/2022\/12\/avatar-square-1.png\",\"caption\":\"fishoapyd\"},\"sameAs\":[\"http:\/\/www.padreydecano.com\"]}]}<\/script>\n<!-- \/ Yoast SEO plugin. -->","yoast_head_json":{"title":"Pe\u00f1a Carmelo: homenaje y D\u00eda del Ni\u00f1o - Padre y Decano - El Sitio del Pueblo","robots":{"index":"index","follow":"follow","max-snippet":"max-snippet:-1","max-image-preview":"max-image-preview:large","max-video-preview":"max-video-preview:-1"},"canonical":"https:\/\/www.padreydecano.com\/cms\/penas\/pena-carmelo-entrega-camiseta-y-organiza-dia-del-nino\/","og_locale":"es_ES","og_type":"article","og_title":"Pe\u00f1a Carmelo: homenaje y D\u00eda del Ni\u00f1o - Padre y Decano - El Sitio del Pueblo","og_description":"La pasada semana se le realiz\u00f3 un homenaje en la ciudad de Carmelo al remero\u00a0ol\u00edmpico, Emiliano Dumestre,\u00a0hincha\u00a0fan\u00e1tico\u00a0de Pe\u00f1arol.\u00a0La Pe\u00f1a de Carmelo denominada\u00a0Carmelo Late Aurinegro, Pe\u00f1a Diego Aguirre, se hizo presente en dicho homenaje y le entreg\u00f3 una camiseta Oficial que el\u00a0club en un muy buen gesto. La misma estaba personalizada con\u00a0su nombre y el carn\u00e9 [&hellip;]","og_url":"https:\/\/www.padreydecano.com\/cms\/penas\/pena-carmelo-entrega-camiseta-y-organiza-dia-del-nino\/","og_site_name":"Padre y Decano - El Sitio del Pueblo","article_published_time":"2012-08-31T12:00:35+00:00","article_modified_time":"2012-08-31T22:57:29+00:00","og_image":[{"width":640,"height":424,"url":"https:\/\/www.padreydecano.com\/cms\/wp-content\/uploads\/2012\/08\/dume1-Copiar.jpg","type":"image\/jpeg"}],"author":"fishoapyd","twitter_card":"summary_large_image","twitter_misc":{"Escrito por":"fishoapyd","Tiempo de lectura":"1 minuto"},"schema":{"@context":"https:\/\/schema.org","@graph":[{"@type":"Article","@id":"https:\/\/www.padreydecano.com\/cms\/penas\/pena-carmelo-entrega-camiseta-y-organiza-dia-del-nino\/#article","isPartOf":{"@id":"https:\/\/www.padreydecano.com\/cms\/penas\/pena-carmelo-entrega-camiseta-y-organiza-dia-del-nino\/"},"author":{"name":"fishoapyd","@id":"https:\/\/www.padreydecano.com\/cms\/#\/schema\/person\/1376f1ec91158cca7aeef6d2109f929d"},"headline":"Pe\u00f1a Carmelo: homenaje y D\u00eda del Ni\u00f1o","datePublished":"2012-08-31T12:00:35+00:00","dateModified":"2012-08-31T22:57:29+00:00","mainEntityOfPage":{"@id":"https:\/\/www.padreydecano.com\/cms\/penas\/pena-carmelo-entrega-camiseta-y-organiza-dia-del-nino\/"},"wordCount":192,"commentCount":0,"publisher":{"@id":"https:\/\/www.padreydecano.com\/cms\/#organization"},"image":{"@id":"https:\/\/www.padreydecano.com\/cms\/penas\/pena-carmelo-entrega-camiseta-y-organiza-dia-del-nino\/#primaryimage"},"thumbnailUrl":"https:\/\/www.padreydecano.com\/cms\/wp-content\/uploads\/2012\/08\/dume1-Copiar.jpg","articleSection":["Pe\u00f1as"],"inLanguage":"es","potentialAction":[{"@type":"CommentAction","name":"Comment","target":["https:\/\/www.padreydecano.com\/cms\/penas\/pena-carmelo-entrega-camiseta-y-organiza-dia-del-nino\/#respond"]}]},{"@type":"WebPage","@id":"https:\/\/www.padreydecano.com\/cms\/penas\/pena-carmelo-entrega-camiseta-y-organiza-dia-del-nino\/","url":"https:\/\/www.padreydecano.com\/cms\/penas\/pena-carmelo-entrega-camiseta-y-organiza-dia-del-nino\/","name":"Pe\u00f1a Carmelo: homenaje y D\u00eda del Ni\u00f1o - Padre y Decano - El Sitio del Pueblo","isPartOf":{"@id":"https:\/\/www.padreydecano.com\/cms\/#website"},"primaryImageOfPage":{"@id":"https:\/\/www.padreydecano.com\/cms\/penas\/pena-carmelo-entrega-camiseta-y-organiza-dia-del-nino\/#primaryimage"},"image":{"@id":"https:\/\/www.padreydecano.com\/cms\/penas\/pena-carmelo-entrega-camiseta-y-organiza-dia-del-nino\/#primaryimage"},"thumbnailUrl":"https:\/\/www.padreydecano.com\/cms\/wp-content\/uploads\/2012\/08\/dume1-Copiar.jpg","datePublished":"2012-08-31T12:00:35+00:00","dateModified":"2012-08-31T22:57:29+00:00","breadcrumb":{"@id":"https:\/\/www.padreydecano.com\/cms\/penas\/pena-carmelo-entrega-camiseta-y-organiza-dia-del-nino\/#breadcrumb"},"inLanguage":"es","potentialAction":[{"@type":"ReadAction","target":["https:\/\/www.padreydecano.com\/cms\/penas\/pena-carmelo-entrega-camiseta-y-organiza-dia-del-nino\/"]}]},{"@type":"ImageObject","inLanguage":"es","@id":"https:\/\/www.padreydecano.com\/cms\/penas\/pena-carmelo-entrega-camiseta-y-organiza-dia-del-nino\/#primaryimage","url":"https:\/\/www.padreydecano.com\/cms\/wp-content\/uploads\/2012\/08\/dume1-Copiar.jpg","contentUrl":"https:\/\/www.padreydecano.com\/cms\/wp-content\/uploads\/2012\/08\/dume1-Copiar.jpg","width":"640","height":"424"},{"@type":"BreadcrumbList","@id":"https:\/\/www.padreydecano.com\/cms\/penas\/pena-carmelo-entrega-camiseta-y-organiza-dia-del-nino\/#breadcrumb","itemListElement":[{"@type":"ListItem","position":1,"name":"Portada","item":"https:\/\/www.padreydecano.com\/cms\/"},{"@type":"ListItem","position":2,"name":"Pe\u00f1a Carmelo: homenaje y D\u00eda del Ni\u00f1o"}]},{"@type":"WebSite","@id":"https:\/\/www.padreydecano.com\/cms\/#website","url":"https:\/\/www.padreydecano.com\/cms\/","name":"Padre y Decano - El Sitio del Pueblo","description":"Club Atl\u00e9tico Pe\u00f1arol","publisher":{"@id":"https:\/\/www.padreydecano.com\/cms\/#organization"},"potentialAction":[{"@type":"SearchAction","target":{"@type":"EntryPoint","urlTemplate":"https:\/\/www.padreydecano.com\/cms\/?s={search_term_string}"},"query-input":"required name=search_term_string"}],"inLanguage":"es"},{"@type":"Organization","@id":"https:\/\/www.padreydecano.com\/cms\/#organization","name":"Padre y Decano","url":"https:\/\/www.padreydecano.com\/cms\/","logo":{"@type":"ImageObject","inLanguage":"es","@id":"https:\/\/www.padreydecano.com\/cms\/#\/schema\/logo\/image\/","url":"https:\/\/www.padreydecano.com\/cms\/wp-content\/uploads\/2022\/01\/avatar-square.png","contentUrl":"https:\/\/www.padreydecano.com\/cms\/wp-content\/uploads\/2022\/01\/avatar-square.png","width":1500,"height":1500,"caption":"Padre y Decano"},"image":{"@id":"https:\/\/www.padreydecano.com\/cms\/#\/schema\/logo\/image\/"}},{"@type":"Person","@id":"https:\/\/www.padreydecano.com\/cms\/#\/schema\/person\/1376f1ec91158cca7aeef6d2109f929d","name":"fishoapyd","image":{"@type":"ImageObject","inLanguage":"es","@id":"https:\/\/www.padreydecano.com\/cms\/#\/schema\/person\/image\/","url":"https:\/\/www.padreydecano.com\/cms\/wp-content\/uploads\/2022\/12\/avatar-square-1.png","contentUrl":"https:\/\/www.padreydecano.com\/cms\/wp-content\/uploads\/2022\/12\/avatar-square-1.png","caption":"fishoapyd"},"sameAs":["http:\/\/www.padreydecano.com"]}]}},"_links":{"self":[{"href":"https:\/\/www.padreydecano.com\/cms\/wp-json\/wp\/v2\/posts\/29221"}],"collection":[{"href":"https:\/\/www.padreydecano.com\/cms\/wp-json\/wp\/v2\/posts"}],"about":[{"href":"https:\/\/www.padreydecano.com\/cms\/wp-json\/wp\/v2\/types\/post"}],"author":[{"embeddable":true,"href":"https:\/\/www.padreydecano.com\/cms\/wp-json\/wp\/v2\/users\/10"}],"replies":[{"embeddable":true,"href":"https:\/\/www.padreydecano.com\/cms\/wp-json\/wp\/v2\/comments?post=29221"}],"version-history":[{"count":0,"href":"https:\/\/www.padreydecano.com\/cms\/wp-json\/wp\/v2\/posts\/29221\/revisions"}],"wp:featuredmedia":[{"embeddable":true,"href":"https:\/\/www.padreydecano.com\/cms\/wp-json\/wp\/v2\/media\/29223"}],"wp:attachment":[{"href":"https:\/\/www.padreydecano.com\/cms\/wp-json\/wp\/v2\/media?parent=29221"}],"wp:term":[{"taxonomy":"category","embeddable":true,"href":"https:\/\/www.padreydecano.com\/cms\/wp-json\/wp\/v2\/categories?post=29221"},{"taxonomy":"post_tag","embeddable":true,"href":"https:\/\/www.padreydecano.com\/cms\/wp-json\/wp\/v2\/tags?post=29221"}],"curies":[{"name":"wp","href":"https:\/\/api.w.org\/{rel}","templated":true}]}}