{"id":29214,"date":"2012-08-30T12:15:20","date_gmt":"2012-08-30T15:15:20","guid":{"rendered":"http:\/\/www.padreydecano.com\/cms\/?p=29214"},"modified":"2012-08-30T12:15:20","modified_gmt":"2012-08-30T15:15:20","slug":"la-pena-de-colonia-tiene-radio-propia","status":"publish","type":"post","link":"https:\/\/www.padreydecano.com\/cms\/penas\/la-pena-de-colonia-tiene-radio-propia\/","title":{"rendered":"La Pe\u00f1a de Colonia tiene radio propia"},"content":{"rendered":"<p style=\"text-align: justify;\"><a href=\"https:\/\/www.padreydecano.com\/cms\/wp-content\/uploads\/2012\/08\/A-LO-PE\u00d1AROL-RADIO-FOTO.jpg\" rel=\"shadowbox[sbpost-29214];player=img;\"><img loading=\"lazy\" decoding=\"async\" class=\"alignright  wp-image-29217\" src=\"https:\/\/www.padreydecano.com\/cms\/wp-content\/uploads\/2012\/08\/A-LO-PE\u00d1AROL-RADIO-FOTO-300x242.jpg\" alt=\"\" width=\"240\" height=\"194\" srcset=\"https:\/\/www.padreydecano.com\/cms\/wp-content\/uploads\/2012\/08\/A-LO-PE\u00d1AROL-RADIO-FOTO-300x242.jpg 300w, https:\/\/www.padreydecano.com\/cms\/wp-content\/uploads\/2012\/08\/A-LO-PE\u00d1AROL-RADIO-FOTO-1024x827.jpg 1024w\" sizes=\"(max-width: 240px) 100vw, 240px\" \/><\/a>Las Pe\u00f1as tambi\u00e9n llevan a cabo grandes emprendimientos como lo es tener una radio propia. En marzo la <a href=\"https:\/\/www.padreydecano.com\/cms\/entrevistas\/la-pena-de-rosario-tiene-radio-propia\/\" target=\"_blank\">Pe\u00f1a de Rosario<\/a> inaugur\u00f3 su radio, en abril lo hizo la <a href=\"https:\/\/www.padreydecano.com\/cms\/entrevistas\/la-pena-de-minas-tiene-radio-propia\/\" target=\"_blank\">Pe\u00f1a de Minas<\/a>\u00a0y en esta oportunidad quienes se suman a esta espectacular idea es la <strong>Pe\u00f1a de Colonia<\/strong>. Dialogamos con <strong>Alfredo Paulsen<\/strong>, presidente de dicha Pe\u00f1a:<\/p>\n<p><span style=\"color: #ffcc02;\"><strong>\u00bfDe qu\u00e9 se trata el programa?<\/strong><\/span><\/p>\n<p style=\"text-align: justify;\">&#8216;A lo Pe\u00f1arol&#8217; es el programa de la <strong>Pe\u00f1a Edgardo Gonz\u00e1lez<\/strong> de Colonia a trav\u00e9s del cual comentamos todas las novedades del Campe\u00f3n del Siglo y difundimos las actividades solidarias de todas las Pe\u00f1as.\u00a0Mantenemos contacto con jugadores, dirigentes y glorias del Club, as\u00ed como estamos comunicados en forma permanente con otras Pe\u00f1as.<\/p>\n<p style=\"text-align: justify;\">Incentivamos a la audiencia con el sorteo mensual de premios carboneros.\u00a0En el presente mes contactamos al Presidente de la <strong>Pe\u00f1a de Pan de Az\u00facar<\/strong> y a Rodrigo Kalfaian por la inauguraci\u00f3n de la <strong>Pe\u00f1a Antonio Pacheco.<\/strong>\u00a0Tambi\u00e9n estuvimos en contacto con el director de <strong>120<\/strong>, recibimos la visita de la <strong>Pe\u00f1a de Rosario<\/strong> y tuvimos las \u00faltimas novedades de la Comisi\u00f3n de Pe\u00f1as a trav\u00e9s de un contacto con su presidente Bruno Perillo.<\/p>\n<p><span style=\"color: #ffcc02;\"><strong>\u00bfC\u00f3mo surgi\u00f3 la idea?<\/strong><\/span><\/p>\n<p style=\"text-align: justify;\">El a\u00f1o pasado comenzamos retransmitiendo el programa de la web Campe\u00f3n del Siglo -compa\u00f1eros de la Pe\u00f1a de Nueva Helvecia-.\u00a0Ante una dificultad t\u00e9cnica surgi\u00f3 la idea de hacer un programa propio, el cual tuvo una buena aceptaci\u00f3n de la audiencia.<\/p>\n<p><span style=\"color: #ffcc02;\"><strong>\u00bfQui\u00e9nes participan?<\/strong><\/span><\/p>\n<p style=\"text-align: justify;\">El programa es producido y conducido por los integrantes de la Pe\u00f1a, entre los cuales destacamos a C\u00e9sar (director de la radio), Minino, Mar\u00eda la del CAP y Alfredo.<\/p>\n<p><span style=\"color: #ffcc02;\"><strong>\u00bfD\u00f3nde y cu\u00e1ndo los podemos escuchar?<\/strong><\/span><\/p>\n<p style=\"text-align: justify;\">El programa se emite <strong>todos los martes de 21 a 22 horas por 107.7 Libertad FM de Colonia del Sacramento y tambi\u00e9n a trav\u00e9s de la web de la radio.<\/strong><\/p>\n<p><span style=\"color: #ffcc02;\"><strong>\u00bfC\u00f3mo le pueden recomendar a las dem\u00e1s Pe\u00f1as a que se animen a tener alg\u00fan proyecto similar?<\/strong><\/span><\/p>\n<p style=\"text-align: justify;\">Consideramos que la gente del interior necesita tener en forma directa este tipo de informaci\u00f3n, por lo que entonces alentamos a las dem\u00e1s Pe\u00f1as a concretar este proyecto.\u00a0Ojal\u00e1 alg\u00fan d\u00eda podamos tener un medio por el cual compartir todos los programas de las diferentes Pe\u00f1as Carboneras.<\/p>\n<p><span style=\"color: #ffcc02;\"><strong>\u00bfC\u00f3mo se financia el programa?<\/strong><\/span><\/p>\n<p style=\"text-align: justify;\">Hasta el momento nos venimos autofinanciando, pero estamos considerando la posibilidad de conseguir el apoyo de comerciantes carboneros, dado el buen apoyo recibido de nuestra parcialidad.<\/p>\n<p style=\"text-align: justify;\">Desde\u00a0<span style=\"color: #ffcc02;\"><strong>Padre y Decano<\/strong><\/span>\u00a0queremos felicitar a la <strong>Pe\u00f1a de Colonia<\/strong> por este logro y estamos a las \u00f3rdenes para lo que necesiten.<span style=\"text-align: center;\">\u00a0<\/span><\/p>\n","protected":false},"excerpt":{"rendered":"<p>Las Pe\u00f1as tambi\u00e9n llevan a cabo grandes emprendimientos como lo es tener una radio propia. En marzo la Pe\u00f1a de Rosario inaugur\u00f3 su radio, en abril lo hizo la Pe\u00f1a de Minas\u00a0y en esta oportunidad quienes se suman a esta espectacular idea es la Pe\u00f1a de Colonia. Dialogamos con Alfredo Paulsen, presidente de dicha Pe\u00f1a: [&hellip;]<\/p>\n","protected":false},"author":10,"featured_media":29218,"comment_status":"open","ping_status":"closed","sticky":false,"template":"","format":"standard","meta":{"footnotes":""},"categories":[42],"tags":[],"yoast_head":"<!-- This site is optimized with the Yoast SEO plugin v23.2 - https:\/\/yoast.com\/wordpress\/plugins\/seo\/ -->\n<title>La Pe\u00f1a de Colonia tiene radio propia - Padre y Decano - El Sitio del Pueblo<\/title>\n<meta name=\"robots\" content=\"index, follow, max-snippet:-1, max-image-preview:large, max-video-preview:-1\" \/>\n<link rel=\"canonical\" href=\"https:\/\/www.padreydecano.com\/cms\/penas\/la-pena-de-colonia-tiene-radio-propia\/\" \/>\n<meta property=\"og:locale\" content=\"es_ES\" \/>\n<meta property=\"og:type\" content=\"article\" \/>\n<meta property=\"og:title\" content=\"La Pe\u00f1a de Colonia tiene radio propia - Padre y Decano - El Sitio del Pueblo\" \/>\n<meta property=\"og:description\" content=\"Las Pe\u00f1as tambi\u00e9n llevan a cabo grandes emprendimientos como lo es tener una radio propia. En marzo la Pe\u00f1a de Rosario inaugur\u00f3 su radio, en abril lo hizo la Pe\u00f1a de Minas\u00a0y en esta oportunidad quienes se suman a esta espectacular idea es la Pe\u00f1a de Colonia. Dialogamos con Alfredo Paulsen, presidente de dicha Pe\u00f1a: [&hellip;]\" \/>\n<meta property=\"og:url\" content=\"https:\/\/www.padreydecano.com\/cms\/penas\/la-pena-de-colonia-tiene-radio-propia\/\" \/>\n<meta property=\"og:site_name\" content=\"Padre y Decano - El Sitio del Pueblo\" \/>\n<meta property=\"article:published_time\" content=\"2012-08-30T15:15:20+00:00\" \/>\n<meta property=\"og:image\" content=\"https:\/\/www.padreydecano.com\/cms\/wp-content\/uploads\/2012\/08\/A-LO-PE\u00d1AROL-RADIO-FOTO-Copiar.jpg\" \/>\n\t<meta property=\"og:image:width\" content=\"594\" \/>\n\t<meta property=\"og:image:height\" content=\"480\" \/>\n\t<meta property=\"og:image:type\" content=\"image\/jpeg\" \/>\n<meta name=\"author\" content=\"fishoapyd\" \/>\n<meta name=\"twitter:card\" content=\"summary_large_image\" \/>\n<meta name=\"twitter:label1\" content=\"Escrito por\" \/>\n\t<meta name=\"twitter:data1\" content=\"fishoapyd\" \/>\n\t<meta name=\"twitter:label2\" content=\"Tiempo de lectura\" \/>\n\t<meta name=\"twitter:data2\" content=\"2 minutos\" \/>\n<script type=\"application\/ld+json\" class=\"yoast-schema-graph\">{\"@context\":\"https:\/\/schema.org\",\"@graph\":[{\"@type\":\"Article\",\"@id\":\"https:\/\/www.padreydecano.com\/cms\/penas\/la-pena-de-colonia-tiene-radio-propia\/#article\",\"isPartOf\":{\"@id\":\"https:\/\/www.padreydecano.com\/cms\/penas\/la-pena-de-colonia-tiene-radio-propia\/\"},\"author\":{\"name\":\"fishoapyd\",\"@id\":\"https:\/\/www.padreydecano.com\/cms\/#\/schema\/person\/1376f1ec91158cca7aeef6d2109f929d\"},\"headline\":\"La Pe\u00f1a de Colonia tiene radio propia\",\"datePublished\":\"2012-08-30T15:15:20+00:00\",\"dateModified\":\"2012-08-30T15:15:20+00:00\",\"mainEntityOfPage\":{\"@id\":\"https:\/\/www.padreydecano.com\/cms\/penas\/la-pena-de-colonia-tiene-radio-propia\/\"},\"wordCount\":472,\"commentCount\":3,\"publisher\":{\"@id\":\"https:\/\/www.padreydecano.com\/cms\/#organization\"},\"image\":{\"@id\":\"https:\/\/www.padreydecano.com\/cms\/penas\/la-pena-de-colonia-tiene-radio-propia\/#primaryimage\"},\"thumbnailUrl\":\"https:\/\/www.padreydecano.com\/cms\/wp-content\/uploads\/2012\/08\/A-LO-PE\u00d1AROL-RADIO-FOTO-Copiar.jpg\",\"articleSection\":[\"Pe\u00f1as\"],\"inLanguage\":\"es\",\"potentialAction\":[{\"@type\":\"CommentAction\",\"name\":\"Comment\",\"target\":[\"https:\/\/www.padreydecano.com\/cms\/penas\/la-pena-de-colonia-tiene-radio-propia\/#respond\"]}]},{\"@type\":\"WebPage\",\"@id\":\"https:\/\/www.padreydecano.com\/cms\/penas\/la-pena-de-colonia-tiene-radio-propia\/\",\"url\":\"https:\/\/www.padreydecano.com\/cms\/penas\/la-pena-de-colonia-tiene-radio-propia\/\",\"name\":\"La Pe\u00f1a de Colonia tiene radio propia - Padre y Decano - El Sitio del Pueblo\",\"isPartOf\":{\"@id\":\"https:\/\/www.padreydecano.com\/cms\/#website\"},\"primaryImageOfPage\":{\"@id\":\"https:\/\/www.padreydecano.com\/cms\/penas\/la-pena-de-colonia-tiene-radio-propia\/#primaryimage\"},\"image\":{\"@id\":\"https:\/\/www.padreydecano.com\/cms\/penas\/la-pena-de-colonia-tiene-radio-propia\/#primaryimage\"},\"thumbnailUrl\":\"https:\/\/www.padreydecano.com\/cms\/wp-content\/uploads\/2012\/08\/A-LO-PE\u00d1AROL-RADIO-FOTO-Copiar.jpg\",\"datePublished\":\"2012-08-30T15:15:20+00:00\",\"dateModified\":\"2012-08-30T15:15:20+00:00\",\"breadcrumb\":{\"@id\":\"https:\/\/www.padreydecano.com\/cms\/penas\/la-pena-de-colonia-tiene-radio-propia\/#breadcrumb\"},\"inLanguage\":\"es\",\"potentialAction\":[{\"@type\":\"ReadAction\",\"target\":[\"https:\/\/www.padreydecano.com\/cms\/penas\/la-pena-de-colonia-tiene-radio-propia\/\"]}]},{\"@type\":\"ImageObject\",\"inLanguage\":\"es\",\"@id\":\"https:\/\/www.padreydecano.com\/cms\/penas\/la-pena-de-colonia-tiene-radio-propia\/#primaryimage\",\"url\":\"https:\/\/www.padreydecano.com\/cms\/wp-content\/uploads\/2012\/08\/A-LO-PE\u00d1AROL-RADIO-FOTO-Copiar.jpg\",\"contentUrl\":\"https:\/\/www.padreydecano.com\/cms\/wp-content\/uploads\/2012\/08\/A-LO-PE\u00d1AROL-RADIO-FOTO-Copiar.jpg\",\"width\":\"594\",\"height\":\"480\"},{\"@type\":\"BreadcrumbList\",\"@id\":\"https:\/\/www.padreydecano.com\/cms\/penas\/la-pena-de-colonia-tiene-radio-propia\/#breadcrumb\",\"itemListElement\":[{\"@type\":\"ListItem\",\"position\":1,\"name\":\"Portada\",\"item\":\"https:\/\/www.padreydecano.com\/cms\/\"},{\"@type\":\"ListItem\",\"position\":2,\"name\":\"La Pe\u00f1a de Colonia tiene radio propia\"}]},{\"@type\":\"WebSite\",\"@id\":\"https:\/\/www.padreydecano.com\/cms\/#website\",\"url\":\"https:\/\/www.padreydecano.com\/cms\/\",\"name\":\"Padre y Decano - El Sitio del Pueblo\",\"description\":\"Club Atl\u00e9tico Pe\u00f1arol\",\"publisher\":{\"@id\":\"https:\/\/www.padreydecano.com\/cms\/#organization\"},\"potentialAction\":[{\"@type\":\"SearchAction\",\"target\":{\"@type\":\"EntryPoint\",\"urlTemplate\":\"https:\/\/www.padreydecano.com\/cms\/?s={search_term_string}\"},\"query-input\":\"required name=search_term_string\"}],\"inLanguage\":\"es\"},{\"@type\":\"Organization\",\"@id\":\"https:\/\/www.padreydecano.com\/cms\/#organization\",\"name\":\"Padre y Decano\",\"url\":\"https:\/\/www.padreydecano.com\/cms\/\",\"logo\":{\"@type\":\"ImageObject\",\"inLanguage\":\"es\",\"@id\":\"https:\/\/www.padreydecano.com\/cms\/#\/schema\/logo\/image\/\",\"url\":\"https:\/\/www.padreydecano.com\/cms\/wp-content\/uploads\/2022\/01\/avatar-square.png\",\"contentUrl\":\"https:\/\/www.padreydecano.com\/cms\/wp-content\/uploads\/2022\/01\/avatar-square.png\",\"width\":1500,\"height\":1500,\"caption\":\"Padre y Decano\"},\"image\":{\"@id\":\"https:\/\/www.padreydecano.com\/cms\/#\/schema\/logo\/image\/\"}},{\"@type\":\"Person\",\"@id\":\"https:\/\/www.padreydecano.com\/cms\/#\/schema\/person\/1376f1ec91158cca7aeef6d2109f929d\",\"name\":\"fishoapyd\",\"image\":{\"@type\":\"ImageObject\",\"inLanguage\":\"es\",\"@id\":\"https:\/\/www.padreydecano.com\/cms\/#\/schema\/person\/image\/\",\"url\":\"https:\/\/www.padreydecano.com\/cms\/wp-content\/uploads\/2022\/12\/avatar-square-1.png\",\"contentUrl\":\"https:\/\/www.padreydecano.com\/cms\/wp-content\/uploads\/2022\/12\/avatar-square-1.png\",\"caption\":\"fishoapyd\"},\"sameAs\":[\"http:\/\/www.padreydecano.com\"]}]}<\/script>\n<!-- \/ Yoast SEO plugin. -->","yoast_head_json":{"title":"La Pe\u00f1a de Colonia tiene radio propia - Padre y Decano - El Sitio del Pueblo","robots":{"index":"index","follow":"follow","max-snippet":"max-snippet:-1","max-image-preview":"max-image-preview:large","max-video-preview":"max-video-preview:-1"},"canonical":"https:\/\/www.padreydecano.com\/cms\/penas\/la-pena-de-colonia-tiene-radio-propia\/","og_locale":"es_ES","og_type":"article","og_title":"La Pe\u00f1a de Colonia tiene radio propia - Padre y Decano - El Sitio del Pueblo","og_description":"Las Pe\u00f1as tambi\u00e9n llevan a cabo grandes emprendimientos como lo es tener una radio propia. En marzo la Pe\u00f1a de Rosario inaugur\u00f3 su radio, en abril lo hizo la Pe\u00f1a de Minas\u00a0y en esta oportunidad quienes se suman a esta espectacular idea es la Pe\u00f1a de Colonia. Dialogamos con Alfredo Paulsen, presidente de dicha Pe\u00f1a: [&hellip;]","og_url":"https:\/\/www.padreydecano.com\/cms\/penas\/la-pena-de-colonia-tiene-radio-propia\/","og_site_name":"Padre y Decano - El Sitio del Pueblo","article_published_time":"2012-08-30T15:15:20+00:00","og_image":[{"width":594,"height":480,"url":"https:\/\/www.padreydecano.com\/cms\/wp-content\/uploads\/2012\/08\/A-LO-PE\u00d1AROL-RADIO-FOTO-Copiar.jpg","type":"image\/jpeg"}],"author":"fishoapyd","twitter_card":"summary_large_image","twitter_misc":{"Escrito por":"fishoapyd","Tiempo de lectura":"2 minutos"},"schema":{"@context":"https:\/\/schema.org","@graph":[{"@type":"Article","@id":"https:\/\/www.padreydecano.com\/cms\/penas\/la-pena-de-colonia-tiene-radio-propia\/#article","isPartOf":{"@id":"https:\/\/www.padreydecano.com\/cms\/penas\/la-pena-de-colonia-tiene-radio-propia\/"},"author":{"name":"fishoapyd","@id":"https:\/\/www.padreydecano.com\/cms\/#\/schema\/person\/1376f1ec91158cca7aeef6d2109f929d"},"headline":"La Pe\u00f1a de Colonia tiene radio propia","datePublished":"2012-08-30T15:15:20+00:00","dateModified":"2012-08-30T15:15:20+00:00","mainEntityOfPage":{"@id":"https:\/\/www.padreydecano.com\/cms\/penas\/la-pena-de-colonia-tiene-radio-propia\/"},"wordCount":472,"commentCount":3,"publisher":{"@id":"https:\/\/www.padreydecano.com\/cms\/#organization"},"image":{"@id":"https:\/\/www.padreydecano.com\/cms\/penas\/la-pena-de-colonia-tiene-radio-propia\/#primaryimage"},"thumbnailUrl":"https:\/\/www.padreydecano.com\/cms\/wp-content\/uploads\/2012\/08\/A-LO-PE\u00d1AROL-RADIO-FOTO-Copiar.jpg","articleSection":["Pe\u00f1as"],"inLanguage":"es","potentialAction":[{"@type":"CommentAction","name":"Comment","target":["https:\/\/www.padreydecano.com\/cms\/penas\/la-pena-de-colonia-tiene-radio-propia\/#respond"]}]},{"@type":"WebPage","@id":"https:\/\/www.padreydecano.com\/cms\/penas\/la-pena-de-colonia-tiene-radio-propia\/","url":"https:\/\/www.padreydecano.com\/cms\/penas\/la-pena-de-colonia-tiene-radio-propia\/","name":"La Pe\u00f1a de Colonia tiene radio propia - Padre y Decano - El Sitio del Pueblo","isPartOf":{"@id":"https:\/\/www.padreydecano.com\/cms\/#website"},"primaryImageOfPage":{"@id":"https:\/\/www.padreydecano.com\/cms\/penas\/la-pena-de-colonia-tiene-radio-propia\/#primaryimage"},"image":{"@id":"https:\/\/www.padreydecano.com\/cms\/penas\/la-pena-de-colonia-tiene-radio-propia\/#primaryimage"},"thumbnailUrl":"https:\/\/www.padreydecano.com\/cms\/wp-content\/uploads\/2012\/08\/A-LO-PE\u00d1AROL-RADIO-FOTO-Copiar.jpg","datePublished":"2012-08-30T15:15:20+00:00","dateModified":"2012-08-30T15:15:20+00:00","breadcrumb":{"@id":"https:\/\/www.padreydecano.com\/cms\/penas\/la-pena-de-colonia-tiene-radio-propia\/#breadcrumb"},"inLanguage":"es","potentialAction":[{"@type":"ReadAction","target":["https:\/\/www.padreydecano.com\/cms\/penas\/la-pena-de-colonia-tiene-radio-propia\/"]}]},{"@type":"ImageObject","inLanguage":"es","@id":"https:\/\/www.padreydecano.com\/cms\/penas\/la-pena-de-colonia-tiene-radio-propia\/#primaryimage","url":"https:\/\/www.padreydecano.com\/cms\/wp-content\/uploads\/2012\/08\/A-LO-PE\u00d1AROL-RADIO-FOTO-Copiar.jpg","contentUrl":"https:\/\/www.padreydecano.com\/cms\/wp-content\/uploads\/2012\/08\/A-LO-PE\u00d1AROL-RADIO-FOTO-Copiar.jpg","width":"594","height":"480"},{"@type":"BreadcrumbList","@id":"https:\/\/www.padreydecano.com\/cms\/penas\/la-pena-de-colonia-tiene-radio-propia\/#breadcrumb","itemListElement":[{"@type":"ListItem","position":1,"name":"Portada","item":"https:\/\/www.padreydecano.com\/cms\/"},{"@type":"ListItem","position":2,"name":"La Pe\u00f1a de Colonia tiene radio propia"}]},{"@type":"WebSite","@id":"https:\/\/www.padreydecano.com\/cms\/#website","url":"https:\/\/www.padreydecano.com\/cms\/","name":"Padre y Decano - El Sitio del Pueblo","description":"Club Atl\u00e9tico Pe\u00f1arol","publisher":{"@id":"https:\/\/www.padreydecano.com\/cms\/#organization"},"potentialAction":[{"@type":"SearchAction","target":{"@type":"EntryPoint","urlTemplate":"https:\/\/www.padreydecano.com\/cms\/?s={search_term_string}"},"query-input":"required name=search_term_string"}],"inLanguage":"es"},{"@type":"Organization","@id":"https:\/\/www.padreydecano.com\/cms\/#organization","name":"Padre y Decano","url":"https:\/\/www.padreydecano.com\/cms\/","logo":{"@type":"ImageObject","inLanguage":"es","@id":"https:\/\/www.padreydecano.com\/cms\/#\/schema\/logo\/image\/","url":"https:\/\/www.padreydecano.com\/cms\/wp-content\/uploads\/2022\/01\/avatar-square.png","contentUrl":"https:\/\/www.padreydecano.com\/cms\/wp-content\/uploads\/2022\/01\/avatar-square.png","width":1500,"height":1500,"caption":"Padre y Decano"},"image":{"@id":"https:\/\/www.padreydecano.com\/cms\/#\/schema\/logo\/image\/"}},{"@type":"Person","@id":"https:\/\/www.padreydecano.com\/cms\/#\/schema\/person\/1376f1ec91158cca7aeef6d2109f929d","name":"fishoapyd","image":{"@type":"ImageObject","inLanguage":"es","@id":"https:\/\/www.padreydecano.com\/cms\/#\/schema\/person\/image\/","url":"https:\/\/www.padreydecano.com\/cms\/wp-content\/uploads\/2022\/12\/avatar-square-1.png","contentUrl":"https:\/\/www.padreydecano.com\/cms\/wp-content\/uploads\/2022\/12\/avatar-square-1.png","caption":"fishoapyd"},"sameAs":["http:\/\/www.padreydecano.com"]}]}},"_links":{"self":[{"href":"https:\/\/www.padreydecano.com\/cms\/wp-json\/wp\/v2\/posts\/29214"}],"collection":[{"href":"https:\/\/www.padreydecano.com\/cms\/wp-json\/wp\/v2\/posts"}],"about":[{"href":"https:\/\/www.padreydecano.com\/cms\/wp-json\/wp\/v2\/types\/post"}],"author":[{"embeddable":true,"href":"https:\/\/www.padreydecano.com\/cms\/wp-json\/wp\/v2\/users\/10"}],"replies":[{"embeddable":true,"href":"https:\/\/www.padreydecano.com\/cms\/wp-json\/wp\/v2\/comments?post=29214"}],"version-history":[{"count":0,"href":"https:\/\/www.padreydecano.com\/cms\/wp-json\/wp\/v2\/posts\/29214\/revisions"}],"wp:featuredmedia":[{"embeddable":true,"href":"https:\/\/www.padreydecano.com\/cms\/wp-json\/wp\/v2\/media\/29218"}],"wp:attachment":[{"href":"https:\/\/www.padreydecano.com\/cms\/wp-json\/wp\/v2\/media?parent=29214"}],"wp:term":[{"taxonomy":"category","embeddable":true,"href":"https:\/\/www.padreydecano.com\/cms\/wp-json\/wp\/v2\/categories?post=29214"},{"taxonomy":"post_tag","embeddable":true,"href":"https:\/\/www.padreydecano.com\/cms\/wp-json\/wp\/v2\/tags?post=29214"}],"curies":[{"name":"wp","href":"https:\/\/api.w.org\/{rel}","templated":true}]}}