{"id":29213,"date":"2012-08-30T09:00:22","date_gmt":"2012-08-30T12:00:22","guid":{"rendered":"http:\/\/www.padreydecano.com\/cms\/?p=29213"},"modified":"2012-08-29T18:19:49","modified_gmt":"2012-08-29T21:19:49","slug":"120%e2%80%b3-visita-varias-ciudades","status":"publish","type":"post","link":"https:\/\/www.padreydecano.com\/cms\/noticias\/120%e2%80%b3-visita-varias-ciudades\/","title":{"rendered":"\u00ab120\u2033 visita varias ciudades"},"content":{"rendered":"<p style=\"text-align: justify;\"><a href=\"https:\/\/www.padreydecano.com\/cms\/wp-content\/uploads\/2012\/06\/Afiche-120.jpg\" rel=\"shadowbox[sbpost-29213];player=img;\"><img loading=\"lazy\" decoding=\"async\" class=\"alignright size-medium wp-image-25211\" src=\"https:\/\/www.padreydecano.com\/cms\/wp-content\/uploads\/2012\/06\/Afiche-120-212x300.jpg\" alt=\"\" width=\"212\" height=\"300\" srcset=\"https:\/\/www.padreydecano.com\/cms\/wp-content\/uploads\/2012\/06\/Afiche-120-212x300.jpg 212w, https:\/\/www.padreydecano.com\/cms\/wp-content\/uploads\/2012\/06\/Afiche-120.jpg 679w\" sizes=\"(max-width: 212px) 100vw, 212px\" \/><\/a><a href=\"https:\/\/www.padreydecano.com\/cms\/tag\/pelicula-120\" target=\"_blank\">\u00ab120. Ser\u00e1s eterno como el tiempo\u00bb<\/a> sigue recorriendo el interior del pa\u00eds y ya hay varias ciudades confirmadas donde se exhibir\u00e1 el film que <strong>repasa los 120 a\u00f1os de historia del Club Atl\u00e9tico Pe\u00f1arol<\/strong>. \u00a0A su vez, la\u00a0pel\u00edcula\u00a0sigue en cartelera <strong>en salas de Life Cinema y Movie Center de Montevideo.<\/strong><\/p>\n<p style=\"text-align: justify;\"><span style=\"color: #ffcc02;\"><strong>A continuacion compartimos las fechas de las ciudades del interior donde la\u00a0podr\u00e1n\u00a0ver:<\/strong><\/span><\/p>\n<ul>\n<li><strong>Tacuaremb\u00f3:<\/strong> 31\/08 al 02\/09.<\/li>\n<li><strong>Florida:<\/strong> 31\/08 al 02\/09.<\/li>\n<li><strong>Mercedes:<\/strong> 31\/08 y 02\/09.<\/li>\n<li><strong>Artigas:<\/strong> 01\/09.<\/li>\n<li><strong>Dolores:<\/strong> 01\/09.<\/li>\n<li><strong>Melo:<\/strong> 07\/09\u00a0 al 09\/09.<\/li>\n<li><strong>Fray Bentos:<\/strong> 08\/09 al 09\/09 (2\u00ba exhibici\u00f3n).<\/li>\n<li><strong>Rocha:<\/strong> 12\/09 al 13\/09 (si es necesaria alguna funci\u00f3n adicional).<\/li>\n<li><strong>Young:<\/strong> 15\/09 al 16\/09.<\/li>\n<li><strong>Santa Luc\u00eda:<\/strong> 15\/09 al 16\/09.<\/li>\n<li><strong>Nueva Palmira:<\/strong> 27\/09.<\/li>\n<li><strong>Libertad (San Jos\u00e9):<\/strong> 28\/09.<\/li>\n<\/ul>\n<p style=\"text-align: justify;\">Desde la producci\u00f3n de la\u00a0pel\u00edcula\u00a0nos informan que\u00a0est\u00e1n\u00a0trabajando para poder <strong>confirmar fechas en Treinta y Tres, Guich\u00f3n, La Paz y Las Piedras. \u00a0Por consultas de horarios y precios dirigirse a su cine local.<\/strong><\/p>\n<p style=\"text-align: justify;\">Trailer oficial de <strong>\u00ab120. Ser\u00e1s eterno como el tiempo\u00bb.<\/strong><\/p>\n<div align=\"center\">\n<table class=\"video\" width=\"528\">\n<tbody>\n<tr>\n<td><iframe loading=\"lazy\" src=\"http:\/\/www.youtube.com\/embed\/x3e6fLLevkc\" frameborder=\"0\" width=\"560\" height=\"315\"><\/iframe><\/td>\n<\/tr>\n<\/tbody>\n<\/table>\n<\/div>\n","protected":false},"excerpt":{"rendered":"<p>\u00ab120. Ser\u00e1s eterno como el tiempo\u00bb sigue recorriendo el interior del pa\u00eds y ya hay varias ciudades confirmadas donde se exhibir\u00e1 el film que repasa los 120 a\u00f1os de historia del Club Atl\u00e9tico Pe\u00f1arol. \u00a0A su vez, la\u00a0pel\u00edcula\u00a0sigue en cartelera en salas de Life Cinema y Movie Center de Montevideo. A continuacion compartimos las fechas [&hellip;]<\/p>\n","protected":false},"author":16,"featured_media":25211,"comment_status":"open","ping_status":"closed","sticky":false,"template":"","format":"standard","meta":{"footnotes":""},"categories":[1],"tags":[],"yoast_head":"<!-- This site is optimized with the Yoast SEO plugin v23.2 - https:\/\/yoast.com\/wordpress\/plugins\/seo\/ -->\n<title>&quot;120\u2033 visita varias ciudades - Padre y Decano - El Sitio del Pueblo<\/title>\n<meta name=\"robots\" content=\"index, follow, max-snippet:-1, max-image-preview:large, max-video-preview:-1\" \/>\n<link rel=\"canonical\" href=\"https:\/\/www.padreydecano.com\/cms\/noticias\/120\u2033-visita-varias-ciudades\/\" \/>\n<meta property=\"og:locale\" content=\"es_ES\" \/>\n<meta property=\"og:type\" content=\"article\" \/>\n<meta property=\"og:title\" content=\"&quot;120\u2033 visita varias ciudades - Padre y Decano - El Sitio del Pueblo\" \/>\n<meta property=\"og:description\" content=\"\u00ab120. Ser\u00e1s eterno como el tiempo\u00bb sigue recorriendo el interior del pa\u00eds y ya hay varias ciudades confirmadas donde se exhibir\u00e1 el film que repasa los 120 a\u00f1os de historia del Club Atl\u00e9tico Pe\u00f1arol. \u00a0A su vez, la\u00a0pel\u00edcula\u00a0sigue en cartelera en salas de Life Cinema y Movie Center de Montevideo. A continuacion compartimos las fechas [&hellip;]\" \/>\n<meta property=\"og:url\" content=\"https:\/\/www.padreydecano.com\/cms\/noticias\/120\u2033-visita-varias-ciudades\/\" \/>\n<meta property=\"og:site_name\" content=\"Padre y Decano - El Sitio del Pueblo\" \/>\n<meta property=\"article:published_time\" content=\"2012-08-30T12:00:22+00:00\" \/>\n<meta property=\"article:modified_time\" content=\"2012-08-29T21:19:49+00:00\" \/>\n<meta property=\"og:image\" content=\"https:\/\/www.padreydecano.com\/cms\/wp-content\/uploads\/2012\/06\/Afiche-120.jpg\" \/>\n\t<meta property=\"og:image:width\" content=\"679\" \/>\n\t<meta property=\"og:image:height\" content=\"960\" \/>\n\t<meta property=\"og:image:type\" content=\"image\/jpeg\" \/>\n<meta name=\"author\" content=\"mariano\" \/>\n<meta name=\"twitter:card\" content=\"summary_large_image\" \/>\n<meta name=\"twitter:label1\" content=\"Escrito por\" \/>\n\t<meta name=\"twitter:data1\" content=\"mariano\" \/>\n\t<meta name=\"twitter:label2\" content=\"Tiempo de lectura\" \/>\n\t<meta name=\"twitter:data2\" content=\"1 minuto\" \/>\n<script type=\"application\/ld+json\" class=\"yoast-schema-graph\">{\"@context\":\"https:\/\/schema.org\",\"@graph\":[{\"@type\":\"Article\",\"@id\":\"https:\/\/www.padreydecano.com\/cms\/noticias\/120%e2%80%b3-visita-varias-ciudades\/#article\",\"isPartOf\":{\"@id\":\"https:\/\/www.padreydecano.com\/cms\/noticias\/120%e2%80%b3-visita-varias-ciudades\/\"},\"author\":{\"name\":\"mariano\",\"@id\":\"https:\/\/www.padreydecano.com\/cms\/#\/schema\/person\/da0f0e72c91242bc7c270c61c9798d01\"},\"headline\":\"\u00ab120\u2033 visita varias ciudades\",\"datePublished\":\"2012-08-30T12:00:22+00:00\",\"dateModified\":\"2012-08-29T21:19:49+00:00\",\"mainEntityOfPage\":{\"@id\":\"https:\/\/www.padreydecano.com\/cms\/noticias\/120%e2%80%b3-visita-varias-ciudades\/\"},\"wordCount\":158,\"commentCount\":1,\"publisher\":{\"@id\":\"https:\/\/www.padreydecano.com\/cms\/#organization\"},\"image\":{\"@id\":\"https:\/\/www.padreydecano.com\/cms\/noticias\/120%e2%80%b3-visita-varias-ciudades\/#primaryimage\"},\"thumbnailUrl\":\"https:\/\/www.padreydecano.com\/cms\/wp-content\/uploads\/2012\/06\/Afiche-120.jpg\",\"articleSection\":[\"Noticias\"],\"inLanguage\":\"es\",\"potentialAction\":[{\"@type\":\"CommentAction\",\"name\":\"Comment\",\"target\":[\"https:\/\/www.padreydecano.com\/cms\/noticias\/120%e2%80%b3-visita-varias-ciudades\/#respond\"]}]},{\"@type\":\"WebPage\",\"@id\":\"https:\/\/www.padreydecano.com\/cms\/noticias\/120%e2%80%b3-visita-varias-ciudades\/\",\"url\":\"https:\/\/www.padreydecano.com\/cms\/noticias\/120%e2%80%b3-visita-varias-ciudades\/\",\"name\":\"\\\"120\u2033 visita varias ciudades - Padre y Decano - El Sitio del Pueblo\",\"isPartOf\":{\"@id\":\"https:\/\/www.padreydecano.com\/cms\/#website\"},\"primaryImageOfPage\":{\"@id\":\"https:\/\/www.padreydecano.com\/cms\/noticias\/120%e2%80%b3-visita-varias-ciudades\/#primaryimage\"},\"image\":{\"@id\":\"https:\/\/www.padreydecano.com\/cms\/noticias\/120%e2%80%b3-visita-varias-ciudades\/#primaryimage\"},\"thumbnailUrl\":\"https:\/\/www.padreydecano.com\/cms\/wp-content\/uploads\/2012\/06\/Afiche-120.jpg\",\"datePublished\":\"2012-08-30T12:00:22+00:00\",\"dateModified\":\"2012-08-29T21:19:49+00:00\",\"breadcrumb\":{\"@id\":\"https:\/\/www.padreydecano.com\/cms\/noticias\/120%e2%80%b3-visita-varias-ciudades\/#breadcrumb\"},\"inLanguage\":\"es\",\"potentialAction\":[{\"@type\":\"ReadAction\",\"target\":[\"https:\/\/www.padreydecano.com\/cms\/noticias\/120%e2%80%b3-visita-varias-ciudades\/\"]}]},{\"@type\":\"ImageObject\",\"inLanguage\":\"es\",\"@id\":\"https:\/\/www.padreydecano.com\/cms\/noticias\/120%e2%80%b3-visita-varias-ciudades\/#primaryimage\",\"url\":\"https:\/\/www.padreydecano.com\/cms\/wp-content\/uploads\/2012\/06\/Afiche-120.jpg\",\"contentUrl\":\"https:\/\/www.padreydecano.com\/cms\/wp-content\/uploads\/2012\/06\/Afiche-120.jpg\",\"width\":\"679\",\"height\":\"960\"},{\"@type\":\"BreadcrumbList\",\"@id\":\"https:\/\/www.padreydecano.com\/cms\/noticias\/120%e2%80%b3-visita-varias-ciudades\/#breadcrumb\",\"itemListElement\":[{\"@type\":\"ListItem\",\"position\":1,\"name\":\"Portada\",\"item\":\"https:\/\/www.padreydecano.com\/cms\/\"},{\"@type\":\"ListItem\",\"position\":2,\"name\":\"\u00ab120\u2033 visita varias ciudades\"}]},{\"@type\":\"WebSite\",\"@id\":\"https:\/\/www.padreydecano.com\/cms\/#website\",\"url\":\"https:\/\/www.padreydecano.com\/cms\/\",\"name\":\"Padre y Decano - El Sitio del Pueblo\",\"description\":\"Club Atl\u00e9tico Pe\u00f1arol\",\"publisher\":{\"@id\":\"https:\/\/www.padreydecano.com\/cms\/#organization\"},\"potentialAction\":[{\"@type\":\"SearchAction\",\"target\":{\"@type\":\"EntryPoint\",\"urlTemplate\":\"https:\/\/www.padreydecano.com\/cms\/?s={search_term_string}\"},\"query-input\":\"required name=search_term_string\"}],\"inLanguage\":\"es\"},{\"@type\":\"Organization\",\"@id\":\"https:\/\/www.padreydecano.com\/cms\/#organization\",\"name\":\"Padre y Decano\",\"url\":\"https:\/\/www.padreydecano.com\/cms\/\",\"logo\":{\"@type\":\"ImageObject\",\"inLanguage\":\"es\",\"@id\":\"https:\/\/www.padreydecano.com\/cms\/#\/schema\/logo\/image\/\",\"url\":\"https:\/\/www.padreydecano.com\/cms\/wp-content\/uploads\/2022\/01\/avatar-square.png\",\"contentUrl\":\"https:\/\/www.padreydecano.com\/cms\/wp-content\/uploads\/2022\/01\/avatar-square.png\",\"width\":1500,\"height\":1500,\"caption\":\"Padre y Decano\"},\"image\":{\"@id\":\"https:\/\/www.padreydecano.com\/cms\/#\/schema\/logo\/image\/\"}},{\"@type\":\"Person\",\"@id\":\"https:\/\/www.padreydecano.com\/cms\/#\/schema\/person\/da0f0e72c91242bc7c270c61c9798d01\",\"name\":\"mariano\",\"image\":{\"@type\":\"ImageObject\",\"inLanguage\":\"es\",\"@id\":\"https:\/\/www.padreydecano.com\/cms\/#\/schema\/person\/image\/\",\"url\":\"https:\/\/secure.gravatar.com\/avatar\/771335714915d00ec253a5e994c2f830?s=96&d=https%3A%2F%2Fpadreydecano.com%2Fcms%2Fwp-content%2Fthemes%2Fpyd-theme%2Fimg%2Fdefault-avatar.png&r=g\",\"contentUrl\":\"https:\/\/secure.gravatar.com\/avatar\/771335714915d00ec253a5e994c2f830?s=96&d=https%3A%2F%2Fpadreydecano.com%2Fcms%2Fwp-content%2Fthemes%2Fpyd-theme%2Fimg%2Fdefault-avatar.png&r=g\",\"caption\":\"mariano\"}}]}<\/script>\n<!-- \/ Yoast SEO plugin. -->","yoast_head_json":{"title":"\"120\u2033 visita varias ciudades - Padre y Decano - El Sitio del Pueblo","robots":{"index":"index","follow":"follow","max-snippet":"max-snippet:-1","max-image-preview":"max-image-preview:large","max-video-preview":"max-video-preview:-1"},"canonical":"https:\/\/www.padreydecano.com\/cms\/noticias\/120\u2033-visita-varias-ciudades\/","og_locale":"es_ES","og_type":"article","og_title":"\"120\u2033 visita varias ciudades - Padre y Decano - El Sitio del Pueblo","og_description":"\u00ab120. Ser\u00e1s eterno como el tiempo\u00bb sigue recorriendo el interior del pa\u00eds y ya hay varias ciudades confirmadas donde se exhibir\u00e1 el film que repasa los 120 a\u00f1os de historia del Club Atl\u00e9tico Pe\u00f1arol. \u00a0A su vez, la\u00a0pel\u00edcula\u00a0sigue en cartelera en salas de Life Cinema y Movie Center de Montevideo. A continuacion compartimos las fechas [&hellip;]","og_url":"https:\/\/www.padreydecano.com\/cms\/noticias\/120\u2033-visita-varias-ciudades\/","og_site_name":"Padre y Decano - El Sitio del Pueblo","article_published_time":"2012-08-30T12:00:22+00:00","article_modified_time":"2012-08-29T21:19:49+00:00","og_image":[{"width":679,"height":960,"url":"https:\/\/www.padreydecano.com\/cms\/wp-content\/uploads\/2012\/06\/Afiche-120.jpg","type":"image\/jpeg"}],"author":"mariano","twitter_card":"summary_large_image","twitter_misc":{"Escrito por":"mariano","Tiempo de lectura":"1 minuto"},"schema":{"@context":"https:\/\/schema.org","@graph":[{"@type":"Article","@id":"https:\/\/www.padreydecano.com\/cms\/noticias\/120%e2%80%b3-visita-varias-ciudades\/#article","isPartOf":{"@id":"https:\/\/www.padreydecano.com\/cms\/noticias\/120%e2%80%b3-visita-varias-ciudades\/"},"author":{"name":"mariano","@id":"https:\/\/www.padreydecano.com\/cms\/#\/schema\/person\/da0f0e72c91242bc7c270c61c9798d01"},"headline":"\u00ab120\u2033 visita varias ciudades","datePublished":"2012-08-30T12:00:22+00:00","dateModified":"2012-08-29T21:19:49+00:00","mainEntityOfPage":{"@id":"https:\/\/www.padreydecano.com\/cms\/noticias\/120%e2%80%b3-visita-varias-ciudades\/"},"wordCount":158,"commentCount":1,"publisher":{"@id":"https:\/\/www.padreydecano.com\/cms\/#organization"},"image":{"@id":"https:\/\/www.padreydecano.com\/cms\/noticias\/120%e2%80%b3-visita-varias-ciudades\/#primaryimage"},"thumbnailUrl":"https:\/\/www.padreydecano.com\/cms\/wp-content\/uploads\/2012\/06\/Afiche-120.jpg","articleSection":["Noticias"],"inLanguage":"es","potentialAction":[{"@type":"CommentAction","name":"Comment","target":["https:\/\/www.padreydecano.com\/cms\/noticias\/120%e2%80%b3-visita-varias-ciudades\/#respond"]}]},{"@type":"WebPage","@id":"https:\/\/www.padreydecano.com\/cms\/noticias\/120%e2%80%b3-visita-varias-ciudades\/","url":"https:\/\/www.padreydecano.com\/cms\/noticias\/120%e2%80%b3-visita-varias-ciudades\/","name":"\"120\u2033 visita varias ciudades - Padre y Decano - El Sitio del Pueblo","isPartOf":{"@id":"https:\/\/www.padreydecano.com\/cms\/#website"},"primaryImageOfPage":{"@id":"https:\/\/www.padreydecano.com\/cms\/noticias\/120%e2%80%b3-visita-varias-ciudades\/#primaryimage"},"image":{"@id":"https:\/\/www.padreydecano.com\/cms\/noticias\/120%e2%80%b3-visita-varias-ciudades\/#primaryimage"},"thumbnailUrl":"https:\/\/www.padreydecano.com\/cms\/wp-content\/uploads\/2012\/06\/Afiche-120.jpg","datePublished":"2012-08-30T12:00:22+00:00","dateModified":"2012-08-29T21:19:49+00:00","breadcrumb":{"@id":"https:\/\/www.padreydecano.com\/cms\/noticias\/120%e2%80%b3-visita-varias-ciudades\/#breadcrumb"},"inLanguage":"es","potentialAction":[{"@type":"ReadAction","target":["https:\/\/www.padreydecano.com\/cms\/noticias\/120%e2%80%b3-visita-varias-ciudades\/"]}]},{"@type":"ImageObject","inLanguage":"es","@id":"https:\/\/www.padreydecano.com\/cms\/noticias\/120%e2%80%b3-visita-varias-ciudades\/#primaryimage","url":"https:\/\/www.padreydecano.com\/cms\/wp-content\/uploads\/2012\/06\/Afiche-120.jpg","contentUrl":"https:\/\/www.padreydecano.com\/cms\/wp-content\/uploads\/2012\/06\/Afiche-120.jpg","width":"679","height":"960"},{"@type":"BreadcrumbList","@id":"https:\/\/www.padreydecano.com\/cms\/noticias\/120%e2%80%b3-visita-varias-ciudades\/#breadcrumb","itemListElement":[{"@type":"ListItem","position":1,"name":"Portada","item":"https:\/\/www.padreydecano.com\/cms\/"},{"@type":"ListItem","position":2,"name":"\u00ab120\u2033 visita varias ciudades"}]},{"@type":"WebSite","@id":"https:\/\/www.padreydecano.com\/cms\/#website","url":"https:\/\/www.padreydecano.com\/cms\/","name":"Padre y Decano - El Sitio del Pueblo","description":"Club Atl\u00e9tico Pe\u00f1arol","publisher":{"@id":"https:\/\/www.padreydecano.com\/cms\/#organization"},"potentialAction":[{"@type":"SearchAction","target":{"@type":"EntryPoint","urlTemplate":"https:\/\/www.padreydecano.com\/cms\/?s={search_term_string}"},"query-input":"required name=search_term_string"}],"inLanguage":"es"},{"@type":"Organization","@id":"https:\/\/www.padreydecano.com\/cms\/#organization","name":"Padre y Decano","url":"https:\/\/www.padreydecano.com\/cms\/","logo":{"@type":"ImageObject","inLanguage":"es","@id":"https:\/\/www.padreydecano.com\/cms\/#\/schema\/logo\/image\/","url":"https:\/\/www.padreydecano.com\/cms\/wp-content\/uploads\/2022\/01\/avatar-square.png","contentUrl":"https:\/\/www.padreydecano.com\/cms\/wp-content\/uploads\/2022\/01\/avatar-square.png","width":1500,"height":1500,"caption":"Padre y Decano"},"image":{"@id":"https:\/\/www.padreydecano.com\/cms\/#\/schema\/logo\/image\/"}},{"@type":"Person","@id":"https:\/\/www.padreydecano.com\/cms\/#\/schema\/person\/da0f0e72c91242bc7c270c61c9798d01","name":"mariano","image":{"@type":"ImageObject","inLanguage":"es","@id":"https:\/\/www.padreydecano.com\/cms\/#\/schema\/person\/image\/","url":"https:\/\/secure.gravatar.com\/avatar\/771335714915d00ec253a5e994c2f830?s=96&d=https%3A%2F%2Fpadreydecano.com%2Fcms%2Fwp-content%2Fthemes%2Fpyd-theme%2Fimg%2Fdefault-avatar.png&r=g","contentUrl":"https:\/\/secure.gravatar.com\/avatar\/771335714915d00ec253a5e994c2f830?s=96&d=https%3A%2F%2Fpadreydecano.com%2Fcms%2Fwp-content%2Fthemes%2Fpyd-theme%2Fimg%2Fdefault-avatar.png&r=g","caption":"mariano"}}]}},"_links":{"self":[{"href":"https:\/\/www.padreydecano.com\/cms\/wp-json\/wp\/v2\/posts\/29213"}],"collection":[{"href":"https:\/\/www.padreydecano.com\/cms\/wp-json\/wp\/v2\/posts"}],"about":[{"href":"https:\/\/www.padreydecano.com\/cms\/wp-json\/wp\/v2\/types\/post"}],"author":[{"embeddable":true,"href":"https:\/\/www.padreydecano.com\/cms\/wp-json\/wp\/v2\/users\/16"}],"replies":[{"embeddable":true,"href":"https:\/\/www.padreydecano.com\/cms\/wp-json\/wp\/v2\/comments?post=29213"}],"version-history":[{"count":0,"href":"https:\/\/www.padreydecano.com\/cms\/wp-json\/wp\/v2\/posts\/29213\/revisions"}],"wp:featuredmedia":[{"embeddable":true,"href":"https:\/\/www.padreydecano.com\/cms\/wp-json\/wp\/v2\/media\/25211"}],"wp:attachment":[{"href":"https:\/\/www.padreydecano.com\/cms\/wp-json\/wp\/v2\/media?parent=29213"}],"wp:term":[{"taxonomy":"category","embeddable":true,"href":"https:\/\/www.padreydecano.com\/cms\/wp-json\/wp\/v2\/categories?post=29213"},{"taxonomy":"post_tag","embeddable":true,"href":"https:\/\/www.padreydecano.com\/cms\/wp-json\/wp\/v2\/tags?post=29213"}],"curies":[{"name":"wp","href":"https:\/\/api.w.org\/{rel}","templated":true}]}}