{"id":29210,"date":"2012-08-29T16:31:22","date_gmt":"2012-08-29T19:31:22","guid":{"rendered":"http:\/\/www.padreydecano.com\/cms\/?p=29210"},"modified":"2012-09-01T22:11:22","modified_gmt":"2012-09-02T01:11:22","slug":"gelpi-se-calzaria-los-guantes","status":"publish","type":"post","link":"https:\/\/www.padreydecano.com\/cms\/noticias\/gelpi-se-calzaria-los-guantes\/","title":{"rendered":"Gelpi se calzar\u00eda los guantes"},"content":{"rendered":"<p style=\"text-align: justify;\"><a href=\"https:\/\/www.padreydecano.com\/cms\/wp-content\/uploads\/2012\/04\/DSC_0477-Copiar.jpg\" rel=\"shadowbox[sbpost-29210];player=img;\"><img loading=\"lazy\" decoding=\"async\" class=\"alignright  wp-image-21059\" src=\"https:\/\/www.padreydecano.com\/cms\/wp-content\/uploads\/2012\/04\/DSC_0477-Copiar-300x198.jpg\" alt=\"\" width=\"240\" height=\"158\" srcset=\"https:\/\/www.padreydecano.com\/cms\/wp-content\/uploads\/2012\/04\/DSC_0477-Copiar-300x198.jpg 300w, https:\/\/www.padreydecano.com\/cms\/wp-content\/uploads\/2012\/04\/DSC_0477-Copiar.jpg 799w\" sizes=\"(max-width: 240px) 100vw, 240px\" \/><\/a>Debido a los problemas familiares en los que est\u00e1 envuelto el golero argentino Enrique Bologna (su hijo de 4 meses est\u00e1 mal de salud) que le impidieron concurrir a practicar en los \u00faltimos dos d\u00edas, Leandro Gelpi ocupar\u00eda su lugar en el arco. Ser\u00eda la vuelta al arco del juvenil tras el partido con Cerrito por la \u00faltima fecha del Clausura 2012, donde mantuvo la valla invicta y logramos la victoria por 1 a 0.<\/p>\n<p style=\"text-align: justify;\">El golero, que debut\u00f3 a nivel oficial el 30 de enero de este a\u00f1o por el Torneo Preparaci\u00f3n <a href=\"https:\/\/www.padreydecano.com\/cms\/partidos\/los-pibes-golearon-a-rentistas\/\" target=\"_blank\">frente a Rentistas<\/a>, lleva 15 partidos defendiendo el arco carbonero (4 por el preparaci\u00f3n, 10 por el Campeonato Uruguayo y 1 por Copa Libertadores) en los cuales recibi\u00f3 la suma de 13 goles.<\/p>\n","protected":false},"excerpt":{"rendered":"<p>Debido a los problemas familiares en los que est\u00e1 envuelto el golero argentino Enrique Bologna (su hijo de 4 meses est\u00e1 mal de salud) que le impidieron concurrir a practicar en los \u00faltimos dos d\u00edas, Leandro Gelpi ocupar\u00eda su lugar en el arco. Ser\u00eda la vuelta al arco del juvenil tras el partido con Cerrito [&hellip;]<\/p>\n","protected":false},"author":3,"featured_media":21059,"comment_status":"open","ping_status":"closed","sticky":false,"template":"","format":"standard","meta":{"footnotes":""},"categories":[1],"tags":[],"yoast_head":"<!-- This site is optimized with the Yoast SEO plugin v23.2 - https:\/\/yoast.com\/wordpress\/plugins\/seo\/ -->\n<title>Gelpi se calzar\u00eda los guantes - Padre y Decano - El Sitio del Pueblo<\/title>\n<meta name=\"robots\" content=\"index, follow, max-snippet:-1, max-image-preview:large, max-video-preview:-1\" \/>\n<link rel=\"canonical\" href=\"https:\/\/www.padreydecano.com\/cms\/noticias\/gelpi-se-calzaria-los-guantes\/\" \/>\n<meta property=\"og:locale\" content=\"es_ES\" \/>\n<meta property=\"og:type\" content=\"article\" \/>\n<meta property=\"og:title\" content=\"Gelpi se calzar\u00eda los guantes - Padre y Decano - El Sitio del Pueblo\" \/>\n<meta property=\"og:description\" content=\"Debido a los problemas familiares en los que est\u00e1 envuelto el golero argentino Enrique Bologna (su hijo de 4 meses est\u00e1 mal de salud) que le impidieron concurrir a practicar en los \u00faltimos dos d\u00edas, Leandro Gelpi ocupar\u00eda su lugar en el arco. Ser\u00eda la vuelta al arco del juvenil tras el partido con Cerrito [&hellip;]\" \/>\n<meta property=\"og:url\" content=\"https:\/\/www.padreydecano.com\/cms\/noticias\/gelpi-se-calzaria-los-guantes\/\" \/>\n<meta property=\"og:site_name\" content=\"Padre y Decano - El Sitio del Pueblo\" \/>\n<meta property=\"article:published_time\" content=\"2012-08-29T19:31:22+00:00\" \/>\n<meta property=\"article:modified_time\" content=\"2012-09-02T01:11:22+00:00\" \/>\n<meta property=\"og:image\" content=\"https:\/\/www.padreydecano.com\/cms\/wp-content\/uploads\/2012\/04\/DSC_0477-Copiar.jpg\" \/>\n\t<meta property=\"og:image:width\" content=\"799\" \/>\n\t<meta property=\"og:image:height\" content=\"530\" \/>\n\t<meta property=\"og:image:type\" content=\"image\/jpeg\" \/>\n<meta name=\"author\" content=\"1891\" \/>\n<meta name=\"twitter:card\" content=\"summary_large_image\" \/>\n<meta name=\"twitter:label1\" content=\"Escrito por\" \/>\n\t<meta name=\"twitter:data1\" content=\"1891\" \/>\n\t<meta name=\"twitter:label2\" content=\"Tiempo de lectura\" \/>\n\t<meta name=\"twitter:data2\" content=\"1 minuto\" \/>\n<script type=\"application\/ld+json\" class=\"yoast-schema-graph\">{\"@context\":\"https:\/\/schema.org\",\"@graph\":[{\"@type\":\"Article\",\"@id\":\"https:\/\/www.padreydecano.com\/cms\/noticias\/gelpi-se-calzaria-los-guantes\/#article\",\"isPartOf\":{\"@id\":\"https:\/\/www.padreydecano.com\/cms\/noticias\/gelpi-se-calzaria-los-guantes\/\"},\"author\":{\"name\":\"1891\",\"@id\":\"https:\/\/www.padreydecano.com\/cms\/#\/schema\/person\/5607c72c38a1537a151b24d1e67535e0\"},\"headline\":\"Gelpi se calzar\u00eda los guantes\",\"datePublished\":\"2012-08-29T19:31:22+00:00\",\"dateModified\":\"2012-09-02T01:11:22+00:00\",\"mainEntityOfPage\":{\"@id\":\"https:\/\/www.padreydecano.com\/cms\/noticias\/gelpi-se-calzaria-los-guantes\/\"},\"wordCount\":128,\"commentCount\":16,\"publisher\":{\"@id\":\"https:\/\/www.padreydecano.com\/cms\/#organization\"},\"image\":{\"@id\":\"https:\/\/www.padreydecano.com\/cms\/noticias\/gelpi-se-calzaria-los-guantes\/#primaryimage\"},\"thumbnailUrl\":\"https:\/\/www.padreydecano.com\/cms\/wp-content\/uploads\/2012\/04\/DSC_0477-Copiar.jpg\",\"articleSection\":[\"Noticias\"],\"inLanguage\":\"es\",\"potentialAction\":[{\"@type\":\"CommentAction\",\"name\":\"Comment\",\"target\":[\"https:\/\/www.padreydecano.com\/cms\/noticias\/gelpi-se-calzaria-los-guantes\/#respond\"]}]},{\"@type\":\"WebPage\",\"@id\":\"https:\/\/www.padreydecano.com\/cms\/noticias\/gelpi-se-calzaria-los-guantes\/\",\"url\":\"https:\/\/www.padreydecano.com\/cms\/noticias\/gelpi-se-calzaria-los-guantes\/\",\"name\":\"Gelpi se calzar\u00eda los guantes - Padre y Decano - El Sitio del Pueblo\",\"isPartOf\":{\"@id\":\"https:\/\/www.padreydecano.com\/cms\/#website\"},\"primaryImageOfPage\":{\"@id\":\"https:\/\/www.padreydecano.com\/cms\/noticias\/gelpi-se-calzaria-los-guantes\/#primaryimage\"},\"image\":{\"@id\":\"https:\/\/www.padreydecano.com\/cms\/noticias\/gelpi-se-calzaria-los-guantes\/#primaryimage\"},\"thumbnailUrl\":\"https:\/\/www.padreydecano.com\/cms\/wp-content\/uploads\/2012\/04\/DSC_0477-Copiar.jpg\",\"datePublished\":\"2012-08-29T19:31:22+00:00\",\"dateModified\":\"2012-09-02T01:11:22+00:00\",\"breadcrumb\":{\"@id\":\"https:\/\/www.padreydecano.com\/cms\/noticias\/gelpi-se-calzaria-los-guantes\/#breadcrumb\"},\"inLanguage\":\"es\",\"potentialAction\":[{\"@type\":\"ReadAction\",\"target\":[\"https:\/\/www.padreydecano.com\/cms\/noticias\/gelpi-se-calzaria-los-guantes\/\"]}]},{\"@type\":\"ImageObject\",\"inLanguage\":\"es\",\"@id\":\"https:\/\/www.padreydecano.com\/cms\/noticias\/gelpi-se-calzaria-los-guantes\/#primaryimage\",\"url\":\"https:\/\/www.padreydecano.com\/cms\/wp-content\/uploads\/2012\/04\/DSC_0477-Copiar.jpg\",\"contentUrl\":\"https:\/\/www.padreydecano.com\/cms\/wp-content\/uploads\/2012\/04\/DSC_0477-Copiar.jpg\",\"width\":\"799\",\"height\":\"530\"},{\"@type\":\"BreadcrumbList\",\"@id\":\"https:\/\/www.padreydecano.com\/cms\/noticias\/gelpi-se-calzaria-los-guantes\/#breadcrumb\",\"itemListElement\":[{\"@type\":\"ListItem\",\"position\":1,\"name\":\"Portada\",\"item\":\"https:\/\/www.padreydecano.com\/cms\/\"},{\"@type\":\"ListItem\",\"position\":2,\"name\":\"Gelpi se calzar\u00eda los guantes\"}]},{\"@type\":\"WebSite\",\"@id\":\"https:\/\/www.padreydecano.com\/cms\/#website\",\"url\":\"https:\/\/www.padreydecano.com\/cms\/\",\"name\":\"Padre y Decano - El Sitio del Pueblo\",\"description\":\"Club Atl\u00e9tico Pe\u00f1arol\",\"publisher\":{\"@id\":\"https:\/\/www.padreydecano.com\/cms\/#organization\"},\"potentialAction\":[{\"@type\":\"SearchAction\",\"target\":{\"@type\":\"EntryPoint\",\"urlTemplate\":\"https:\/\/www.padreydecano.com\/cms\/?s={search_term_string}\"},\"query-input\":\"required name=search_term_string\"}],\"inLanguage\":\"es\"},{\"@type\":\"Organization\",\"@id\":\"https:\/\/www.padreydecano.com\/cms\/#organization\",\"name\":\"Padre y Decano\",\"url\":\"https:\/\/www.padreydecano.com\/cms\/\",\"logo\":{\"@type\":\"ImageObject\",\"inLanguage\":\"es\",\"@id\":\"https:\/\/www.padreydecano.com\/cms\/#\/schema\/logo\/image\/\",\"url\":\"https:\/\/www.padreydecano.com\/cms\/wp-content\/uploads\/2022\/01\/avatar-square.png\",\"contentUrl\":\"https:\/\/www.padreydecano.com\/cms\/wp-content\/uploads\/2022\/01\/avatar-square.png\",\"width\":1500,\"height\":1500,\"caption\":\"Padre y Decano\"},\"image\":{\"@id\":\"https:\/\/www.padreydecano.com\/cms\/#\/schema\/logo\/image\/\"}},{\"@type\":\"Person\",\"@id\":\"https:\/\/www.padreydecano.com\/cms\/#\/schema\/person\/5607c72c38a1537a151b24d1e67535e0\",\"name\":\"1891\",\"image\":{\"@type\":\"ImageObject\",\"inLanguage\":\"es\",\"@id\":\"https:\/\/www.padreydecano.com\/cms\/#\/schema\/person\/image\/\",\"url\":\"https:\/\/secure.gravatar.com\/avatar\/29d4d1b0d523a21898e8cf9585d259d3?s=96&d=https%3A%2F%2Fpadreydecano.com%2Fcms%2Fwp-content%2Fthemes%2Fpyd-theme%2Fimg%2Fdefault-avatar.png&r=g\",\"contentUrl\":\"https:\/\/secure.gravatar.com\/avatar\/29d4d1b0d523a21898e8cf9585d259d3?s=96&d=https%3A%2F%2Fpadreydecano.com%2Fcms%2Fwp-content%2Fthemes%2Fpyd-theme%2Fimg%2Fdefault-avatar.png&r=g\",\"caption\":\"1891\"}}]}<\/script>\n<!-- \/ Yoast SEO plugin. -->","yoast_head_json":{"title":"Gelpi se calzar\u00eda los guantes - Padre y Decano - El Sitio del Pueblo","robots":{"index":"index","follow":"follow","max-snippet":"max-snippet:-1","max-image-preview":"max-image-preview:large","max-video-preview":"max-video-preview:-1"},"canonical":"https:\/\/www.padreydecano.com\/cms\/noticias\/gelpi-se-calzaria-los-guantes\/","og_locale":"es_ES","og_type":"article","og_title":"Gelpi se calzar\u00eda los guantes - Padre y Decano - El Sitio del Pueblo","og_description":"Debido a los problemas familiares en los que est\u00e1 envuelto el golero argentino Enrique Bologna (su hijo de 4 meses est\u00e1 mal de salud) que le impidieron concurrir a practicar en los \u00faltimos dos d\u00edas, Leandro Gelpi ocupar\u00eda su lugar en el arco. Ser\u00eda la vuelta al arco del juvenil tras el partido con Cerrito [&hellip;]","og_url":"https:\/\/www.padreydecano.com\/cms\/noticias\/gelpi-se-calzaria-los-guantes\/","og_site_name":"Padre y Decano - El Sitio del Pueblo","article_published_time":"2012-08-29T19:31:22+00:00","article_modified_time":"2012-09-02T01:11:22+00:00","og_image":[{"width":799,"height":530,"url":"https:\/\/www.padreydecano.com\/cms\/wp-content\/uploads\/2012\/04\/DSC_0477-Copiar.jpg","type":"image\/jpeg"}],"author":"1891","twitter_card":"summary_large_image","twitter_misc":{"Escrito por":"1891","Tiempo de lectura":"1 minuto"},"schema":{"@context":"https:\/\/schema.org","@graph":[{"@type":"Article","@id":"https:\/\/www.padreydecano.com\/cms\/noticias\/gelpi-se-calzaria-los-guantes\/#article","isPartOf":{"@id":"https:\/\/www.padreydecano.com\/cms\/noticias\/gelpi-se-calzaria-los-guantes\/"},"author":{"name":"1891","@id":"https:\/\/www.padreydecano.com\/cms\/#\/schema\/person\/5607c72c38a1537a151b24d1e67535e0"},"headline":"Gelpi se calzar\u00eda los guantes","datePublished":"2012-08-29T19:31:22+00:00","dateModified":"2012-09-02T01:11:22+00:00","mainEntityOfPage":{"@id":"https:\/\/www.padreydecano.com\/cms\/noticias\/gelpi-se-calzaria-los-guantes\/"},"wordCount":128,"commentCount":16,"publisher":{"@id":"https:\/\/www.padreydecano.com\/cms\/#organization"},"image":{"@id":"https:\/\/www.padreydecano.com\/cms\/noticias\/gelpi-se-calzaria-los-guantes\/#primaryimage"},"thumbnailUrl":"https:\/\/www.padreydecano.com\/cms\/wp-content\/uploads\/2012\/04\/DSC_0477-Copiar.jpg","articleSection":["Noticias"],"inLanguage":"es","potentialAction":[{"@type":"CommentAction","name":"Comment","target":["https:\/\/www.padreydecano.com\/cms\/noticias\/gelpi-se-calzaria-los-guantes\/#respond"]}]},{"@type":"WebPage","@id":"https:\/\/www.padreydecano.com\/cms\/noticias\/gelpi-se-calzaria-los-guantes\/","url":"https:\/\/www.padreydecano.com\/cms\/noticias\/gelpi-se-calzaria-los-guantes\/","name":"Gelpi se calzar\u00eda los guantes - Padre y Decano - El Sitio del Pueblo","isPartOf":{"@id":"https:\/\/www.padreydecano.com\/cms\/#website"},"primaryImageOfPage":{"@id":"https:\/\/www.padreydecano.com\/cms\/noticias\/gelpi-se-calzaria-los-guantes\/#primaryimage"},"image":{"@id":"https:\/\/www.padreydecano.com\/cms\/noticias\/gelpi-se-calzaria-los-guantes\/#primaryimage"},"thumbnailUrl":"https:\/\/www.padreydecano.com\/cms\/wp-content\/uploads\/2012\/04\/DSC_0477-Copiar.jpg","datePublished":"2012-08-29T19:31:22+00:00","dateModified":"2012-09-02T01:11:22+00:00","breadcrumb":{"@id":"https:\/\/www.padreydecano.com\/cms\/noticias\/gelpi-se-calzaria-los-guantes\/#breadcrumb"},"inLanguage":"es","potentialAction":[{"@type":"ReadAction","target":["https:\/\/www.padreydecano.com\/cms\/noticias\/gelpi-se-calzaria-los-guantes\/"]}]},{"@type":"ImageObject","inLanguage":"es","@id":"https:\/\/www.padreydecano.com\/cms\/noticias\/gelpi-se-calzaria-los-guantes\/#primaryimage","url":"https:\/\/www.padreydecano.com\/cms\/wp-content\/uploads\/2012\/04\/DSC_0477-Copiar.jpg","contentUrl":"https:\/\/www.padreydecano.com\/cms\/wp-content\/uploads\/2012\/04\/DSC_0477-Copiar.jpg","width":"799","height":"530"},{"@type":"BreadcrumbList","@id":"https:\/\/www.padreydecano.com\/cms\/noticias\/gelpi-se-calzaria-los-guantes\/#breadcrumb","itemListElement":[{"@type":"ListItem","position":1,"name":"Portada","item":"https:\/\/www.padreydecano.com\/cms\/"},{"@type":"ListItem","position":2,"name":"Gelpi se calzar\u00eda los guantes"}]},{"@type":"WebSite","@id":"https:\/\/www.padreydecano.com\/cms\/#website","url":"https:\/\/www.padreydecano.com\/cms\/","name":"Padre y Decano - El Sitio del Pueblo","description":"Club Atl\u00e9tico Pe\u00f1arol","publisher":{"@id":"https:\/\/www.padreydecano.com\/cms\/#organization"},"potentialAction":[{"@type":"SearchAction","target":{"@type":"EntryPoint","urlTemplate":"https:\/\/www.padreydecano.com\/cms\/?s={search_term_string}"},"query-input":"required name=search_term_string"}],"inLanguage":"es"},{"@type":"Organization","@id":"https:\/\/www.padreydecano.com\/cms\/#organization","name":"Padre y Decano","url":"https:\/\/www.padreydecano.com\/cms\/","logo":{"@type":"ImageObject","inLanguage":"es","@id":"https:\/\/www.padreydecano.com\/cms\/#\/schema\/logo\/image\/","url":"https:\/\/www.padreydecano.com\/cms\/wp-content\/uploads\/2022\/01\/avatar-square.png","contentUrl":"https:\/\/www.padreydecano.com\/cms\/wp-content\/uploads\/2022\/01\/avatar-square.png","width":1500,"height":1500,"caption":"Padre y Decano"},"image":{"@id":"https:\/\/www.padreydecano.com\/cms\/#\/schema\/logo\/image\/"}},{"@type":"Person","@id":"https:\/\/www.padreydecano.com\/cms\/#\/schema\/person\/5607c72c38a1537a151b24d1e67535e0","name":"1891","image":{"@type":"ImageObject","inLanguage":"es","@id":"https:\/\/www.padreydecano.com\/cms\/#\/schema\/person\/image\/","url":"https:\/\/secure.gravatar.com\/avatar\/29d4d1b0d523a21898e8cf9585d259d3?s=96&d=https%3A%2F%2Fpadreydecano.com%2Fcms%2Fwp-content%2Fthemes%2Fpyd-theme%2Fimg%2Fdefault-avatar.png&r=g","contentUrl":"https:\/\/secure.gravatar.com\/avatar\/29d4d1b0d523a21898e8cf9585d259d3?s=96&d=https%3A%2F%2Fpadreydecano.com%2Fcms%2Fwp-content%2Fthemes%2Fpyd-theme%2Fimg%2Fdefault-avatar.png&r=g","caption":"1891"}}]}},"_links":{"self":[{"href":"https:\/\/www.padreydecano.com\/cms\/wp-json\/wp\/v2\/posts\/29210"}],"collection":[{"href":"https:\/\/www.padreydecano.com\/cms\/wp-json\/wp\/v2\/posts"}],"about":[{"href":"https:\/\/www.padreydecano.com\/cms\/wp-json\/wp\/v2\/types\/post"}],"author":[{"embeddable":true,"href":"https:\/\/www.padreydecano.com\/cms\/wp-json\/wp\/v2\/users\/3"}],"replies":[{"embeddable":true,"href":"https:\/\/www.padreydecano.com\/cms\/wp-json\/wp\/v2\/comments?post=29210"}],"version-history":[{"count":0,"href":"https:\/\/www.padreydecano.com\/cms\/wp-json\/wp\/v2\/posts\/29210\/revisions"}],"wp:featuredmedia":[{"embeddable":true,"href":"https:\/\/www.padreydecano.com\/cms\/wp-json\/wp\/v2\/media\/21059"}],"wp:attachment":[{"href":"https:\/\/www.padreydecano.com\/cms\/wp-json\/wp\/v2\/media?parent=29210"}],"wp:term":[{"taxonomy":"category","embeddable":true,"href":"https:\/\/www.padreydecano.com\/cms\/wp-json\/wp\/v2\/categories?post=29210"},{"taxonomy":"post_tag","embeddable":true,"href":"https:\/\/www.padreydecano.com\/cms\/wp-json\/wp\/v2\/tags?post=29210"}],"curies":[{"name":"wp","href":"https:\/\/api.w.org\/{rel}","templated":true}]}}