{"id":29173,"date":"2012-08-28T18:58:57","date_gmt":"2012-08-28T21:58:57","guid":{"rendered":"http:\/\/www.padreydecano.com\/cms\/?p=29173"},"modified":"2012-08-30T09:14:20","modified_gmt":"2012-08-30T12:14:20","slug":"comunicado-de-antonio-pacheco","status":"publish","type":"post","link":"https:\/\/www.padreydecano.com\/cms\/noticias\/comunicado-de-antonio-pacheco\/","title":{"rendered":"Comunicado de Antonio Pacheco"},"content":{"rendered":"<p style=\"text-align: justify;\"><a href=\"https:\/\/www.padreydecano.com\/cms\/wp-content\/uploads\/2012\/08\/DSC_02292.jpg\" rel=\"shadowbox[sbpost-29173];player=img;\"><img loading=\"lazy\" decoding=\"async\" class=\"alignright  wp-image-29048\" src=\"https:\/\/www.padreydecano.com\/cms\/wp-content\/uploads\/2012\/08\/DSC_02292-300x198.jpg\" alt=\"\" width=\"240\" height=\"158\" srcset=\"https:\/\/www.padreydecano.com\/cms\/wp-content\/uploads\/2012\/08\/DSC_02292-300x198.jpg 300w, https:\/\/www.padreydecano.com\/cms\/wp-content\/uploads\/2012\/08\/DSC_02292.jpg 800w\" sizes=\"(max-width: 240px) 100vw, 240px\" \/><\/a>Quiero a trav\u00e9s de este medio expresar mi m\u00e1s c\u00e1lido agradecimiento a todos quienes se han preocupado en estas horas por mi salud.<\/p>\n<p style=\"text-align: justify;\">A los hinchas, a toda la gente del f\u00fatbol, a mis colegas, a mis compa\u00f1eros, a los profesionales que me est\u00e1n atendiendo, a la Prensa, por el respeto que han tenido para m\u00ed y mi familia.<\/p>\n<div style=\"text-align: justify;\">Quisiera tener una menci\u00f3n especial para Eric Davis, con qui\u00e9n tuvimos la mala fortuna de protagonizar la jugada que termin\u00f3 con esta lesi\u00f3n. Corresponde agradecer su presencia este martes en el sanatorio y su inter\u00e9s por mi evoluci\u00f3n. Tambi\u00e9n quiero expresar que fue una jugada desafortunada que en esta oportunidad me toc\u00f3 sufrirla a m\u00ed, pero en realidad pudo haber sido para cualquiera de los dos.<\/div>\n<div style=\"text-align: justify;\">Eric Davis no tuvo intenci\u00f3n alguna de lesionarme. Esto pronto pasar\u00e1, volver\u00e9 a estar vistiendo la gloriosa camiseta de Pe\u00f1arol y estar\u00e9 luchando junto a mis compa\u00f1eros para darle lo mejor al club y a la hinchada. Sinceramente gracias.<\/div>\n<div style=\"text-align: justify;\"><\/div>\n<div style=\"text-align: justify;\"><a href=\"https:\/\/www.padreydecano.com\/cms\/idolos\/antonio-pacheco\/\"><strong style=\"color: #ffcc02;\"><br \/>\nAntonio Pacheco<\/strong><\/a><\/div>\n<div style=\"text-align: justify;\">\n<p>&nbsp;<\/p>\n<p>Fuente: <a href=\"http:\/\/www.pe\u00f1arol.org\" target=\"_blank\">web oficial<\/a><\/p>\n<p><strong>Spot Institucional en apoyo al Tony:<\/strong><\/p>\n<\/div>\n<div align=\"center\">\n<table class=\"video\">\n<tbody>\n<tr>\n<td><iframe loading=\"lazy\" src=\"http:\/\/www.youtube.com\/embed\/6AEicCqvoCQ\" frameborder=\"0\" width=\"420\" height=\"315\"><\/iframe><\/td>\n<\/tr>\n<\/tbody>\n<\/table>\n<\/div>\n","protected":false},"excerpt":{"rendered":"<p>Quiero a trav\u00e9s de este medio expresar mi m\u00e1s c\u00e1lido agradecimiento a todos quienes se han preocupado en estas horas por mi salud. A los hinchas, a toda la gente del f\u00fatbol, a mis colegas, a mis compa\u00f1eros, a los profesionales que me est\u00e1n atendiendo, a la Prensa, por el respeto que han tenido para [&hellip;]<\/p>\n","protected":false},"author":2,"featured_media":29048,"comment_status":"open","ping_status":"closed","sticky":false,"template":"","format":"standard","meta":{"footnotes":""},"categories":[1],"tags":[],"yoast_head":"<!-- This site is optimized with the Yoast SEO plugin v23.2 - https:\/\/yoast.com\/wordpress\/plugins\/seo\/ -->\n<title>Comunicado de Antonio Pacheco - Padre y Decano - El Sitio del Pueblo<\/title>\n<meta name=\"robots\" content=\"index, follow, max-snippet:-1, max-image-preview:large, max-video-preview:-1\" \/>\n<link rel=\"canonical\" href=\"https:\/\/www.padreydecano.com\/cms\/noticias\/comunicado-de-antonio-pacheco\/\" \/>\n<meta property=\"og:locale\" content=\"es_ES\" \/>\n<meta property=\"og:type\" content=\"article\" \/>\n<meta property=\"og:title\" content=\"Comunicado de Antonio Pacheco - Padre y Decano - El Sitio del Pueblo\" \/>\n<meta property=\"og:description\" content=\"Quiero a trav\u00e9s de este medio expresar mi m\u00e1s c\u00e1lido agradecimiento a todos quienes se han preocupado en estas horas por mi salud. A los hinchas, a toda la gente del f\u00fatbol, a mis colegas, a mis compa\u00f1eros, a los profesionales que me est\u00e1n atendiendo, a la Prensa, por el respeto que han tenido para [&hellip;]\" \/>\n<meta property=\"og:url\" content=\"https:\/\/www.padreydecano.com\/cms\/noticias\/comunicado-de-antonio-pacheco\/\" \/>\n<meta property=\"og:site_name\" content=\"Padre y Decano - El Sitio del Pueblo\" \/>\n<meta property=\"article:published_time\" content=\"2012-08-28T21:58:57+00:00\" \/>\n<meta property=\"article:modified_time\" content=\"2012-08-30T12:14:20+00:00\" \/>\n<meta property=\"og:image\" content=\"https:\/\/www.padreydecano.com\/cms\/wp-content\/uploads\/2012\/08\/DSC_02292.jpg\" \/>\n\t<meta property=\"og:image:width\" content=\"800\" \/>\n\t<meta property=\"og:image:height\" content=\"530\" \/>\n\t<meta property=\"og:image:type\" content=\"image\/jpeg\" \/>\n<meta name=\"author\" content=\"Gonzalo16\" \/>\n<meta name=\"twitter:card\" content=\"summary_large_image\" \/>\n<meta name=\"twitter:label1\" content=\"Escrito por\" \/>\n\t<meta name=\"twitter:data1\" content=\"Gonzalo16\" \/>\n\t<meta name=\"twitter:label2\" content=\"Tiempo de lectura\" \/>\n\t<meta name=\"twitter:data2\" content=\"1 minuto\" \/>\n<script type=\"application\/ld+json\" class=\"yoast-schema-graph\">{\"@context\":\"https:\/\/schema.org\",\"@graph\":[{\"@type\":\"Article\",\"@id\":\"https:\/\/www.padreydecano.com\/cms\/noticias\/comunicado-de-antonio-pacheco\/#article\",\"isPartOf\":{\"@id\":\"https:\/\/www.padreydecano.com\/cms\/noticias\/comunicado-de-antonio-pacheco\/\"},\"author\":{\"name\":\"Gonzalo16\",\"@id\":\"https:\/\/www.padreydecano.com\/cms\/#\/schema\/person\/7fe41e3e335700ebd387196df2f9a8d4\"},\"headline\":\"Comunicado de Antonio Pacheco\",\"datePublished\":\"2012-08-28T21:58:57+00:00\",\"dateModified\":\"2012-08-30T12:14:20+00:00\",\"mainEntityOfPage\":{\"@id\":\"https:\/\/www.padreydecano.com\/cms\/noticias\/comunicado-de-antonio-pacheco\/\"},\"wordCount\":195,\"commentCount\":29,\"publisher\":{\"@id\":\"https:\/\/www.padreydecano.com\/cms\/#organization\"},\"image\":{\"@id\":\"https:\/\/www.padreydecano.com\/cms\/noticias\/comunicado-de-antonio-pacheco\/#primaryimage\"},\"thumbnailUrl\":\"https:\/\/www.padreydecano.com\/cms\/wp-content\/uploads\/2012\/08\/DSC_02292.jpg\",\"articleSection\":[\"Noticias\"],\"inLanguage\":\"es\",\"potentialAction\":[{\"@type\":\"CommentAction\",\"name\":\"Comment\",\"target\":[\"https:\/\/www.padreydecano.com\/cms\/noticias\/comunicado-de-antonio-pacheco\/#respond\"]}]},{\"@type\":\"WebPage\",\"@id\":\"https:\/\/www.padreydecano.com\/cms\/noticias\/comunicado-de-antonio-pacheco\/\",\"url\":\"https:\/\/www.padreydecano.com\/cms\/noticias\/comunicado-de-antonio-pacheco\/\",\"name\":\"Comunicado de Antonio Pacheco - Padre y Decano - El Sitio del Pueblo\",\"isPartOf\":{\"@id\":\"https:\/\/www.padreydecano.com\/cms\/#website\"},\"primaryImageOfPage\":{\"@id\":\"https:\/\/www.padreydecano.com\/cms\/noticias\/comunicado-de-antonio-pacheco\/#primaryimage\"},\"image\":{\"@id\":\"https:\/\/www.padreydecano.com\/cms\/noticias\/comunicado-de-antonio-pacheco\/#primaryimage\"},\"thumbnailUrl\":\"https:\/\/www.padreydecano.com\/cms\/wp-content\/uploads\/2012\/08\/DSC_02292.jpg\",\"datePublished\":\"2012-08-28T21:58:57+00:00\",\"dateModified\":\"2012-08-30T12:14:20+00:00\",\"breadcrumb\":{\"@id\":\"https:\/\/www.padreydecano.com\/cms\/noticias\/comunicado-de-antonio-pacheco\/#breadcrumb\"},\"inLanguage\":\"es\",\"potentialAction\":[{\"@type\":\"ReadAction\",\"target\":[\"https:\/\/www.padreydecano.com\/cms\/noticias\/comunicado-de-antonio-pacheco\/\"]}]},{\"@type\":\"ImageObject\",\"inLanguage\":\"es\",\"@id\":\"https:\/\/www.padreydecano.com\/cms\/noticias\/comunicado-de-antonio-pacheco\/#primaryimage\",\"url\":\"https:\/\/www.padreydecano.com\/cms\/wp-content\/uploads\/2012\/08\/DSC_02292.jpg\",\"contentUrl\":\"https:\/\/www.padreydecano.com\/cms\/wp-content\/uploads\/2012\/08\/DSC_02292.jpg\",\"width\":\"800\",\"height\":\"530\"},{\"@type\":\"BreadcrumbList\",\"@id\":\"https:\/\/www.padreydecano.com\/cms\/noticias\/comunicado-de-antonio-pacheco\/#breadcrumb\",\"itemListElement\":[{\"@type\":\"ListItem\",\"position\":1,\"name\":\"Portada\",\"item\":\"https:\/\/www.padreydecano.com\/cms\/\"},{\"@type\":\"ListItem\",\"position\":2,\"name\":\"Comunicado de Antonio Pacheco\"}]},{\"@type\":\"WebSite\",\"@id\":\"https:\/\/www.padreydecano.com\/cms\/#website\",\"url\":\"https:\/\/www.padreydecano.com\/cms\/\",\"name\":\"Padre y Decano - El Sitio del Pueblo\",\"description\":\"Club Atl\u00e9tico Pe\u00f1arol\",\"publisher\":{\"@id\":\"https:\/\/www.padreydecano.com\/cms\/#organization\"},\"potentialAction\":[{\"@type\":\"SearchAction\",\"target\":{\"@type\":\"EntryPoint\",\"urlTemplate\":\"https:\/\/www.padreydecano.com\/cms\/?s={search_term_string}\"},\"query-input\":\"required name=search_term_string\"}],\"inLanguage\":\"es\"},{\"@type\":\"Organization\",\"@id\":\"https:\/\/www.padreydecano.com\/cms\/#organization\",\"name\":\"Padre y Decano\",\"url\":\"https:\/\/www.padreydecano.com\/cms\/\",\"logo\":{\"@type\":\"ImageObject\",\"inLanguage\":\"es\",\"@id\":\"https:\/\/www.padreydecano.com\/cms\/#\/schema\/logo\/image\/\",\"url\":\"https:\/\/www.padreydecano.com\/cms\/wp-content\/uploads\/2022\/01\/avatar-square.png\",\"contentUrl\":\"https:\/\/www.padreydecano.com\/cms\/wp-content\/uploads\/2022\/01\/avatar-square.png\",\"width\":1500,\"height\":1500,\"caption\":\"Padre y Decano\"},\"image\":{\"@id\":\"https:\/\/www.padreydecano.com\/cms\/#\/schema\/logo\/image\/\"}},{\"@type\":\"Person\",\"@id\":\"https:\/\/www.padreydecano.com\/cms\/#\/schema\/person\/7fe41e3e335700ebd387196df2f9a8d4\",\"name\":\"Gonzalo16\",\"image\":{\"@type\":\"ImageObject\",\"inLanguage\":\"es\",\"@id\":\"https:\/\/www.padreydecano.com\/cms\/#\/schema\/person\/image\/\",\"url\":\"https:\/\/secure.gravatar.com\/avatar\/4d5cdd49803a2313c01f77e3dfc05d81?s=96&d=https%3A%2F%2Fpadreydecano.com%2Fcms%2Fwp-content%2Fthemes%2Fpyd-theme%2Fimg%2Fdefault-avatar.png&r=g\",\"contentUrl\":\"https:\/\/secure.gravatar.com\/avatar\/4d5cdd49803a2313c01f77e3dfc05d81?s=96&d=https%3A%2F%2Fpadreydecano.com%2Fcms%2Fwp-content%2Fthemes%2Fpyd-theme%2Fimg%2Fdefault-avatar.png&r=g\",\"caption\":\"Gonzalo16\"}}]}<\/script>\n<!-- \/ Yoast SEO plugin. -->","yoast_head_json":{"title":"Comunicado de Antonio Pacheco - Padre y Decano - El Sitio del Pueblo","robots":{"index":"index","follow":"follow","max-snippet":"max-snippet:-1","max-image-preview":"max-image-preview:large","max-video-preview":"max-video-preview:-1"},"canonical":"https:\/\/www.padreydecano.com\/cms\/noticias\/comunicado-de-antonio-pacheco\/","og_locale":"es_ES","og_type":"article","og_title":"Comunicado de Antonio Pacheco - Padre y Decano - El Sitio del Pueblo","og_description":"Quiero a trav\u00e9s de este medio expresar mi m\u00e1s c\u00e1lido agradecimiento a todos quienes se han preocupado en estas horas por mi salud. A los hinchas, a toda la gente del f\u00fatbol, a mis colegas, a mis compa\u00f1eros, a los profesionales que me est\u00e1n atendiendo, a la Prensa, por el respeto que han tenido para [&hellip;]","og_url":"https:\/\/www.padreydecano.com\/cms\/noticias\/comunicado-de-antonio-pacheco\/","og_site_name":"Padre y Decano - El Sitio del Pueblo","article_published_time":"2012-08-28T21:58:57+00:00","article_modified_time":"2012-08-30T12:14:20+00:00","og_image":[{"width":800,"height":530,"url":"https:\/\/www.padreydecano.com\/cms\/wp-content\/uploads\/2012\/08\/DSC_02292.jpg","type":"image\/jpeg"}],"author":"Gonzalo16","twitter_card":"summary_large_image","twitter_misc":{"Escrito por":"Gonzalo16","Tiempo de lectura":"1 minuto"},"schema":{"@context":"https:\/\/schema.org","@graph":[{"@type":"Article","@id":"https:\/\/www.padreydecano.com\/cms\/noticias\/comunicado-de-antonio-pacheco\/#article","isPartOf":{"@id":"https:\/\/www.padreydecano.com\/cms\/noticias\/comunicado-de-antonio-pacheco\/"},"author":{"name":"Gonzalo16","@id":"https:\/\/www.padreydecano.com\/cms\/#\/schema\/person\/7fe41e3e335700ebd387196df2f9a8d4"},"headline":"Comunicado de Antonio Pacheco","datePublished":"2012-08-28T21:58:57+00:00","dateModified":"2012-08-30T12:14:20+00:00","mainEntityOfPage":{"@id":"https:\/\/www.padreydecano.com\/cms\/noticias\/comunicado-de-antonio-pacheco\/"},"wordCount":195,"commentCount":29,"publisher":{"@id":"https:\/\/www.padreydecano.com\/cms\/#organization"},"image":{"@id":"https:\/\/www.padreydecano.com\/cms\/noticias\/comunicado-de-antonio-pacheco\/#primaryimage"},"thumbnailUrl":"https:\/\/www.padreydecano.com\/cms\/wp-content\/uploads\/2012\/08\/DSC_02292.jpg","articleSection":["Noticias"],"inLanguage":"es","potentialAction":[{"@type":"CommentAction","name":"Comment","target":["https:\/\/www.padreydecano.com\/cms\/noticias\/comunicado-de-antonio-pacheco\/#respond"]}]},{"@type":"WebPage","@id":"https:\/\/www.padreydecano.com\/cms\/noticias\/comunicado-de-antonio-pacheco\/","url":"https:\/\/www.padreydecano.com\/cms\/noticias\/comunicado-de-antonio-pacheco\/","name":"Comunicado de Antonio Pacheco - Padre y Decano - El Sitio del Pueblo","isPartOf":{"@id":"https:\/\/www.padreydecano.com\/cms\/#website"},"primaryImageOfPage":{"@id":"https:\/\/www.padreydecano.com\/cms\/noticias\/comunicado-de-antonio-pacheco\/#primaryimage"},"image":{"@id":"https:\/\/www.padreydecano.com\/cms\/noticias\/comunicado-de-antonio-pacheco\/#primaryimage"},"thumbnailUrl":"https:\/\/www.padreydecano.com\/cms\/wp-content\/uploads\/2012\/08\/DSC_02292.jpg","datePublished":"2012-08-28T21:58:57+00:00","dateModified":"2012-08-30T12:14:20+00:00","breadcrumb":{"@id":"https:\/\/www.padreydecano.com\/cms\/noticias\/comunicado-de-antonio-pacheco\/#breadcrumb"},"inLanguage":"es","potentialAction":[{"@type":"ReadAction","target":["https:\/\/www.padreydecano.com\/cms\/noticias\/comunicado-de-antonio-pacheco\/"]}]},{"@type":"ImageObject","inLanguage":"es","@id":"https:\/\/www.padreydecano.com\/cms\/noticias\/comunicado-de-antonio-pacheco\/#primaryimage","url":"https:\/\/www.padreydecano.com\/cms\/wp-content\/uploads\/2012\/08\/DSC_02292.jpg","contentUrl":"https:\/\/www.padreydecano.com\/cms\/wp-content\/uploads\/2012\/08\/DSC_02292.jpg","width":"800","height":"530"},{"@type":"BreadcrumbList","@id":"https:\/\/www.padreydecano.com\/cms\/noticias\/comunicado-de-antonio-pacheco\/#breadcrumb","itemListElement":[{"@type":"ListItem","position":1,"name":"Portada","item":"https:\/\/www.padreydecano.com\/cms\/"},{"@type":"ListItem","position":2,"name":"Comunicado de Antonio Pacheco"}]},{"@type":"WebSite","@id":"https:\/\/www.padreydecano.com\/cms\/#website","url":"https:\/\/www.padreydecano.com\/cms\/","name":"Padre y Decano - El Sitio del Pueblo","description":"Club Atl\u00e9tico Pe\u00f1arol","publisher":{"@id":"https:\/\/www.padreydecano.com\/cms\/#organization"},"potentialAction":[{"@type":"SearchAction","target":{"@type":"EntryPoint","urlTemplate":"https:\/\/www.padreydecano.com\/cms\/?s={search_term_string}"},"query-input":"required name=search_term_string"}],"inLanguage":"es"},{"@type":"Organization","@id":"https:\/\/www.padreydecano.com\/cms\/#organization","name":"Padre y Decano","url":"https:\/\/www.padreydecano.com\/cms\/","logo":{"@type":"ImageObject","inLanguage":"es","@id":"https:\/\/www.padreydecano.com\/cms\/#\/schema\/logo\/image\/","url":"https:\/\/www.padreydecano.com\/cms\/wp-content\/uploads\/2022\/01\/avatar-square.png","contentUrl":"https:\/\/www.padreydecano.com\/cms\/wp-content\/uploads\/2022\/01\/avatar-square.png","width":1500,"height":1500,"caption":"Padre y Decano"},"image":{"@id":"https:\/\/www.padreydecano.com\/cms\/#\/schema\/logo\/image\/"}},{"@type":"Person","@id":"https:\/\/www.padreydecano.com\/cms\/#\/schema\/person\/7fe41e3e335700ebd387196df2f9a8d4","name":"Gonzalo16","image":{"@type":"ImageObject","inLanguage":"es","@id":"https:\/\/www.padreydecano.com\/cms\/#\/schema\/person\/image\/","url":"https:\/\/secure.gravatar.com\/avatar\/4d5cdd49803a2313c01f77e3dfc05d81?s=96&d=https%3A%2F%2Fpadreydecano.com%2Fcms%2Fwp-content%2Fthemes%2Fpyd-theme%2Fimg%2Fdefault-avatar.png&r=g","contentUrl":"https:\/\/secure.gravatar.com\/avatar\/4d5cdd49803a2313c01f77e3dfc05d81?s=96&d=https%3A%2F%2Fpadreydecano.com%2Fcms%2Fwp-content%2Fthemes%2Fpyd-theme%2Fimg%2Fdefault-avatar.png&r=g","caption":"Gonzalo16"}}]}},"_links":{"self":[{"href":"https:\/\/www.padreydecano.com\/cms\/wp-json\/wp\/v2\/posts\/29173"}],"collection":[{"href":"https:\/\/www.padreydecano.com\/cms\/wp-json\/wp\/v2\/posts"}],"about":[{"href":"https:\/\/www.padreydecano.com\/cms\/wp-json\/wp\/v2\/types\/post"}],"author":[{"embeddable":true,"href":"https:\/\/www.padreydecano.com\/cms\/wp-json\/wp\/v2\/users\/2"}],"replies":[{"embeddable":true,"href":"https:\/\/www.padreydecano.com\/cms\/wp-json\/wp\/v2\/comments?post=29173"}],"version-history":[{"count":0,"href":"https:\/\/www.padreydecano.com\/cms\/wp-json\/wp\/v2\/posts\/29173\/revisions"}],"wp:featuredmedia":[{"embeddable":true,"href":"https:\/\/www.padreydecano.com\/cms\/wp-json\/wp\/v2\/media\/29048"}],"wp:attachment":[{"href":"https:\/\/www.padreydecano.com\/cms\/wp-json\/wp\/v2\/media?parent=29173"}],"wp:term":[{"taxonomy":"category","embeddable":true,"href":"https:\/\/www.padreydecano.com\/cms\/wp-json\/wp\/v2\/categories?post=29173"},{"taxonomy":"post_tag","embeddable":true,"href":"https:\/\/www.padreydecano.com\/cms\/wp-json\/wp\/v2\/tags?post=29173"}],"curies":[{"name":"wp","href":"https:\/\/api.w.org\/{rel}","templated":true}]}}