{"id":29171,"date":"2012-08-28T19:42:31","date_gmt":"2012-08-28T22:42:31","guid":{"rendered":"http:\/\/www.padreydecano.com\/cms\/?p=29171"},"modified":"2012-09-04T12:24:44","modified_gmt":"2012-09-04T15:24:44","slug":"el-equipo-de-la-gente-fecha-1","status":"publish","type":"post","link":"https:\/\/www.padreydecano.com\/cms\/noticias\/el-equipo-de-la-gente-fecha-1\/","title":{"rendered":"El equipo de la gente (Fecha 1)"},"content":{"rendered":"<p style=\"text-align: justify;\">Te presentamos la nueva secci\u00f3n de <span style=\"color: #ffcc02;\"><strong>Padre y Decano<\/strong><\/span>, donde los usuarios del <a href=\"http:\/\/xn--estoespearol-hhb.com\/foro\/index.php\" target=\"_blank\">foro Esto es Pe\u00f1arol<\/a>\u00a0califican el rendimiento de los jugadores en cada partido otorg\u00e1ndole un puntaje del 1 al 10 a cada uno.<\/p>\n<p style=\"text-align: justify;\"><strong>Resultados de F\u00e9nix 4 &#8211; Pe\u00f1arol 3:<\/strong><\/p>\n<p style=\"text-align: center;\"><a href=\"https:\/\/www.padreydecano.com\/cms\/wp-content\/uploads\/2012\/08\/EEDLG.jpg\" rel=\"shadowbox[sbpost-29171];player=img;\"><img loading=\"lazy\" decoding=\"async\" class=\"aligncenter  wp-image-29176\" src=\"https:\/\/www.padreydecano.com\/cms\/wp-content\/uploads\/2012\/08\/EEDLG.jpg\" alt=\"\" width=\"496\" height=\"580\" srcset=\"https:\/\/www.padreydecano.com\/cms\/wp-content\/uploads\/2012\/08\/EEDLG.jpg 620w, https:\/\/www.padreydecano.com\/cms\/wp-content\/uploads\/2012\/08\/EEDLG-256x300.jpg 256w\" sizes=\"(max-width: 496px) 100vw, 496px\" \/><\/a><\/p>\n<p><strong><span style=\"color: #ffcc02;\">ESTAD\u00cdSTICAS GENERALES:<\/span><\/strong><\/p>\n<ul>\n<li>Promedio Defensa: 4,24<\/li>\n<li>Promedio Mediocampo: 5,47<\/li>\n<li>Promedio Delanteros: 5,46<\/li>\n<\/ul>\n<p><strong><span style=\"color: #ffcc02;\">ESTAD\u00cdSTICAS DE USUARIOS:<\/span><\/strong><\/p>\n<ul>\n<li>Usuario que puntu\u00f3 m\u00e1s bajo: Mdellonte (3,82)<\/li>\n<li>Usuario que puntu\u00f3 m\u00e1s alto: sebapintos (5,73)<\/li>\n<li>Usuario que utiliz\u00f3 el mayor rango de puntos: ElFedePe\u00f1arol (de 1 a 9)<\/li>\n<li>Usuario que utiliz\u00f3 el menor rango de puntos: Tito (de 3 a 6)<\/li>\n<\/ul>\n","protected":false},"excerpt":{"rendered":"<p>Te presentamos la nueva secci\u00f3n de Padre y Decano, donde los usuarios del foro Esto es Pe\u00f1arol\u00a0califican el rendimiento de los jugadores en cada partido otorg\u00e1ndole un puntaje del 1 al 10 a cada uno. Resultados de F\u00e9nix 4 &#8211; Pe\u00f1arol 3: ESTAD\u00cdSTICAS GENERALES: Promedio Defensa: 4,24 Promedio Mediocampo: 5,47 Promedio Delanteros: 5,46 ESTAD\u00cdSTICAS DE [&hellip;]<\/p>\n","protected":false},"author":3,"featured_media":0,"comment_status":"open","ping_status":"closed","sticky":false,"template":"","format":"standard","meta":{"footnotes":""},"categories":[1],"tags":[],"yoast_head":"<!-- This site is optimized with the Yoast SEO plugin v23.2 - https:\/\/yoast.com\/wordpress\/plugins\/seo\/ -->\n<title>El equipo de la gente (Fecha 1) - Padre y Decano - El Sitio del Pueblo<\/title>\n<meta name=\"robots\" content=\"index, follow, max-snippet:-1, max-image-preview:large, max-video-preview:-1\" \/>\n<link rel=\"canonical\" href=\"https:\/\/www.padreydecano.com\/cms\/noticias\/el-equipo-de-la-gente-fecha-1\/\" \/>\n<meta property=\"og:locale\" content=\"es_ES\" \/>\n<meta property=\"og:type\" content=\"article\" \/>\n<meta property=\"og:title\" content=\"El equipo de la gente (Fecha 1) - Padre y Decano - El Sitio del Pueblo\" \/>\n<meta property=\"og:description\" content=\"Te presentamos la nueva secci\u00f3n de Padre y Decano, donde los usuarios del foro Esto es Pe\u00f1arol\u00a0califican el rendimiento de los jugadores en cada partido otorg\u00e1ndole un puntaje del 1 al 10 a cada uno. Resultados de F\u00e9nix 4 &#8211; Pe\u00f1arol 3: ESTAD\u00cdSTICAS GENERALES: Promedio Defensa: 4,24 Promedio Mediocampo: 5,47 Promedio Delanteros: 5,46 ESTAD\u00cdSTICAS DE [&hellip;]\" \/>\n<meta property=\"og:url\" content=\"https:\/\/www.padreydecano.com\/cms\/noticias\/el-equipo-de-la-gente-fecha-1\/\" \/>\n<meta property=\"og:site_name\" content=\"Padre y Decano - El Sitio del Pueblo\" \/>\n<meta property=\"article:published_time\" content=\"2012-08-28T22:42:31+00:00\" \/>\n<meta property=\"article:modified_time\" content=\"2012-09-04T15:24:44+00:00\" \/>\n<meta property=\"og:image\" content=\"http:\/\/www.padreydecano.com\/cms\/wp-content\/uploads\/2012\/08\/EEDLG.jpg\" \/>\n<meta name=\"author\" content=\"1891\" \/>\n<meta name=\"twitter:card\" content=\"summary_large_image\" \/>\n<meta name=\"twitter:label1\" content=\"Escrito por\" \/>\n\t<meta name=\"twitter:data1\" content=\"1891\" \/>\n<script type=\"application\/ld+json\" class=\"yoast-schema-graph\">{\"@context\":\"https:\/\/schema.org\",\"@graph\":[{\"@type\":\"Article\",\"@id\":\"https:\/\/www.padreydecano.com\/cms\/noticias\/el-equipo-de-la-gente-fecha-1\/#article\",\"isPartOf\":{\"@id\":\"https:\/\/www.padreydecano.com\/cms\/noticias\/el-equipo-de-la-gente-fecha-1\/\"},\"author\":{\"name\":\"1891\",\"@id\":\"https:\/\/www.padreydecano.com\/cms\/#\/schema\/person\/5607c72c38a1537a151b24d1e67535e0\"},\"headline\":\"El equipo de la gente (Fecha 1)\",\"datePublished\":\"2012-08-28T22:42:31+00:00\",\"dateModified\":\"2012-09-04T15:24:44+00:00\",\"mainEntityOfPage\":{\"@id\":\"https:\/\/www.padreydecano.com\/cms\/noticias\/el-equipo-de-la-gente-fecha-1\/\"},\"wordCount\":100,\"commentCount\":11,\"publisher\":{\"@id\":\"https:\/\/www.padreydecano.com\/cms\/#organization\"},\"image\":{\"@id\":\"https:\/\/www.padreydecano.com\/cms\/noticias\/el-equipo-de-la-gente-fecha-1\/#primaryimage\"},\"thumbnailUrl\":\"http:\/\/www.padreydecano.com\/cms\/wp-content\/uploads\/2012\/08\/EEDLG.jpg\",\"articleSection\":[\"Noticias\"],\"inLanguage\":\"es\",\"potentialAction\":[{\"@type\":\"CommentAction\",\"name\":\"Comment\",\"target\":[\"https:\/\/www.padreydecano.com\/cms\/noticias\/el-equipo-de-la-gente-fecha-1\/#respond\"]}]},{\"@type\":\"WebPage\",\"@id\":\"https:\/\/www.padreydecano.com\/cms\/noticias\/el-equipo-de-la-gente-fecha-1\/\",\"url\":\"https:\/\/www.padreydecano.com\/cms\/noticias\/el-equipo-de-la-gente-fecha-1\/\",\"name\":\"El equipo de la gente (Fecha 1) - Padre y Decano - El Sitio del Pueblo\",\"isPartOf\":{\"@id\":\"https:\/\/www.padreydecano.com\/cms\/#website\"},\"primaryImageOfPage\":{\"@id\":\"https:\/\/www.padreydecano.com\/cms\/noticias\/el-equipo-de-la-gente-fecha-1\/#primaryimage\"},\"image\":{\"@id\":\"https:\/\/www.padreydecano.com\/cms\/noticias\/el-equipo-de-la-gente-fecha-1\/#primaryimage\"},\"thumbnailUrl\":\"http:\/\/www.padreydecano.com\/cms\/wp-content\/uploads\/2012\/08\/EEDLG.jpg\",\"datePublished\":\"2012-08-28T22:42:31+00:00\",\"dateModified\":\"2012-09-04T15:24:44+00:00\",\"breadcrumb\":{\"@id\":\"https:\/\/www.padreydecano.com\/cms\/noticias\/el-equipo-de-la-gente-fecha-1\/#breadcrumb\"},\"inLanguage\":\"es\",\"potentialAction\":[{\"@type\":\"ReadAction\",\"target\":[\"https:\/\/www.padreydecano.com\/cms\/noticias\/el-equipo-de-la-gente-fecha-1\/\"]}]},{\"@type\":\"ImageObject\",\"inLanguage\":\"es\",\"@id\":\"https:\/\/www.padreydecano.com\/cms\/noticias\/el-equipo-de-la-gente-fecha-1\/#primaryimage\",\"url\":\"http:\/\/www.padreydecano.com\/cms\/wp-content\/uploads\/2012\/08\/EEDLG.jpg\",\"contentUrl\":\"http:\/\/www.padreydecano.com\/cms\/wp-content\/uploads\/2012\/08\/EEDLG.jpg\"},{\"@type\":\"BreadcrumbList\",\"@id\":\"https:\/\/www.padreydecano.com\/cms\/noticias\/el-equipo-de-la-gente-fecha-1\/#breadcrumb\",\"itemListElement\":[{\"@type\":\"ListItem\",\"position\":1,\"name\":\"Portada\",\"item\":\"https:\/\/www.padreydecano.com\/cms\/\"},{\"@type\":\"ListItem\",\"position\":2,\"name\":\"El equipo de la gente (Fecha 1)\"}]},{\"@type\":\"WebSite\",\"@id\":\"https:\/\/www.padreydecano.com\/cms\/#website\",\"url\":\"https:\/\/www.padreydecano.com\/cms\/\",\"name\":\"Padre y Decano - El Sitio del Pueblo\",\"description\":\"Club Atl\u00e9tico Pe\u00f1arol\",\"publisher\":{\"@id\":\"https:\/\/www.padreydecano.com\/cms\/#organization\"},\"potentialAction\":[{\"@type\":\"SearchAction\",\"target\":{\"@type\":\"EntryPoint\",\"urlTemplate\":\"https:\/\/www.padreydecano.com\/cms\/?s={search_term_string}\"},\"query-input\":\"required name=search_term_string\"}],\"inLanguage\":\"es\"},{\"@type\":\"Organization\",\"@id\":\"https:\/\/www.padreydecano.com\/cms\/#organization\",\"name\":\"Padre y Decano\",\"url\":\"https:\/\/www.padreydecano.com\/cms\/\",\"logo\":{\"@type\":\"ImageObject\",\"inLanguage\":\"es\",\"@id\":\"https:\/\/www.padreydecano.com\/cms\/#\/schema\/logo\/image\/\",\"url\":\"https:\/\/www.padreydecano.com\/cms\/wp-content\/uploads\/2022\/01\/avatar-square.png\",\"contentUrl\":\"https:\/\/www.padreydecano.com\/cms\/wp-content\/uploads\/2022\/01\/avatar-square.png\",\"width\":1500,\"height\":1500,\"caption\":\"Padre y Decano\"},\"image\":{\"@id\":\"https:\/\/www.padreydecano.com\/cms\/#\/schema\/logo\/image\/\"}},{\"@type\":\"Person\",\"@id\":\"https:\/\/www.padreydecano.com\/cms\/#\/schema\/person\/5607c72c38a1537a151b24d1e67535e0\",\"name\":\"1891\",\"image\":{\"@type\":\"ImageObject\",\"inLanguage\":\"es\",\"@id\":\"https:\/\/www.padreydecano.com\/cms\/#\/schema\/person\/image\/\",\"url\":\"https:\/\/secure.gravatar.com\/avatar\/29d4d1b0d523a21898e8cf9585d259d3?s=96&d=https%3A%2F%2Fpadreydecano.com%2Fcms%2Fwp-content%2Fthemes%2Fpyd-theme%2Fimg%2Fdefault-avatar.png&r=g\",\"contentUrl\":\"https:\/\/secure.gravatar.com\/avatar\/29d4d1b0d523a21898e8cf9585d259d3?s=96&d=https%3A%2F%2Fpadreydecano.com%2Fcms%2Fwp-content%2Fthemes%2Fpyd-theme%2Fimg%2Fdefault-avatar.png&r=g\",\"caption\":\"1891\"}}]}<\/script>\n<!-- \/ Yoast SEO plugin. -->","yoast_head_json":{"title":"El equipo de la gente (Fecha 1) - Padre y Decano - El Sitio del Pueblo","robots":{"index":"index","follow":"follow","max-snippet":"max-snippet:-1","max-image-preview":"max-image-preview:large","max-video-preview":"max-video-preview:-1"},"canonical":"https:\/\/www.padreydecano.com\/cms\/noticias\/el-equipo-de-la-gente-fecha-1\/","og_locale":"es_ES","og_type":"article","og_title":"El equipo de la gente (Fecha 1) - Padre y Decano - El Sitio del Pueblo","og_description":"Te presentamos la nueva secci\u00f3n de Padre y Decano, donde los usuarios del foro Esto es Pe\u00f1arol\u00a0califican el rendimiento de los jugadores en cada partido otorg\u00e1ndole un puntaje del 1 al 10 a cada uno. Resultados de F\u00e9nix 4 &#8211; Pe\u00f1arol 3: ESTAD\u00cdSTICAS GENERALES: Promedio Defensa: 4,24 Promedio Mediocampo: 5,47 Promedio Delanteros: 5,46 ESTAD\u00cdSTICAS DE [&hellip;]","og_url":"https:\/\/www.padreydecano.com\/cms\/noticias\/el-equipo-de-la-gente-fecha-1\/","og_site_name":"Padre y Decano - El Sitio del Pueblo","article_published_time":"2012-08-28T22:42:31+00:00","article_modified_time":"2012-09-04T15:24:44+00:00","og_image":[{"url":"http:\/\/www.padreydecano.com\/cms\/wp-content\/uploads\/2012\/08\/EEDLG.jpg"}],"author":"1891","twitter_card":"summary_large_image","twitter_misc":{"Escrito por":"1891"},"schema":{"@context":"https:\/\/schema.org","@graph":[{"@type":"Article","@id":"https:\/\/www.padreydecano.com\/cms\/noticias\/el-equipo-de-la-gente-fecha-1\/#article","isPartOf":{"@id":"https:\/\/www.padreydecano.com\/cms\/noticias\/el-equipo-de-la-gente-fecha-1\/"},"author":{"name":"1891","@id":"https:\/\/www.padreydecano.com\/cms\/#\/schema\/person\/5607c72c38a1537a151b24d1e67535e0"},"headline":"El equipo de la gente (Fecha 1)","datePublished":"2012-08-28T22:42:31+00:00","dateModified":"2012-09-04T15:24:44+00:00","mainEntityOfPage":{"@id":"https:\/\/www.padreydecano.com\/cms\/noticias\/el-equipo-de-la-gente-fecha-1\/"},"wordCount":100,"commentCount":11,"publisher":{"@id":"https:\/\/www.padreydecano.com\/cms\/#organization"},"image":{"@id":"https:\/\/www.padreydecano.com\/cms\/noticias\/el-equipo-de-la-gente-fecha-1\/#primaryimage"},"thumbnailUrl":"http:\/\/www.padreydecano.com\/cms\/wp-content\/uploads\/2012\/08\/EEDLG.jpg","articleSection":["Noticias"],"inLanguage":"es","potentialAction":[{"@type":"CommentAction","name":"Comment","target":["https:\/\/www.padreydecano.com\/cms\/noticias\/el-equipo-de-la-gente-fecha-1\/#respond"]}]},{"@type":"WebPage","@id":"https:\/\/www.padreydecano.com\/cms\/noticias\/el-equipo-de-la-gente-fecha-1\/","url":"https:\/\/www.padreydecano.com\/cms\/noticias\/el-equipo-de-la-gente-fecha-1\/","name":"El equipo de la gente (Fecha 1) - Padre y Decano - El Sitio del Pueblo","isPartOf":{"@id":"https:\/\/www.padreydecano.com\/cms\/#website"},"primaryImageOfPage":{"@id":"https:\/\/www.padreydecano.com\/cms\/noticias\/el-equipo-de-la-gente-fecha-1\/#primaryimage"},"image":{"@id":"https:\/\/www.padreydecano.com\/cms\/noticias\/el-equipo-de-la-gente-fecha-1\/#primaryimage"},"thumbnailUrl":"http:\/\/www.padreydecano.com\/cms\/wp-content\/uploads\/2012\/08\/EEDLG.jpg","datePublished":"2012-08-28T22:42:31+00:00","dateModified":"2012-09-04T15:24:44+00:00","breadcrumb":{"@id":"https:\/\/www.padreydecano.com\/cms\/noticias\/el-equipo-de-la-gente-fecha-1\/#breadcrumb"},"inLanguage":"es","potentialAction":[{"@type":"ReadAction","target":["https:\/\/www.padreydecano.com\/cms\/noticias\/el-equipo-de-la-gente-fecha-1\/"]}]},{"@type":"ImageObject","inLanguage":"es","@id":"https:\/\/www.padreydecano.com\/cms\/noticias\/el-equipo-de-la-gente-fecha-1\/#primaryimage","url":"http:\/\/www.padreydecano.com\/cms\/wp-content\/uploads\/2012\/08\/EEDLG.jpg","contentUrl":"http:\/\/www.padreydecano.com\/cms\/wp-content\/uploads\/2012\/08\/EEDLG.jpg"},{"@type":"BreadcrumbList","@id":"https:\/\/www.padreydecano.com\/cms\/noticias\/el-equipo-de-la-gente-fecha-1\/#breadcrumb","itemListElement":[{"@type":"ListItem","position":1,"name":"Portada","item":"https:\/\/www.padreydecano.com\/cms\/"},{"@type":"ListItem","position":2,"name":"El equipo de la gente (Fecha 1)"}]},{"@type":"WebSite","@id":"https:\/\/www.padreydecano.com\/cms\/#website","url":"https:\/\/www.padreydecano.com\/cms\/","name":"Padre y Decano - El Sitio del Pueblo","description":"Club Atl\u00e9tico Pe\u00f1arol","publisher":{"@id":"https:\/\/www.padreydecano.com\/cms\/#organization"},"potentialAction":[{"@type":"SearchAction","target":{"@type":"EntryPoint","urlTemplate":"https:\/\/www.padreydecano.com\/cms\/?s={search_term_string}"},"query-input":"required name=search_term_string"}],"inLanguage":"es"},{"@type":"Organization","@id":"https:\/\/www.padreydecano.com\/cms\/#organization","name":"Padre y Decano","url":"https:\/\/www.padreydecano.com\/cms\/","logo":{"@type":"ImageObject","inLanguage":"es","@id":"https:\/\/www.padreydecano.com\/cms\/#\/schema\/logo\/image\/","url":"https:\/\/www.padreydecano.com\/cms\/wp-content\/uploads\/2022\/01\/avatar-square.png","contentUrl":"https:\/\/www.padreydecano.com\/cms\/wp-content\/uploads\/2022\/01\/avatar-square.png","width":1500,"height":1500,"caption":"Padre y Decano"},"image":{"@id":"https:\/\/www.padreydecano.com\/cms\/#\/schema\/logo\/image\/"}},{"@type":"Person","@id":"https:\/\/www.padreydecano.com\/cms\/#\/schema\/person\/5607c72c38a1537a151b24d1e67535e0","name":"1891","image":{"@type":"ImageObject","inLanguage":"es","@id":"https:\/\/www.padreydecano.com\/cms\/#\/schema\/person\/image\/","url":"https:\/\/secure.gravatar.com\/avatar\/29d4d1b0d523a21898e8cf9585d259d3?s=96&d=https%3A%2F%2Fpadreydecano.com%2Fcms%2Fwp-content%2Fthemes%2Fpyd-theme%2Fimg%2Fdefault-avatar.png&r=g","contentUrl":"https:\/\/secure.gravatar.com\/avatar\/29d4d1b0d523a21898e8cf9585d259d3?s=96&d=https%3A%2F%2Fpadreydecano.com%2Fcms%2Fwp-content%2Fthemes%2Fpyd-theme%2Fimg%2Fdefault-avatar.png&r=g","caption":"1891"}}]}},"_links":{"self":[{"href":"https:\/\/www.padreydecano.com\/cms\/wp-json\/wp\/v2\/posts\/29171"}],"collection":[{"href":"https:\/\/www.padreydecano.com\/cms\/wp-json\/wp\/v2\/posts"}],"about":[{"href":"https:\/\/www.padreydecano.com\/cms\/wp-json\/wp\/v2\/types\/post"}],"author":[{"embeddable":true,"href":"https:\/\/www.padreydecano.com\/cms\/wp-json\/wp\/v2\/users\/3"}],"replies":[{"embeddable":true,"href":"https:\/\/www.padreydecano.com\/cms\/wp-json\/wp\/v2\/comments?post=29171"}],"version-history":[{"count":0,"href":"https:\/\/www.padreydecano.com\/cms\/wp-json\/wp\/v2\/posts\/29171\/revisions"}],"wp:attachment":[{"href":"https:\/\/www.padreydecano.com\/cms\/wp-json\/wp\/v2\/media?parent=29171"}],"wp:term":[{"taxonomy":"category","embeddable":true,"href":"https:\/\/www.padreydecano.com\/cms\/wp-json\/wp\/v2\/categories?post=29171"},{"taxonomy":"post_tag","embeddable":true,"href":"https:\/\/www.padreydecano.com\/cms\/wp-json\/wp\/v2\/tags?post=29171"}],"curies":[{"name":"wp","href":"https:\/\/api.w.org\/{rel}","templated":true}]}}