{"id":29131,"date":"2012-08-29T09:00:21","date_gmt":"2012-08-29T12:00:21","guid":{"rendered":"http:\/\/www.padreydecano.com\/cms\/?p=29131"},"modified":"2012-08-28T21:45:22","modified_gmt":"2012-08-29T00:45:22","slug":"penarol-de-paris","status":"publish","type":"post","link":"https:\/\/www.padreydecano.com\/cms\/noticias\/penarol-de-paris\/","title":{"rendered":"Pe\u00f1arol de Paris"},"content":{"rendered":"<p style=\"text-align: justify;\" dir=\"ltr\"><strong><a href=\"https:\/\/www.padreydecano.com\/cms\/wp-content\/uploads\/2012\/08\/68591275.jpg\" rel=\"shadowbox[sbpost-29131];player=img;\"><img loading=\"lazy\" decoding=\"async\" class=\"alignleft  wp-image-29183\" src=\"https:\/\/www.padreydecano.com\/cms\/wp-content\/uploads\/2012\/08\/68591275-207x300.jpg\" alt=\"\" width=\"124\" height=\"180\" srcset=\"https:\/\/www.padreydecano.com\/cms\/wp-content\/uploads\/2012\/08\/68591275-207x300.jpg 207w, https:\/\/www.padreydecano.com\/cms\/wp-content\/uploads\/2012\/08\/68591275.jpg 641w\" sizes=\"(max-width: 124px) 100vw, 124px\" \/><\/a>El escudo viejo de Pe\u00f1arol delante de la Torre Eiffel es la simbolog\u00eda de este equipo<\/strong> que naci\u00f3 en una de las capitales m\u00e1s importantes del mundo. El Pe\u00f1arol de Paris jug\u00f3 su primer partido oficial el 22 de octubre del 2011, sin embargo, este proyecto comenz\u00f3 meses antes, de la mano de Adrian Mart\u00ednez , Polo Fern\u00e1ndez y Julio D\u00edaz , a los cuales se le fueron sumando otros amigos.<\/p>\n<p style=\"text-align: justify;\" dir=\"ltr\">Los tres fundadores son hinchas fan\u00e1ticos de Pe\u00f1arol, como tambi\u00e9n la mayor\u00eda de los jugadores que integran el equipo, y es por esto, Diaz nos dijo que la elecci\u00f3n del hombre fue para <strong>\u201cbrindarle un humilde homenaje al club de nuestros amores\u201d.<\/strong><\/p>\n<p><a href=\"https:\/\/www.padreydecano.com\/cms\/wp-content\/uploads\/2012\/08\/Image_1-2.jpg\" rel=\"shadowbox[sbpost-29131];player=img;\"><img loading=\"lazy\" decoding=\"async\" class=\"alignright  wp-image-29193\" src=\"https:\/\/www.padreydecano.com\/cms\/wp-content\/uploads\/2012\/08\/Image_1-2-300x225.jpg\" alt=\"\" width=\"168\" height=\"126\" srcset=\"https:\/\/www.padreydecano.com\/cms\/wp-content\/uploads\/2012\/08\/Image_1-2-300x225.jpg 300w, https:\/\/www.padreydecano.com\/cms\/wp-content\/uploads\/2012\/08\/Image_1-2.jpg 800w\" sizes=\"(max-width: 168px) 100vw, 168px\" \/><\/a><\/p>\n<p style=\"text-align: justify;\" dir=\"ltr\">Pero los homenajes y reconocimientos no se quedan ah\u00ed. En el primer torneo disputado, decidieron jugar con la <strong>indumentaria del CURCC<\/strong> <strong>y en las\u00a0camisetas se estamparon los nombres de los campeones de Am\u00e9rica y del mundo de 1966<\/strong>. De esa forma homenajearon <strong>\u201ca ese magn\u00edfico equipo que dejo bien parado al futbol uruguayo y sudamericano\u201d.<\/strong><\/p>\n<p style=\"text-align: justify;\" dir=\"ltr\">Si bien la mayor\u00eda del plantel est\u00e1 integrado por jugadores uruguayos, tambi\u00e9n hay jugadores de Francia, Ecuador, Bolivia, Argentina, Colombia y Per\u00fa.<\/p>\n<p style=\"text-align: justify;\" dir=\"ltr\">El equipo actualmente est\u00e1 disputando el <strong>torneo de futbol 8 de la asociaci\u00f3n Bolivia \u2013 Latina<\/strong>, un torneo con mucho prestigio dentro de la comunidad latina. Es un campeonato donde juegan mayor\u00eda de equipos de origen boliviano pero tambi\u00e9n hay de otros pa\u00edses latinos como El Salvador, Ecuador, Paraguay y hasta un equipo franc\u00e9s. <strong>Cada equipo representa al pa\u00eds de donde son la mayor\u00eda de sus jugadores y l\u00f3gicamente Pe\u00f1arol de Paris representa a Uruguay.<\/strong>\u00a0Actualmente, el equipo se encuentra en los <strong>primeros puestos de su grupo.<\/strong><\/p>\n<div align=\"center\">\n<table class=\"comun2\">\n<tbody>\n<tr>\n<td><a href=\"https:\/\/www.padreydecano.com\/cms\/wp-content\/uploads\/2012\/08\/Image_2-2.jpg\" rel=\"shadowbox[sbpost-29131];player=img;\"><img loading=\"lazy\" decoding=\"async\" class=\"size-thumbnail wp-image-29195 alignleft\" src=\"https:\/\/www.padreydecano.com\/cms\/wp-content\/uploads\/2012\/08\/Image_2-2-150x150.jpg\" alt=\"\" width=\"105\" height=\"105\" srcset=\"https:\/\/www.padreydecano.com\/cms\/wp-content\/uploads\/2012\/08\/Image_2-2-150x150.jpg 150w, https:\/\/www.padreydecano.com\/cms\/wp-content\/uploads\/2012\/08\/Image_2-2-36x36.jpg 36w, https:\/\/www.padreydecano.com\/cms\/wp-content\/uploads\/2012\/08\/Image_2-2-115x115.jpg 115w\" sizes=\"(max-width: 105px) 100vw, 105px\" \/><\/a><\/td>\n<td><a href=\"https:\/\/www.padreydecano.com\/cms\/wp-content\/uploads\/2012\/08\/Image_1-3.jpg\" rel=\"shadowbox[sbpost-29131];player=img;\"><img loading=\"lazy\" decoding=\"async\" class=\"size-thumbnail wp-image-29192 alignleft\" src=\"https:\/\/www.padreydecano.com\/cms\/wp-content\/uploads\/2012\/08\/Image_1-3-150x150.jpg\" alt=\"\" width=\"105\" height=\"105\" srcset=\"https:\/\/www.padreydecano.com\/cms\/wp-content\/uploads\/2012\/08\/Image_1-3-150x150.jpg 150w, https:\/\/www.padreydecano.com\/cms\/wp-content\/uploads\/2012\/08\/Image_1-3-36x36.jpg 36w, https:\/\/www.padreydecano.com\/cms\/wp-content\/uploads\/2012\/08\/Image_1-3-115x115.jpg 115w\" sizes=\"(max-width: 105px) 100vw, 105px\" \/><\/a><\/td>\n<td><a href=\"https:\/\/www.padreydecano.com\/cms\/wp-content\/uploads\/2012\/08\/Image_81.jpg\" rel=\"shadowbox[sbpost-29131];player=img;\"><img loading=\"lazy\" decoding=\"async\" class=\"size-thumbnail wp-image-29191 alignleft\" src=\"https:\/\/www.padreydecano.com\/cms\/wp-content\/uploads\/2012\/08\/Image_81-150x150.jpg\" alt=\"\" width=\"105\" height=\"105\" srcset=\"https:\/\/www.padreydecano.com\/cms\/wp-content\/uploads\/2012\/08\/Image_81-150x150.jpg 150w, https:\/\/www.padreydecano.com\/cms\/wp-content\/uploads\/2012\/08\/Image_81-36x36.jpg 36w, https:\/\/www.padreydecano.com\/cms\/wp-content\/uploads\/2012\/08\/Image_81-115x115.jpg 115w\" sizes=\"(max-width: 105px) 100vw, 105px\" \/><\/a><\/td>\n<td><a href=\"https:\/\/www.padreydecano.com\/cms\/wp-content\/uploads\/2012\/08\/Image_71.jpg\" rel=\"shadowbox[sbpost-29131];player=img;\"><img loading=\"lazy\" decoding=\"async\" class=\"size-thumbnail wp-image-29190 alignleft\" src=\"https:\/\/www.padreydecano.com\/cms\/wp-content\/uploads\/2012\/08\/Image_71-150x150.jpg\" alt=\"\" width=\"105\" height=\"105\" srcset=\"https:\/\/www.padreydecano.com\/cms\/wp-content\/uploads\/2012\/08\/Image_71-150x150.jpg 150w, https:\/\/www.padreydecano.com\/cms\/wp-content\/uploads\/2012\/08\/Image_71-36x36.jpg 36w, https:\/\/www.padreydecano.com\/cms\/wp-content\/uploads\/2012\/08\/Image_71-115x115.jpg 115w\" sizes=\"(max-width: 105px) 100vw, 105px\" \/><\/a><\/td>\n<td><a href=\"https:\/\/www.padreydecano.com\/cms\/wp-content\/uploads\/2012\/08\/Image_61.jpg\" rel=\"shadowbox[sbpost-29131];player=img;\"><img loading=\"lazy\" decoding=\"async\" class=\"size-thumbnail wp-image-29189 alignleft\" src=\"https:\/\/www.padreydecano.com\/cms\/wp-content\/uploads\/2012\/08\/Image_61-150x150.jpg\" alt=\"\" width=\"105\" height=\"105\" srcset=\"https:\/\/www.padreydecano.com\/cms\/wp-content\/uploads\/2012\/08\/Image_61-150x150.jpg 150w, https:\/\/www.padreydecano.com\/cms\/wp-content\/uploads\/2012\/08\/Image_61-36x36.jpg 36w, https:\/\/www.padreydecano.com\/cms\/wp-content\/uploads\/2012\/08\/Image_61-115x115.jpg 115w\" sizes=\"(max-width: 105px) 100vw, 105px\" \/><\/a><\/td>\n<\/tr>\n<\/tbody>\n<\/table>\n<\/div>\n<p style=\"text-align: justify;\" dir=\"ltr\">En sus inicios, los <strong>hinchas del Pe\u00f1arol Paris eran de la comunidad uruguaya<\/strong> en Francia o amigos franceses o latinos que acompa\u00f1aban cada s\u00e1bado en tardes de futbol y asado al ritmo de los tambores. A medida que pas\u00f3 el tiempo, se fueron acercando m\u00e1s hinchas y es cada vez m\u00e1s grande la cantidad de gente que los sigue. Tambi\u00e9n est\u00e1n los hinchas aurinegros de todas partes que los siguen por internet a trav\u00e9s de su blog\u00a0<a href=\"penarolparis.canalblog.com\" target=\"_blank\">penarolparis.canalblog.com<\/a>\u00a0y su p\u00e1gina de facebook.<\/p>\n<div align=\"center\">\n<table class=\"comun2\">\n<tbody>\n<tr>\n<td><a href=\"https:\/\/www.padreydecano.com\/cms\/wp-content\/uploads\/2012\/08\/Image_51.jpg\" rel=\"shadowbox[sbpost-29131];player=img;\"><img loading=\"lazy\" decoding=\"async\" class=\"size-thumbnail wp-image-29188 alignleft\" src=\"https:\/\/www.padreydecano.com\/cms\/wp-content\/uploads\/2012\/08\/Image_51-150x150.jpg\" alt=\"\" width=\"105\" height=\"105\" srcset=\"https:\/\/www.padreydecano.com\/cms\/wp-content\/uploads\/2012\/08\/Image_51-150x150.jpg 150w, https:\/\/www.padreydecano.com\/cms\/wp-content\/uploads\/2012\/08\/Image_51-36x36.jpg 36w, https:\/\/www.padreydecano.com\/cms\/wp-content\/uploads\/2012\/08\/Image_51-115x115.jpg 115w\" sizes=\"(max-width: 105px) 100vw, 105px\" \/><\/a><\/td>\n<td><a href=\"https:\/\/www.padreydecano.com\/cms\/wp-content\/uploads\/2012\/08\/Image_41.jpg\" rel=\"shadowbox[sbpost-29131];player=img;\"><img loading=\"lazy\" decoding=\"async\" class=\"size-thumbnail wp-image-29187 alignleft\" src=\"https:\/\/www.padreydecano.com\/cms\/wp-content\/uploads\/2012\/08\/Image_41-150x150.jpg\" alt=\"\" width=\"105\" height=\"105\" srcset=\"https:\/\/www.padreydecano.com\/cms\/wp-content\/uploads\/2012\/08\/Image_41-150x150.jpg 150w, https:\/\/www.padreydecano.com\/cms\/wp-content\/uploads\/2012\/08\/Image_41-36x36.jpg 36w, https:\/\/www.padreydecano.com\/cms\/wp-content\/uploads\/2012\/08\/Image_41-115x115.jpg 115w\" sizes=\"(max-width: 105px) 100vw, 105px\" \/><\/a><\/td>\n<td><a href=\"https:\/\/www.padreydecano.com\/cms\/wp-content\/uploads\/2012\/08\/Image_31.jpg\" rel=\"shadowbox[sbpost-29131];player=img;\"><img loading=\"lazy\" decoding=\"async\" class=\"size-thumbnail wp-image-29186 alignleft\" src=\"https:\/\/www.padreydecano.com\/cms\/wp-content\/uploads\/2012\/08\/Image_31-150x150.jpg\" alt=\"\" width=\"105\" height=\"105\" srcset=\"https:\/\/www.padreydecano.com\/cms\/wp-content\/uploads\/2012\/08\/Image_31-150x150.jpg 150w, https:\/\/www.padreydecano.com\/cms\/wp-content\/uploads\/2012\/08\/Image_31-36x36.jpg 36w, https:\/\/www.padreydecano.com\/cms\/wp-content\/uploads\/2012\/08\/Image_31-115x115.jpg 115w\" sizes=\"(max-width: 105px) 100vw, 105px\" \/><\/a><\/td>\n<td><a href=\"https:\/\/www.padreydecano.com\/cms\/wp-content\/uploads\/2012\/08\/Image_21.jpg\" rel=\"shadowbox[sbpost-29131];player=img;\"><img loading=\"lazy\" decoding=\"async\" class=\"size-thumbnail wp-image-29185 alignleft\" src=\"https:\/\/www.padreydecano.com\/cms\/wp-content\/uploads\/2012\/08\/Image_21-150x150.jpg\" alt=\"\" width=\"105\" height=\"105\" srcset=\"https:\/\/www.padreydecano.com\/cms\/wp-content\/uploads\/2012\/08\/Image_21-150x150.jpg 150w, https:\/\/www.padreydecano.com\/cms\/wp-content\/uploads\/2012\/08\/Image_21-36x36.jpg 36w, https:\/\/www.padreydecano.com\/cms\/wp-content\/uploads\/2012\/08\/Image_21-115x115.jpg 115w\" sizes=\"(max-width: 105px) 100vw, 105px\" \/><\/a><\/td>\n<td><a href=\"https:\/\/www.padreydecano.com\/cms\/wp-content\/uploads\/2012\/08\/Image_13.jpg\" rel=\"shadowbox[sbpost-29131];player=img;\"><img loading=\"lazy\" decoding=\"async\" class=\"size-thumbnail wp-image-29184 alignleft\" src=\"https:\/\/www.padreydecano.com\/cms\/wp-content\/uploads\/2012\/08\/Image_13-150x150.jpg\" alt=\"\" width=\"105\" height=\"105\" srcset=\"https:\/\/www.padreydecano.com\/cms\/wp-content\/uploads\/2012\/08\/Image_13-150x150.jpg 150w, https:\/\/www.padreydecano.com\/cms\/wp-content\/uploads\/2012\/08\/Image_13-36x36.jpg 36w, https:\/\/www.padreydecano.com\/cms\/wp-content\/uploads\/2012\/08\/Image_13-115x115.jpg 115w\" sizes=\"(max-width: 105px) 100vw, 105px\" \/><\/a><\/td>\n<\/tr>\n<\/tbody>\n<\/table>\n<\/div>\n<p style=\"text-align: justify;\" dir=\"ltr\">Si bien unos cuantos kil\u00f3metros separan a Paris de Uruguay, para los jugadores del Pe\u00f1arol de Paris <strong>\u201cla \u00fanica cosa que cambia de estar lejos es no poder ir a la \u00c1msterdam. Despu\u00e9s tratamos de seguir todo, los partidos, las transferencias, la novedades sobre el estadio de Pe\u00f1arol, juveniles, etc. Somos muy hinchas de Pe\u00f1arol\u201d.<\/strong><\/p>\n","protected":false},"excerpt":{"rendered":"<p>El escudo viejo de Pe\u00f1arol delante de la Torre Eiffel es la simbolog\u00eda de este equipo que naci\u00f3 en una de las capitales m\u00e1s importantes del mundo. El Pe\u00f1arol de Paris jug\u00f3 su primer partido oficial el 22 de octubre del 2011, sin embargo, este proyecto comenz\u00f3 meses antes, de la mano de Adrian Mart\u00ednez [&hellip;]<\/p>\n","protected":false},"author":13,"featured_media":29188,"comment_status":"open","ping_status":"closed","sticky":false,"template":"","format":"standard","meta":{"footnotes":""},"categories":[1],"tags":[75],"yoast_head":"<!-- This site is optimized with the Yoast SEO plugin v23.2 - https:\/\/yoast.com\/wordpress\/plugins\/seo\/ -->\n<title>Pe\u00f1arol de Paris - Padre y Decano - El Sitio del Pueblo<\/title>\n<meta name=\"robots\" content=\"index, follow, max-snippet:-1, max-image-preview:large, max-video-preview:-1\" \/>\n<link rel=\"canonical\" href=\"https:\/\/www.padreydecano.com\/cms\/noticias\/penarol-de-paris\/\" \/>\n<meta property=\"og:locale\" content=\"es_ES\" \/>\n<meta property=\"og:type\" content=\"article\" \/>\n<meta property=\"og:title\" content=\"Pe\u00f1arol de Paris - Padre y Decano - El Sitio del Pueblo\" \/>\n<meta property=\"og:description\" content=\"El escudo viejo de Pe\u00f1arol delante de la Torre Eiffel es la simbolog\u00eda de este equipo que naci\u00f3 en una de las capitales m\u00e1s importantes del mundo. El Pe\u00f1arol de Paris jug\u00f3 su primer partido oficial el 22 de octubre del 2011, sin embargo, este proyecto comenz\u00f3 meses antes, de la mano de Adrian Mart\u00ednez [&hellip;]\" \/>\n<meta property=\"og:url\" content=\"https:\/\/www.padreydecano.com\/cms\/noticias\/penarol-de-paris\/\" \/>\n<meta property=\"og:site_name\" content=\"Padre y Decano - El Sitio del Pueblo\" \/>\n<meta property=\"article:published_time\" content=\"2012-08-29T12:00:21+00:00\" \/>\n<meta property=\"article:modified_time\" content=\"2012-08-29T00:45:22+00:00\" \/>\n<meta property=\"og:image\" content=\"https:\/\/www.padreydecano.com\/cms\/wp-content\/uploads\/2012\/08\/Image_51.jpg\" \/>\n\t<meta property=\"og:image:width\" content=\"800\" \/>\n\t<meta property=\"og:image:height\" content=\"600\" \/>\n\t<meta property=\"og:image:type\" content=\"image\/jpeg\" \/>\n<meta name=\"author\" content=\"Moderador\" \/>\n<meta name=\"twitter:card\" content=\"summary_large_image\" \/>\n<meta name=\"twitter:label1\" content=\"Escrito por\" \/>\n\t<meta name=\"twitter:data1\" content=\"Moderador\" \/>\n\t<meta name=\"twitter:label2\" content=\"Tiempo de lectura\" \/>\n\t<meta name=\"twitter:data2\" content=\"2 minutos\" \/>\n<script type=\"application\/ld+json\" class=\"yoast-schema-graph\">{\"@context\":\"https:\/\/schema.org\",\"@graph\":[{\"@type\":\"Article\",\"@id\":\"https:\/\/www.padreydecano.com\/cms\/noticias\/penarol-de-paris\/#article\",\"isPartOf\":{\"@id\":\"https:\/\/www.padreydecano.com\/cms\/noticias\/penarol-de-paris\/\"},\"author\":{\"name\":\"Moderador\",\"@id\":\"https:\/\/www.padreydecano.com\/cms\/#\/schema\/person\/d93e9e537230ae052c194251d9a1def2\"},\"headline\":\"Pe\u00f1arol de Paris\",\"datePublished\":\"2012-08-29T12:00:21+00:00\",\"dateModified\":\"2012-08-29T00:45:22+00:00\",\"mainEntityOfPage\":{\"@id\":\"https:\/\/www.padreydecano.com\/cms\/noticias\/penarol-de-paris\/\"},\"wordCount\":454,\"commentCount\":7,\"publisher\":{\"@id\":\"https:\/\/www.padreydecano.com\/cms\/#organization\"},\"image\":{\"@id\":\"https:\/\/www.padreydecano.com\/cms\/noticias\/penarol-de-paris\/#primaryimage\"},\"thumbnailUrl\":\"https:\/\/www.padreydecano.com\/cms\/wp-content\/uploads\/2012\/08\/Image_51.jpg\",\"keywords\":[\"Curiosidades\"],\"articleSection\":[\"Noticias\"],\"inLanguage\":\"es\",\"potentialAction\":[{\"@type\":\"CommentAction\",\"name\":\"Comment\",\"target\":[\"https:\/\/www.padreydecano.com\/cms\/noticias\/penarol-de-paris\/#respond\"]}]},{\"@type\":\"WebPage\",\"@id\":\"https:\/\/www.padreydecano.com\/cms\/noticias\/penarol-de-paris\/\",\"url\":\"https:\/\/www.padreydecano.com\/cms\/noticias\/penarol-de-paris\/\",\"name\":\"Pe\u00f1arol de Paris - Padre y Decano - El Sitio del Pueblo\",\"isPartOf\":{\"@id\":\"https:\/\/www.padreydecano.com\/cms\/#website\"},\"primaryImageOfPage\":{\"@id\":\"https:\/\/www.padreydecano.com\/cms\/noticias\/penarol-de-paris\/#primaryimage\"},\"image\":{\"@id\":\"https:\/\/www.padreydecano.com\/cms\/noticias\/penarol-de-paris\/#primaryimage\"},\"thumbnailUrl\":\"https:\/\/www.padreydecano.com\/cms\/wp-content\/uploads\/2012\/08\/Image_51.jpg\",\"datePublished\":\"2012-08-29T12:00:21+00:00\",\"dateModified\":\"2012-08-29T00:45:22+00:00\",\"breadcrumb\":{\"@id\":\"https:\/\/www.padreydecano.com\/cms\/noticias\/penarol-de-paris\/#breadcrumb\"},\"inLanguage\":\"es\",\"potentialAction\":[{\"@type\":\"ReadAction\",\"target\":[\"https:\/\/www.padreydecano.com\/cms\/noticias\/penarol-de-paris\/\"]}]},{\"@type\":\"ImageObject\",\"inLanguage\":\"es\",\"@id\":\"https:\/\/www.padreydecano.com\/cms\/noticias\/penarol-de-paris\/#primaryimage\",\"url\":\"https:\/\/www.padreydecano.com\/cms\/wp-content\/uploads\/2012\/08\/Image_51.jpg\",\"contentUrl\":\"https:\/\/www.padreydecano.com\/cms\/wp-content\/uploads\/2012\/08\/Image_51.jpg\",\"width\":\"800\",\"height\":\"600\"},{\"@type\":\"BreadcrumbList\",\"@id\":\"https:\/\/www.padreydecano.com\/cms\/noticias\/penarol-de-paris\/#breadcrumb\",\"itemListElement\":[{\"@type\":\"ListItem\",\"position\":1,\"name\":\"Portada\",\"item\":\"https:\/\/www.padreydecano.com\/cms\/\"},{\"@type\":\"ListItem\",\"position\":2,\"name\":\"Pe\u00f1arol de Paris\"}]},{\"@type\":\"WebSite\",\"@id\":\"https:\/\/www.padreydecano.com\/cms\/#website\",\"url\":\"https:\/\/www.padreydecano.com\/cms\/\",\"name\":\"Padre y Decano - El Sitio del Pueblo\",\"description\":\"Club Atl\u00e9tico Pe\u00f1arol\",\"publisher\":{\"@id\":\"https:\/\/www.padreydecano.com\/cms\/#organization\"},\"potentialAction\":[{\"@type\":\"SearchAction\",\"target\":{\"@type\":\"EntryPoint\",\"urlTemplate\":\"https:\/\/www.padreydecano.com\/cms\/?s={search_term_string}\"},\"query-input\":\"required name=search_term_string\"}],\"inLanguage\":\"es\"},{\"@type\":\"Organization\",\"@id\":\"https:\/\/www.padreydecano.com\/cms\/#organization\",\"name\":\"Padre y Decano\",\"url\":\"https:\/\/www.padreydecano.com\/cms\/\",\"logo\":{\"@type\":\"ImageObject\",\"inLanguage\":\"es\",\"@id\":\"https:\/\/www.padreydecano.com\/cms\/#\/schema\/logo\/image\/\",\"url\":\"https:\/\/www.padreydecano.com\/cms\/wp-content\/uploads\/2022\/01\/avatar-square.png\",\"contentUrl\":\"https:\/\/www.padreydecano.com\/cms\/wp-content\/uploads\/2022\/01\/avatar-square.png\",\"width\":1500,\"height\":1500,\"caption\":\"Padre y Decano\"},\"image\":{\"@id\":\"https:\/\/www.padreydecano.com\/cms\/#\/schema\/logo\/image\/\"}},{\"@type\":\"Person\",\"@id\":\"https:\/\/www.padreydecano.com\/cms\/#\/schema\/person\/d93e9e537230ae052c194251d9a1def2\",\"name\":\"Moderador\",\"image\":{\"@type\":\"ImageObject\",\"inLanguage\":\"es\",\"@id\":\"https:\/\/www.padreydecano.com\/cms\/#\/schema\/person\/image\/\",\"url\":\"https:\/\/secure.gravatar.com\/avatar\/2587727bf8a53bd3da4ec49f01bea66e?s=96&d=https%3A%2F%2Fpadreydecano.com%2Fcms%2Fwp-content%2Fthemes%2Fpyd-theme%2Fimg%2Fdefault-avatar.png&r=g\",\"contentUrl\":\"https:\/\/secure.gravatar.com\/avatar\/2587727bf8a53bd3da4ec49f01bea66e?s=96&d=https%3A%2F%2Fpadreydecano.com%2Fcms%2Fwp-content%2Fthemes%2Fpyd-theme%2Fimg%2Fdefault-avatar.png&r=g\",\"caption\":\"Moderador\"}}]}<\/script>\n<!-- \/ Yoast SEO plugin. -->","yoast_head_json":{"title":"Pe\u00f1arol de Paris - Padre y Decano - El Sitio del Pueblo","robots":{"index":"index","follow":"follow","max-snippet":"max-snippet:-1","max-image-preview":"max-image-preview:large","max-video-preview":"max-video-preview:-1"},"canonical":"https:\/\/www.padreydecano.com\/cms\/noticias\/penarol-de-paris\/","og_locale":"es_ES","og_type":"article","og_title":"Pe\u00f1arol de Paris - Padre y Decano - El Sitio del Pueblo","og_description":"El escudo viejo de Pe\u00f1arol delante de la Torre Eiffel es la simbolog\u00eda de este equipo que naci\u00f3 en una de las capitales m\u00e1s importantes del mundo. El Pe\u00f1arol de Paris jug\u00f3 su primer partido oficial el 22 de octubre del 2011, sin embargo, este proyecto comenz\u00f3 meses antes, de la mano de Adrian Mart\u00ednez [&hellip;]","og_url":"https:\/\/www.padreydecano.com\/cms\/noticias\/penarol-de-paris\/","og_site_name":"Padre y Decano - El Sitio del Pueblo","article_published_time":"2012-08-29T12:00:21+00:00","article_modified_time":"2012-08-29T00:45:22+00:00","og_image":[{"width":800,"height":600,"url":"https:\/\/www.padreydecano.com\/cms\/wp-content\/uploads\/2012\/08\/Image_51.jpg","type":"image\/jpeg"}],"author":"Moderador","twitter_card":"summary_large_image","twitter_misc":{"Escrito por":"Moderador","Tiempo de lectura":"2 minutos"},"schema":{"@context":"https:\/\/schema.org","@graph":[{"@type":"Article","@id":"https:\/\/www.padreydecano.com\/cms\/noticias\/penarol-de-paris\/#article","isPartOf":{"@id":"https:\/\/www.padreydecano.com\/cms\/noticias\/penarol-de-paris\/"},"author":{"name":"Moderador","@id":"https:\/\/www.padreydecano.com\/cms\/#\/schema\/person\/d93e9e537230ae052c194251d9a1def2"},"headline":"Pe\u00f1arol de Paris","datePublished":"2012-08-29T12:00:21+00:00","dateModified":"2012-08-29T00:45:22+00:00","mainEntityOfPage":{"@id":"https:\/\/www.padreydecano.com\/cms\/noticias\/penarol-de-paris\/"},"wordCount":454,"commentCount":7,"publisher":{"@id":"https:\/\/www.padreydecano.com\/cms\/#organization"},"image":{"@id":"https:\/\/www.padreydecano.com\/cms\/noticias\/penarol-de-paris\/#primaryimage"},"thumbnailUrl":"https:\/\/www.padreydecano.com\/cms\/wp-content\/uploads\/2012\/08\/Image_51.jpg","keywords":["Curiosidades"],"articleSection":["Noticias"],"inLanguage":"es","potentialAction":[{"@type":"CommentAction","name":"Comment","target":["https:\/\/www.padreydecano.com\/cms\/noticias\/penarol-de-paris\/#respond"]}]},{"@type":"WebPage","@id":"https:\/\/www.padreydecano.com\/cms\/noticias\/penarol-de-paris\/","url":"https:\/\/www.padreydecano.com\/cms\/noticias\/penarol-de-paris\/","name":"Pe\u00f1arol de Paris - Padre y Decano - El Sitio del Pueblo","isPartOf":{"@id":"https:\/\/www.padreydecano.com\/cms\/#website"},"primaryImageOfPage":{"@id":"https:\/\/www.padreydecano.com\/cms\/noticias\/penarol-de-paris\/#primaryimage"},"image":{"@id":"https:\/\/www.padreydecano.com\/cms\/noticias\/penarol-de-paris\/#primaryimage"},"thumbnailUrl":"https:\/\/www.padreydecano.com\/cms\/wp-content\/uploads\/2012\/08\/Image_51.jpg","datePublished":"2012-08-29T12:00:21+00:00","dateModified":"2012-08-29T00:45:22+00:00","breadcrumb":{"@id":"https:\/\/www.padreydecano.com\/cms\/noticias\/penarol-de-paris\/#breadcrumb"},"inLanguage":"es","potentialAction":[{"@type":"ReadAction","target":["https:\/\/www.padreydecano.com\/cms\/noticias\/penarol-de-paris\/"]}]},{"@type":"ImageObject","inLanguage":"es","@id":"https:\/\/www.padreydecano.com\/cms\/noticias\/penarol-de-paris\/#primaryimage","url":"https:\/\/www.padreydecano.com\/cms\/wp-content\/uploads\/2012\/08\/Image_51.jpg","contentUrl":"https:\/\/www.padreydecano.com\/cms\/wp-content\/uploads\/2012\/08\/Image_51.jpg","width":"800","height":"600"},{"@type":"BreadcrumbList","@id":"https:\/\/www.padreydecano.com\/cms\/noticias\/penarol-de-paris\/#breadcrumb","itemListElement":[{"@type":"ListItem","position":1,"name":"Portada","item":"https:\/\/www.padreydecano.com\/cms\/"},{"@type":"ListItem","position":2,"name":"Pe\u00f1arol de Paris"}]},{"@type":"WebSite","@id":"https:\/\/www.padreydecano.com\/cms\/#website","url":"https:\/\/www.padreydecano.com\/cms\/","name":"Padre y Decano - El Sitio del Pueblo","description":"Club Atl\u00e9tico Pe\u00f1arol","publisher":{"@id":"https:\/\/www.padreydecano.com\/cms\/#organization"},"potentialAction":[{"@type":"SearchAction","target":{"@type":"EntryPoint","urlTemplate":"https:\/\/www.padreydecano.com\/cms\/?s={search_term_string}"},"query-input":"required name=search_term_string"}],"inLanguage":"es"},{"@type":"Organization","@id":"https:\/\/www.padreydecano.com\/cms\/#organization","name":"Padre y Decano","url":"https:\/\/www.padreydecano.com\/cms\/","logo":{"@type":"ImageObject","inLanguage":"es","@id":"https:\/\/www.padreydecano.com\/cms\/#\/schema\/logo\/image\/","url":"https:\/\/www.padreydecano.com\/cms\/wp-content\/uploads\/2022\/01\/avatar-square.png","contentUrl":"https:\/\/www.padreydecano.com\/cms\/wp-content\/uploads\/2022\/01\/avatar-square.png","width":1500,"height":1500,"caption":"Padre y Decano"},"image":{"@id":"https:\/\/www.padreydecano.com\/cms\/#\/schema\/logo\/image\/"}},{"@type":"Person","@id":"https:\/\/www.padreydecano.com\/cms\/#\/schema\/person\/d93e9e537230ae052c194251d9a1def2","name":"Moderador","image":{"@type":"ImageObject","inLanguage":"es","@id":"https:\/\/www.padreydecano.com\/cms\/#\/schema\/person\/image\/","url":"https:\/\/secure.gravatar.com\/avatar\/2587727bf8a53bd3da4ec49f01bea66e?s=96&d=https%3A%2F%2Fpadreydecano.com%2Fcms%2Fwp-content%2Fthemes%2Fpyd-theme%2Fimg%2Fdefault-avatar.png&r=g","contentUrl":"https:\/\/secure.gravatar.com\/avatar\/2587727bf8a53bd3da4ec49f01bea66e?s=96&d=https%3A%2F%2Fpadreydecano.com%2Fcms%2Fwp-content%2Fthemes%2Fpyd-theme%2Fimg%2Fdefault-avatar.png&r=g","caption":"Moderador"}}]}},"_links":{"self":[{"href":"https:\/\/www.padreydecano.com\/cms\/wp-json\/wp\/v2\/posts\/29131"}],"collection":[{"href":"https:\/\/www.padreydecano.com\/cms\/wp-json\/wp\/v2\/posts"}],"about":[{"href":"https:\/\/www.padreydecano.com\/cms\/wp-json\/wp\/v2\/types\/post"}],"author":[{"embeddable":true,"href":"https:\/\/www.padreydecano.com\/cms\/wp-json\/wp\/v2\/users\/13"}],"replies":[{"embeddable":true,"href":"https:\/\/www.padreydecano.com\/cms\/wp-json\/wp\/v2\/comments?post=29131"}],"version-history":[{"count":0,"href":"https:\/\/www.padreydecano.com\/cms\/wp-json\/wp\/v2\/posts\/29131\/revisions"}],"wp:featuredmedia":[{"embeddable":true,"href":"https:\/\/www.padreydecano.com\/cms\/wp-json\/wp\/v2\/media\/29188"}],"wp:attachment":[{"href":"https:\/\/www.padreydecano.com\/cms\/wp-json\/wp\/v2\/media?parent=29131"}],"wp:term":[{"taxonomy":"category","embeddable":true,"href":"https:\/\/www.padreydecano.com\/cms\/wp-json\/wp\/v2\/categories?post=29131"},{"taxonomy":"post_tag","embeddable":true,"href":"https:\/\/www.padreydecano.com\/cms\/wp-json\/wp\/v2\/tags?post=29131"}],"curies":[{"name":"wp","href":"https:\/\/api.w.org\/{rel}","templated":true}]}}