{"id":29130,"date":"2012-08-28T10:30:21","date_gmt":"2012-08-28T13:30:21","guid":{"rendered":"http:\/\/www.padreydecano.com\/cms\/?p=29130"},"modified":"2012-08-29T17:00:54","modified_gmt":"2012-08-29T20:00:54","slug":"entrenamientos-28-al-31-de-agosto","status":"publish","type":"post","link":"https:\/\/www.padreydecano.com\/cms\/los-aromos\/entrenamientos-28-al-31-de-agosto\/","title":{"rendered":"Entrenamientos (28 al 31 de agosto)"},"content":{"rendered":"<p style=\"text-align: justify;\"><a href=\"https:\/\/www.padreydecano.com\/cms\/wp-content\/uploads\/2012\/03\/futbol-espacios-reducidos-los-aromos.jpg\" rel=\"shadowbox[sbpost-29130];player=img;\"><img loading=\"lazy\" decoding=\"async\" class=\"alignright  wp-image-19669\" src=\"https:\/\/www.padreydecano.com\/cms\/wp-content\/uploads\/2012\/03\/futbol-espacios-reducidos-los-aromos-300x225.jpg\" alt=\"\" width=\"240\" height=\"180\" srcset=\"https:\/\/www.padreydecano.com\/cms\/wp-content\/uploads\/2012\/03\/futbol-espacios-reducidos-los-aromos-300x225.jpg 300w, https:\/\/www.padreydecano.com\/cms\/wp-content\/uploads\/2012\/03\/futbol-espacios-reducidos-los-aromos.jpg 720w\" sizes=\"(max-width: 240px) 100vw, 240px\" \/><\/a>Compartimos a continuaci\u00f3n los detalles de los entrenamientos para esta semana (28 al 31 de agosto). La informaci\u00f3n es la brindada por el departamento de prensa del club.<\/p>\n<p style=\"text-align: justify;\">El plantel principal de Pe\u00f1arol vuelve a los entrenamientos este martes, luego de la <a href=\"https:\/\/www.padreydecano.com\/cms\/partidos\/peor-arranque-imposible\/\" target=\"_blank\">derrota frente a F\u00e9nix en la primera fecha del Apertura 2012<\/a>. El <a href=\"https:\/\/www.padreydecano.com\/cms\/calendario\/\" target=\"_blank\">calendario<\/a>\u00a0marca que el pr\u00f3ximo rival ser\u00e1 el Club Atl\u00e9tico River Plate.<\/p>\n<p style=\"text-align: justify;\">El r\u00e9gimen ser\u00e1 el siguiente:<\/p>\n<p style=\"text-align: justify;\"><strong>Martes<\/strong> &#8211; Simple<\/p>\n<ul style=\"text-align: justify;\">\n<li>Matutino &#8211; 10.00 hs.<\/li>\n<li>Atenci\u00f3n a la Prensa 09.30<\/li>\n<li>Abierto a socios<\/li>\n<\/ul>\n<p style=\"text-align: justify;\"><strong>Mi\u00e9rcoles<\/strong> &#8211; Simple<\/p>\n<ul style=\"text-align: justify;\">\n<li>Matutino &#8211; 09.30 hs.<\/li>\n<li>Atenci\u00f3n a la Prensa 08.30<\/li>\n<li>Abierto a socios<\/li>\n<\/ul>\n<p style=\"text-align: justify;\"><strong>Jueves y viernes <\/strong><\/p>\n<ul>\n<li>Matutino &#8211; 09.00 hs.<\/li>\n<li>A puertas cerradas<\/li>\n<li>No se brindar\u00e1 atenci\u00f3n a los medios.<\/li>\n<\/ul>\n<p style=\"text-align: justify;\"><strong>S\u00e1bado<\/strong><\/p>\n<ul>\n<li>Los jugadores que designe el cuerpo t\u00e9cnico quedar\u00e1n concentrados para el partido ante River Plate el pr\u00f3ximo domingo.<\/li>\n<\/ul>\n","protected":false},"excerpt":{"rendered":"<p>Compartimos a continuaci\u00f3n los detalles de los entrenamientos para esta semana (28 al 31 de agosto). La informaci\u00f3n es la brindada por el departamento de prensa del club. El plantel principal de Pe\u00f1arol vuelve a los entrenamientos este martes, luego de la derrota frente a F\u00e9nix en la primera fecha del Apertura 2012. El calendario\u00a0marca [&hellip;]<\/p>\n","protected":false},"author":2,"featured_media":19669,"comment_status":"open","ping_status":"closed","sticky":false,"template":"","format":"standard","meta":{"footnotes":""},"categories":[7],"tags":[],"yoast_head":"<!-- This site is optimized with the Yoast SEO plugin v23.2 - https:\/\/yoast.com\/wordpress\/plugins\/seo\/ -->\n<title>Entrenamientos (28 al 31 de agosto) - Padre y Decano - El Sitio del Pueblo<\/title>\n<meta name=\"robots\" content=\"index, follow, max-snippet:-1, max-image-preview:large, max-video-preview:-1\" \/>\n<link rel=\"canonical\" href=\"https:\/\/www.padreydecano.com\/cms\/los-aromos\/entrenamientos-28-al-31-de-agosto\/\" \/>\n<meta property=\"og:locale\" content=\"es_ES\" \/>\n<meta property=\"og:type\" content=\"article\" \/>\n<meta property=\"og:title\" content=\"Entrenamientos (28 al 31 de agosto) - Padre y Decano - El Sitio del Pueblo\" \/>\n<meta property=\"og:description\" content=\"Compartimos a continuaci\u00f3n los detalles de los entrenamientos para esta semana (28 al 31 de agosto). La informaci\u00f3n es la brindada por el departamento de prensa del club. El plantel principal de Pe\u00f1arol vuelve a los entrenamientos este martes, luego de la derrota frente a F\u00e9nix en la primera fecha del Apertura 2012. El calendario\u00a0marca [&hellip;]\" \/>\n<meta property=\"og:url\" content=\"https:\/\/www.padreydecano.com\/cms\/los-aromos\/entrenamientos-28-al-31-de-agosto\/\" \/>\n<meta property=\"og:site_name\" content=\"Padre y Decano - El Sitio del Pueblo\" \/>\n<meta property=\"article:published_time\" content=\"2012-08-28T13:30:21+00:00\" \/>\n<meta property=\"article:modified_time\" content=\"2012-08-29T20:00:54+00:00\" \/>\n<meta property=\"og:image\" content=\"https:\/\/www.padreydecano.com\/cms\/wp-content\/uploads\/2012\/03\/futbol-espacios-reducidos-los-aromos.jpg\" \/>\n\t<meta property=\"og:image:width\" content=\"720\" \/>\n\t<meta property=\"og:image:height\" content=\"540\" \/>\n\t<meta property=\"og:image:type\" content=\"image\/jpeg\" \/>\n<meta name=\"author\" content=\"Gonzalo16\" \/>\n<meta name=\"twitter:card\" content=\"summary_large_image\" \/>\n<meta name=\"twitter:label1\" content=\"Escrito por\" \/>\n\t<meta name=\"twitter:data1\" content=\"Gonzalo16\" \/>\n\t<meta name=\"twitter:label2\" content=\"Tiempo de lectura\" \/>\n\t<meta name=\"twitter:data2\" content=\"1 minuto\" \/>\n<script type=\"application\/ld+json\" class=\"yoast-schema-graph\">{\"@context\":\"https:\/\/schema.org\",\"@graph\":[{\"@type\":\"Article\",\"@id\":\"https:\/\/www.padreydecano.com\/cms\/los-aromos\/entrenamientos-28-al-31-de-agosto\/#article\",\"isPartOf\":{\"@id\":\"https:\/\/www.padreydecano.com\/cms\/los-aromos\/entrenamientos-28-al-31-de-agosto\/\"},\"author\":{\"name\":\"Gonzalo16\",\"@id\":\"https:\/\/www.padreydecano.com\/cms\/#\/schema\/person\/7fe41e3e335700ebd387196df2f9a8d4\"},\"headline\":\"Entrenamientos (28 al 31 de agosto)\",\"datePublished\":\"2012-08-28T13:30:21+00:00\",\"dateModified\":\"2012-08-29T20:00:54+00:00\",\"mainEntityOfPage\":{\"@id\":\"https:\/\/www.padreydecano.com\/cms\/los-aromos\/entrenamientos-28-al-31-de-agosto\/\"},\"wordCount\":148,\"commentCount\":1,\"publisher\":{\"@id\":\"https:\/\/www.padreydecano.com\/cms\/#organization\"},\"image\":{\"@id\":\"https:\/\/www.padreydecano.com\/cms\/los-aromos\/entrenamientos-28-al-31-de-agosto\/#primaryimage\"},\"thumbnailUrl\":\"https:\/\/www.padreydecano.com\/cms\/wp-content\/uploads\/2012\/03\/futbol-espacios-reducidos-los-aromos.jpg\",\"articleSection\":[\"Los Aromos\"],\"inLanguage\":\"es\",\"potentialAction\":[{\"@type\":\"CommentAction\",\"name\":\"Comment\",\"target\":[\"https:\/\/www.padreydecano.com\/cms\/los-aromos\/entrenamientos-28-al-31-de-agosto\/#respond\"]}]},{\"@type\":\"WebPage\",\"@id\":\"https:\/\/www.padreydecano.com\/cms\/los-aromos\/entrenamientos-28-al-31-de-agosto\/\",\"url\":\"https:\/\/www.padreydecano.com\/cms\/los-aromos\/entrenamientos-28-al-31-de-agosto\/\",\"name\":\"Entrenamientos (28 al 31 de agosto) - Padre y Decano - El Sitio del Pueblo\",\"isPartOf\":{\"@id\":\"https:\/\/www.padreydecano.com\/cms\/#website\"},\"primaryImageOfPage\":{\"@id\":\"https:\/\/www.padreydecano.com\/cms\/los-aromos\/entrenamientos-28-al-31-de-agosto\/#primaryimage\"},\"image\":{\"@id\":\"https:\/\/www.padreydecano.com\/cms\/los-aromos\/entrenamientos-28-al-31-de-agosto\/#primaryimage\"},\"thumbnailUrl\":\"https:\/\/www.padreydecano.com\/cms\/wp-content\/uploads\/2012\/03\/futbol-espacios-reducidos-los-aromos.jpg\",\"datePublished\":\"2012-08-28T13:30:21+00:00\",\"dateModified\":\"2012-08-29T20:00:54+00:00\",\"breadcrumb\":{\"@id\":\"https:\/\/www.padreydecano.com\/cms\/los-aromos\/entrenamientos-28-al-31-de-agosto\/#breadcrumb\"},\"inLanguage\":\"es\",\"potentialAction\":[{\"@type\":\"ReadAction\",\"target\":[\"https:\/\/www.padreydecano.com\/cms\/los-aromos\/entrenamientos-28-al-31-de-agosto\/\"]}]},{\"@type\":\"ImageObject\",\"inLanguage\":\"es\",\"@id\":\"https:\/\/www.padreydecano.com\/cms\/los-aromos\/entrenamientos-28-al-31-de-agosto\/#primaryimage\",\"url\":\"https:\/\/www.padreydecano.com\/cms\/wp-content\/uploads\/2012\/03\/futbol-espacios-reducidos-los-aromos.jpg\",\"contentUrl\":\"https:\/\/www.padreydecano.com\/cms\/wp-content\/uploads\/2012\/03\/futbol-espacios-reducidos-los-aromos.jpg\",\"width\":\"720\",\"height\":\"540\"},{\"@type\":\"BreadcrumbList\",\"@id\":\"https:\/\/www.padreydecano.com\/cms\/los-aromos\/entrenamientos-28-al-31-de-agosto\/#breadcrumb\",\"itemListElement\":[{\"@type\":\"ListItem\",\"position\":1,\"name\":\"Portada\",\"item\":\"https:\/\/www.padreydecano.com\/cms\/\"},{\"@type\":\"ListItem\",\"position\":2,\"name\":\"Entrenamientos (28 al 31 de agosto)\"}]},{\"@type\":\"WebSite\",\"@id\":\"https:\/\/www.padreydecano.com\/cms\/#website\",\"url\":\"https:\/\/www.padreydecano.com\/cms\/\",\"name\":\"Padre y Decano - El Sitio del Pueblo\",\"description\":\"Club Atl\u00e9tico Pe\u00f1arol\",\"publisher\":{\"@id\":\"https:\/\/www.padreydecano.com\/cms\/#organization\"},\"potentialAction\":[{\"@type\":\"SearchAction\",\"target\":{\"@type\":\"EntryPoint\",\"urlTemplate\":\"https:\/\/www.padreydecano.com\/cms\/?s={search_term_string}\"},\"query-input\":\"required name=search_term_string\"}],\"inLanguage\":\"es\"},{\"@type\":\"Organization\",\"@id\":\"https:\/\/www.padreydecano.com\/cms\/#organization\",\"name\":\"Padre y Decano\",\"url\":\"https:\/\/www.padreydecano.com\/cms\/\",\"logo\":{\"@type\":\"ImageObject\",\"inLanguage\":\"es\",\"@id\":\"https:\/\/www.padreydecano.com\/cms\/#\/schema\/logo\/image\/\",\"url\":\"https:\/\/www.padreydecano.com\/cms\/wp-content\/uploads\/2022\/01\/avatar-square.png\",\"contentUrl\":\"https:\/\/www.padreydecano.com\/cms\/wp-content\/uploads\/2022\/01\/avatar-square.png\",\"width\":1500,\"height\":1500,\"caption\":\"Padre y Decano\"},\"image\":{\"@id\":\"https:\/\/www.padreydecano.com\/cms\/#\/schema\/logo\/image\/\"}},{\"@type\":\"Person\",\"@id\":\"https:\/\/www.padreydecano.com\/cms\/#\/schema\/person\/7fe41e3e335700ebd387196df2f9a8d4\",\"name\":\"Gonzalo16\",\"image\":{\"@type\":\"ImageObject\",\"inLanguage\":\"es\",\"@id\":\"https:\/\/www.padreydecano.com\/cms\/#\/schema\/person\/image\/\",\"url\":\"https:\/\/secure.gravatar.com\/avatar\/4d5cdd49803a2313c01f77e3dfc05d81?s=96&d=https%3A%2F%2Fpadreydecano.com%2Fcms%2Fwp-content%2Fthemes%2Fpyd-theme%2Fimg%2Fdefault-avatar.png&r=g\",\"contentUrl\":\"https:\/\/secure.gravatar.com\/avatar\/4d5cdd49803a2313c01f77e3dfc05d81?s=96&d=https%3A%2F%2Fpadreydecano.com%2Fcms%2Fwp-content%2Fthemes%2Fpyd-theme%2Fimg%2Fdefault-avatar.png&r=g\",\"caption\":\"Gonzalo16\"}}]}<\/script>\n<!-- \/ Yoast SEO plugin. -->","yoast_head_json":{"title":"Entrenamientos (28 al 31 de agosto) - Padre y Decano - El Sitio del Pueblo","robots":{"index":"index","follow":"follow","max-snippet":"max-snippet:-1","max-image-preview":"max-image-preview:large","max-video-preview":"max-video-preview:-1"},"canonical":"https:\/\/www.padreydecano.com\/cms\/los-aromos\/entrenamientos-28-al-31-de-agosto\/","og_locale":"es_ES","og_type":"article","og_title":"Entrenamientos (28 al 31 de agosto) - Padre y Decano - El Sitio del Pueblo","og_description":"Compartimos a continuaci\u00f3n los detalles de los entrenamientos para esta semana (28 al 31 de agosto). La informaci\u00f3n es la brindada por el departamento de prensa del club. El plantel principal de Pe\u00f1arol vuelve a los entrenamientos este martes, luego de la derrota frente a F\u00e9nix en la primera fecha del Apertura 2012. El calendario\u00a0marca [&hellip;]","og_url":"https:\/\/www.padreydecano.com\/cms\/los-aromos\/entrenamientos-28-al-31-de-agosto\/","og_site_name":"Padre y Decano - El Sitio del Pueblo","article_published_time":"2012-08-28T13:30:21+00:00","article_modified_time":"2012-08-29T20:00:54+00:00","og_image":[{"width":720,"height":540,"url":"https:\/\/www.padreydecano.com\/cms\/wp-content\/uploads\/2012\/03\/futbol-espacios-reducidos-los-aromos.jpg","type":"image\/jpeg"}],"author":"Gonzalo16","twitter_card":"summary_large_image","twitter_misc":{"Escrito por":"Gonzalo16","Tiempo de lectura":"1 minuto"},"schema":{"@context":"https:\/\/schema.org","@graph":[{"@type":"Article","@id":"https:\/\/www.padreydecano.com\/cms\/los-aromos\/entrenamientos-28-al-31-de-agosto\/#article","isPartOf":{"@id":"https:\/\/www.padreydecano.com\/cms\/los-aromos\/entrenamientos-28-al-31-de-agosto\/"},"author":{"name":"Gonzalo16","@id":"https:\/\/www.padreydecano.com\/cms\/#\/schema\/person\/7fe41e3e335700ebd387196df2f9a8d4"},"headline":"Entrenamientos (28 al 31 de agosto)","datePublished":"2012-08-28T13:30:21+00:00","dateModified":"2012-08-29T20:00:54+00:00","mainEntityOfPage":{"@id":"https:\/\/www.padreydecano.com\/cms\/los-aromos\/entrenamientos-28-al-31-de-agosto\/"},"wordCount":148,"commentCount":1,"publisher":{"@id":"https:\/\/www.padreydecano.com\/cms\/#organization"},"image":{"@id":"https:\/\/www.padreydecano.com\/cms\/los-aromos\/entrenamientos-28-al-31-de-agosto\/#primaryimage"},"thumbnailUrl":"https:\/\/www.padreydecano.com\/cms\/wp-content\/uploads\/2012\/03\/futbol-espacios-reducidos-los-aromos.jpg","articleSection":["Los Aromos"],"inLanguage":"es","potentialAction":[{"@type":"CommentAction","name":"Comment","target":["https:\/\/www.padreydecano.com\/cms\/los-aromos\/entrenamientos-28-al-31-de-agosto\/#respond"]}]},{"@type":"WebPage","@id":"https:\/\/www.padreydecano.com\/cms\/los-aromos\/entrenamientos-28-al-31-de-agosto\/","url":"https:\/\/www.padreydecano.com\/cms\/los-aromos\/entrenamientos-28-al-31-de-agosto\/","name":"Entrenamientos (28 al 31 de agosto) - Padre y Decano - El Sitio del Pueblo","isPartOf":{"@id":"https:\/\/www.padreydecano.com\/cms\/#website"},"primaryImageOfPage":{"@id":"https:\/\/www.padreydecano.com\/cms\/los-aromos\/entrenamientos-28-al-31-de-agosto\/#primaryimage"},"image":{"@id":"https:\/\/www.padreydecano.com\/cms\/los-aromos\/entrenamientos-28-al-31-de-agosto\/#primaryimage"},"thumbnailUrl":"https:\/\/www.padreydecano.com\/cms\/wp-content\/uploads\/2012\/03\/futbol-espacios-reducidos-los-aromos.jpg","datePublished":"2012-08-28T13:30:21+00:00","dateModified":"2012-08-29T20:00:54+00:00","breadcrumb":{"@id":"https:\/\/www.padreydecano.com\/cms\/los-aromos\/entrenamientos-28-al-31-de-agosto\/#breadcrumb"},"inLanguage":"es","potentialAction":[{"@type":"ReadAction","target":["https:\/\/www.padreydecano.com\/cms\/los-aromos\/entrenamientos-28-al-31-de-agosto\/"]}]},{"@type":"ImageObject","inLanguage":"es","@id":"https:\/\/www.padreydecano.com\/cms\/los-aromos\/entrenamientos-28-al-31-de-agosto\/#primaryimage","url":"https:\/\/www.padreydecano.com\/cms\/wp-content\/uploads\/2012\/03\/futbol-espacios-reducidos-los-aromos.jpg","contentUrl":"https:\/\/www.padreydecano.com\/cms\/wp-content\/uploads\/2012\/03\/futbol-espacios-reducidos-los-aromos.jpg","width":"720","height":"540"},{"@type":"BreadcrumbList","@id":"https:\/\/www.padreydecano.com\/cms\/los-aromos\/entrenamientos-28-al-31-de-agosto\/#breadcrumb","itemListElement":[{"@type":"ListItem","position":1,"name":"Portada","item":"https:\/\/www.padreydecano.com\/cms\/"},{"@type":"ListItem","position":2,"name":"Entrenamientos (28 al 31 de agosto)"}]},{"@type":"WebSite","@id":"https:\/\/www.padreydecano.com\/cms\/#website","url":"https:\/\/www.padreydecano.com\/cms\/","name":"Padre y Decano - El Sitio del Pueblo","description":"Club Atl\u00e9tico Pe\u00f1arol","publisher":{"@id":"https:\/\/www.padreydecano.com\/cms\/#organization"},"potentialAction":[{"@type":"SearchAction","target":{"@type":"EntryPoint","urlTemplate":"https:\/\/www.padreydecano.com\/cms\/?s={search_term_string}"},"query-input":"required name=search_term_string"}],"inLanguage":"es"},{"@type":"Organization","@id":"https:\/\/www.padreydecano.com\/cms\/#organization","name":"Padre y Decano","url":"https:\/\/www.padreydecano.com\/cms\/","logo":{"@type":"ImageObject","inLanguage":"es","@id":"https:\/\/www.padreydecano.com\/cms\/#\/schema\/logo\/image\/","url":"https:\/\/www.padreydecano.com\/cms\/wp-content\/uploads\/2022\/01\/avatar-square.png","contentUrl":"https:\/\/www.padreydecano.com\/cms\/wp-content\/uploads\/2022\/01\/avatar-square.png","width":1500,"height":1500,"caption":"Padre y Decano"},"image":{"@id":"https:\/\/www.padreydecano.com\/cms\/#\/schema\/logo\/image\/"}},{"@type":"Person","@id":"https:\/\/www.padreydecano.com\/cms\/#\/schema\/person\/7fe41e3e335700ebd387196df2f9a8d4","name":"Gonzalo16","image":{"@type":"ImageObject","inLanguage":"es","@id":"https:\/\/www.padreydecano.com\/cms\/#\/schema\/person\/image\/","url":"https:\/\/secure.gravatar.com\/avatar\/4d5cdd49803a2313c01f77e3dfc05d81?s=96&d=https%3A%2F%2Fpadreydecano.com%2Fcms%2Fwp-content%2Fthemes%2Fpyd-theme%2Fimg%2Fdefault-avatar.png&r=g","contentUrl":"https:\/\/secure.gravatar.com\/avatar\/4d5cdd49803a2313c01f77e3dfc05d81?s=96&d=https%3A%2F%2Fpadreydecano.com%2Fcms%2Fwp-content%2Fthemes%2Fpyd-theme%2Fimg%2Fdefault-avatar.png&r=g","caption":"Gonzalo16"}}]}},"_links":{"self":[{"href":"https:\/\/www.padreydecano.com\/cms\/wp-json\/wp\/v2\/posts\/29130"}],"collection":[{"href":"https:\/\/www.padreydecano.com\/cms\/wp-json\/wp\/v2\/posts"}],"about":[{"href":"https:\/\/www.padreydecano.com\/cms\/wp-json\/wp\/v2\/types\/post"}],"author":[{"embeddable":true,"href":"https:\/\/www.padreydecano.com\/cms\/wp-json\/wp\/v2\/users\/2"}],"replies":[{"embeddable":true,"href":"https:\/\/www.padreydecano.com\/cms\/wp-json\/wp\/v2\/comments?post=29130"}],"version-history":[{"count":0,"href":"https:\/\/www.padreydecano.com\/cms\/wp-json\/wp\/v2\/posts\/29130\/revisions"}],"wp:featuredmedia":[{"embeddable":true,"href":"https:\/\/www.padreydecano.com\/cms\/wp-json\/wp\/v2\/media\/19669"}],"wp:attachment":[{"href":"https:\/\/www.padreydecano.com\/cms\/wp-json\/wp\/v2\/media?parent=29130"}],"wp:term":[{"taxonomy":"category","embeddable":true,"href":"https:\/\/www.padreydecano.com\/cms\/wp-json\/wp\/v2\/categories?post=29130"},{"taxonomy":"post_tag","embeddable":true,"href":"https:\/\/www.padreydecano.com\/cms\/wp-json\/wp\/v2\/tags?post=29130"}],"curies":[{"name":"wp","href":"https:\/\/api.w.org\/{rel}","templated":true}]}}