{"id":29120,"date":"2012-08-27T17:10:27","date_gmt":"2012-08-27T20:10:27","guid":{"rendered":"http:\/\/www.padreydecano.com\/cms\/?p=29120"},"modified":"2012-09-11T08:17:06","modified_gmt":"2012-09-11T11:17:06","slug":"lesion-de-pacheco-en-forma-leal","status":"publish","type":"post","link":"https:\/\/www.padreydecano.com\/cms\/columnas\/lesion-de-pacheco-en-forma-leal\/","title":{"rendered":"Lesi\u00f3n de Pacheco: \u00bfen forma leal?"},"content":{"rendered":"<p style=\"text-align: justify;\"><a href=\"https:\/\/www.padreydecano.com\/cms\/wp-content\/uploads\/2012\/08\/216127_10151130492098485_685426417_n.jpg\" rel=\"shadowbox[sbpost-29120];player=img;\"><img loading=\"lazy\" decoding=\"async\" class=\"alignright size-medium wp-image-29122\" src=\"https:\/\/www.padreydecano.com\/cms\/wp-content\/uploads\/2012\/08\/216127_10151130492098485_685426417_n-300x198.jpg\" alt=\"\" width=\"300\" height=\"198\" srcset=\"https:\/\/www.padreydecano.com\/cms\/wp-content\/uploads\/2012\/08\/216127_10151130492098485_685426417_n-300x198.jpg 300w, https:\/\/www.padreydecano.com\/cms\/wp-content\/uploads\/2012\/08\/216127_10151130492098485_685426417_n.jpg 480w\" sizes=\"(max-width: 300px) 100vw, 300px\" \/><\/a>Luego de ver una y otra vez las im\u00e1genes de la jugada de Pacheco m\u00e1s me convenzo de que <strong>un jugador va con buena intenci\u00f3n (Antonio Pacheco) y el otro deja la pierna (Erick Davis).<\/strong> Quien habla no lleg\u00f3 a ser futbolista profesional pero ha jugado mucho al futbol de manera amateur y uno sabe cuando va a trancar \u201climpio\u201d y cuando se deja la pierna arriba que puede terminar golpeando al rival.<\/p>\n<p style=\"text-align: justify;\">Creo que en esta jugada pas\u00f3 eso, Pacheco va a trancar la pelota con mucha fuerza pero la ejerce totalmente en el bal\u00f3n mientras que el rival Davis tranca el bal\u00f3n tambi\u00e9n con mucha fuerza y dejando que la pierna siga; se ve que la pierna del jugador de F\u00e9nix queda por encima de la pelota por seguir con la pierna. <strong>Por este motivo es que se da el choque de canillas, no es casual, se da porque el jugador de F\u00e9nix sigue con la pierna.<\/strong><\/p>\n<p style=\"text-align: justify;\">Sin dudas uno cree que <strong>el jugador Davis no tuvo la intenci\u00f3n de fracturar a Pacheco<\/strong> <strong>pero tambi\u00e9n si hubiera ido a trancar como corresponde esta lesi\u00f3n se pod\u00eda haber evitado.<\/strong> El gran responsable de esta fractura es el jugador de F\u00e9nix, aunque algunos periodistas intenten desdramatizar la situaci\u00f3n. El jugador dice que fue de manera leal a la pelota pero las im\u00e1genes muestran otra realidad. Est\u00e1 bueno que ahora quiera ir a visitar a Pacheco pero no hay que dejar de lado lo mal que fue en la jugada.<\/p>\n<p style=\"text-align: justify;\"><a href=\"https:\/\/www.padreydecano.com\/cms\/wp-content\/uploads\/2012\/08\/Fractura-de-Antonio-Pacheco.jpg\" rel=\"shadowbox[sbpost-29120];player=img;\"><img loading=\"lazy\" decoding=\"async\" class=\"alignright  wp-image-29123\" src=\"https:\/\/www.padreydecano.com\/cms\/wp-content\/uploads\/2012\/08\/Fractura-de-Antonio-Pacheco-271x300.jpg\" alt=\"\" width=\"176\" height=\"194\" srcset=\"https:\/\/www.padreydecano.com\/cms\/wp-content\/uploads\/2012\/08\/Fractura-de-Antonio-Pacheco-271x300.jpg 271w, https:\/\/www.padreydecano.com\/cms\/wp-content\/uploads\/2012\/08\/Fractura-de-Antonio-Pacheco.jpg 620w\" sizes=\"(max-width: 176px) 100vw, 176px\" \/><\/a>Personalmente creo que <strong>el jugador tiene que ser sancionado por dejar la pierna.<\/strong> Hay que marcar el ejemplo para que se termine ese vicio de algunos jugadores de ir a trancar y luego dejar la pierna arriba, lo hacen muchos jugadores incluso de nuestro equipo.<strong> Creo que el juez tambi\u00e9n tiene que ser sancionado<\/strong> ya que omiti\u00f3 una falta que deriv\u00f3 en una fractura (tibia y peron\u00e9) y no sac\u00f3 ni tarjeta amarilla, ni que hablar del penal que no cobr\u00f3 en la hora. El equipo de Capurro desde los primeros minutos sali\u00f3 a marcar el camino con pierna fuerte que en muchas jugadas cometieron faltas muy fuertes, el juez nunca actu\u00f3 como corresponde para lograr que el partido no sea tan friccionado.<\/p>\n<p style=\"text-align: justify;\">Muy bueno el gesto de F\u00e9nix con el comunicado que emitieron, tampoco queremos condenar al jugador, solamente decimos lo que vimos y creemos que tiene que haber una sanci\u00f3n.<\/p>\n<p style=\"text-align: justify;\"><strong>Para muchos fue una jugada casual, para otros fue mala leche y tambi\u00e9n hay opiniones como la m\u00eda de que se podr\u00eda haber evitado la fractura.<\/strong><\/p>\n<div align=\"center\"><div id=\"polls-16\" class=\"wp-polls\">\n\t\t<p style=\"text-align: center; margin-bottom:10px;\"><strong>\u00bfC\u00f3mo viste la jugada de la fractura de Pacheco?<\/strong><\/p><div id=\"polls-16-ans\" class=\"wp-polls-ans\"><ul class=\"wp-polls-ul\">\n\t\t<li>Fue una desgracia <small>(52%, 630 votos)<\/small><div class=\"pollbar\" style=\"width: 52%;\" title=\"Fue una desgracia (52% | 630 votos)\"><\/div><\/li>\n\t\t<li>Se pudo haber evitado <small>(32%, 384 votos)<\/small><div class=\"pollbar\" style=\"width: 32%;\" title=\"Se pudo haber evitado (32% | 384 votos)\"><\/div><\/li>\n\t\t<li>Fue con mala intenci\u00f3n <small>(18%, 218 votos)<\/small><div class=\"pollbar\" style=\"width: 18%;\" title=\"Fue con mala intenci\u00f3n (18% | 218 votos)\"><\/div><\/li>\n\t\t<\/ul><p style=\"text-align: center;\">Total de votantes: <strong>1.213<\/strong><\/p><\/div>\n\t\t<input type=\"hidden\" id=\"poll_16_nonce\" name=\"wp-polls-nonce\" value=\"128c5cacb0\" \/>\n<\/div>\n<\/div>\n<p><a href=\"https:\/\/www.padreydecano.com\/cms\/tag\/alergico-a-las-plumas\/\"><img decoding=\"async\" class=\"alignright foto-sin-formato\" src=\"https:\/\/www.padreydecano.com\/cms\/wp-users-files\/autor-columna\/alergico.jpg\" alt=\"\" \/><\/a><\/p>\n","protected":false},"excerpt":{"rendered":"<p>Luego de ver una y otra vez las im\u00e1genes de la jugada de Pacheco m\u00e1s me convenzo de que un jugador va con buena intenci\u00f3n (Antonio Pacheco) y el otro deja la pierna (Erick Davis). Quien habla no lleg\u00f3 a ser futbolista profesional pero ha jugado mucho al futbol de manera amateur y uno sabe [&hellip;]<\/p>\n","protected":false},"author":2,"featured_media":29124,"comment_status":"open","ping_status":"closed","sticky":false,"template":"","format":"standard","meta":{"footnotes":""},"categories":[28,74],"tags":[61],"yoast_head":"<!-- This site is optimized with the Yoast SEO plugin v23.2 - https:\/\/yoast.com\/wordpress\/plugins\/seo\/ -->\n<title>Lesi\u00f3n de Pacheco: \u00bfen forma leal? - Padre y Decano - El Sitio del Pueblo<\/title>\n<meta name=\"robots\" content=\"index, follow, max-snippet:-1, max-image-preview:large, max-video-preview:-1\" \/>\n<link rel=\"canonical\" href=\"https:\/\/www.padreydecano.com\/cms\/columnas\/lesion-de-pacheco-en-forma-leal\/\" \/>\n<meta property=\"og:locale\" content=\"es_ES\" \/>\n<meta property=\"og:type\" content=\"article\" \/>\n<meta property=\"og:title\" content=\"Lesi\u00f3n de Pacheco: \u00bfen forma leal? - Padre y Decano - El Sitio del Pueblo\" \/>\n<meta property=\"og:description\" content=\"Luego de ver una y otra vez las im\u00e1genes de la jugada de Pacheco m\u00e1s me convenzo de que un jugador va con buena intenci\u00f3n (Antonio Pacheco) y el otro deja la pierna (Erick Davis). Quien habla no lleg\u00f3 a ser futbolista profesional pero ha jugado mucho al futbol de manera amateur y uno sabe [&hellip;]\" \/>\n<meta property=\"og:url\" content=\"https:\/\/www.padreydecano.com\/cms\/columnas\/lesion-de-pacheco-en-forma-leal\/\" \/>\n<meta property=\"og:site_name\" content=\"Padre y Decano - El Sitio del Pueblo\" \/>\n<meta property=\"article:published_time\" content=\"2012-08-27T20:10:27+00:00\" \/>\n<meta property=\"article:modified_time\" content=\"2012-09-11T11:17:06+00:00\" \/>\n<meta property=\"og:image\" content=\"https:\/\/www.padreydecano.com\/cms\/wp-content\/uploads\/2012\/08\/Captura2.jpg\" \/>\n\t<meta property=\"og:image:width\" content=\"640\" \/>\n\t<meta property=\"og:image:height\" content=\"350\" \/>\n\t<meta property=\"og:image:type\" content=\"image\/jpeg\" \/>\n<meta name=\"author\" content=\"Gonzalo16\" \/>\n<meta name=\"twitter:card\" content=\"summary_large_image\" \/>\n<meta name=\"twitter:label1\" content=\"Escrito por\" \/>\n\t<meta name=\"twitter:data1\" content=\"Gonzalo16\" \/>\n\t<meta name=\"twitter:label2\" content=\"Tiempo de lectura\" \/>\n\t<meta name=\"twitter:data2\" content=\"2 minutos\" \/>\n<script type=\"application\/ld+json\" class=\"yoast-schema-graph\">{\"@context\":\"https:\/\/schema.org\",\"@graph\":[{\"@type\":\"Article\",\"@id\":\"https:\/\/www.padreydecano.com\/cms\/columnas\/lesion-de-pacheco-en-forma-leal\/#article\",\"isPartOf\":{\"@id\":\"https:\/\/www.padreydecano.com\/cms\/columnas\/lesion-de-pacheco-en-forma-leal\/\"},\"author\":{\"name\":\"Gonzalo16\",\"@id\":\"https:\/\/www.padreydecano.com\/cms\/#\/schema\/person\/7fe41e3e335700ebd387196df2f9a8d4\"},\"headline\":\"Lesi\u00f3n de Pacheco: \u00bfen forma leal?\",\"datePublished\":\"2012-08-27T20:10:27+00:00\",\"dateModified\":\"2012-09-11T11:17:06+00:00\",\"mainEntityOfPage\":{\"@id\":\"https:\/\/www.padreydecano.com\/cms\/columnas\/lesion-de-pacheco-en-forma-leal\/\"},\"wordCount\":457,\"commentCount\":58,\"publisher\":{\"@id\":\"https:\/\/www.padreydecano.com\/cms\/#organization\"},\"image\":{\"@id\":\"https:\/\/www.padreydecano.com\/cms\/columnas\/lesion-de-pacheco-en-forma-leal\/#primaryimage\"},\"thumbnailUrl\":\"https:\/\/www.padreydecano.com\/cms\/wp-content\/uploads\/2012\/08\/Captura2.jpg\",\"keywords\":[\"Al\u00e9rgico a las plumas\"],\"articleSection\":[\"Columnas\",\"Encuestas\"],\"inLanguage\":\"es\",\"potentialAction\":[{\"@type\":\"CommentAction\",\"name\":\"Comment\",\"target\":[\"https:\/\/www.padreydecano.com\/cms\/columnas\/lesion-de-pacheco-en-forma-leal\/#respond\"]}]},{\"@type\":\"WebPage\",\"@id\":\"https:\/\/www.padreydecano.com\/cms\/columnas\/lesion-de-pacheco-en-forma-leal\/\",\"url\":\"https:\/\/www.padreydecano.com\/cms\/columnas\/lesion-de-pacheco-en-forma-leal\/\",\"name\":\"Lesi\u00f3n de Pacheco: \u00bfen forma leal? - Padre y Decano - El Sitio del Pueblo\",\"isPartOf\":{\"@id\":\"https:\/\/www.padreydecano.com\/cms\/#website\"},\"primaryImageOfPage\":{\"@id\":\"https:\/\/www.padreydecano.com\/cms\/columnas\/lesion-de-pacheco-en-forma-leal\/#primaryimage\"},\"image\":{\"@id\":\"https:\/\/www.padreydecano.com\/cms\/columnas\/lesion-de-pacheco-en-forma-leal\/#primaryimage\"},\"thumbnailUrl\":\"https:\/\/www.padreydecano.com\/cms\/wp-content\/uploads\/2012\/08\/Captura2.jpg\",\"datePublished\":\"2012-08-27T20:10:27+00:00\",\"dateModified\":\"2012-09-11T11:17:06+00:00\",\"breadcrumb\":{\"@id\":\"https:\/\/www.padreydecano.com\/cms\/columnas\/lesion-de-pacheco-en-forma-leal\/#breadcrumb\"},\"inLanguage\":\"es\",\"potentialAction\":[{\"@type\":\"ReadAction\",\"target\":[\"https:\/\/www.padreydecano.com\/cms\/columnas\/lesion-de-pacheco-en-forma-leal\/\"]}]},{\"@type\":\"ImageObject\",\"inLanguage\":\"es\",\"@id\":\"https:\/\/www.padreydecano.com\/cms\/columnas\/lesion-de-pacheco-en-forma-leal\/#primaryimage\",\"url\":\"https:\/\/www.padreydecano.com\/cms\/wp-content\/uploads\/2012\/08\/Captura2.jpg\",\"contentUrl\":\"https:\/\/www.padreydecano.com\/cms\/wp-content\/uploads\/2012\/08\/Captura2.jpg\",\"width\":\"640\",\"height\":\"350\"},{\"@type\":\"BreadcrumbList\",\"@id\":\"https:\/\/www.padreydecano.com\/cms\/columnas\/lesion-de-pacheco-en-forma-leal\/#breadcrumb\",\"itemListElement\":[{\"@type\":\"ListItem\",\"position\":1,\"name\":\"Portada\",\"item\":\"https:\/\/www.padreydecano.com\/cms\/\"},{\"@type\":\"ListItem\",\"position\":2,\"name\":\"Lesi\u00f3n de Pacheco: \u00bfen forma leal?\"}]},{\"@type\":\"WebSite\",\"@id\":\"https:\/\/www.padreydecano.com\/cms\/#website\",\"url\":\"https:\/\/www.padreydecano.com\/cms\/\",\"name\":\"Padre y Decano - El Sitio del Pueblo\",\"description\":\"Club Atl\u00e9tico Pe\u00f1arol\",\"publisher\":{\"@id\":\"https:\/\/www.padreydecano.com\/cms\/#organization\"},\"potentialAction\":[{\"@type\":\"SearchAction\",\"target\":{\"@type\":\"EntryPoint\",\"urlTemplate\":\"https:\/\/www.padreydecano.com\/cms\/?s={search_term_string}\"},\"query-input\":\"required name=search_term_string\"}],\"inLanguage\":\"es\"},{\"@type\":\"Organization\",\"@id\":\"https:\/\/www.padreydecano.com\/cms\/#organization\",\"name\":\"Padre y Decano\",\"url\":\"https:\/\/www.padreydecano.com\/cms\/\",\"logo\":{\"@type\":\"ImageObject\",\"inLanguage\":\"es\",\"@id\":\"https:\/\/www.padreydecano.com\/cms\/#\/schema\/logo\/image\/\",\"url\":\"https:\/\/www.padreydecano.com\/cms\/wp-content\/uploads\/2022\/01\/avatar-square.png\",\"contentUrl\":\"https:\/\/www.padreydecano.com\/cms\/wp-content\/uploads\/2022\/01\/avatar-square.png\",\"width\":1500,\"height\":1500,\"caption\":\"Padre y Decano\"},\"image\":{\"@id\":\"https:\/\/www.padreydecano.com\/cms\/#\/schema\/logo\/image\/\"}},{\"@type\":\"Person\",\"@id\":\"https:\/\/www.padreydecano.com\/cms\/#\/schema\/person\/7fe41e3e335700ebd387196df2f9a8d4\",\"name\":\"Gonzalo16\",\"image\":{\"@type\":\"ImageObject\",\"inLanguage\":\"es\",\"@id\":\"https:\/\/www.padreydecano.com\/cms\/#\/schema\/person\/image\/\",\"url\":\"https:\/\/secure.gravatar.com\/avatar\/4d5cdd49803a2313c01f77e3dfc05d81?s=96&d=https%3A%2F%2Fpadreydecano.com%2Fcms%2Fwp-content%2Fthemes%2Fpyd-theme%2Fimg%2Fdefault-avatar.png&r=g\",\"contentUrl\":\"https:\/\/secure.gravatar.com\/avatar\/4d5cdd49803a2313c01f77e3dfc05d81?s=96&d=https%3A%2F%2Fpadreydecano.com%2Fcms%2Fwp-content%2Fthemes%2Fpyd-theme%2Fimg%2Fdefault-avatar.png&r=g\",\"caption\":\"Gonzalo16\"}}]}<\/script>\n<!-- \/ Yoast SEO plugin. -->","yoast_head_json":{"title":"Lesi\u00f3n de Pacheco: \u00bfen forma leal? - Padre y Decano - El Sitio del Pueblo","robots":{"index":"index","follow":"follow","max-snippet":"max-snippet:-1","max-image-preview":"max-image-preview:large","max-video-preview":"max-video-preview:-1"},"canonical":"https:\/\/www.padreydecano.com\/cms\/columnas\/lesion-de-pacheco-en-forma-leal\/","og_locale":"es_ES","og_type":"article","og_title":"Lesi\u00f3n de Pacheco: \u00bfen forma leal? - Padre y Decano - El Sitio del Pueblo","og_description":"Luego de ver una y otra vez las im\u00e1genes de la jugada de Pacheco m\u00e1s me convenzo de que un jugador va con buena intenci\u00f3n (Antonio Pacheco) y el otro deja la pierna (Erick Davis). Quien habla no lleg\u00f3 a ser futbolista profesional pero ha jugado mucho al futbol de manera amateur y uno sabe [&hellip;]","og_url":"https:\/\/www.padreydecano.com\/cms\/columnas\/lesion-de-pacheco-en-forma-leal\/","og_site_name":"Padre y Decano - El Sitio del Pueblo","article_published_time":"2012-08-27T20:10:27+00:00","article_modified_time":"2012-09-11T11:17:06+00:00","og_image":[{"width":640,"height":350,"url":"https:\/\/www.padreydecano.com\/cms\/wp-content\/uploads\/2012\/08\/Captura2.jpg","type":"image\/jpeg"}],"author":"Gonzalo16","twitter_card":"summary_large_image","twitter_misc":{"Escrito por":"Gonzalo16","Tiempo de lectura":"2 minutos"},"schema":{"@context":"https:\/\/schema.org","@graph":[{"@type":"Article","@id":"https:\/\/www.padreydecano.com\/cms\/columnas\/lesion-de-pacheco-en-forma-leal\/#article","isPartOf":{"@id":"https:\/\/www.padreydecano.com\/cms\/columnas\/lesion-de-pacheco-en-forma-leal\/"},"author":{"name":"Gonzalo16","@id":"https:\/\/www.padreydecano.com\/cms\/#\/schema\/person\/7fe41e3e335700ebd387196df2f9a8d4"},"headline":"Lesi\u00f3n de Pacheco: \u00bfen forma leal?","datePublished":"2012-08-27T20:10:27+00:00","dateModified":"2012-09-11T11:17:06+00:00","mainEntityOfPage":{"@id":"https:\/\/www.padreydecano.com\/cms\/columnas\/lesion-de-pacheco-en-forma-leal\/"},"wordCount":457,"commentCount":58,"publisher":{"@id":"https:\/\/www.padreydecano.com\/cms\/#organization"},"image":{"@id":"https:\/\/www.padreydecano.com\/cms\/columnas\/lesion-de-pacheco-en-forma-leal\/#primaryimage"},"thumbnailUrl":"https:\/\/www.padreydecano.com\/cms\/wp-content\/uploads\/2012\/08\/Captura2.jpg","keywords":["Al\u00e9rgico a las plumas"],"articleSection":["Columnas","Encuestas"],"inLanguage":"es","potentialAction":[{"@type":"CommentAction","name":"Comment","target":["https:\/\/www.padreydecano.com\/cms\/columnas\/lesion-de-pacheco-en-forma-leal\/#respond"]}]},{"@type":"WebPage","@id":"https:\/\/www.padreydecano.com\/cms\/columnas\/lesion-de-pacheco-en-forma-leal\/","url":"https:\/\/www.padreydecano.com\/cms\/columnas\/lesion-de-pacheco-en-forma-leal\/","name":"Lesi\u00f3n de Pacheco: \u00bfen forma leal? - Padre y Decano - El Sitio del Pueblo","isPartOf":{"@id":"https:\/\/www.padreydecano.com\/cms\/#website"},"primaryImageOfPage":{"@id":"https:\/\/www.padreydecano.com\/cms\/columnas\/lesion-de-pacheco-en-forma-leal\/#primaryimage"},"image":{"@id":"https:\/\/www.padreydecano.com\/cms\/columnas\/lesion-de-pacheco-en-forma-leal\/#primaryimage"},"thumbnailUrl":"https:\/\/www.padreydecano.com\/cms\/wp-content\/uploads\/2012\/08\/Captura2.jpg","datePublished":"2012-08-27T20:10:27+00:00","dateModified":"2012-09-11T11:17:06+00:00","breadcrumb":{"@id":"https:\/\/www.padreydecano.com\/cms\/columnas\/lesion-de-pacheco-en-forma-leal\/#breadcrumb"},"inLanguage":"es","potentialAction":[{"@type":"ReadAction","target":["https:\/\/www.padreydecano.com\/cms\/columnas\/lesion-de-pacheco-en-forma-leal\/"]}]},{"@type":"ImageObject","inLanguage":"es","@id":"https:\/\/www.padreydecano.com\/cms\/columnas\/lesion-de-pacheco-en-forma-leal\/#primaryimage","url":"https:\/\/www.padreydecano.com\/cms\/wp-content\/uploads\/2012\/08\/Captura2.jpg","contentUrl":"https:\/\/www.padreydecano.com\/cms\/wp-content\/uploads\/2012\/08\/Captura2.jpg","width":"640","height":"350"},{"@type":"BreadcrumbList","@id":"https:\/\/www.padreydecano.com\/cms\/columnas\/lesion-de-pacheco-en-forma-leal\/#breadcrumb","itemListElement":[{"@type":"ListItem","position":1,"name":"Portada","item":"https:\/\/www.padreydecano.com\/cms\/"},{"@type":"ListItem","position":2,"name":"Lesi\u00f3n de Pacheco: \u00bfen forma leal?"}]},{"@type":"WebSite","@id":"https:\/\/www.padreydecano.com\/cms\/#website","url":"https:\/\/www.padreydecano.com\/cms\/","name":"Padre y Decano - El Sitio del Pueblo","description":"Club Atl\u00e9tico Pe\u00f1arol","publisher":{"@id":"https:\/\/www.padreydecano.com\/cms\/#organization"},"potentialAction":[{"@type":"SearchAction","target":{"@type":"EntryPoint","urlTemplate":"https:\/\/www.padreydecano.com\/cms\/?s={search_term_string}"},"query-input":"required name=search_term_string"}],"inLanguage":"es"},{"@type":"Organization","@id":"https:\/\/www.padreydecano.com\/cms\/#organization","name":"Padre y Decano","url":"https:\/\/www.padreydecano.com\/cms\/","logo":{"@type":"ImageObject","inLanguage":"es","@id":"https:\/\/www.padreydecano.com\/cms\/#\/schema\/logo\/image\/","url":"https:\/\/www.padreydecano.com\/cms\/wp-content\/uploads\/2022\/01\/avatar-square.png","contentUrl":"https:\/\/www.padreydecano.com\/cms\/wp-content\/uploads\/2022\/01\/avatar-square.png","width":1500,"height":1500,"caption":"Padre y Decano"},"image":{"@id":"https:\/\/www.padreydecano.com\/cms\/#\/schema\/logo\/image\/"}},{"@type":"Person","@id":"https:\/\/www.padreydecano.com\/cms\/#\/schema\/person\/7fe41e3e335700ebd387196df2f9a8d4","name":"Gonzalo16","image":{"@type":"ImageObject","inLanguage":"es","@id":"https:\/\/www.padreydecano.com\/cms\/#\/schema\/person\/image\/","url":"https:\/\/secure.gravatar.com\/avatar\/4d5cdd49803a2313c01f77e3dfc05d81?s=96&d=https%3A%2F%2Fpadreydecano.com%2Fcms%2Fwp-content%2Fthemes%2Fpyd-theme%2Fimg%2Fdefault-avatar.png&r=g","contentUrl":"https:\/\/secure.gravatar.com\/avatar\/4d5cdd49803a2313c01f77e3dfc05d81?s=96&d=https%3A%2F%2Fpadreydecano.com%2Fcms%2Fwp-content%2Fthemes%2Fpyd-theme%2Fimg%2Fdefault-avatar.png&r=g","caption":"Gonzalo16"}}]}},"_links":{"self":[{"href":"https:\/\/www.padreydecano.com\/cms\/wp-json\/wp\/v2\/posts\/29120"}],"collection":[{"href":"https:\/\/www.padreydecano.com\/cms\/wp-json\/wp\/v2\/posts"}],"about":[{"href":"https:\/\/www.padreydecano.com\/cms\/wp-json\/wp\/v2\/types\/post"}],"author":[{"embeddable":true,"href":"https:\/\/www.padreydecano.com\/cms\/wp-json\/wp\/v2\/users\/2"}],"replies":[{"embeddable":true,"href":"https:\/\/www.padreydecano.com\/cms\/wp-json\/wp\/v2\/comments?post=29120"}],"version-history":[{"count":0,"href":"https:\/\/www.padreydecano.com\/cms\/wp-json\/wp\/v2\/posts\/29120\/revisions"}],"wp:featuredmedia":[{"embeddable":true,"href":"https:\/\/www.padreydecano.com\/cms\/wp-json\/wp\/v2\/media\/29124"}],"wp:attachment":[{"href":"https:\/\/www.padreydecano.com\/cms\/wp-json\/wp\/v2\/media?parent=29120"}],"wp:term":[{"taxonomy":"category","embeddable":true,"href":"https:\/\/www.padreydecano.com\/cms\/wp-json\/wp\/v2\/categories?post=29120"},{"taxonomy":"post_tag","embeddable":true,"href":"https:\/\/www.padreydecano.com\/cms\/wp-json\/wp\/v2\/tags?post=29120"}],"curies":[{"name":"wp","href":"https:\/\/api.w.org\/{rel}","templated":true}]}}