{"id":29113,"date":"2012-08-27T14:23:18","date_gmt":"2012-08-27T17:23:18","guid":{"rendered":"http:\/\/www.padreydecano.com\/cms\/?p=29113"},"modified":"2012-08-30T18:38:28","modified_gmt":"2012-08-30T21:38:28","slug":"la-operacion-del-tony-fue-un-exito","status":"publish","type":"post","link":"https:\/\/www.padreydecano.com\/cms\/noticias\/la-operacion-del-tony-fue-un-exito\/","title":{"rendered":"La operaci\u00f3n del Tony fue un \u00e9xito"},"content":{"rendered":"<p style=\"text-align: justify;\">En la ma\u00f1ana de hoy se realiz\u00f3 la operaci\u00f3n quir\u00fargica al Tony Pacheco, y el equipo m\u00e9dico del Hospital Brit\u00e1nico asegur\u00f3 que fue exitosa. Al jugador, que sufri\u00f3 fractura de tibia y peron\u00e9 con desplazamiento, se le puso un clavo Kuntscher en su pierna y ahora deber\u00e1 comenzar la larga recuperaci\u00f3n. Se estima que estar\u00e1 entre 15 d\u00edas y un mes para poder volver a apoyar la pierna. La recuperaci\u00f3n completa ser\u00eda para entre 4 y 6 meses.<\/p>\n<p style=\"text-align: center;\"><a href=\"https:\/\/www.padreydecano.com\/cms\/wp-content\/uploads\/2012\/08\/DSC_0458.jpg\" rel=\"shadowbox[sbpost-29113];player=img;\"><img loading=\"lazy\" decoding=\"async\" class=\"aligncenter  wp-image-29058\" src=\"https:\/\/www.padreydecano.com\/cms\/wp-content\/uploads\/2012\/08\/DSC_0458.jpg\" alt=\"\" width=\"560\" height=\"371\" srcset=\"https:\/\/www.padreydecano.com\/cms\/wp-content\/uploads\/2012\/08\/DSC_0458.jpg 800w, https:\/\/www.padreydecano.com\/cms\/wp-content\/uploads\/2012\/08\/DSC_0458-300x198.jpg 300w\" sizes=\"(max-width: 560px) 100vw, 560px\" \/><\/a><\/p>\n<div align=\"center\"><div id=\"polls-16\" class=\"wp-polls\">\n\t\t<p style=\"text-align: center; margin-bottom:10px;\"><strong>\u00bfC\u00f3mo viste la jugada de la fractura de Pacheco?<\/strong><\/p><div id=\"polls-16-ans\" class=\"wp-polls-ans\"><ul class=\"wp-polls-ul\">\n\t\t<li>Fue una desgracia <small>(52%, 630 votos)<\/small><div class=\"pollbar\" style=\"width: 52%;\" title=\"Fue una desgracia (52% | 630 votos)\"><\/div><\/li>\n\t\t<li>Se pudo haber evitado <small>(32%, 384 votos)<\/small><div class=\"pollbar\" style=\"width: 32%;\" title=\"Se pudo haber evitado (32% | 384 votos)\"><\/div><\/li>\n\t\t<li>Fue con mala intenci\u00f3n <small>(18%, 218 votos)<\/small><div class=\"pollbar\" style=\"width: 18%;\" title=\"Fue con mala intenci\u00f3n (18% | 218 votos)\"><\/div><\/li>\n\t\t<\/ul><p style=\"text-align: center;\">Total de votantes: <strong>1.213<\/strong><\/p><\/div>\n\t\t<input type=\"hidden\" id=\"poll_16_nonce\" name=\"wp-polls-nonce\" value=\"128c5cacb0\" \/>\n<\/div>\n<\/div>\n","protected":false},"excerpt":{"rendered":"<p>En la ma\u00f1ana de hoy se realiz\u00f3 la operaci\u00f3n quir\u00fargica al Tony Pacheco, y el equipo m\u00e9dico del Hospital Brit\u00e1nico asegur\u00f3 que fue exitosa. Al jugador, que sufri\u00f3 fractura de tibia y peron\u00e9 con desplazamiento, se le puso un clavo Kuntscher en su pierna y ahora deber\u00e1 comenzar la larga recuperaci\u00f3n. Se estima que estar\u00e1 [&hellip;]<\/p>\n","protected":false},"author":13,"featured_media":29114,"comment_status":"open","ping_status":"closed","sticky":false,"template":"","format":"standard","meta":{"footnotes":""},"categories":[1],"tags":[],"yoast_head":"<!-- This site is optimized with the Yoast SEO plugin v23.2 - https:\/\/yoast.com\/wordpress\/plugins\/seo\/ -->\n<title>La operaci\u00f3n del Tony fue un \u00e9xito - Padre y Decano - El Sitio del Pueblo<\/title>\n<meta name=\"robots\" content=\"index, follow, max-snippet:-1, max-image-preview:large, max-video-preview:-1\" \/>\n<link rel=\"canonical\" href=\"https:\/\/www.padreydecano.com\/cms\/noticias\/la-operacion-del-tony-fue-un-exito\/\" \/>\n<meta property=\"og:locale\" content=\"es_ES\" \/>\n<meta property=\"og:type\" content=\"article\" \/>\n<meta property=\"og:title\" content=\"La operaci\u00f3n del Tony fue un \u00e9xito - Padre y Decano - El Sitio del Pueblo\" \/>\n<meta property=\"og:description\" content=\"En la ma\u00f1ana de hoy se realiz\u00f3 la operaci\u00f3n quir\u00fargica al Tony Pacheco, y el equipo m\u00e9dico del Hospital Brit\u00e1nico asegur\u00f3 que fue exitosa. Al jugador, que sufri\u00f3 fractura de tibia y peron\u00e9 con desplazamiento, se le puso un clavo Kuntscher en su pierna y ahora deber\u00e1 comenzar la larga recuperaci\u00f3n. Se estima que estar\u00e1 [&hellip;]\" \/>\n<meta property=\"og:url\" content=\"https:\/\/www.padreydecano.com\/cms\/noticias\/la-operacion-del-tony-fue-un-exito\/\" \/>\n<meta property=\"og:site_name\" content=\"Padre y Decano - El Sitio del Pueblo\" \/>\n<meta property=\"article:published_time\" content=\"2012-08-27T17:23:18+00:00\" \/>\n<meta property=\"article:modified_time\" content=\"2012-08-30T21:38:28+00:00\" \/>\n<meta property=\"og:image\" content=\"https:\/\/www.padreydecano.com\/cms\/wp-content\/uploads\/2012\/08\/hospital-britanico.jpg\" \/>\n\t<meta property=\"og:image:width\" content=\"3072\" \/>\n\t<meta property=\"og:image:height\" content=\"2304\" \/>\n\t<meta property=\"og:image:type\" content=\"image\/jpeg\" \/>\n<meta name=\"author\" content=\"Moderador\" \/>\n<meta name=\"twitter:card\" content=\"summary_large_image\" \/>\n<meta name=\"twitter:label1\" content=\"Escrito por\" \/>\n\t<meta name=\"twitter:data1\" content=\"Moderador\" \/>\n<script type=\"application\/ld+json\" class=\"yoast-schema-graph\">{\"@context\":\"https:\/\/schema.org\",\"@graph\":[{\"@type\":\"Article\",\"@id\":\"https:\/\/www.padreydecano.com\/cms\/noticias\/la-operacion-del-tony-fue-un-exito\/#article\",\"isPartOf\":{\"@id\":\"https:\/\/www.padreydecano.com\/cms\/noticias\/la-operacion-del-tony-fue-un-exito\/\"},\"author\":{\"name\":\"Moderador\",\"@id\":\"https:\/\/www.padreydecano.com\/cms\/#\/schema\/person\/d93e9e537230ae052c194251d9a1def2\"},\"headline\":\"La operaci\u00f3n del Tony fue un \u00e9xito\",\"datePublished\":\"2012-08-27T17:23:18+00:00\",\"dateModified\":\"2012-08-30T21:38:28+00:00\",\"mainEntityOfPage\":{\"@id\":\"https:\/\/www.padreydecano.com\/cms\/noticias\/la-operacion-del-tony-fue-un-exito\/\"},\"wordCount\":94,\"commentCount\":13,\"publisher\":{\"@id\":\"https:\/\/www.padreydecano.com\/cms\/#organization\"},\"image\":{\"@id\":\"https:\/\/www.padreydecano.com\/cms\/noticias\/la-operacion-del-tony-fue-un-exito\/#primaryimage\"},\"thumbnailUrl\":\"https:\/\/www.padreydecano.com\/cms\/wp-content\/uploads\/2012\/08\/hospital-britanico.jpg\",\"articleSection\":[\"Noticias\"],\"inLanguage\":\"es\",\"potentialAction\":[{\"@type\":\"CommentAction\",\"name\":\"Comment\",\"target\":[\"https:\/\/www.padreydecano.com\/cms\/noticias\/la-operacion-del-tony-fue-un-exito\/#respond\"]}]},{\"@type\":\"WebPage\",\"@id\":\"https:\/\/www.padreydecano.com\/cms\/noticias\/la-operacion-del-tony-fue-un-exito\/\",\"url\":\"https:\/\/www.padreydecano.com\/cms\/noticias\/la-operacion-del-tony-fue-un-exito\/\",\"name\":\"La operaci\u00f3n del Tony fue un \u00e9xito - Padre y Decano - El Sitio del Pueblo\",\"isPartOf\":{\"@id\":\"https:\/\/www.padreydecano.com\/cms\/#website\"},\"primaryImageOfPage\":{\"@id\":\"https:\/\/www.padreydecano.com\/cms\/noticias\/la-operacion-del-tony-fue-un-exito\/#primaryimage\"},\"image\":{\"@id\":\"https:\/\/www.padreydecano.com\/cms\/noticias\/la-operacion-del-tony-fue-un-exito\/#primaryimage\"},\"thumbnailUrl\":\"https:\/\/www.padreydecano.com\/cms\/wp-content\/uploads\/2012\/08\/hospital-britanico.jpg\",\"datePublished\":\"2012-08-27T17:23:18+00:00\",\"dateModified\":\"2012-08-30T21:38:28+00:00\",\"breadcrumb\":{\"@id\":\"https:\/\/www.padreydecano.com\/cms\/noticias\/la-operacion-del-tony-fue-un-exito\/#breadcrumb\"},\"inLanguage\":\"es\",\"potentialAction\":[{\"@type\":\"ReadAction\",\"target\":[\"https:\/\/www.padreydecano.com\/cms\/noticias\/la-operacion-del-tony-fue-un-exito\/\"]}]},{\"@type\":\"ImageObject\",\"inLanguage\":\"es\",\"@id\":\"https:\/\/www.padreydecano.com\/cms\/noticias\/la-operacion-del-tony-fue-un-exito\/#primaryimage\",\"url\":\"https:\/\/www.padreydecano.com\/cms\/wp-content\/uploads\/2012\/08\/hospital-britanico.jpg\",\"contentUrl\":\"https:\/\/www.padreydecano.com\/cms\/wp-content\/uploads\/2012\/08\/hospital-britanico.jpg\",\"width\":\"3072\",\"height\":\"2304\"},{\"@type\":\"BreadcrumbList\",\"@id\":\"https:\/\/www.padreydecano.com\/cms\/noticias\/la-operacion-del-tony-fue-un-exito\/#breadcrumb\",\"itemListElement\":[{\"@type\":\"ListItem\",\"position\":1,\"name\":\"Portada\",\"item\":\"https:\/\/www.padreydecano.com\/cms\/\"},{\"@type\":\"ListItem\",\"position\":2,\"name\":\"La operaci\u00f3n del Tony fue un \u00e9xito\"}]},{\"@type\":\"WebSite\",\"@id\":\"https:\/\/www.padreydecano.com\/cms\/#website\",\"url\":\"https:\/\/www.padreydecano.com\/cms\/\",\"name\":\"Padre y Decano - El Sitio del Pueblo\",\"description\":\"Club Atl\u00e9tico Pe\u00f1arol\",\"publisher\":{\"@id\":\"https:\/\/www.padreydecano.com\/cms\/#organization\"},\"potentialAction\":[{\"@type\":\"SearchAction\",\"target\":{\"@type\":\"EntryPoint\",\"urlTemplate\":\"https:\/\/www.padreydecano.com\/cms\/?s={search_term_string}\"},\"query-input\":\"required name=search_term_string\"}],\"inLanguage\":\"es\"},{\"@type\":\"Organization\",\"@id\":\"https:\/\/www.padreydecano.com\/cms\/#organization\",\"name\":\"Padre y Decano\",\"url\":\"https:\/\/www.padreydecano.com\/cms\/\",\"logo\":{\"@type\":\"ImageObject\",\"inLanguage\":\"es\",\"@id\":\"https:\/\/www.padreydecano.com\/cms\/#\/schema\/logo\/image\/\",\"url\":\"https:\/\/www.padreydecano.com\/cms\/wp-content\/uploads\/2022\/01\/avatar-square.png\",\"contentUrl\":\"https:\/\/www.padreydecano.com\/cms\/wp-content\/uploads\/2022\/01\/avatar-square.png\",\"width\":1500,\"height\":1500,\"caption\":\"Padre y Decano\"},\"image\":{\"@id\":\"https:\/\/www.padreydecano.com\/cms\/#\/schema\/logo\/image\/\"}},{\"@type\":\"Person\",\"@id\":\"https:\/\/www.padreydecano.com\/cms\/#\/schema\/person\/d93e9e537230ae052c194251d9a1def2\",\"name\":\"Moderador\",\"image\":{\"@type\":\"ImageObject\",\"inLanguage\":\"es\",\"@id\":\"https:\/\/www.padreydecano.com\/cms\/#\/schema\/person\/image\/\",\"url\":\"https:\/\/secure.gravatar.com\/avatar\/2587727bf8a53bd3da4ec49f01bea66e?s=96&d=https%3A%2F%2Fpadreydecano.com%2Fcms%2Fwp-content%2Fthemes%2Fpyd-theme%2Fimg%2Fdefault-avatar.png&r=g\",\"contentUrl\":\"https:\/\/secure.gravatar.com\/avatar\/2587727bf8a53bd3da4ec49f01bea66e?s=96&d=https%3A%2F%2Fpadreydecano.com%2Fcms%2Fwp-content%2Fthemes%2Fpyd-theme%2Fimg%2Fdefault-avatar.png&r=g\",\"caption\":\"Moderador\"}}]}<\/script>\n<!-- \/ Yoast SEO plugin. -->","yoast_head_json":{"title":"La operaci\u00f3n del Tony fue un \u00e9xito - Padre y Decano - El Sitio del Pueblo","robots":{"index":"index","follow":"follow","max-snippet":"max-snippet:-1","max-image-preview":"max-image-preview:large","max-video-preview":"max-video-preview:-1"},"canonical":"https:\/\/www.padreydecano.com\/cms\/noticias\/la-operacion-del-tony-fue-un-exito\/","og_locale":"es_ES","og_type":"article","og_title":"La operaci\u00f3n del Tony fue un \u00e9xito - Padre y Decano - El Sitio del Pueblo","og_description":"En la ma\u00f1ana de hoy se realiz\u00f3 la operaci\u00f3n quir\u00fargica al Tony Pacheco, y el equipo m\u00e9dico del Hospital Brit\u00e1nico asegur\u00f3 que fue exitosa. Al jugador, que sufri\u00f3 fractura de tibia y peron\u00e9 con desplazamiento, se le puso un clavo Kuntscher en su pierna y ahora deber\u00e1 comenzar la larga recuperaci\u00f3n. Se estima que estar\u00e1 [&hellip;]","og_url":"https:\/\/www.padreydecano.com\/cms\/noticias\/la-operacion-del-tony-fue-un-exito\/","og_site_name":"Padre y Decano - El Sitio del Pueblo","article_published_time":"2012-08-27T17:23:18+00:00","article_modified_time":"2012-08-30T21:38:28+00:00","og_image":[{"width":3072,"height":2304,"url":"https:\/\/www.padreydecano.com\/cms\/wp-content\/uploads\/2012\/08\/hospital-britanico.jpg","type":"image\/jpeg"}],"author":"Moderador","twitter_card":"summary_large_image","twitter_misc":{"Escrito por":"Moderador"},"schema":{"@context":"https:\/\/schema.org","@graph":[{"@type":"Article","@id":"https:\/\/www.padreydecano.com\/cms\/noticias\/la-operacion-del-tony-fue-un-exito\/#article","isPartOf":{"@id":"https:\/\/www.padreydecano.com\/cms\/noticias\/la-operacion-del-tony-fue-un-exito\/"},"author":{"name":"Moderador","@id":"https:\/\/www.padreydecano.com\/cms\/#\/schema\/person\/d93e9e537230ae052c194251d9a1def2"},"headline":"La operaci\u00f3n del Tony fue un \u00e9xito","datePublished":"2012-08-27T17:23:18+00:00","dateModified":"2012-08-30T21:38:28+00:00","mainEntityOfPage":{"@id":"https:\/\/www.padreydecano.com\/cms\/noticias\/la-operacion-del-tony-fue-un-exito\/"},"wordCount":94,"commentCount":13,"publisher":{"@id":"https:\/\/www.padreydecano.com\/cms\/#organization"},"image":{"@id":"https:\/\/www.padreydecano.com\/cms\/noticias\/la-operacion-del-tony-fue-un-exito\/#primaryimage"},"thumbnailUrl":"https:\/\/www.padreydecano.com\/cms\/wp-content\/uploads\/2012\/08\/hospital-britanico.jpg","articleSection":["Noticias"],"inLanguage":"es","potentialAction":[{"@type":"CommentAction","name":"Comment","target":["https:\/\/www.padreydecano.com\/cms\/noticias\/la-operacion-del-tony-fue-un-exito\/#respond"]}]},{"@type":"WebPage","@id":"https:\/\/www.padreydecano.com\/cms\/noticias\/la-operacion-del-tony-fue-un-exito\/","url":"https:\/\/www.padreydecano.com\/cms\/noticias\/la-operacion-del-tony-fue-un-exito\/","name":"La operaci\u00f3n del Tony fue un \u00e9xito - Padre y Decano - El Sitio del Pueblo","isPartOf":{"@id":"https:\/\/www.padreydecano.com\/cms\/#website"},"primaryImageOfPage":{"@id":"https:\/\/www.padreydecano.com\/cms\/noticias\/la-operacion-del-tony-fue-un-exito\/#primaryimage"},"image":{"@id":"https:\/\/www.padreydecano.com\/cms\/noticias\/la-operacion-del-tony-fue-un-exito\/#primaryimage"},"thumbnailUrl":"https:\/\/www.padreydecano.com\/cms\/wp-content\/uploads\/2012\/08\/hospital-britanico.jpg","datePublished":"2012-08-27T17:23:18+00:00","dateModified":"2012-08-30T21:38:28+00:00","breadcrumb":{"@id":"https:\/\/www.padreydecano.com\/cms\/noticias\/la-operacion-del-tony-fue-un-exito\/#breadcrumb"},"inLanguage":"es","potentialAction":[{"@type":"ReadAction","target":["https:\/\/www.padreydecano.com\/cms\/noticias\/la-operacion-del-tony-fue-un-exito\/"]}]},{"@type":"ImageObject","inLanguage":"es","@id":"https:\/\/www.padreydecano.com\/cms\/noticias\/la-operacion-del-tony-fue-un-exito\/#primaryimage","url":"https:\/\/www.padreydecano.com\/cms\/wp-content\/uploads\/2012\/08\/hospital-britanico.jpg","contentUrl":"https:\/\/www.padreydecano.com\/cms\/wp-content\/uploads\/2012\/08\/hospital-britanico.jpg","width":"3072","height":"2304"},{"@type":"BreadcrumbList","@id":"https:\/\/www.padreydecano.com\/cms\/noticias\/la-operacion-del-tony-fue-un-exito\/#breadcrumb","itemListElement":[{"@type":"ListItem","position":1,"name":"Portada","item":"https:\/\/www.padreydecano.com\/cms\/"},{"@type":"ListItem","position":2,"name":"La operaci\u00f3n del Tony fue un \u00e9xito"}]},{"@type":"WebSite","@id":"https:\/\/www.padreydecano.com\/cms\/#website","url":"https:\/\/www.padreydecano.com\/cms\/","name":"Padre y Decano - El Sitio del Pueblo","description":"Club Atl\u00e9tico Pe\u00f1arol","publisher":{"@id":"https:\/\/www.padreydecano.com\/cms\/#organization"},"potentialAction":[{"@type":"SearchAction","target":{"@type":"EntryPoint","urlTemplate":"https:\/\/www.padreydecano.com\/cms\/?s={search_term_string}"},"query-input":"required name=search_term_string"}],"inLanguage":"es"},{"@type":"Organization","@id":"https:\/\/www.padreydecano.com\/cms\/#organization","name":"Padre y Decano","url":"https:\/\/www.padreydecano.com\/cms\/","logo":{"@type":"ImageObject","inLanguage":"es","@id":"https:\/\/www.padreydecano.com\/cms\/#\/schema\/logo\/image\/","url":"https:\/\/www.padreydecano.com\/cms\/wp-content\/uploads\/2022\/01\/avatar-square.png","contentUrl":"https:\/\/www.padreydecano.com\/cms\/wp-content\/uploads\/2022\/01\/avatar-square.png","width":1500,"height":1500,"caption":"Padre y Decano"},"image":{"@id":"https:\/\/www.padreydecano.com\/cms\/#\/schema\/logo\/image\/"}},{"@type":"Person","@id":"https:\/\/www.padreydecano.com\/cms\/#\/schema\/person\/d93e9e537230ae052c194251d9a1def2","name":"Moderador","image":{"@type":"ImageObject","inLanguage":"es","@id":"https:\/\/www.padreydecano.com\/cms\/#\/schema\/person\/image\/","url":"https:\/\/secure.gravatar.com\/avatar\/2587727bf8a53bd3da4ec49f01bea66e?s=96&d=https%3A%2F%2Fpadreydecano.com%2Fcms%2Fwp-content%2Fthemes%2Fpyd-theme%2Fimg%2Fdefault-avatar.png&r=g","contentUrl":"https:\/\/secure.gravatar.com\/avatar\/2587727bf8a53bd3da4ec49f01bea66e?s=96&d=https%3A%2F%2Fpadreydecano.com%2Fcms%2Fwp-content%2Fthemes%2Fpyd-theme%2Fimg%2Fdefault-avatar.png&r=g","caption":"Moderador"}}]}},"_links":{"self":[{"href":"https:\/\/www.padreydecano.com\/cms\/wp-json\/wp\/v2\/posts\/29113"}],"collection":[{"href":"https:\/\/www.padreydecano.com\/cms\/wp-json\/wp\/v2\/posts"}],"about":[{"href":"https:\/\/www.padreydecano.com\/cms\/wp-json\/wp\/v2\/types\/post"}],"author":[{"embeddable":true,"href":"https:\/\/www.padreydecano.com\/cms\/wp-json\/wp\/v2\/users\/13"}],"replies":[{"embeddable":true,"href":"https:\/\/www.padreydecano.com\/cms\/wp-json\/wp\/v2\/comments?post=29113"}],"version-history":[{"count":0,"href":"https:\/\/www.padreydecano.com\/cms\/wp-json\/wp\/v2\/posts\/29113\/revisions"}],"wp:featuredmedia":[{"embeddable":true,"href":"https:\/\/www.padreydecano.com\/cms\/wp-json\/wp\/v2\/media\/29114"}],"wp:attachment":[{"href":"https:\/\/www.padreydecano.com\/cms\/wp-json\/wp\/v2\/media?parent=29113"}],"wp:term":[{"taxonomy":"category","embeddable":true,"href":"https:\/\/www.padreydecano.com\/cms\/wp-json\/wp\/v2\/categories?post=29113"},{"taxonomy":"post_tag","embeddable":true,"href":"https:\/\/www.padreydecano.com\/cms\/wp-json\/wp\/v2\/tags?post=29113"}],"curies":[{"name":"wp","href":"https:\/\/api.w.org\/{rel}","templated":true}]}}