{"id":29108,"date":"2012-08-27T14:56:14","date_gmt":"2012-08-27T17:56:14","guid":{"rendered":"http:\/\/www.padreydecano.com\/cms\/?p=29108"},"modified":"2012-09-01T03:09:50","modified_gmt":"2012-09-01T06:09:50","slug":"buscate-vs-fenix-apertura-2012","status":"publish","type":"post","link":"https:\/\/www.padreydecano.com\/cms\/buscate\/buscate-vs-fenix-apertura-2012\/","title":{"rendered":"Buscate vs F\u00e9nix (Apertura 2012)"},"content":{"rendered":"<p style=\"text-align: justify;\"><a href=\"https:\/\/www.padreydecano.com\/cms\/category\/buscate\/\" target=\"_blank\">Buscate en la Tribuna<\/a> <strong>volvi\u00f3 con todo<\/strong> en el Apertura 2012. Para este partido ante los de Capurro tenemos el Buscate de las 4 tribunas que coparon los hinchas de Pe\u00f1arol.<\/p>\n<p>Si fuiste al Estadio Centenario buscate haciendo click en la foto correspondiente a tu tribuna para poder ver la galer\u00eda completa de cada una y as\u00ed poder etiquetarte en la foto correspondiente si te encontr\u00e1s.<\/p>\n<div align=\"center\">\n<table class=\"comun2\">\n<tbody>\n<tr>\n<td>\n<p><div id=\"attachment_29112\" style=\"width: 280px\" class=\"wp-caption alignleft\"><a href=\"https:\/\/www.facebook.com\/media\/set\/?set=a.411078565606225.89329.221058467941570&amp;type=3\" target=\"_blank\"><img loading=\"lazy\" decoding=\"async\" aria-describedby=\"caption-attachment-29112\" class=\" wp-image-29112   \" src=\"https:\/\/www.padreydecano.com\/cms\/wp-content\/uploads\/2012\/08\/Buscate-Am\u00e9rica-300x198.jpg\" alt=\"\" width=\"270\" height=\"178\" srcset=\"https:\/\/www.padreydecano.com\/cms\/wp-content\/uploads\/2012\/08\/Buscate-Am\u00e9rica-300x198.jpg 300w, https:\/\/www.padreydecano.com\/cms\/wp-content\/uploads\/2012\/08\/Buscate-Am\u00e9rica.jpg 1000w\" sizes=\"(max-width: 270px) 100vw, 270px\" \/><\/a><p id=\"caption-attachment-29112\" class=\"wp-caption-text\">Buscate en la Tribuna Am\u00e9rica<\/p><\/div><\/td>\n<td>\n<p><div id=\"attachment_29111\" style=\"width: 280px\" class=\"wp-caption alignleft\"><a href=\"https:\/\/www.facebook.com\/media\/set\/?set=a.411067042274044.89328.221058467941570&amp;type=3\" target=\"_blank\"><img loading=\"lazy\" decoding=\"async\" aria-describedby=\"caption-attachment-29111\" class=\" wp-image-29111  \" src=\"https:\/\/www.padreydecano.com\/cms\/wp-content\/uploads\/2012\/08\/Buscate-Colombes-300x198.jpg\" alt=\"\" width=\"270\" height=\"178\" srcset=\"https:\/\/www.padreydecano.com\/cms\/wp-content\/uploads\/2012\/08\/Buscate-Colombes-300x198.jpg 300w, https:\/\/www.padreydecano.com\/cms\/wp-content\/uploads\/2012\/08\/Buscate-Colombes.jpg 1000w\" sizes=\"(max-width: 270px) 100vw, 270px\" \/><\/a><p id=\"caption-attachment-29111\" class=\"wp-caption-text\">Buscate en la Tribuna Colombes<\/p><\/div><\/td>\n<\/tr>\n<tr>\n<td>\n<p><div id=\"attachment_29110\" style=\"width: 280px\" class=\"wp-caption alignleft\"><a href=\"https:\/\/www.facebook.com\/media\/set\/?set=a.411029212277827.89317.221058467941570&amp;type=3\"><img loading=\"lazy\" decoding=\"async\" aria-describedby=\"caption-attachment-29110\" class=\" wp-image-29110  \" src=\"https:\/\/www.padreydecano.com\/cms\/wp-content\/uploads\/2012\/08\/Buscate-Amsterdam-300x200.jpg\" alt=\"\" width=\"270\" height=\"180\" srcset=\"https:\/\/www.padreydecano.com\/cms\/wp-content\/uploads\/2012\/08\/Buscate-Amsterdam-300x200.jpg 300w, https:\/\/www.padreydecano.com\/cms\/wp-content\/uploads\/2012\/08\/Buscate-Amsterdam.jpg 1000w\" sizes=\"(max-width: 270px) 100vw, 270px\" \/><\/a><p id=\"caption-attachment-29110\" class=\"wp-caption-text\">Buscate en la Tribuna \u00c1msterdam<\/p><\/div><\/td>\n<td>\n<p><div id=\"attachment_29109\" style=\"width: 280px\" class=\"wp-caption alignleft\"><a href=\"https:\/\/www.facebook.com\/media\/set\/?set=a.411049565609125.89321.221058467941570&amp;type=3\" target=\"_blank\"><img loading=\"lazy\" decoding=\"async\" aria-describedby=\"caption-attachment-29109\" class=\" wp-image-29109  \" src=\"https:\/\/www.padreydecano.com\/cms\/wp-content\/uploads\/2012\/08\/Buscate-Olimpica-300x198.jpg\" alt=\"\" width=\"270\" height=\"178\" srcset=\"https:\/\/www.padreydecano.com\/cms\/wp-content\/uploads\/2012\/08\/Buscate-Olimpica-300x198.jpg 300w, https:\/\/www.padreydecano.com\/cms\/wp-content\/uploads\/2012\/08\/Buscate-Olimpica.jpg 1000w\" sizes=\"(max-width: 270px) 100vw, 270px\" \/><\/a><p id=\"caption-attachment-29109\" class=\"wp-caption-text\">Buscate en la Tribuna Ol\u00edmpica<\/p><\/div><\/td>\n<\/tr>\n<\/tbody>\n<\/table>\n<\/div>\n","protected":false},"excerpt":{"rendered":"<p>Buscate en la Tribuna volvi\u00f3 con todo en el Apertura 2012. Para este partido ante los de Capurro tenemos el Buscate de las 4 tribunas que coparon los hinchas de Pe\u00f1arol. Si fuiste al Estadio Centenario buscate haciendo click en la foto correspondiente a tu tribuna para poder ver la galer\u00eda completa de cada una [&hellip;]<\/p>\n","protected":false},"author":2,"featured_media":29110,"comment_status":"open","ping_status":"closed","sticky":false,"template":"","format":"standard","meta":{"footnotes":""},"categories":[58],"tags":[118],"yoast_head":"<!-- This site is optimized with the Yoast SEO plugin v23.2 - https:\/\/yoast.com\/wordpress\/plugins\/seo\/ -->\n<title>Buscate vs F\u00e9nix (Apertura 2012) - Padre y Decano - El Sitio del Pueblo<\/title>\n<meta name=\"robots\" content=\"index, follow, max-snippet:-1, max-image-preview:large, max-video-preview:-1\" \/>\n<link rel=\"canonical\" href=\"https:\/\/www.padreydecano.com\/cms\/buscate\/buscate-vs-fenix-apertura-2012\/\" \/>\n<meta property=\"og:locale\" content=\"es_ES\" \/>\n<meta property=\"og:type\" content=\"article\" \/>\n<meta property=\"og:title\" content=\"Buscate vs F\u00e9nix (Apertura 2012) - Padre y Decano - El Sitio del Pueblo\" \/>\n<meta property=\"og:description\" content=\"Buscate en la Tribuna volvi\u00f3 con todo en el Apertura 2012. Para este partido ante los de Capurro tenemos el Buscate de las 4 tribunas que coparon los hinchas de Pe\u00f1arol. Si fuiste al Estadio Centenario buscate haciendo click en la foto correspondiente a tu tribuna para poder ver la galer\u00eda completa de cada una [&hellip;]\" \/>\n<meta property=\"og:url\" content=\"https:\/\/www.padreydecano.com\/cms\/buscate\/buscate-vs-fenix-apertura-2012\/\" \/>\n<meta property=\"og:site_name\" content=\"Padre y Decano - El Sitio del Pueblo\" \/>\n<meta property=\"article:published_time\" content=\"2012-08-27T17:56:14+00:00\" \/>\n<meta property=\"article:modified_time\" content=\"2012-09-01T06:09:50+00:00\" \/>\n<meta property=\"og:image\" content=\"https:\/\/www.padreydecano.com\/cms\/wp-content\/uploads\/2012\/08\/Buscate-Amsterdam.jpg\" \/>\n\t<meta property=\"og:image:width\" content=\"1000\" \/>\n\t<meta property=\"og:image:height\" content=\"667\" \/>\n\t<meta property=\"og:image:type\" content=\"image\/jpeg\" \/>\n<meta name=\"author\" content=\"Gonzalo16\" \/>\n<meta name=\"twitter:card\" content=\"summary_large_image\" \/>\n<meta name=\"twitter:label1\" content=\"Escrito por\" \/>\n\t<meta name=\"twitter:data1\" content=\"Gonzalo16\" \/>\n\t<meta name=\"twitter:label2\" content=\"Tiempo de lectura\" \/>\n\t<meta name=\"twitter:data2\" content=\"1 minuto\" \/>\n<script type=\"application\/ld+json\" class=\"yoast-schema-graph\">{\"@context\":\"https:\/\/schema.org\",\"@graph\":[{\"@type\":\"Article\",\"@id\":\"https:\/\/www.padreydecano.com\/cms\/buscate\/buscate-vs-fenix-apertura-2012\/#article\",\"isPartOf\":{\"@id\":\"https:\/\/www.padreydecano.com\/cms\/buscate\/buscate-vs-fenix-apertura-2012\/\"},\"author\":{\"name\":\"Gonzalo16\",\"@id\":\"https:\/\/www.padreydecano.com\/cms\/#\/schema\/person\/7fe41e3e335700ebd387196df2f9a8d4\"},\"headline\":\"Buscate vs F\u00e9nix (Apertura 2012)\",\"datePublished\":\"2012-08-27T17:56:14+00:00\",\"dateModified\":\"2012-09-01T06:09:50+00:00\",\"mainEntityOfPage\":{\"@id\":\"https:\/\/www.padreydecano.com\/cms\/buscate\/buscate-vs-fenix-apertura-2012\/\"},\"wordCount\":122,\"commentCount\":7,\"publisher\":{\"@id\":\"https:\/\/www.padreydecano.com\/cms\/#organization\"},\"image\":{\"@id\":\"https:\/\/www.padreydecano.com\/cms\/buscate\/buscate-vs-fenix-apertura-2012\/#primaryimage\"},\"thumbnailUrl\":\"https:\/\/www.padreydecano.com\/cms\/wp-content\/uploads\/2012\/08\/Buscate-Amsterdam.jpg\",\"keywords\":[\"Buscate Apertura 2012\"],\"articleSection\":[\"Buscate\"],\"inLanguage\":\"es\",\"potentialAction\":[{\"@type\":\"CommentAction\",\"name\":\"Comment\",\"target\":[\"https:\/\/www.padreydecano.com\/cms\/buscate\/buscate-vs-fenix-apertura-2012\/#respond\"]}]},{\"@type\":\"WebPage\",\"@id\":\"https:\/\/www.padreydecano.com\/cms\/buscate\/buscate-vs-fenix-apertura-2012\/\",\"url\":\"https:\/\/www.padreydecano.com\/cms\/buscate\/buscate-vs-fenix-apertura-2012\/\",\"name\":\"Buscate vs F\u00e9nix (Apertura 2012) - Padre y Decano - El Sitio del Pueblo\",\"isPartOf\":{\"@id\":\"https:\/\/www.padreydecano.com\/cms\/#website\"},\"primaryImageOfPage\":{\"@id\":\"https:\/\/www.padreydecano.com\/cms\/buscate\/buscate-vs-fenix-apertura-2012\/#primaryimage\"},\"image\":{\"@id\":\"https:\/\/www.padreydecano.com\/cms\/buscate\/buscate-vs-fenix-apertura-2012\/#primaryimage\"},\"thumbnailUrl\":\"https:\/\/www.padreydecano.com\/cms\/wp-content\/uploads\/2012\/08\/Buscate-Amsterdam.jpg\",\"datePublished\":\"2012-08-27T17:56:14+00:00\",\"dateModified\":\"2012-09-01T06:09:50+00:00\",\"breadcrumb\":{\"@id\":\"https:\/\/www.padreydecano.com\/cms\/buscate\/buscate-vs-fenix-apertura-2012\/#breadcrumb\"},\"inLanguage\":\"es\",\"potentialAction\":[{\"@type\":\"ReadAction\",\"target\":[\"https:\/\/www.padreydecano.com\/cms\/buscate\/buscate-vs-fenix-apertura-2012\/\"]}]},{\"@type\":\"ImageObject\",\"inLanguage\":\"es\",\"@id\":\"https:\/\/www.padreydecano.com\/cms\/buscate\/buscate-vs-fenix-apertura-2012\/#primaryimage\",\"url\":\"https:\/\/www.padreydecano.com\/cms\/wp-content\/uploads\/2012\/08\/Buscate-Amsterdam.jpg\",\"contentUrl\":\"https:\/\/www.padreydecano.com\/cms\/wp-content\/uploads\/2012\/08\/Buscate-Amsterdam.jpg\",\"width\":\"1000\",\"height\":\"667\"},{\"@type\":\"BreadcrumbList\",\"@id\":\"https:\/\/www.padreydecano.com\/cms\/buscate\/buscate-vs-fenix-apertura-2012\/#breadcrumb\",\"itemListElement\":[{\"@type\":\"ListItem\",\"position\":1,\"name\":\"Portada\",\"item\":\"https:\/\/www.padreydecano.com\/cms\/\"},{\"@type\":\"ListItem\",\"position\":2,\"name\":\"Buscate vs F\u00e9nix (Apertura 2012)\"}]},{\"@type\":\"WebSite\",\"@id\":\"https:\/\/www.padreydecano.com\/cms\/#website\",\"url\":\"https:\/\/www.padreydecano.com\/cms\/\",\"name\":\"Padre y Decano - El Sitio del Pueblo\",\"description\":\"Club Atl\u00e9tico Pe\u00f1arol\",\"publisher\":{\"@id\":\"https:\/\/www.padreydecano.com\/cms\/#organization\"},\"potentialAction\":[{\"@type\":\"SearchAction\",\"target\":{\"@type\":\"EntryPoint\",\"urlTemplate\":\"https:\/\/www.padreydecano.com\/cms\/?s={search_term_string}\"},\"query-input\":\"required name=search_term_string\"}],\"inLanguage\":\"es\"},{\"@type\":\"Organization\",\"@id\":\"https:\/\/www.padreydecano.com\/cms\/#organization\",\"name\":\"Padre y Decano\",\"url\":\"https:\/\/www.padreydecano.com\/cms\/\",\"logo\":{\"@type\":\"ImageObject\",\"inLanguage\":\"es\",\"@id\":\"https:\/\/www.padreydecano.com\/cms\/#\/schema\/logo\/image\/\",\"url\":\"https:\/\/www.padreydecano.com\/cms\/wp-content\/uploads\/2022\/01\/avatar-square.png\",\"contentUrl\":\"https:\/\/www.padreydecano.com\/cms\/wp-content\/uploads\/2022\/01\/avatar-square.png\",\"width\":1500,\"height\":1500,\"caption\":\"Padre y Decano\"},\"image\":{\"@id\":\"https:\/\/www.padreydecano.com\/cms\/#\/schema\/logo\/image\/\"}},{\"@type\":\"Person\",\"@id\":\"https:\/\/www.padreydecano.com\/cms\/#\/schema\/person\/7fe41e3e335700ebd387196df2f9a8d4\",\"name\":\"Gonzalo16\",\"image\":{\"@type\":\"ImageObject\",\"inLanguage\":\"es\",\"@id\":\"https:\/\/www.padreydecano.com\/cms\/#\/schema\/person\/image\/\",\"url\":\"https:\/\/secure.gravatar.com\/avatar\/4d5cdd49803a2313c01f77e3dfc05d81?s=96&d=https%3A%2F%2Fpadreydecano.com%2Fcms%2Fwp-content%2Fthemes%2Fpyd-theme%2Fimg%2Fdefault-avatar.png&r=g\",\"contentUrl\":\"https:\/\/secure.gravatar.com\/avatar\/4d5cdd49803a2313c01f77e3dfc05d81?s=96&d=https%3A%2F%2Fpadreydecano.com%2Fcms%2Fwp-content%2Fthemes%2Fpyd-theme%2Fimg%2Fdefault-avatar.png&r=g\",\"caption\":\"Gonzalo16\"}}]}<\/script>\n<!-- \/ Yoast SEO plugin. -->","yoast_head_json":{"title":"Buscate vs F\u00e9nix (Apertura 2012) - Padre y Decano - El Sitio del Pueblo","robots":{"index":"index","follow":"follow","max-snippet":"max-snippet:-1","max-image-preview":"max-image-preview:large","max-video-preview":"max-video-preview:-1"},"canonical":"https:\/\/www.padreydecano.com\/cms\/buscate\/buscate-vs-fenix-apertura-2012\/","og_locale":"es_ES","og_type":"article","og_title":"Buscate vs F\u00e9nix (Apertura 2012) - Padre y Decano - El Sitio del Pueblo","og_description":"Buscate en la Tribuna volvi\u00f3 con todo en el Apertura 2012. Para este partido ante los de Capurro tenemos el Buscate de las 4 tribunas que coparon los hinchas de Pe\u00f1arol. Si fuiste al Estadio Centenario buscate haciendo click en la foto correspondiente a tu tribuna para poder ver la galer\u00eda completa de cada una [&hellip;]","og_url":"https:\/\/www.padreydecano.com\/cms\/buscate\/buscate-vs-fenix-apertura-2012\/","og_site_name":"Padre y Decano - El Sitio del Pueblo","article_published_time":"2012-08-27T17:56:14+00:00","article_modified_time":"2012-09-01T06:09:50+00:00","og_image":[{"width":1000,"height":667,"url":"https:\/\/www.padreydecano.com\/cms\/wp-content\/uploads\/2012\/08\/Buscate-Amsterdam.jpg","type":"image\/jpeg"}],"author":"Gonzalo16","twitter_card":"summary_large_image","twitter_misc":{"Escrito por":"Gonzalo16","Tiempo de lectura":"1 minuto"},"schema":{"@context":"https:\/\/schema.org","@graph":[{"@type":"Article","@id":"https:\/\/www.padreydecano.com\/cms\/buscate\/buscate-vs-fenix-apertura-2012\/#article","isPartOf":{"@id":"https:\/\/www.padreydecano.com\/cms\/buscate\/buscate-vs-fenix-apertura-2012\/"},"author":{"name":"Gonzalo16","@id":"https:\/\/www.padreydecano.com\/cms\/#\/schema\/person\/7fe41e3e335700ebd387196df2f9a8d4"},"headline":"Buscate vs F\u00e9nix (Apertura 2012)","datePublished":"2012-08-27T17:56:14+00:00","dateModified":"2012-09-01T06:09:50+00:00","mainEntityOfPage":{"@id":"https:\/\/www.padreydecano.com\/cms\/buscate\/buscate-vs-fenix-apertura-2012\/"},"wordCount":122,"commentCount":7,"publisher":{"@id":"https:\/\/www.padreydecano.com\/cms\/#organization"},"image":{"@id":"https:\/\/www.padreydecano.com\/cms\/buscate\/buscate-vs-fenix-apertura-2012\/#primaryimage"},"thumbnailUrl":"https:\/\/www.padreydecano.com\/cms\/wp-content\/uploads\/2012\/08\/Buscate-Amsterdam.jpg","keywords":["Buscate Apertura 2012"],"articleSection":["Buscate"],"inLanguage":"es","potentialAction":[{"@type":"CommentAction","name":"Comment","target":["https:\/\/www.padreydecano.com\/cms\/buscate\/buscate-vs-fenix-apertura-2012\/#respond"]}]},{"@type":"WebPage","@id":"https:\/\/www.padreydecano.com\/cms\/buscate\/buscate-vs-fenix-apertura-2012\/","url":"https:\/\/www.padreydecano.com\/cms\/buscate\/buscate-vs-fenix-apertura-2012\/","name":"Buscate vs F\u00e9nix (Apertura 2012) - Padre y Decano - El Sitio del Pueblo","isPartOf":{"@id":"https:\/\/www.padreydecano.com\/cms\/#website"},"primaryImageOfPage":{"@id":"https:\/\/www.padreydecano.com\/cms\/buscate\/buscate-vs-fenix-apertura-2012\/#primaryimage"},"image":{"@id":"https:\/\/www.padreydecano.com\/cms\/buscate\/buscate-vs-fenix-apertura-2012\/#primaryimage"},"thumbnailUrl":"https:\/\/www.padreydecano.com\/cms\/wp-content\/uploads\/2012\/08\/Buscate-Amsterdam.jpg","datePublished":"2012-08-27T17:56:14+00:00","dateModified":"2012-09-01T06:09:50+00:00","breadcrumb":{"@id":"https:\/\/www.padreydecano.com\/cms\/buscate\/buscate-vs-fenix-apertura-2012\/#breadcrumb"},"inLanguage":"es","potentialAction":[{"@type":"ReadAction","target":["https:\/\/www.padreydecano.com\/cms\/buscate\/buscate-vs-fenix-apertura-2012\/"]}]},{"@type":"ImageObject","inLanguage":"es","@id":"https:\/\/www.padreydecano.com\/cms\/buscate\/buscate-vs-fenix-apertura-2012\/#primaryimage","url":"https:\/\/www.padreydecano.com\/cms\/wp-content\/uploads\/2012\/08\/Buscate-Amsterdam.jpg","contentUrl":"https:\/\/www.padreydecano.com\/cms\/wp-content\/uploads\/2012\/08\/Buscate-Amsterdam.jpg","width":"1000","height":"667"},{"@type":"BreadcrumbList","@id":"https:\/\/www.padreydecano.com\/cms\/buscate\/buscate-vs-fenix-apertura-2012\/#breadcrumb","itemListElement":[{"@type":"ListItem","position":1,"name":"Portada","item":"https:\/\/www.padreydecano.com\/cms\/"},{"@type":"ListItem","position":2,"name":"Buscate vs F\u00e9nix (Apertura 2012)"}]},{"@type":"WebSite","@id":"https:\/\/www.padreydecano.com\/cms\/#website","url":"https:\/\/www.padreydecano.com\/cms\/","name":"Padre y Decano - El Sitio del Pueblo","description":"Club Atl\u00e9tico Pe\u00f1arol","publisher":{"@id":"https:\/\/www.padreydecano.com\/cms\/#organization"},"potentialAction":[{"@type":"SearchAction","target":{"@type":"EntryPoint","urlTemplate":"https:\/\/www.padreydecano.com\/cms\/?s={search_term_string}"},"query-input":"required name=search_term_string"}],"inLanguage":"es"},{"@type":"Organization","@id":"https:\/\/www.padreydecano.com\/cms\/#organization","name":"Padre y Decano","url":"https:\/\/www.padreydecano.com\/cms\/","logo":{"@type":"ImageObject","inLanguage":"es","@id":"https:\/\/www.padreydecano.com\/cms\/#\/schema\/logo\/image\/","url":"https:\/\/www.padreydecano.com\/cms\/wp-content\/uploads\/2022\/01\/avatar-square.png","contentUrl":"https:\/\/www.padreydecano.com\/cms\/wp-content\/uploads\/2022\/01\/avatar-square.png","width":1500,"height":1500,"caption":"Padre y Decano"},"image":{"@id":"https:\/\/www.padreydecano.com\/cms\/#\/schema\/logo\/image\/"}},{"@type":"Person","@id":"https:\/\/www.padreydecano.com\/cms\/#\/schema\/person\/7fe41e3e335700ebd387196df2f9a8d4","name":"Gonzalo16","image":{"@type":"ImageObject","inLanguage":"es","@id":"https:\/\/www.padreydecano.com\/cms\/#\/schema\/person\/image\/","url":"https:\/\/secure.gravatar.com\/avatar\/4d5cdd49803a2313c01f77e3dfc05d81?s=96&d=https%3A%2F%2Fpadreydecano.com%2Fcms%2Fwp-content%2Fthemes%2Fpyd-theme%2Fimg%2Fdefault-avatar.png&r=g","contentUrl":"https:\/\/secure.gravatar.com\/avatar\/4d5cdd49803a2313c01f77e3dfc05d81?s=96&d=https%3A%2F%2Fpadreydecano.com%2Fcms%2Fwp-content%2Fthemes%2Fpyd-theme%2Fimg%2Fdefault-avatar.png&r=g","caption":"Gonzalo16"}}]}},"_links":{"self":[{"href":"https:\/\/www.padreydecano.com\/cms\/wp-json\/wp\/v2\/posts\/29108"}],"collection":[{"href":"https:\/\/www.padreydecano.com\/cms\/wp-json\/wp\/v2\/posts"}],"about":[{"href":"https:\/\/www.padreydecano.com\/cms\/wp-json\/wp\/v2\/types\/post"}],"author":[{"embeddable":true,"href":"https:\/\/www.padreydecano.com\/cms\/wp-json\/wp\/v2\/users\/2"}],"replies":[{"embeddable":true,"href":"https:\/\/www.padreydecano.com\/cms\/wp-json\/wp\/v2\/comments?post=29108"}],"version-history":[{"count":0,"href":"https:\/\/www.padreydecano.com\/cms\/wp-json\/wp\/v2\/posts\/29108\/revisions"}],"wp:featuredmedia":[{"embeddable":true,"href":"https:\/\/www.padreydecano.com\/cms\/wp-json\/wp\/v2\/media\/29110"}],"wp:attachment":[{"href":"https:\/\/www.padreydecano.com\/cms\/wp-json\/wp\/v2\/media?parent=29108"}],"wp:term":[{"taxonomy":"category","embeddable":true,"href":"https:\/\/www.padreydecano.com\/cms\/wp-json\/wp\/v2\/categories?post=29108"},{"taxonomy":"post_tag","embeddable":true,"href":"https:\/\/www.padreydecano.com\/cms\/wp-json\/wp\/v2\/tags?post=29108"}],"curies":[{"name":"wp","href":"https:\/\/api.w.org\/{rel}","templated":true}]}}